{"id":10618,"date":"2019-02-18T13:29:44","date_gmt":"2019-02-18T12:29:44","guid":{"rendered":"https:\/\/proacomunicacion.es\/?p=10618"},"modified":"2019-02-18T13:29:44","modified_gmt":"2019-02-18T12:29:44","slug":"proa-comunicacion-managed-the-first-vat-congress-to-be-held-in-spain","status":"publish","type":"post","link":"https:\/\/proacomunicacion.es\/en\/proa-comunicacion-gestiono-el-primer-congreso-sobre-el-iva-que-se-celebra-en-espana\/","title":{"rendered":"Proa Comunicaci\u00f3n managed the first congress on VAT to be held in Spain."},"content":{"rendered":"<p>Proa Comunicaci\u00f3n has managed the convening and communication of the first congress on VAT to be held in Spain, the <strong>Madrid VAT Forum<\/strong>. Organised by Fernando Matesanz's law firm, Spanish VAT Services, under the title 'The reform of the Common VAT System - Towards a new era in intra-Community VAT', it brought together more than 160 lawyers specialising in tax law and journalists interested in learning about the implications of the changes in Community legislation on 14 February at the Hotel Miguel \u00c1ngel in Madrid.<\/p>\n<p>The aim of this event was to analyse and explain to a very specialised audience all the changes that intra-Community VAT will undergo until 2021. These changes can be considered a small 'revolution' and are aimed at harmonising certain aspects of e-commerce of goods and services, fighting fraud and proposing a definitive system of taxation at destination in intra-Community transactions.<\/p>\n<p>Proa Comunicaci\u00f3n started working on this project from the very beginning. Thus, it was in charge of creating the landing page to make the reservations, the design of all the corporate material, the call to journalists and law firms, tax and business associations, etc., the management of interviews and other informative actions before and after the event, as well as the elaboration, dissemination and follow-up of several press releases, photographs and video and the monitoring of their impact.<\/p>\n<p>The objective was, firstly, to inform about the Madrid VAT Forum in order to attract a specialised audience. Also, to obtain the widest possible coverage of the forum among the media and to position Fernando Matesanz as a specialised source of information on this tax.<\/p>\n<p>The result was the attendance of more than <strong>160 lawyers<\/strong>most of them tax experts, and <strong>more than 80 impacts in specialised and generalist media<\/strong>The publication of several interviews with the director of Spanish VAT Services, Fernando Matesanz, during the pre-congress. In addition, it was included as a source of information on this tax and the publication of several articles on the changes in this tax both in the economic and specialised media in the months prior to the congress and afterwards.<\/p>","protected":false},"excerpt":{"rendered":"<p>Proa Comunicaci\u00f3n ha gestionado la convocatoria y comunicaci\u00f3n del primer congreso sobre IVA que se celebra en Espa\u00f1a, el Madrid VAT Forum. Organizado por el despacho de Fernando Matesanz, Spanish VAT Services, con el t\u00edtulo \u2018La reforma del Sistema Com\u00fan del IVA \u2013 Hacia una nueva era en el IVA Intracomunitario\u2019, reuni\u00f3 a m\u00e1s de [&hellip;]<\/p>\n","protected":false},"author":28,"featured_media":10620,"comment_status":"closed","ping_status":"closed","sticky":false,"template":"","format":"standard","meta":{"footnotes":""},"categories":[131],"tags":[9,10,11,279,14,105,734,735,736,737,107,108,7],"class_list":["post-10618","post","type-post","status-publish","format-standard","has-post-thumbnail","hentry","category-noticias","tag-agencia-comunicacion-empresarial","tag-agencia-de-comunicacion","tag-agencia-de-comunicacion-corporativa","tag-congresos","tag-consultora-de-comunicacion","tag-eventos","tag-fernando-matesanz","tag-fiscalidad","tag-iva","tag-madrid-vat-forum","tag-organizacion-eventos-corporativos","tag-organizacion-eventos-empresariales","tag-proa-comunicacion"],"yoast_head":"<!-- This site is optimized with the Yoast SEO plugin v27.0 - https:\/\/yoast.com\/product\/yoast-seo-wordpress\/ -->\n<title>Proa Comunicaci\u00f3n gestion\u00f3 el primer congreso sobre el IVA que se celebra en Espa\u00f1a - Blog Comunicaci\u00f3n y Reputaci\u00f3n<\/title>\n<meta name=\"description\" content=\"Proa Comunicaci\u00f3n ha gestionado la convocatoria y comunicaci\u00f3n del primer congreso sobre IVA que se celebra en Espa\u00f1a, el Madrid VAT Forum.\" \/>\n<meta name=\"robots\" content=\"index, follow, max-snippet:-1, max-image-preview:large, max-video-preview:-1\" \/>\n<link rel=\"canonical\" href=\"https:\/\/proacomunicacion.es\/en\/proa-comunicacion-managed-the-first-vat-congress-to-be-held-in-spain\/\" \/>\n<meta property=\"og:locale\" content=\"en_GB\" \/>\n<meta property=\"og:type\" content=\"article\" \/>\n<meta property=\"og:title\" content=\"Proa Comunicaci\u00f3n gestion\u00f3 el primer congreso sobre el IVA que se celebra en Espa\u00f1a - Blog Comunicaci\u00f3n y Reputaci\u00f3n\" \/>\n<meta property=\"og:description\" content=\"Proa Comunicaci\u00f3n ha gestionado la convocatoria y comunicaci\u00f3n del primer congreso sobre IVA que se celebra en Espa\u00f1a, el Madrid VAT Forum.\" \/>\n<meta property=\"og:url\" content=\"https:\/\/proacomunicacion.es\/en\/proa-comunicacion-managed-the-first-vat-congress-to-be-held-in-spain\/\" \/>\n<meta property=\"og:site_name\" content=\"PROA Comunicaci\u00f3n\" \/>\n<meta property=\"article:published_time\" content=\"2019-02-18T12:29:44+00:00\" \/>\n<meta property=\"og:image\" content=\"https:\/\/proacomunicacion.es\/wp-content\/uploads\/2025\/08\/Firefly_radio-de-barco-scaled.jpg\" \/>\n\t<meta property=\"og:image:width\" content=\"2560\" \/>\n\t<meta property=\"og:image:height\" content=\"1414\" \/>\n\t<meta property=\"og:image:type\" content=\"image\/jpeg\" \/>\n<meta name=\"author\" content=\"PROA Comunicaci\u00f3n\" \/>\n<meta name=\"twitter:card\" content=\"summary_large_image\" \/>\n<meta name=\"twitter:creator\" content=\"@proacomunica\" \/>\n<meta name=\"twitter:site\" content=\"@proacomunica\" \/>\n<meta name=\"twitter:label1\" content=\"Written by\" \/>\n\t<meta name=\"twitter:data1\" content=\"PROA Comunicaci\u00f3n\" \/>\n\t<meta name=\"twitter:label2\" content=\"Estimated reading time\" \/>\n\t<meta name=\"twitter:data2\" content=\"2 minutes\" \/>\n<script type=\"application\/ld+json\" class=\"yoast-schema-graph\">{\"@context\":\"https:\/\/schema.org\",\"@graph\":[{\"@type\":\"Article\",\"@id\":\"https:\/\/proacomunicacion.es\/proa-comunicacion-gestiono-el-primer-congreso-sobre-el-iva-que-se-celebra-en-espana\/#article\",\"isPartOf\":{\"@id\":\"https:\/\/proacomunicacion.es\/proa-comunicacion-gestiono-el-primer-congreso-sobre-el-iva-que-se-celebra-en-espana\/\"},\"author\":{\"name\":\"PROA Comunicaci\u00f3n\",\"@id\":\"https:\/\/proacomunicacion.es\/#\/schema\/person\/f80dc8938ea94e7f8aa1e8dc716d5a60\"},\"headline\":\"Proa Comunicaci\u00f3n gestion\u00f3 el primer congreso sobre el IVA que se celebra en Espa\u00f1a\",\"datePublished\":\"2019-02-18T12:29:44+00:00\",\"mainEntityOfPage\":{\"@id\":\"https:\/\/proacomunicacion.es\/proa-comunicacion-gestiono-el-primer-congreso-sobre-el-iva-que-se-celebra-en-espana\/\"},\"wordCount\":425,\"publisher\":{\"@id\":\"https:\/\/proacomunicacion.es\/#organization\"},\"image\":{\"@id\":\"https:\/\/proacomunicacion.es\/proa-comunicacion-gestiono-el-primer-congreso-sobre-el-iva-que-se-celebra-en-espana\/#primaryimage\"},\"thumbnailUrl\":\"\",\"keywords\":[\"agencia comunicaci\u00f3n empresarial\",\"agencia de comunicaci\u00f3n\",\"agencia de comunicaci\u00f3n corporativa\",\"congresos\",\"consultora de comunicaci\u00f3n\",\"Eventos\",\"Fernando Matesanz\",\"fiscalidad\",\"IVA\",\"Madrid VAT Forum\",\"organizaci\u00f3n eventos corporativos\",\"organizaci\u00f3n eventos empresariales\",\"Proa Comunicaci\u00f3n\"],\"articleSection\":[\"Noticias\"],\"inLanguage\":\"en-GB\"},{\"@type\":\"WebPage\",\"@id\":\"https:\/\/proacomunicacion.es\/proa-comunicacion-gestiono-el-primer-congreso-sobre-el-iva-que-se-celebra-en-espana\/\",\"url\":\"https:\/\/proacomunicacion.es\/proa-comunicacion-gestiono-el-primer-congreso-sobre-el-iva-que-se-celebra-en-espana\/\",\"name\":\"Proa Comunicaci\u00f3n gestion\u00f3 el primer congreso sobre el IVA que se celebra en Espa\u00f1a - Blog Comunicaci\u00f3n y Reputaci\u00f3n\",\"isPartOf\":{\"@id\":\"https:\/\/proacomunicacion.es\/#website\"},\"primaryImageOfPage\":{\"@id\":\"https:\/\/proacomunicacion.es\/proa-comunicacion-gestiono-el-primer-congreso-sobre-el-iva-que-se-celebra-en-espana\/#primaryimage\"},\"image\":{\"@id\":\"https:\/\/proacomunicacion.es\/proa-comunicacion-gestiono-el-primer-congreso-sobre-el-iva-que-se-celebra-en-espana\/#primaryimage\"},\"thumbnailUrl\":\"\",\"datePublished\":\"2019-02-18T12:29:44+00:00\",\"description\":\"Proa Comunicaci\u00f3n ha gestionado la convocatoria y comunicaci\u00f3n del primer congreso sobre IVA que se celebra en Espa\u00f1a, el Madrid VAT Forum.\",\"breadcrumb\":{\"@id\":\"https:\/\/proacomunicacion.es\/proa-comunicacion-gestiono-el-primer-congreso-sobre-el-iva-que-se-celebra-en-espana\/#breadcrumb\"},\"inLanguage\":\"en-GB\",\"potentialAction\":[{\"@type\":\"ReadAction\",\"target\":[\"https:\/\/proacomunicacion.es\/proa-comunicacion-gestiono-el-primer-congreso-sobre-el-iva-que-se-celebra-en-espana\/\"]}]},{\"@type\":\"ImageObject\",\"inLanguage\":\"en-GB\",\"@id\":\"https:\/\/proacomunicacion.es\/proa-comunicacion-gestiono-el-primer-congreso-sobre-el-iva-que-se-celebra-en-espana\/#primaryimage\",\"url\":\"\",\"contentUrl\":\"\"},{\"@type\":\"BreadcrumbList\",\"@id\":\"https:\/\/proacomunicacion.es\/proa-comunicacion-gestiono-el-primer-congreso-sobre-el-iva-que-se-celebra-en-espana\/#breadcrumb\",\"itemListElement\":[{\"@type\":\"ListItem\",\"position\":1,\"name\":\"Portada\",\"item\":\"https:\/\/proacomunicacion.es\/\"},{\"@type\":\"ListItem\",\"position\":2,\"name\":\"Proa Comunicaci\u00f3n gestion\u00f3 el primer congreso sobre el IVA que se celebra en Espa\u00f1a\"}]},{\"@type\":\"WebSite\",\"@id\":\"https:\/\/proacomunicacion.es\/#website\",\"url\":\"https:\/\/proacomunicacion.es\/\",\"name\":\"PROA Comunicaci\u00f3n\",\"description\":\"Agencia de Comunicaci\u00f3n Corporativa en Madrid, Barcelona y Galicia.\",\"publisher\":{\"@id\":\"https:\/\/proacomunicacion.es\/#organization\"},\"alternateName\":\"PROA Comunicaci\u00f3n\",\"potentialAction\":[{\"@type\":\"SearchAction\",\"target\":{\"@type\":\"EntryPoint\",\"urlTemplate\":\"https:\/\/proacomunicacion.es\/?s={search_term_string}\"},\"query-input\":{\"@type\":\"PropertyValueSpecification\",\"valueRequired\":true,\"valueName\":\"search_term_string\"}}],\"inLanguage\":\"en-GB\"},{\"@type\":\"Organization\",\"@id\":\"https:\/\/proacomunicacion.es\/#organization\",\"name\":\"PROA Comunicaci\u00f3n\",\"alternateName\":\"PROA Comunicaci\u00f3n\",\"url\":\"https:\/\/proacomunicacion.es\/\",\"logo\":{\"@type\":\"ImageObject\",\"inLanguage\":\"en-GB\",\"@id\":\"https:\/\/proacomunicacion.es\/#\/schema\/logo\/image\/\",\"url\":\"https:\/\/proacomunicacion.es\/wp-content\/uploads\/2024\/01\/Logo_Light.svg\",\"contentUrl\":\"https:\/\/proacomunicacion.es\/wp-content\/uploads\/2024\/01\/Logo_Light.svg\",\"width\":136,\"height\":33,\"caption\":\"PROA Comunicaci\u00f3n\"},\"image\":{\"@id\":\"https:\/\/proacomunicacion.es\/#\/schema\/logo\/image\/\"},\"sameAs\":[\"https:\/\/x.com\/proacomunica\",\"https:\/\/es.linkedin.com\/company\/proa-comunicacion_2\",\"https:\/\/www.instagram.com\/proacomunica\/\",\"https:\/\/www.youtube.com\/@proacomunicacion\",\"https:\/\/es.wikipedia.org\/wiki\/PROA_Comunicacin\"]},{\"@type\":\"Person\",\"@id\":\"https:\/\/proacomunicacion.es\/#\/schema\/person\/f80dc8938ea94e7f8aa1e8dc716d5a60\",\"name\":\"PROA Comunicaci\u00f3n\",\"image\":{\"@type\":\"ImageObject\",\"inLanguage\":\"en-GB\",\"@id\":\"https:\/\/proacomunicacion.es\/#\/schema\/person\/image\/\",\"url\":\"https:\/\/secure.gravatar.com\/avatar\/394c93c195ff19b00e79d66a42971657a01de9f2740b97148d0f14a1e1a359b7?s=96&r=g\",\"contentUrl\":\"https:\/\/secure.gravatar.com\/avatar\/394c93c195ff19b00e79d66a42971657a01de9f2740b97148d0f14a1e1a359b7?s=96&r=g\",\"caption\":\"PROA Comunicaci\u00f3n\"}}]}<\/script>\n<!-- \/ Yoast SEO plugin. -->","yoast_head_json":{"title":"Proa Comunicaci\u00f3n managed the first VAT congress to be held in Spain - Blog Comunicaci\u00f3n y Reputaci\u00f3n","description":"Proa Comunicaci\u00f3n has managed the convening and communication of the first VAT congress to be held in Spain, the Madrid VAT Forum.","robots":{"index":"index","follow":"follow","max-snippet":"max-snippet:-1","max-image-preview":"max-image-preview:large","max-video-preview":"max-video-preview:-1"},"canonical":"https:\/\/proacomunicacion.es\/en\/proa-comunicacion-managed-the-first-vat-congress-to-be-held-in-spain\/","og_locale":"en_GB","og_type":"article","og_title":"Proa Comunicaci\u00f3n gestion\u00f3 el primer congreso sobre el IVA que se celebra en Espa\u00f1a - Blog Comunicaci\u00f3n y Reputaci\u00f3n","og_description":"Proa Comunicaci\u00f3n ha gestionado la convocatoria y comunicaci\u00f3n del primer congreso sobre IVA que se celebra en Espa\u00f1a, el Madrid VAT Forum.","og_url":"https:\/\/proacomunicacion.es\/en\/proa-comunicacion-managed-the-first-vat-congress-to-be-held-in-spain\/","og_site_name":"PROA Comunicaci\u00f3n","article_published_time":"2019-02-18T12:29:44+00:00","og_image":[{"width":2560,"height":1414,"url":"https:\/\/proacomunicacion.es\/wp-content\/uploads\/2025\/08\/Firefly_radio-de-barco-scaled.jpg","type":"image\/jpeg"}],"author":"PROA Comunicaci\u00f3n","twitter_card":"summary_large_image","twitter_creator":"@proacomunica","twitter_site":"@proacomunica","twitter_misc":{"Written by":"PROA Comunicaci\u00f3n","Estimated reading time":"2 minutes"},"schema":{"@context":"https:\/\/schema.org","@graph":[{"@type":"Article","@id":"https:\/\/proacomunicacion.es\/proa-comunicacion-gestiono-el-primer-congreso-sobre-el-iva-que-se-celebra-en-espana\/#article","isPartOf":{"@id":"https:\/\/proacomunicacion.es\/proa-comunicacion-gestiono-el-primer-congreso-sobre-el-iva-que-se-celebra-en-espana\/"},"author":{"name":"PROA Comunicaci\u00f3n","@id":"https:\/\/proacomunicacion.es\/#\/schema\/person\/f80dc8938ea94e7f8aa1e8dc716d5a60"},"headline":"Proa Comunicaci\u00f3n gestion\u00f3 el primer congreso sobre el IVA que se celebra en Espa\u00f1a","datePublished":"2019-02-18T12:29:44+00:00","mainEntityOfPage":{"@id":"https:\/\/proacomunicacion.es\/proa-comunicacion-gestiono-el-primer-congreso-sobre-el-iva-que-se-celebra-en-espana\/"},"wordCount":425,"publisher":{"@id":"https:\/\/proacomunicacion.es\/#organization"},"image":{"@id":"https:\/\/proacomunicacion.es\/proa-comunicacion-gestiono-el-primer-congreso-sobre-el-iva-que-se-celebra-en-espana\/#primaryimage"},"thumbnailUrl":"","keywords":["agencia comunicaci\u00f3n empresarial","agencia de comunicaci\u00f3n","agencia de comunicaci\u00f3n corporativa","congresos","consultora de comunicaci\u00f3n","Eventos","Fernando Matesanz","fiscalidad","IVA","Madrid VAT Forum","organizaci\u00f3n eventos corporativos","organizaci\u00f3n eventos empresariales","Proa Comunicaci\u00f3n"],"articleSection":["Noticias"],"inLanguage":"en-GB"},{"@type":"WebPage","@id":"https:\/\/proacomunicacion.es\/proa-comunicacion-gestiono-el-primer-congreso-sobre-el-iva-que-se-celebra-en-espana\/","url":"https:\/\/proacomunicacion.es\/proa-comunicacion-gestiono-el-primer-congreso-sobre-el-iva-que-se-celebra-en-espana\/","name":"Proa Comunicaci\u00f3n managed the first VAT congress to be held in Spain - Blog Comunicaci\u00f3n y Reputaci\u00f3n","isPartOf":{"@id":"https:\/\/proacomunicacion.es\/#website"},"primaryImageOfPage":{"@id":"https:\/\/proacomunicacion.es\/proa-comunicacion-gestiono-el-primer-congreso-sobre-el-iva-que-se-celebra-en-espana\/#primaryimage"},"image":{"@id":"https:\/\/proacomunicacion.es\/proa-comunicacion-gestiono-el-primer-congreso-sobre-el-iva-que-se-celebra-en-espana\/#primaryimage"},"thumbnailUrl":"","datePublished":"2019-02-18T12:29:44+00:00","description":"Proa Comunicaci\u00f3n has managed the convening and communication of the first VAT congress to be held in Spain, the Madrid VAT Forum.","breadcrumb":{"@id":"https:\/\/proacomunicacion.es\/proa-comunicacion-gestiono-el-primer-congreso-sobre-el-iva-que-se-celebra-en-espana\/#breadcrumb"},"inLanguage":"en-GB","potentialAction":[{"@type":"ReadAction","target":["https:\/\/proacomunicacion.es\/proa-comunicacion-gestiono-el-primer-congreso-sobre-el-iva-que-se-celebra-en-espana\/"]}]},{"@type":"ImageObject","inLanguage":"en-GB","@id":"https:\/\/proacomunicacion.es\/proa-comunicacion-gestiono-el-primer-congreso-sobre-el-iva-que-se-celebra-en-espana\/#primaryimage","url":"","contentUrl":""},{"@type":"BreadcrumbList","@id":"https:\/\/proacomunicacion.es\/proa-comunicacion-gestiono-el-primer-congreso-sobre-el-iva-que-se-celebra-en-espana\/#breadcrumb","itemListElement":[{"@type":"ListItem","position":1,"name":"Portada","item":"https:\/\/proacomunicacion.es\/"},{"@type":"ListItem","position":2,"name":"Proa Comunicaci\u00f3n gestion\u00f3 el primer congreso sobre el IVA que se celebra en Espa\u00f1a"}]},{"@type":"WebSite","@id":"https:\/\/proacomunicacion.es\/#website","url":"https:\/\/proacomunicacion.es\/","name":"PROA Communication","description":"Corporate Communications Agency in Madrid, Barcelona and Galicia.","publisher":{"@id":"https:\/\/proacomunicacion.es\/#organization"},"alternateName":"PROA Comunicaci\u00f3n","potentialAction":[{"@type":"SearchAction","target":{"@type":"EntryPoint","urlTemplate":"https:\/\/proacomunicacion.es\/?s={search_term_string}"},"query-input":{"@type":"PropertyValueSpecification","valueRequired":true,"valueName":"search_term_string"}}],"inLanguage":"en-GB"},{"@type":"Organization","@id":"https:\/\/proacomunicacion.es\/#organization","name":"PROA Communication","alternateName":"PROA Comunicaci\u00f3n","url":"https:\/\/proacomunicacion.es\/","logo":{"@type":"ImageObject","inLanguage":"en-GB","@id":"https:\/\/proacomunicacion.es\/#\/schema\/logo\/image\/","url":"https:\/\/proacomunicacion.es\/wp-content\/uploads\/2024\/01\/Logo_Light.svg","contentUrl":"https:\/\/proacomunicacion.es\/wp-content\/uploads\/2024\/01\/Logo_Light.svg","width":136,"height":33,"caption":"PROA Comunicaci\u00f3n"},"image":{"@id":"https:\/\/proacomunicacion.es\/#\/schema\/logo\/image\/"},"sameAs":["https:\/\/x.com\/proacomunica","https:\/\/es.linkedin.com\/company\/proa-comunicacion_2","https:\/\/www.instagram.com\/proacomunica\/","https:\/\/www.youtube.com\/@proacomunicacion","https:\/\/es.wikipedia.org\/wiki\/PROA_Comunicacin"]},{"@type":"Person","@id":"https:\/\/proacomunicacion.es\/#\/schema\/person\/f80dc8938ea94e7f8aa1e8dc716d5a60","name":"PROA Communication","image":{"@type":"ImageObject","inLanguage":"en-GB","@id":"https:\/\/proacomunicacion.es\/#\/schema\/person\/image\/","url":"https:\/\/secure.gravatar.com\/avatar\/394c93c195ff19b00e79d66a42971657a01de9f2740b97148d0f14a1e1a359b7?s=96&r=g","contentUrl":"https:\/\/secure.gravatar.com\/avatar\/394c93c195ff19b00e79d66a42971657a01de9f2740b97148d0f14a1e1a359b7?s=96&r=g","caption":"PROA Comunicaci\u00f3n"}}]}},"_links":{"self":[{"href":"https:\/\/proacomunicacion.es\/en\/wp-json\/wp\/v2\/posts\/10618","targetHints":{"allow":["GET"]}}],"collection":[{"href":"https:\/\/proacomunicacion.es\/en\/wp-json\/wp\/v2\/posts"}],"about":[{"href":"https:\/\/proacomunicacion.es\/en\/wp-json\/wp\/v2\/types\/post"}],"author":[{"embeddable":true,"href":"https:\/\/proacomunicacion.es\/en\/wp-json\/wp\/v2\/users\/28"}],"replies":[{"embeddable":true,"href":"https:\/\/proacomunicacion.es\/en\/wp-json\/wp\/v2\/comments?post=10618"}],"version-history":[{"count":0,"href":"https:\/\/proacomunicacion.es\/en\/wp-json\/wp\/v2\/posts\/10618\/revisions"}],"wp:featuredmedia":[{"embeddable":true,"href":"https:\/\/proacomunicacion.es\/en\/wp-json\/"}],"wp:attachment":[{"href":"https:\/\/proacomunicacion.es\/en\/wp-json\/wp\/v2\/media?parent=10618"}],"wp:term":[{"taxonomy":"category","embeddable":true,"href":"https:\/\/proacomunicacion.es\/en\/wp-json\/wp\/v2\/categories?post=10618"},{"taxonomy":"post_tag","embeddable":true,"href":"https:\/\/proacomunicacion.es\/en\/wp-json\/wp\/v2\/tags?post=10618"}],"curies":[{"name":"wp","href":"https:\/\/api.w.org\/{rel}","templated":true}]}}