{"id":10752,"date":"2019-02-26T14:11:39","date_gmt":"2019-02-26T13:11:39","guid":{"rendered":"https:\/\/proacomunicacion.es\/?p=10752"},"modified":"2019-02-26T14:11:39","modified_gmt":"2019-02-26T13:11:39","slug":"digital-native-brands","status":"publish","type":"post","link":"https:\/\/proacomunicacion.es\/en\/marcas-nativas-digitales\/","title":{"rendered":"Digital native brands"},"content":{"rendered":"<p>In recent years we have seen numerous examples of digitally native vertical brands proliferate on the Internet: digital native brands that are born on the Internet, live and grow on the Internet, with a lower risk business model, easier to launch and proposals that engage with digital consumers.<\/p>\n\n\n\n<p>These are brands such as <strong>Allbirds<\/strong> (shoes), <strong>Casper <\/strong>(mattresses), <strong>Away<\/strong> (suitcases), <strong>Glossier<\/strong> (cosmetics) or <strong>Claire<\/strong> (paintings). A typology that also has a presence in Spain through <strong>Hawkers<\/strong> (sunglasses), <strong>Colvin<\/strong> (flowers), <strong>Marmot<\/strong> (mattresses) or <strong>Pompeii <\/strong>(shoes), among many others. Some of them are ephemeral or still far from being profitable, but, on the whole, they are becoming more numerous and more present in the markets.<\/p>\n\n\n\n<p>A generation of emerging brands that do not understand sectors, although they are perhaps more present in the field of fashion and accessories. Disruptive, different, simplified companies with a distinguishing feature: they are born in digital, with Instagram as their medium par excellence (although not only). But their digital nature makes them unique in other ways: they are firmly committed to user experience, offer a simplified range of products, present themselves as a careful mix of style and convenience and, generally, have efficient customer service and logistics services associated with them. Some of them, over time, also move into the physical world, opening shops -permanent or ephemeral- to complete the brand experience.<\/p>\n\n\n\n<p><strong>Keys to communication in the 21st century<\/strong><\/p>\n\n\n\n<p>Design, convenience, simplicity, ease of use... digital native brands owe their success to the simplicity of their proposition, which connects well with consumers who are particularly practical, used to shopping online, who are looking for reasonable prices, good style and who are committed to the freshness of exclusive and innovative brands.<\/p>\n\n\n\n<p>Authenticity, proximity, credibility and extraordinary customer service complete the characteristics of this type of brand. Studying how they work is full of lessons; their itinerary offers a real master class on how to do communication and marketing in the 21st century.<\/p>\n\n\n\n<p>Among the main lessons are: strategic positioning, its limited offer, excellent service, the ability to make the purchase easy and the relationship, its authenticity, which reaches a point of informality (in style), compatible with a highly professionalised service. A series of characteristics that users value and reward.<\/p>\n\n\n\n<p>In fact, with them, the consumer perceives little sense of risk: they generally have adjusted prices for quality products and an efficient and free returns service, key to the success of ecommerce platforms. The coming months are likely to bring new names to augment the DNVB category, with brands set to conquer new audiences and simplify the complicated world of digital retailing, with experiences and practices full of learnings to communicate successfully in today's markets.<\/p>\n<hr \/>\n<p><a class=\"lightbox-added alignleft\" href=\"https:\/\/proacomunicacion.es\/wp-content\/uploads\/2019\/02\/Juan-20160111-006.jpg\"><img decoding=\"async\" class=\"alignnone wp-image-10820\" src=\"https:\/\/proacomunicacion.es\/wp-content\/uploads\/2019\/02\/Juan-20160111-006-200x300.jpg\" alt=\"\" width=\"57\" height=\"85\" \/><\/a><\/p>\n<p>&nbsp;<\/p>\n<p><strong>Juan de los \u00c1ngeles<\/strong> <br \/>Founder of C4E Consulting Services and professor at the School of Communication of the University of Navarra.<\/p>","protected":false},"excerpt":{"rendered":"<p>Estos \u00faltimos a\u00f1os hemos visto prodigarse por la Red numerosos ejemplos de digitally native vertical brands: marcas nativas digitales, que nacen en internet, viven y crecen en internet, con un modelo de negocio de menor riesgo, mayor facilidad de lanzamiento y propuestas que enganchan con los consumidores digitales. Se trata de marcas como Allbirds (zapatos), [&hellip;]<\/p>\n","protected":false},"author":28,"featured_media":10829,"comment_status":"closed","ping_status":"closed","sticky":false,"template":"","format":"standard","meta":{"footnotes":""},"categories":[1],"tags":[90,91,92,93,329,94,95,763,764],"class_list":["post-10752","post","type-post","status-publish","format-standard","has-post-thumbnail","hentry","category-actualidad-proa","tag-consultoria-comunicacion-digital","tag-consultoria-comunicacion-online","tag-consultoria-estrategica-comunicacion-digital","tag-consultoria-estrategica-comunicacion-online","tag-consumidores","tag-estrategia-digital","tag-gestion-identidad-digital","tag-marcas-digitales","tag-marcas-nativas-digitales"],"yoast_head":"<!-- This site is optimized with the Yoast SEO plugin v27.0 - https:\/\/yoast.com\/product\/yoast-seo-wordpress\/ -->\n<title>Marcas nativas digitales - Blog Comunicaci\u00f3n y Reputaci\u00f3n<\/title>\n<meta name=\"description\" content=\"Marcas nativas digitales, que nacen, viven y crecen en internet, con un modelo de negocio de menor riesgo y mayor facilidad de lanzamiento.\" \/>\n<meta name=\"robots\" content=\"index, follow, max-snippet:-1, max-image-preview:large, max-video-preview:-1\" \/>\n<link rel=\"canonical\" href=\"https:\/\/proacomunicacion.es\/en\/digital-native-brands\/\" \/>\n<meta property=\"og:locale\" content=\"en_GB\" \/>\n<meta property=\"og:type\" content=\"article\" \/>\n<meta property=\"og:title\" content=\"Marcas nativas digitales - Blog Comunicaci\u00f3n y Reputaci\u00f3n\" \/>\n<meta property=\"og:description\" content=\"Marcas nativas digitales, que nacen, viven y crecen en internet, con un modelo de negocio de menor riesgo y mayor facilidad de lanzamiento.\" \/>\n<meta property=\"og:url\" content=\"https:\/\/proacomunicacion.es\/en\/digital-native-brands\/\" \/>\n<meta property=\"og:site_name\" content=\"PROA Comunicaci\u00f3n\" \/>\n<meta property=\"article:published_time\" content=\"2019-02-26T13:11:39+00:00\" \/>\n<meta property=\"og:image\" content=\"https:\/\/proacomunicacion.es\/wp-content\/uploads\/2025\/08\/Firefly_radio-de-barco-scaled.jpg\" \/>\n\t<meta property=\"og:image:width\" content=\"2560\" \/>\n\t<meta property=\"og:image:height\" content=\"1414\" \/>\n\t<meta property=\"og:image:type\" content=\"image\/jpeg\" \/>\n<meta name=\"author\" content=\"PROA Comunicaci\u00f3n\" \/>\n<meta name=\"twitter:card\" content=\"summary_large_image\" \/>\n<meta name=\"twitter:creator\" content=\"@proacomunica\" \/>\n<meta name=\"twitter:site\" content=\"@proacomunica\" \/>\n<meta name=\"twitter:label1\" content=\"Written by\" \/>\n\t<meta name=\"twitter:data1\" content=\"PROA Comunicaci\u00f3n\" \/>\n\t<meta name=\"twitter:label2\" content=\"Estimated reading time\" \/>\n\t<meta name=\"twitter:data2\" content=\"3 minutes\" \/>\n<script type=\"application\/ld+json\" class=\"yoast-schema-graph\">{\"@context\":\"https:\/\/schema.org\",\"@graph\":[{\"@type\":\"Article\",\"@id\":\"https:\/\/proacomunicacion.es\/marcas-nativas-digitales\/#article\",\"isPartOf\":{\"@id\":\"https:\/\/proacomunicacion.es\/marcas-nativas-digitales\/\"},\"author\":{\"name\":\"PROA Comunicaci\u00f3n\",\"@id\":\"https:\/\/proacomunicacion.es\/#\/schema\/person\/f80dc8938ea94e7f8aa1e8dc716d5a60\"},\"headline\":\"Marcas nativas digitales\",\"datePublished\":\"2019-02-26T13:11:39+00:00\",\"mainEntityOfPage\":{\"@id\":\"https:\/\/proacomunicacion.es\/marcas-nativas-digitales\/\"},\"wordCount\":527,\"publisher\":{\"@id\":\"https:\/\/proacomunicacion.es\/#organization\"},\"image\":{\"@id\":\"https:\/\/proacomunicacion.es\/marcas-nativas-digitales\/#primaryimage\"},\"thumbnailUrl\":\"\",\"keywords\":[\"consultor\u00eda comunicaci\u00f3n digital\",\"consultor\u00eda comunicaci\u00f3n online\",\"consultor\u00eda estrat\u00e9gica comunicaci\u00f3n digital\",\"consultor\u00eda estrat\u00e9gica comunicaci\u00f3n online\",\"consumidores\",\"estrategia digital\",\"gesti\u00f3n identidad digital\",\"marcas digitales\",\"marcas nativas digitales\"],\"articleSection\":[\"Actualidad\"],\"inLanguage\":\"en-GB\"},{\"@type\":\"WebPage\",\"@id\":\"https:\/\/proacomunicacion.es\/marcas-nativas-digitales\/\",\"url\":\"https:\/\/proacomunicacion.es\/marcas-nativas-digitales\/\",\"name\":\"Marcas nativas digitales - Blog Comunicaci\u00f3n y Reputaci\u00f3n\",\"isPartOf\":{\"@id\":\"https:\/\/proacomunicacion.es\/#website\"},\"primaryImageOfPage\":{\"@id\":\"https:\/\/proacomunicacion.es\/marcas-nativas-digitales\/#primaryimage\"},\"image\":{\"@id\":\"https:\/\/proacomunicacion.es\/marcas-nativas-digitales\/#primaryimage\"},\"thumbnailUrl\":\"\",\"datePublished\":\"2019-02-26T13:11:39+00:00\",\"description\":\"Marcas nativas digitales, que nacen, viven y crecen en internet, con un modelo de negocio de menor riesgo y mayor facilidad de lanzamiento.\",\"breadcrumb\":{\"@id\":\"https:\/\/proacomunicacion.es\/marcas-nativas-digitales\/#breadcrumb\"},\"inLanguage\":\"en-GB\",\"potentialAction\":[{\"@type\":\"ReadAction\",\"target\":[\"https:\/\/proacomunicacion.es\/marcas-nativas-digitales\/\"]}]},{\"@type\":\"ImageObject\",\"inLanguage\":\"en-GB\",\"@id\":\"https:\/\/proacomunicacion.es\/marcas-nativas-digitales\/#primaryimage\",\"url\":\"\",\"contentUrl\":\"\"},{\"@type\":\"BreadcrumbList\",\"@id\":\"https:\/\/proacomunicacion.es\/marcas-nativas-digitales\/#breadcrumb\",\"itemListElement\":[{\"@type\":\"ListItem\",\"position\":1,\"name\":\"Portada\",\"item\":\"https:\/\/proacomunicacion.es\/\"},{\"@type\":\"ListItem\",\"position\":2,\"name\":\"Marcas nativas digitales\"}]},{\"@type\":\"WebSite\",\"@id\":\"https:\/\/proacomunicacion.es\/#website\",\"url\":\"https:\/\/proacomunicacion.es\/\",\"name\":\"PROA Comunicaci\u00f3n\",\"description\":\"Agencia de Comunicaci\u00f3n Corporativa en Madrid, Barcelona y Galicia.\",\"publisher\":{\"@id\":\"https:\/\/proacomunicacion.es\/#organization\"},\"alternateName\":\"PROA Comunicaci\u00f3n\",\"potentialAction\":[{\"@type\":\"SearchAction\",\"target\":{\"@type\":\"EntryPoint\",\"urlTemplate\":\"https:\/\/proacomunicacion.es\/?s={search_term_string}\"},\"query-input\":{\"@type\":\"PropertyValueSpecification\",\"valueRequired\":true,\"valueName\":\"search_term_string\"}}],\"inLanguage\":\"en-GB\"},{\"@type\":\"Organization\",\"@id\":\"https:\/\/proacomunicacion.es\/#organization\",\"name\":\"PROA Comunicaci\u00f3n\",\"alternateName\":\"PROA Comunicaci\u00f3n\",\"url\":\"https:\/\/proacomunicacion.es\/\",\"logo\":{\"@type\":\"ImageObject\",\"inLanguage\":\"en-GB\",\"@id\":\"https:\/\/proacomunicacion.es\/#\/schema\/logo\/image\/\",\"url\":\"https:\/\/proacomunicacion.es\/wp-content\/uploads\/2024\/01\/Logo_Light.svg\",\"contentUrl\":\"https:\/\/proacomunicacion.es\/wp-content\/uploads\/2024\/01\/Logo_Light.svg\",\"width\":136,\"height\":33,\"caption\":\"PROA Comunicaci\u00f3n\"},\"image\":{\"@id\":\"https:\/\/proacomunicacion.es\/#\/schema\/logo\/image\/\"},\"sameAs\":[\"https:\/\/x.com\/proacomunica\",\"https:\/\/es.linkedin.com\/company\/proa-comunicacion_2\",\"https:\/\/www.instagram.com\/proacomunica\/\",\"https:\/\/www.youtube.com\/@proacomunicacion\",\"https:\/\/es.wikipedia.org\/wiki\/PROA_Comunicacin\"]},{\"@type\":\"Person\",\"@id\":\"https:\/\/proacomunicacion.es\/#\/schema\/person\/f80dc8938ea94e7f8aa1e8dc716d5a60\",\"name\":\"PROA Comunicaci\u00f3n\",\"image\":{\"@type\":\"ImageObject\",\"inLanguage\":\"en-GB\",\"@id\":\"https:\/\/proacomunicacion.es\/#\/schema\/person\/image\/\",\"url\":\"https:\/\/secure.gravatar.com\/avatar\/394c93c195ff19b00e79d66a42971657a01de9f2740b97148d0f14a1e1a359b7?s=96&r=g\",\"contentUrl\":\"https:\/\/secure.gravatar.com\/avatar\/394c93c195ff19b00e79d66a42971657a01de9f2740b97148d0f14a1e1a359b7?s=96&r=g\",\"caption\":\"PROA Comunicaci\u00f3n\"}}]}<\/script>\n<!-- \/ Yoast SEO plugin. -->","yoast_head_json":{"title":"Digital native brands - Blog Comunicaci\u00f3n y Reputaci\u00f3n","description":"Digital native brands, which are born, live and grow on the internet, with a business model that is lower risk and easier to launch.","robots":{"index":"index","follow":"follow","max-snippet":"max-snippet:-1","max-image-preview":"max-image-preview:large","max-video-preview":"max-video-preview:-1"},"canonical":"https:\/\/proacomunicacion.es\/en\/digital-native-brands\/","og_locale":"en_GB","og_type":"article","og_title":"Marcas nativas digitales - Blog Comunicaci\u00f3n y Reputaci\u00f3n","og_description":"Marcas nativas digitales, que nacen, viven y crecen en internet, con un modelo de negocio de menor riesgo y mayor facilidad de lanzamiento.","og_url":"https:\/\/proacomunicacion.es\/en\/digital-native-brands\/","og_site_name":"PROA Comunicaci\u00f3n","article_published_time":"2019-02-26T13:11:39+00:00","og_image":[{"width":2560,"height":1414,"url":"https:\/\/proacomunicacion.es\/wp-content\/uploads\/2025\/08\/Firefly_radio-de-barco-scaled.jpg","type":"image\/jpeg"}],"author":"PROA Comunicaci\u00f3n","twitter_card":"summary_large_image","twitter_creator":"@proacomunica","twitter_site":"@proacomunica","twitter_misc":{"Written by":"PROA Comunicaci\u00f3n","Estimated reading time":"3 minutes"},"schema":{"@context":"https:\/\/schema.org","@graph":[{"@type":"Article","@id":"https:\/\/proacomunicacion.es\/marcas-nativas-digitales\/#article","isPartOf":{"@id":"https:\/\/proacomunicacion.es\/marcas-nativas-digitales\/"},"author":{"name":"PROA Comunicaci\u00f3n","@id":"https:\/\/proacomunicacion.es\/#\/schema\/person\/f80dc8938ea94e7f8aa1e8dc716d5a60"},"headline":"Marcas nativas digitales","datePublished":"2019-02-26T13:11:39+00:00","mainEntityOfPage":{"@id":"https:\/\/proacomunicacion.es\/marcas-nativas-digitales\/"},"wordCount":527,"publisher":{"@id":"https:\/\/proacomunicacion.es\/#organization"},"image":{"@id":"https:\/\/proacomunicacion.es\/marcas-nativas-digitales\/#primaryimage"},"thumbnailUrl":"","keywords":["consultor\u00eda comunicaci\u00f3n digital","consultor\u00eda comunicaci\u00f3n online","consultor\u00eda estrat\u00e9gica comunicaci\u00f3n digital","consultor\u00eda estrat\u00e9gica comunicaci\u00f3n online","consumidores","estrategia digital","gesti\u00f3n identidad digital","marcas digitales","marcas nativas digitales"],"articleSection":["Actualidad"],"inLanguage":"en-GB"},{"@type":"WebPage","@id":"https:\/\/proacomunicacion.es\/marcas-nativas-digitales\/","url":"https:\/\/proacomunicacion.es\/marcas-nativas-digitales\/","name":"Digital native brands - Blog Comunicaci\u00f3n y Reputaci\u00f3n","isPartOf":{"@id":"https:\/\/proacomunicacion.es\/#website"},"primaryImageOfPage":{"@id":"https:\/\/proacomunicacion.es\/marcas-nativas-digitales\/#primaryimage"},"image":{"@id":"https:\/\/proacomunicacion.es\/marcas-nativas-digitales\/#primaryimage"},"thumbnailUrl":"","datePublished":"2019-02-26T13:11:39+00:00","description":"Digital native brands, which are born, live and grow on the internet, with a business model that is lower risk and easier to launch.","breadcrumb":{"@id":"https:\/\/proacomunicacion.es\/marcas-nativas-digitales\/#breadcrumb"},"inLanguage":"en-GB","potentialAction":[{"@type":"ReadAction","target":["https:\/\/proacomunicacion.es\/marcas-nativas-digitales\/"]}]},{"@type":"ImageObject","inLanguage":"en-GB","@id":"https:\/\/proacomunicacion.es\/marcas-nativas-digitales\/#primaryimage","url":"","contentUrl":""},{"@type":"BreadcrumbList","@id":"https:\/\/proacomunicacion.es\/marcas-nativas-digitales\/#breadcrumb","itemListElement":[{"@type":"ListItem","position":1,"name":"Portada","item":"https:\/\/proacomunicacion.es\/"},{"@type":"ListItem","position":2,"name":"Marcas nativas digitales"}]},{"@type":"WebSite","@id":"https:\/\/proacomunicacion.es\/#website","url":"https:\/\/proacomunicacion.es\/","name":"PROA Communication","description":"Corporate Communications Agency in Madrid, Barcelona and Galicia.","publisher":{"@id":"https:\/\/proacomunicacion.es\/#organization"},"alternateName":"PROA Comunicaci\u00f3n","potentialAction":[{"@type":"SearchAction","target":{"@type":"EntryPoint","urlTemplate":"https:\/\/proacomunicacion.es\/?s={search_term_string}"},"query-input":{"@type":"PropertyValueSpecification","valueRequired":true,"valueName":"search_term_string"}}],"inLanguage":"en-GB"},{"@type":"Organization","@id":"https:\/\/proacomunicacion.es\/#organization","name":"PROA Communication","alternateName":"PROA Comunicaci\u00f3n","url":"https:\/\/proacomunicacion.es\/","logo":{"@type":"ImageObject","inLanguage":"en-GB","@id":"https:\/\/proacomunicacion.es\/#\/schema\/logo\/image\/","url":"https:\/\/proacomunicacion.es\/wp-content\/uploads\/2024\/01\/Logo_Light.svg","contentUrl":"https:\/\/proacomunicacion.es\/wp-content\/uploads\/2024\/01\/Logo_Light.svg","width":136,"height":33,"caption":"PROA Comunicaci\u00f3n"},"image":{"@id":"https:\/\/proacomunicacion.es\/#\/schema\/logo\/image\/"},"sameAs":["https:\/\/x.com\/proacomunica","https:\/\/es.linkedin.com\/company\/proa-comunicacion_2","https:\/\/www.instagram.com\/proacomunica\/","https:\/\/www.youtube.com\/@proacomunicacion","https:\/\/es.wikipedia.org\/wiki\/PROA_Comunicacin"]},{"@type":"Person","@id":"https:\/\/proacomunicacion.es\/#\/schema\/person\/f80dc8938ea94e7f8aa1e8dc716d5a60","name":"PROA Communication","image":{"@type":"ImageObject","inLanguage":"en-GB","@id":"https:\/\/proacomunicacion.es\/#\/schema\/person\/image\/","url":"https:\/\/secure.gravatar.com\/avatar\/394c93c195ff19b00e79d66a42971657a01de9f2740b97148d0f14a1e1a359b7?s=96&r=g","contentUrl":"https:\/\/secure.gravatar.com\/avatar\/394c93c195ff19b00e79d66a42971657a01de9f2740b97148d0f14a1e1a359b7?s=96&r=g","caption":"PROA Comunicaci\u00f3n"}}]}},"_links":{"self":[{"href":"https:\/\/proacomunicacion.es\/en\/wp-json\/wp\/v2\/posts\/10752","targetHints":{"allow":["GET"]}}],"collection":[{"href":"https:\/\/proacomunicacion.es\/en\/wp-json\/wp\/v2\/posts"}],"about":[{"href":"https:\/\/proacomunicacion.es\/en\/wp-json\/wp\/v2\/types\/post"}],"author":[{"embeddable":true,"href":"https:\/\/proacomunicacion.es\/en\/wp-json\/wp\/v2\/users\/28"}],"replies":[{"embeddable":true,"href":"https:\/\/proacomunicacion.es\/en\/wp-json\/wp\/v2\/comments?post=10752"}],"version-history":[{"count":0,"href":"https:\/\/proacomunicacion.es\/en\/wp-json\/wp\/v2\/posts\/10752\/revisions"}],"wp:featuredmedia":[{"embeddable":true,"href":"https:\/\/proacomunicacion.es\/en\/wp-json\/"}],"wp:attachment":[{"href":"https:\/\/proacomunicacion.es\/en\/wp-json\/wp\/v2\/media?parent=10752"}],"wp:term":[{"taxonomy":"category","embeddable":true,"href":"https:\/\/proacomunicacion.es\/en\/wp-json\/wp\/v2\/categories?post=10752"},{"taxonomy":"post_tag","embeddable":true,"href":"https:\/\/proacomunicacion.es\/en\/wp-json\/wp\/v2\/tags?post=10752"}],"curies":[{"name":"wp","href":"https:\/\/api.w.org\/{rel}","templated":true}]}}