{"id":10915,"date":"2019-03-04T18:39:32","date_gmt":"2019-03-04T17:39:32","guid":{"rendered":"https:\/\/proacomunicacion.es\/?p=10915"},"modified":"2019-03-04T18:39:32","modified_gmt":"2019-03-04T17:39:32","slug":"the-secret-keys-to-branding","status":"publish","type":"post","link":"https:\/\/proacomunicacion.es\/en\/las-claves-secretas-del-branding\/","title":{"rendered":"The secret keys to branding"},"content":{"rendered":"<p>\u00bf<em>Branding<\/em>Brand image? Relevance? A self-respecting brand has to be more than just a logo, a few colours, an easy-to-remember sounding name, an attractive and memorable slogan, and so on. For a brand not to remain something so simple - and therefore so weak - it needs a process that turns it into something unique, different and special.<\/p>\n<p><strong>A brand must always have a differential value<\/strong>A \"something\" that attracts attention and arouses curiosity. To get to that something, we have to search deep down to find the pillars that will sustain it, that which will make it strong against its competitors and make it shine. We will associate our brand with a <strong>strategy<\/strong>always designed to get us to where we want to be. And this is the most complicated part; to have the great idea that puts our brand and products at the highest level that we can reach and that our competition does not even imagine exists.<\/p>\n<p>It is a long, intense and fundamental process. And it is long because once that brand image has been created, it has to be managed, which means that the road does not end there, at the point where we already know who we are, but runs parallel to the one our brand follows, accompanying it, correcting it and improving it to continue differentiating ourselves and adapting to the changes that may arise around us: in our competitors, in our customers... in the market in short. Only in this way will we be able to build something worthwhile, something truly relevant and to be taken into account by others. Because we always look great in the mirror, but the reality is usually a little less optimistic.<\/p>\n<p>And the most important thing: when the competition sees where we have positioned ourselves - I speak in the past tense because when others see you, you are already where you want them to see you - it will be too late for them to catch up. This is one of the most important missions of the <em>branding<\/em>place you in<strong> clear advantage<\/strong> with respect to those around you.<\/p>\n<p>All of this, well sprinkled with bravery, courage and guts, dancing close to the client on a tile of <em>35\u00d735<\/em> the most gripping chotis of your life.<\/p>\n<p>How important the chotis is.<\/p>\n<p>But we'll talk about that another day.<\/p>\n<p><a class=\"lightbox-added alignleft\" href=\"https:\/\/proacomunicacion.es\/wp-content\/uploads\/2019\/03\/alfonso-villar.png\"><img decoding=\"async\" class=\"alignnone wp-image-10981 size-thumbnail\" src=\"https:\/\/proacomunicacion.es\/wp-content\/uploads\/2019\/03\/alfonso-villar-80x80.png\" alt=\"\" width=\"80\" height=\"80\" \/><\/a><br \/>\n<strong>Alfonso Villar<\/strong><br \/>\nCreative Director of Proa Comunicaci\u00f3n<\/p>","protected":false},"excerpt":{"rendered":"<p>\u00bfBranding? \u00bfImagen de marca? \u00bfRelevancia? Una marca que se precie tiene que ser algo m\u00e1s que un logotipo, unos colores, un nombre sonoro f\u00e1cil de recordar, un slogan atractivo y memorable, etc. Para que una marca no se quede en algo tan simple -y por lo tanto tan d\u00e9bil- necesita de un proceso que la [&hellip;]<\/p>\n","protected":false},"author":28,"featured_media":10919,"comment_status":"closed","ping_status":"closed","sticky":false,"template":"","format":"standard","meta":{"footnotes":""},"categories":[1],"tags":[36,65,789,790,791,26,68,69,70,71,72,73,74,611,792,793],"class_list":["post-10915","post","type-post","status-publish","format-standard","has-post-thumbnail","hentry","category-actualidad-proa","tag-agencias-de-comunicacion","tag-agencias-de-comunicacion-corporativa","tag-atributos-de-la-marca","tag-branding","tag-competencia","tag-comunicacion-corporativa","tag-consultora-de-comunicacion-corporativa","tag-consultores-de-comunicacion","tag-consultores-de-comunicacion-corporativa","tag-consultoria-de-comunicacion","tag-consultoria-de-comunicacion-corporativa","tag-consultoria-estrategica","tag-consultoria-estrategica-de-comunicacion","tag-diseno-identidad-corporativa","tag-imagen-de-marca","tag-logotipo"],"yoast_head":"<!-- This site is optimized with the Yoast SEO plugin v27.0 - https:\/\/yoast.com\/product\/yoast-seo-wordpress\/ -->\n<title>Las claves secretas del &quot;branding&quot; - Blog Comunicaci\u00f3n y Reputaci\u00f3n<\/title>\n<meta name=\"description\" content=\"Para que una marca no se quede en algo tan simple -y por lo tanto tan d\u00e9bil- necesita de un proceso que la convierta en algo \u00fanico, diferente y especial.\" \/>\n<meta name=\"robots\" content=\"index, follow, max-snippet:-1, max-image-preview:large, max-video-preview:-1\" \/>\n<link rel=\"canonical\" href=\"https:\/\/proacomunicacion.es\/en\/the-secret-keys-to-branding\/\" \/>\n<meta property=\"og:locale\" content=\"en_GB\" \/>\n<meta property=\"og:type\" content=\"article\" \/>\n<meta property=\"og:title\" content=\"Las claves secretas del &quot;branding&quot; - Blog Comunicaci\u00f3n y Reputaci\u00f3n\" \/>\n<meta property=\"og:description\" content=\"Para que una marca no se quede en algo tan simple -y por lo tanto tan d\u00e9bil- necesita de un proceso que la convierta en algo \u00fanico, diferente y especial.\" \/>\n<meta property=\"og:url\" content=\"https:\/\/proacomunicacion.es\/en\/the-secret-keys-to-branding\/\" \/>\n<meta property=\"og:site_name\" content=\"PROA Comunicaci\u00f3n\" \/>\n<meta property=\"article:published_time\" content=\"2019-03-04T17:39:32+00:00\" \/>\n<meta property=\"og:image\" content=\"https:\/\/proacomunicacion.es\/wp-content\/uploads\/2025\/08\/Firefly_radio-de-barco-scaled.jpg\" \/>\n\t<meta property=\"og:image:width\" content=\"2560\" \/>\n\t<meta property=\"og:image:height\" content=\"1414\" \/>\n\t<meta property=\"og:image:type\" content=\"image\/jpeg\" \/>\n<meta name=\"author\" content=\"PROA Comunicaci\u00f3n\" \/>\n<meta name=\"twitter:card\" content=\"summary_large_image\" \/>\n<meta name=\"twitter:creator\" content=\"@proacomunica\" \/>\n<meta name=\"twitter:site\" content=\"@proacomunica\" \/>\n<meta name=\"twitter:label1\" content=\"Written by\" \/>\n\t<meta name=\"twitter:data1\" content=\"PROA Comunicaci\u00f3n\" \/>\n\t<meta name=\"twitter:label2\" content=\"Estimated reading time\" \/>\n\t<meta name=\"twitter:data2\" content=\"2 minutes\" \/>\n<script type=\"application\/ld+json\" class=\"yoast-schema-graph\">{\"@context\":\"https:\/\/schema.org\",\"@graph\":[{\"@type\":\"Article\",\"@id\":\"https:\/\/proacomunicacion.es\/las-claves-secretas-del-branding\/#article\",\"isPartOf\":{\"@id\":\"https:\/\/proacomunicacion.es\/las-claves-secretas-del-branding\/\"},\"author\":{\"name\":\"PROA Comunicaci\u00f3n\",\"@id\":\"https:\/\/proacomunicacion.es\/#\/schema\/person\/f80dc8938ea94e7f8aa1e8dc716d5a60\"},\"headline\":\"Las claves secretas del \u00abbranding\u00bb\",\"datePublished\":\"2019-03-04T17:39:32+00:00\",\"mainEntityOfPage\":{\"@id\":\"https:\/\/proacomunicacion.es\/las-claves-secretas-del-branding\/\"},\"wordCount\":405,\"publisher\":{\"@id\":\"https:\/\/proacomunicacion.es\/#organization\"},\"image\":{\"@id\":\"https:\/\/proacomunicacion.es\/las-claves-secretas-del-branding\/#primaryimage\"},\"thumbnailUrl\":\"\",\"keywords\":[\"agencias de comunicaci\u00f3n\",\"agencias de comunicaci\u00f3n corporativa\",\"atributos de la marca\",\"branding\",\"competencia\",\"Comunicaci\u00f3n corporativa\",\"consultora de comunicaci\u00f3n corporativa\",\"consultores de comunicaci\u00f3n\",\"consultores de comunicaci\u00f3n corporativa\",\"consultor\u00eda de comunicaci\u00f3n\",\"consultor\u00eda de comunicaci\u00f3n corporativa\",\"consultor\u00eda estrat\u00e9gica\",\"consultor\u00eda estrat\u00e9gica de comunicaci\u00f3n\",\"dise\u00f1o identidad corporativa\",\"imagen de marca\",\"logotipo\"],\"articleSection\":[\"Actualidad\"],\"inLanguage\":\"en-GB\"},{\"@type\":\"WebPage\",\"@id\":\"https:\/\/proacomunicacion.es\/las-claves-secretas-del-branding\/\",\"url\":\"https:\/\/proacomunicacion.es\/las-claves-secretas-del-branding\/\",\"name\":\"Las claves secretas del \\\"branding\\\" - Blog Comunicaci\u00f3n y Reputaci\u00f3n\",\"isPartOf\":{\"@id\":\"https:\/\/proacomunicacion.es\/#website\"},\"primaryImageOfPage\":{\"@id\":\"https:\/\/proacomunicacion.es\/las-claves-secretas-del-branding\/#primaryimage\"},\"image\":{\"@id\":\"https:\/\/proacomunicacion.es\/las-claves-secretas-del-branding\/#primaryimage\"},\"thumbnailUrl\":\"\",\"datePublished\":\"2019-03-04T17:39:32+00:00\",\"description\":\"Para que una marca no se quede en algo tan simple -y por lo tanto tan d\u00e9bil- necesita de un proceso que la convierta en algo \u00fanico, diferente y especial.\",\"breadcrumb\":{\"@id\":\"https:\/\/proacomunicacion.es\/las-claves-secretas-del-branding\/#breadcrumb\"},\"inLanguage\":\"en-GB\",\"potentialAction\":[{\"@type\":\"ReadAction\",\"target\":[\"https:\/\/proacomunicacion.es\/las-claves-secretas-del-branding\/\"]}]},{\"@type\":\"ImageObject\",\"inLanguage\":\"en-GB\",\"@id\":\"https:\/\/proacomunicacion.es\/las-claves-secretas-del-branding\/#primaryimage\",\"url\":\"\",\"contentUrl\":\"\"},{\"@type\":\"BreadcrumbList\",\"@id\":\"https:\/\/proacomunicacion.es\/las-claves-secretas-del-branding\/#breadcrumb\",\"itemListElement\":[{\"@type\":\"ListItem\",\"position\":1,\"name\":\"Portada\",\"item\":\"https:\/\/proacomunicacion.es\/\"},{\"@type\":\"ListItem\",\"position\":2,\"name\":\"Las claves secretas del \u00abbranding\u00bb\"}]},{\"@type\":\"WebSite\",\"@id\":\"https:\/\/proacomunicacion.es\/#website\",\"url\":\"https:\/\/proacomunicacion.es\/\",\"name\":\"PROA Comunicaci\u00f3n\",\"description\":\"Agencia de Comunicaci\u00f3n Corporativa en Madrid, Barcelona y Galicia.\",\"publisher\":{\"@id\":\"https:\/\/proacomunicacion.es\/#organization\"},\"alternateName\":\"PROA Comunicaci\u00f3n\",\"potentialAction\":[{\"@type\":\"SearchAction\",\"target\":{\"@type\":\"EntryPoint\",\"urlTemplate\":\"https:\/\/proacomunicacion.es\/?s={search_term_string}\"},\"query-input\":{\"@type\":\"PropertyValueSpecification\",\"valueRequired\":true,\"valueName\":\"search_term_string\"}}],\"inLanguage\":\"en-GB\"},{\"@type\":\"Organization\",\"@id\":\"https:\/\/proacomunicacion.es\/#organization\",\"name\":\"PROA Comunicaci\u00f3n\",\"alternateName\":\"PROA Comunicaci\u00f3n\",\"url\":\"https:\/\/proacomunicacion.es\/\",\"logo\":{\"@type\":\"ImageObject\",\"inLanguage\":\"en-GB\",\"@id\":\"https:\/\/proacomunicacion.es\/#\/schema\/logo\/image\/\",\"url\":\"https:\/\/proacomunicacion.es\/wp-content\/uploads\/2024\/01\/Logo_Light.svg\",\"contentUrl\":\"https:\/\/proacomunicacion.es\/wp-content\/uploads\/2024\/01\/Logo_Light.svg\",\"width\":136,\"height\":33,\"caption\":\"PROA Comunicaci\u00f3n\"},\"image\":{\"@id\":\"https:\/\/proacomunicacion.es\/#\/schema\/logo\/image\/\"},\"sameAs\":[\"https:\/\/x.com\/proacomunica\",\"https:\/\/es.linkedin.com\/company\/proa-comunicacion_2\",\"https:\/\/www.instagram.com\/proacomunica\/\",\"https:\/\/www.youtube.com\/@proacomunicacion\",\"https:\/\/es.wikipedia.org\/wiki\/PROA_Comunicacin\"]},{\"@type\":\"Person\",\"@id\":\"https:\/\/proacomunicacion.es\/#\/schema\/person\/f80dc8938ea94e7f8aa1e8dc716d5a60\",\"name\":\"PROA Comunicaci\u00f3n\",\"image\":{\"@type\":\"ImageObject\",\"inLanguage\":\"en-GB\",\"@id\":\"https:\/\/proacomunicacion.es\/#\/schema\/person\/image\/\",\"url\":\"https:\/\/secure.gravatar.com\/avatar\/394c93c195ff19b00e79d66a42971657a01de9f2740b97148d0f14a1e1a359b7?s=96&r=g\",\"contentUrl\":\"https:\/\/secure.gravatar.com\/avatar\/394c93c195ff19b00e79d66a42971657a01de9f2740b97148d0f14a1e1a359b7?s=96&r=g\",\"caption\":\"PROA Comunicaci\u00f3n\"}}]}<\/script>\n<!-- \/ Yoast SEO plugin. -->","yoast_head_json":{"title":"The secret keys to branding - Blog Comunicaci\u00f3n y Reputaci\u00f3n","description":"For a brand not to remain so simple - and therefore so weak - it needs a process that makes it unique, different and special.","robots":{"index":"index","follow":"follow","max-snippet":"max-snippet:-1","max-image-preview":"max-image-preview:large","max-video-preview":"max-video-preview:-1"},"canonical":"https:\/\/proacomunicacion.es\/en\/the-secret-keys-to-branding\/","og_locale":"en_GB","og_type":"article","og_title":"Las claves secretas del \"branding\" - Blog Comunicaci\u00f3n y Reputaci\u00f3n","og_description":"Para que una marca no se quede en algo tan simple -y por lo tanto tan d\u00e9bil- necesita de un proceso que la convierta en algo \u00fanico, diferente y especial.","og_url":"https:\/\/proacomunicacion.es\/en\/the-secret-keys-to-branding\/","og_site_name":"PROA Comunicaci\u00f3n","article_published_time":"2019-03-04T17:39:32+00:00","og_image":[{"width":2560,"height":1414,"url":"https:\/\/proacomunicacion.es\/wp-content\/uploads\/2025\/08\/Firefly_radio-de-barco-scaled.jpg","type":"image\/jpeg"}],"author":"PROA Comunicaci\u00f3n","twitter_card":"summary_large_image","twitter_creator":"@proacomunica","twitter_site":"@proacomunica","twitter_misc":{"Written by":"PROA Comunicaci\u00f3n","Estimated reading time":"2 minutes"},"schema":{"@context":"https:\/\/schema.org","@graph":[{"@type":"Article","@id":"https:\/\/proacomunicacion.es\/las-claves-secretas-del-branding\/#article","isPartOf":{"@id":"https:\/\/proacomunicacion.es\/las-claves-secretas-del-branding\/"},"author":{"name":"PROA Comunicaci\u00f3n","@id":"https:\/\/proacomunicacion.es\/#\/schema\/person\/f80dc8938ea94e7f8aa1e8dc716d5a60"},"headline":"Las claves secretas del \u00abbranding\u00bb","datePublished":"2019-03-04T17:39:32+00:00","mainEntityOfPage":{"@id":"https:\/\/proacomunicacion.es\/las-claves-secretas-del-branding\/"},"wordCount":405,"publisher":{"@id":"https:\/\/proacomunicacion.es\/#organization"},"image":{"@id":"https:\/\/proacomunicacion.es\/las-claves-secretas-del-branding\/#primaryimage"},"thumbnailUrl":"","keywords":["agencias de comunicaci\u00f3n","agencias de comunicaci\u00f3n corporativa","atributos de la marca","branding","competencia","Comunicaci\u00f3n corporativa","consultora de comunicaci\u00f3n corporativa","consultores de comunicaci\u00f3n","consultores de comunicaci\u00f3n corporativa","consultor\u00eda de comunicaci\u00f3n","consultor\u00eda de comunicaci\u00f3n corporativa","consultor\u00eda estrat\u00e9gica","consultor\u00eda estrat\u00e9gica de comunicaci\u00f3n","dise\u00f1o identidad corporativa","imagen de marca","logotipo"],"articleSection":["Actualidad"],"inLanguage":"en-GB"},{"@type":"WebPage","@id":"https:\/\/proacomunicacion.es\/las-claves-secretas-del-branding\/","url":"https:\/\/proacomunicacion.es\/las-claves-secretas-del-branding\/","name":"The secret keys to branding - Blog Comunicaci\u00f3n y Reputaci\u00f3n","isPartOf":{"@id":"https:\/\/proacomunicacion.es\/#website"},"primaryImageOfPage":{"@id":"https:\/\/proacomunicacion.es\/las-claves-secretas-del-branding\/#primaryimage"},"image":{"@id":"https:\/\/proacomunicacion.es\/las-claves-secretas-del-branding\/#primaryimage"},"thumbnailUrl":"","datePublished":"2019-03-04T17:39:32+00:00","description":"For a brand not to remain so simple - and therefore so weak - it needs a process that makes it unique, different and special.","breadcrumb":{"@id":"https:\/\/proacomunicacion.es\/las-claves-secretas-del-branding\/#breadcrumb"},"inLanguage":"en-GB","potentialAction":[{"@type":"ReadAction","target":["https:\/\/proacomunicacion.es\/las-claves-secretas-del-branding\/"]}]},{"@type":"ImageObject","inLanguage":"en-GB","@id":"https:\/\/proacomunicacion.es\/las-claves-secretas-del-branding\/#primaryimage","url":"","contentUrl":""},{"@type":"BreadcrumbList","@id":"https:\/\/proacomunicacion.es\/las-claves-secretas-del-branding\/#breadcrumb","itemListElement":[{"@type":"ListItem","position":1,"name":"Portada","item":"https:\/\/proacomunicacion.es\/"},{"@type":"ListItem","position":2,"name":"Las claves secretas del \u00abbranding\u00bb"}]},{"@type":"WebSite","@id":"https:\/\/proacomunicacion.es\/#website","url":"https:\/\/proacomunicacion.es\/","name":"PROA Communication","description":"Corporate Communications Agency in Madrid, Barcelona and Galicia.","publisher":{"@id":"https:\/\/proacomunicacion.es\/#organization"},"alternateName":"PROA Comunicaci\u00f3n","potentialAction":[{"@type":"SearchAction","target":{"@type":"EntryPoint","urlTemplate":"https:\/\/proacomunicacion.es\/?s={search_term_string}"},"query-input":{"@type":"PropertyValueSpecification","valueRequired":true,"valueName":"search_term_string"}}],"inLanguage":"en-GB"},{"@type":"Organization","@id":"https:\/\/proacomunicacion.es\/#organization","name":"PROA Communication","alternateName":"PROA Comunicaci\u00f3n","url":"https:\/\/proacomunicacion.es\/","logo":{"@type":"ImageObject","inLanguage":"en-GB","@id":"https:\/\/proacomunicacion.es\/#\/schema\/logo\/image\/","url":"https:\/\/proacomunicacion.es\/wp-content\/uploads\/2024\/01\/Logo_Light.svg","contentUrl":"https:\/\/proacomunicacion.es\/wp-content\/uploads\/2024\/01\/Logo_Light.svg","width":136,"height":33,"caption":"PROA Comunicaci\u00f3n"},"image":{"@id":"https:\/\/proacomunicacion.es\/#\/schema\/logo\/image\/"},"sameAs":["https:\/\/x.com\/proacomunica","https:\/\/es.linkedin.com\/company\/proa-comunicacion_2","https:\/\/www.instagram.com\/proacomunica\/","https:\/\/www.youtube.com\/@proacomunicacion","https:\/\/es.wikipedia.org\/wiki\/PROA_Comunicacin"]},{"@type":"Person","@id":"https:\/\/proacomunicacion.es\/#\/schema\/person\/f80dc8938ea94e7f8aa1e8dc716d5a60","name":"PROA Communication","image":{"@type":"ImageObject","inLanguage":"en-GB","@id":"https:\/\/proacomunicacion.es\/#\/schema\/person\/image\/","url":"https:\/\/secure.gravatar.com\/avatar\/394c93c195ff19b00e79d66a42971657a01de9f2740b97148d0f14a1e1a359b7?s=96&r=g","contentUrl":"https:\/\/secure.gravatar.com\/avatar\/394c93c195ff19b00e79d66a42971657a01de9f2740b97148d0f14a1e1a359b7?s=96&r=g","caption":"PROA Comunicaci\u00f3n"}}]}},"_links":{"self":[{"href":"https:\/\/proacomunicacion.es\/en\/wp-json\/wp\/v2\/posts\/10915","targetHints":{"allow":["GET"]}}],"collection":[{"href":"https:\/\/proacomunicacion.es\/en\/wp-json\/wp\/v2\/posts"}],"about":[{"href":"https:\/\/proacomunicacion.es\/en\/wp-json\/wp\/v2\/types\/post"}],"author":[{"embeddable":true,"href":"https:\/\/proacomunicacion.es\/en\/wp-json\/wp\/v2\/users\/28"}],"replies":[{"embeddable":true,"href":"https:\/\/proacomunicacion.es\/en\/wp-json\/wp\/v2\/comments?post=10915"}],"version-history":[{"count":0,"href":"https:\/\/proacomunicacion.es\/en\/wp-json\/wp\/v2\/posts\/10915\/revisions"}],"wp:featuredmedia":[{"embeddable":true,"href":"https:\/\/proacomunicacion.es\/en\/wp-json\/"}],"wp:attachment":[{"href":"https:\/\/proacomunicacion.es\/en\/wp-json\/wp\/v2\/media?parent=10915"}],"wp:term":[{"taxonomy":"category","embeddable":true,"href":"https:\/\/proacomunicacion.es\/en\/wp-json\/wp\/v2\/categories?post=10915"},{"taxonomy":"post_tag","embeddable":true,"href":"https:\/\/proacomunicacion.es\/en\/wp-json\/wp\/v2\/tags?post=10915"}],"curies":[{"name":"wp","href":"https:\/\/api.w.org\/{rel}","templated":true}]}}