{"id":11519,"date":"2019-04-04T12:59:29","date_gmt":"2019-04-04T10:59:29","guid":{"rendered":"https:\/\/proacomunicacion.es\/?p=11519"},"modified":"2019-04-04T12:59:29","modified_gmt":"2019-04-04T10:59:29","slug":"why-netflix-should-fear-apple-tv-plus","status":"publish","type":"post","link":"https:\/\/proacomunicacion.es\/en\/por-que-netflix-debe-temer-a-apple-tv-plus\/","title":{"rendered":"Why should Netflix fear Apple TV Plus?"},"content":{"rendered":"<p style=\"text-align: justify;\">It is, to say the least, ironic that only a few weeks ago <a href=\"https:\/\/proacomunicacion.es\/en\/check-on-the-king-steven-spielberg\/\">we would conclude the Steven Spielberg vs. Netflix conflict.<\/a> and, just a few days later, the director fronted the genuine spot for what will be its biggest competitor. The fact that Spielberg's very foreground face kicks off the new era of Apple TV plus is, without a doubt, a nuanced statement of intent.<em>. \u201cWant me to help you find your opening?\u201d<\/em>, he asks in his first intervention, revealing and overwhelming. That the king of roller coasters - as far as script development is concerned - should begin this stage could not be more significant. The first peak of a roller coaster designed by the leading company in market value. <em>\u201c...And then, like the Big Bang, it explodes...\".<\/em>)\".<\/p>\n<p style=\"text-align: justify;\">Apple has declared that a new <em>player<\/em> has arrived in the world of streaming and <em>video o demand<\/em><strong>.<\/strong> But <strong>not just any one, and not at any time<\/strong>. Just when Disney is preparing its platform - after breaking off all relations with Netflix - and when Warner has begun to rearm, \u2018the apple\u2019 arrives with Spielberg. In the face of the consolidated platforms of Netflix, Amazon, Hulu, and those yet to come from Warner and Disney, Apple burst onto the scene. When everyone was demanding innovation capable of propelling Apple back to technological, creative and even social leadership, Tim Cook is betting on the same thing as the companies that lead the audiovisual market. The same thing? Maybe not. For a start, they have an advantage in terms of devices, estimated at more than 1 billion worldwide. <strong>15% of subscribers signing up for Apple TV Plus would take down Netflix<\/strong>. In addition, the platform will be available in the last quarter of the year on Smart TVs from Samsung, Sony and LG, among other brands.<\/p>\n<h3>The figures of the <em>video on demand<\/em><\/h3>\n<p style=\"text-align: justify;\">To support the context with figures, it should be noted that <strong>Netflix expected to close March with 150 million subscribers globally.<\/strong>, Amazon Prime surpassed 100 million in 2018 and Hulu, popular mainly in the US, has a share of 25 million users. In addition, following Disney's recent acquisition of Fox, the company behind Mickey, Pixar, Marvel, Star Wars and other totems owns 60% of Hulu (adding its 30% to Fox's share). After these three platforms, two players will burst onto the scene. On the one hand, we have the aforementioned Disney, and on the other, Warner. The recently validated <a href=\"https:\/\/www.larazon.es\/economia\/visto-bueno-legal-a-la-fusion-de-att-y-time-warner-EA22112143\">AT&amp;T and Time Warner merger<\/a> (owner of Warnes Bros., HBO, CNN and TNT, among others) and the <a href=\"https:\/\/variety.com\/2019\/tv\/news\/bob-greenblatt-hbo-warnermedia-game-of-thrones-1203154189\/\">signing of Bob Greenblatt<\/a> demonstrate the commitment to the development of a cutting-edge platform. Thus, an exciting contest is in the offing.<\/p>\n<p style=\"text-align: justify;\">But as we can see from the Apple TV Plus presentation, Netflix should not only be afraid of the numbers, but also of the content. Tim Cook has wanted to differentiate himself from the very first moment, from the very first strategic spot. What if innovation is not in the form? What if innovation is in the content? It is as absurd as it is limited to think that in audiovisual communication and, specifically, in the art of film, everything has already been invented. An art form with little more than a century of history has a long way to go. Hamlet or Don Quixote were written 24 centuries after The Iliad, how many innovations in narration or content have yet to be discovered in the seventh art?<\/p>\n<p style=\"text-align: justify;\">It is undeniable that Apple, as an innovative company, has fallen from its most successful periods. The Boston Consulting Group report <a href=\"https:\/\/www.bcg.com\/publications\/collections\/most-innovative-companies-2019-artificial-intelligence-platforms-ecosystems.aspx\"><em>The most innovative companies of 2019<\/em> <\/a>This is demonstrated by placing the company in third position after leading the ranking in all previous editions.<\/p>\n<p style=\"text-align: justify;\">Innovation gives way to vision, gives way to foreground, gives way to light, gives way to a new era of video on demand with more players firmly committed to reigning in as many homes as possible. But, most significantly of all, it is ushering in an audiovisual era yet to be exploited... <em>\u201cand then, like the Big Bang, it explodes<\/em>\".<\/p>\n<p><iframe src=\"https:\/\/www.youtube.com\/embed\/RrdbT4hpwBk\" width=\"910\" height=\"485\" frameborder=\"0\" allowfullscreen=\"allowfullscreen\"><span data-mce-type=\"bookmark\" style=\"display: inline-block; width: 0px; overflow: hidden; line-height: 0;\" class=\"mce_SELRES_start\"><\/span><\/iframe><br \/>\n<a class=\"lightbox-added alignleft\" href=\"https:\/\/proacomunicacion.es\/wp-content\/uploads\/2015\/12\/Ok.jpg\"><img decoding=\"async\" class=\"alignnone wp-image-6168\" src=\"https:\/\/proacomunicacion.es\/wp-content\/uploads\/2015\/12\/Ok-896x1024.jpg\" alt=\"\" width=\"75\" height=\"86\" \/><\/a><br \/>\n<strong>\u00c1lvaro Ramos Izquierdo<\/strong><br \/>\nSenior communications consultant, passionate about the eminently artistic nature of cinema and yet an Oscar mythomaniac.<\/p>","protected":false},"excerpt":{"rendered":"<p>Resulta, como m\u00ednimo, ir\u00f3nico que hace tan solo unas semanas di\u00e9semos por concluido el conflicto Steven Spielberg vs. Netflix y, tan solo unos d\u00edas despu\u00e9s, el director encabezase el genuino spot de la que representar\u00e1 su mayor competencia. Que el rostro en primer\u00edsimo primer plano de Spielberg inicie la nueva era de Apple TV plus [&hellip;]<\/p>\n","protected":false},"author":28,"featured_media":11520,"comment_status":"closed","ping_status":"closed","sticky":false,"template":"","format":"standard","meta":{"footnotes":""},"categories":[1],"tags":[874,875,209,90,91,92,93,876,94,95,877,374,820,821,878,879,880],"class_list":["post-11519","post","type-post","status-publish","format-standard","has-post-thumbnail","hentry","category-actualidad-proa","tag-apple-tv-plus","tag-att","tag-boston-consulting-group","tag-consultoria-comunicacion-digital","tag-consultoria-comunicacion-online","tag-consultoria-estrategica-comunicacion-digital","tag-consultoria-estrategica-comunicacion-online","tag-disney","tag-estrategia-digital","tag-gestion-identidad-digital","tag-hulu","tag-innovacion","tag-netflix","tag-steven-spielberg","tag-tim-cook","tag-video-on-demand","tag-warner"],"yoast_head":"<!-- This site is optimized with the Yoast SEO plugin v27.0 - https:\/\/yoast.com\/product\/yoast-seo-wordpress\/ -->\n<title>\u00bfPor qu\u00e9 Netflix debe temer a Apple TV Plus? - Blog Comunicaci\u00f3n y Reputaci\u00f3n<\/title>\n<meta name=\"robots\" content=\"index, follow, max-snippet:-1, max-image-preview:large, max-video-preview:-1\" \/>\n<link rel=\"canonical\" href=\"https:\/\/proacomunicacion.es\/en\/why-netflix-should-fear-apple-tv-plus\/\" \/>\n<meta property=\"og:locale\" content=\"en_GB\" \/>\n<meta property=\"og:type\" content=\"article\" \/>\n<meta property=\"og:title\" content=\"\u00bfPor qu\u00e9 Netflix debe temer a Apple TV Plus? - Blog Comunicaci\u00f3n y Reputaci\u00f3n\" \/>\n<meta property=\"og:description\" content=\"Resulta, como m\u00ednimo, ir\u00f3nico que hace tan solo unas semanas di\u00e9semos por concluido el conflicto Steven Spielberg vs. Netflix y, tan solo unos d\u00edas despu\u00e9s, el director encabezase el genuino spot de la que representar\u00e1 su mayor competencia. Que el rostro en primer\u00edsimo primer plano de Spielberg inicie la nueva era de Apple TV plus [&hellip;]\" \/>\n<meta property=\"og:url\" content=\"https:\/\/proacomunicacion.es\/en\/why-netflix-should-fear-apple-tv-plus\/\" \/>\n<meta property=\"og:site_name\" content=\"PROA Comunicaci\u00f3n\" \/>\n<meta property=\"article:published_time\" content=\"2019-04-04T10:59:29+00:00\" \/>\n<meta property=\"og:image\" content=\"https:\/\/proacomunicacion.es\/wp-content\/uploads\/2025\/08\/Firefly_radio-de-barco-scaled.jpg\" \/>\n\t<meta property=\"og:image:width\" content=\"2560\" \/>\n\t<meta property=\"og:image:height\" content=\"1414\" \/>\n\t<meta property=\"og:image:type\" content=\"image\/jpeg\" \/>\n<meta name=\"author\" content=\"PROA Comunicaci\u00f3n\" \/>\n<meta name=\"twitter:card\" content=\"summary_large_image\" \/>\n<meta name=\"twitter:creator\" content=\"@proacomunica\" \/>\n<meta name=\"twitter:site\" content=\"@proacomunica\" \/>\n<meta name=\"twitter:label1\" content=\"Written by\" \/>\n\t<meta name=\"twitter:data1\" content=\"PROA Comunicaci\u00f3n\" \/>\n\t<meta name=\"twitter:label2\" content=\"Estimated reading time\" \/>\n\t<meta name=\"twitter:data2\" content=\"4 minutes\" \/>\n<script type=\"application\/ld+json\" class=\"yoast-schema-graph\">{\"@context\":\"https:\/\/schema.org\",\"@graph\":[{\"@type\":\"Article\",\"@id\":\"https:\/\/proacomunicacion.es\/por-que-netflix-debe-temer-a-apple-tv-plus\/#article\",\"isPartOf\":{\"@id\":\"https:\/\/proacomunicacion.es\/por-que-netflix-debe-temer-a-apple-tv-plus\/\"},\"author\":{\"name\":\"PROA Comunicaci\u00f3n\",\"@id\":\"https:\/\/proacomunicacion.es\/#\/schema\/person\/f80dc8938ea94e7f8aa1e8dc716d5a60\"},\"headline\":\"\u00bfPor qu\u00e9 Netflix debe temer a Apple TV Plus?\",\"datePublished\":\"2019-04-04T10:59:29+00:00\",\"mainEntityOfPage\":{\"@id\":\"https:\/\/proacomunicacion.es\/por-que-netflix-debe-temer-a-apple-tv-plus\/\"},\"wordCount\":780,\"publisher\":{\"@id\":\"https:\/\/proacomunicacion.es\/#organization\"},\"image\":{\"@id\":\"https:\/\/proacomunicacion.es\/por-que-netflix-debe-temer-a-apple-tv-plus\/#primaryimage\"},\"thumbnailUrl\":\"\",\"keywords\":[\"Apple TV Plus\",\"AT&amp;T\",\"Boston Consulting Group\",\"consultor\u00eda comunicaci\u00f3n digital\",\"consultor\u00eda comunicaci\u00f3n online\",\"consultor\u00eda estrat\u00e9gica comunicaci\u00f3n digital\",\"consultor\u00eda estrat\u00e9gica comunicaci\u00f3n online\",\"Disney\",\"estrategia digital\",\"gesti\u00f3n identidad digital\",\"Hulu\",\"Innovaci\u00f3n\",\"Netflix\",\"Steven Spielberg\",\"Tim Cook\",\"video on demand\",\"Warner\"],\"articleSection\":[\"Actualidad\"],\"inLanguage\":\"en-GB\"},{\"@type\":\"WebPage\",\"@id\":\"https:\/\/proacomunicacion.es\/por-que-netflix-debe-temer-a-apple-tv-plus\/\",\"url\":\"https:\/\/proacomunicacion.es\/por-que-netflix-debe-temer-a-apple-tv-plus\/\",\"name\":\"\u00bfPor qu\u00e9 Netflix debe temer a Apple TV Plus? - Blog Comunicaci\u00f3n y Reputaci\u00f3n\",\"isPartOf\":{\"@id\":\"https:\/\/proacomunicacion.es\/#website\"},\"primaryImageOfPage\":{\"@id\":\"https:\/\/proacomunicacion.es\/por-que-netflix-debe-temer-a-apple-tv-plus\/#primaryimage\"},\"image\":{\"@id\":\"https:\/\/proacomunicacion.es\/por-que-netflix-debe-temer-a-apple-tv-plus\/#primaryimage\"},\"thumbnailUrl\":\"\",\"datePublished\":\"2019-04-04T10:59:29+00:00\",\"breadcrumb\":{\"@id\":\"https:\/\/proacomunicacion.es\/por-que-netflix-debe-temer-a-apple-tv-plus\/#breadcrumb\"},\"inLanguage\":\"en-GB\",\"potentialAction\":[{\"@type\":\"ReadAction\",\"target\":[\"https:\/\/proacomunicacion.es\/por-que-netflix-debe-temer-a-apple-tv-plus\/\"]}]},{\"@type\":\"ImageObject\",\"inLanguage\":\"en-GB\",\"@id\":\"https:\/\/proacomunicacion.es\/por-que-netflix-debe-temer-a-apple-tv-plus\/#primaryimage\",\"url\":\"\",\"contentUrl\":\"\"},{\"@type\":\"BreadcrumbList\",\"@id\":\"https:\/\/proacomunicacion.es\/por-que-netflix-debe-temer-a-apple-tv-plus\/#breadcrumb\",\"itemListElement\":[{\"@type\":\"ListItem\",\"position\":1,\"name\":\"Portada\",\"item\":\"https:\/\/proacomunicacion.es\/\"},{\"@type\":\"ListItem\",\"position\":2,\"name\":\"\u00bfPor qu\u00e9 Netflix debe temer a Apple TV Plus?\"}]},{\"@type\":\"WebSite\",\"@id\":\"https:\/\/proacomunicacion.es\/#website\",\"url\":\"https:\/\/proacomunicacion.es\/\",\"name\":\"PROA Comunicaci\u00f3n\",\"description\":\"Agencia de Comunicaci\u00f3n Corporativa en Madrid, Barcelona y Galicia.\",\"publisher\":{\"@id\":\"https:\/\/proacomunicacion.es\/#organization\"},\"alternateName\":\"PROA Comunicaci\u00f3n\",\"potentialAction\":[{\"@type\":\"SearchAction\",\"target\":{\"@type\":\"EntryPoint\",\"urlTemplate\":\"https:\/\/proacomunicacion.es\/?s={search_term_string}\"},\"query-input\":{\"@type\":\"PropertyValueSpecification\",\"valueRequired\":true,\"valueName\":\"search_term_string\"}}],\"inLanguage\":\"en-GB\"},{\"@type\":\"Organization\",\"@id\":\"https:\/\/proacomunicacion.es\/#organization\",\"name\":\"PROA Comunicaci\u00f3n\",\"alternateName\":\"PROA Comunicaci\u00f3n\",\"url\":\"https:\/\/proacomunicacion.es\/\",\"logo\":{\"@type\":\"ImageObject\",\"inLanguage\":\"en-GB\",\"@id\":\"https:\/\/proacomunicacion.es\/#\/schema\/logo\/image\/\",\"url\":\"https:\/\/proacomunicacion.es\/wp-content\/uploads\/2024\/01\/Logo_Light.svg\",\"contentUrl\":\"https:\/\/proacomunicacion.es\/wp-content\/uploads\/2024\/01\/Logo_Light.svg\",\"width\":136,\"height\":33,\"caption\":\"PROA Comunicaci\u00f3n\"},\"image\":{\"@id\":\"https:\/\/proacomunicacion.es\/#\/schema\/logo\/image\/\"},\"sameAs\":[\"https:\/\/x.com\/proacomunica\",\"https:\/\/es.linkedin.com\/company\/proa-comunicacion_2\",\"https:\/\/www.instagram.com\/proacomunica\/\",\"https:\/\/www.youtube.com\/@proacomunicacion\",\"https:\/\/es.wikipedia.org\/wiki\/PROA_Comunicacin\"]},{\"@type\":\"Person\",\"@id\":\"https:\/\/proacomunicacion.es\/#\/schema\/person\/f80dc8938ea94e7f8aa1e8dc716d5a60\",\"name\":\"PROA Comunicaci\u00f3n\",\"image\":{\"@type\":\"ImageObject\",\"inLanguage\":\"en-GB\",\"@id\":\"https:\/\/proacomunicacion.es\/#\/schema\/person\/image\/\",\"url\":\"https:\/\/secure.gravatar.com\/avatar\/394c93c195ff19b00e79d66a42971657a01de9f2740b97148d0f14a1e1a359b7?s=96&r=g\",\"contentUrl\":\"https:\/\/secure.gravatar.com\/avatar\/394c93c195ff19b00e79d66a42971657a01de9f2740b97148d0f14a1e1a359b7?s=96&r=g\",\"caption\":\"PROA Comunicaci\u00f3n\"}}]}<\/script>\n<!-- \/ Yoast SEO plugin. -->","yoast_head_json":{"title":"Why should Netflix fear Apple TV Plus? - Blog Communication &amp; Reputation","robots":{"index":"index","follow":"follow","max-snippet":"max-snippet:-1","max-image-preview":"max-image-preview:large","max-video-preview":"max-video-preview:-1"},"canonical":"https:\/\/proacomunicacion.es\/en\/why-netflix-should-fear-apple-tv-plus\/","og_locale":"en_GB","og_type":"article","og_title":"\u00bfPor qu\u00e9 Netflix debe temer a Apple TV Plus? - Blog Comunicaci\u00f3n y Reputaci\u00f3n","og_description":"Resulta, como m\u00ednimo, ir\u00f3nico que hace tan solo unas semanas di\u00e9semos por concluido el conflicto Steven Spielberg vs. Netflix y, tan solo unos d\u00edas despu\u00e9s, el director encabezase el genuino spot de la que representar\u00e1 su mayor competencia. Que el rostro en primer\u00edsimo primer plano de Spielberg inicie la nueva era de Apple TV plus [&hellip;]","og_url":"https:\/\/proacomunicacion.es\/en\/why-netflix-should-fear-apple-tv-plus\/","og_site_name":"PROA Comunicaci\u00f3n","article_published_time":"2019-04-04T10:59:29+00:00","og_image":[{"width":2560,"height":1414,"url":"https:\/\/proacomunicacion.es\/wp-content\/uploads\/2025\/08\/Firefly_radio-de-barco-scaled.jpg","type":"image\/jpeg"}],"author":"PROA Comunicaci\u00f3n","twitter_card":"summary_large_image","twitter_creator":"@proacomunica","twitter_site":"@proacomunica","twitter_misc":{"Written by":"PROA Comunicaci\u00f3n","Estimated reading time":"4 minutes"},"schema":{"@context":"https:\/\/schema.org","@graph":[{"@type":"Article","@id":"https:\/\/proacomunicacion.es\/por-que-netflix-debe-temer-a-apple-tv-plus\/#article","isPartOf":{"@id":"https:\/\/proacomunicacion.es\/por-que-netflix-debe-temer-a-apple-tv-plus\/"},"author":{"name":"PROA Comunicaci\u00f3n","@id":"https:\/\/proacomunicacion.es\/#\/schema\/person\/f80dc8938ea94e7f8aa1e8dc716d5a60"},"headline":"\u00bfPor qu\u00e9 Netflix debe temer a Apple TV Plus?","datePublished":"2019-04-04T10:59:29+00:00","mainEntityOfPage":{"@id":"https:\/\/proacomunicacion.es\/por-que-netflix-debe-temer-a-apple-tv-plus\/"},"wordCount":780,"publisher":{"@id":"https:\/\/proacomunicacion.es\/#organization"},"image":{"@id":"https:\/\/proacomunicacion.es\/por-que-netflix-debe-temer-a-apple-tv-plus\/#primaryimage"},"thumbnailUrl":"","keywords":["Apple TV Plus","AT&amp;T","Boston Consulting Group","consultor\u00eda comunicaci\u00f3n digital","consultor\u00eda comunicaci\u00f3n online","consultor\u00eda estrat\u00e9gica comunicaci\u00f3n digital","consultor\u00eda estrat\u00e9gica comunicaci\u00f3n online","Disney","estrategia digital","gesti\u00f3n identidad digital","Hulu","Innovaci\u00f3n","Netflix","Steven Spielberg","Tim Cook","video on demand","Warner"],"articleSection":["Actualidad"],"inLanguage":"en-GB"},{"@type":"WebPage","@id":"https:\/\/proacomunicacion.es\/por-que-netflix-debe-temer-a-apple-tv-plus\/","url":"https:\/\/proacomunicacion.es\/por-que-netflix-debe-temer-a-apple-tv-plus\/","name":"Why should Netflix fear Apple TV Plus? - Blog Communication &amp; Reputation","isPartOf":{"@id":"https:\/\/proacomunicacion.es\/#website"},"primaryImageOfPage":{"@id":"https:\/\/proacomunicacion.es\/por-que-netflix-debe-temer-a-apple-tv-plus\/#primaryimage"},"image":{"@id":"https:\/\/proacomunicacion.es\/por-que-netflix-debe-temer-a-apple-tv-plus\/#primaryimage"},"thumbnailUrl":"","datePublished":"2019-04-04T10:59:29+00:00","breadcrumb":{"@id":"https:\/\/proacomunicacion.es\/por-que-netflix-debe-temer-a-apple-tv-plus\/#breadcrumb"},"inLanguage":"en-GB","potentialAction":[{"@type":"ReadAction","target":["https:\/\/proacomunicacion.es\/por-que-netflix-debe-temer-a-apple-tv-plus\/"]}]},{"@type":"ImageObject","inLanguage":"en-GB","@id":"https:\/\/proacomunicacion.es\/por-que-netflix-debe-temer-a-apple-tv-plus\/#primaryimage","url":"","contentUrl":""},{"@type":"BreadcrumbList","@id":"https:\/\/proacomunicacion.es\/por-que-netflix-debe-temer-a-apple-tv-plus\/#breadcrumb","itemListElement":[{"@type":"ListItem","position":1,"name":"Portada","item":"https:\/\/proacomunicacion.es\/"},{"@type":"ListItem","position":2,"name":"\u00bfPor qu\u00e9 Netflix debe temer a Apple TV Plus?"}]},{"@type":"WebSite","@id":"https:\/\/proacomunicacion.es\/#website","url":"https:\/\/proacomunicacion.es\/","name":"PROA Communication","description":"Corporate Communications Agency in Madrid, Barcelona and Galicia.","publisher":{"@id":"https:\/\/proacomunicacion.es\/#organization"},"alternateName":"PROA Comunicaci\u00f3n","potentialAction":[{"@type":"SearchAction","target":{"@type":"EntryPoint","urlTemplate":"https:\/\/proacomunicacion.es\/?s={search_term_string}"},"query-input":{"@type":"PropertyValueSpecification","valueRequired":true,"valueName":"search_term_string"}}],"inLanguage":"en-GB"},{"@type":"Organization","@id":"https:\/\/proacomunicacion.es\/#organization","name":"PROA Communication","alternateName":"PROA Comunicaci\u00f3n","url":"https:\/\/proacomunicacion.es\/","logo":{"@type":"ImageObject","inLanguage":"en-GB","@id":"https:\/\/proacomunicacion.es\/#\/schema\/logo\/image\/","url":"https:\/\/proacomunicacion.es\/wp-content\/uploads\/2024\/01\/Logo_Light.svg","contentUrl":"https:\/\/proacomunicacion.es\/wp-content\/uploads\/2024\/01\/Logo_Light.svg","width":136,"height":33,"caption":"PROA Comunicaci\u00f3n"},"image":{"@id":"https:\/\/proacomunicacion.es\/#\/schema\/logo\/image\/"},"sameAs":["https:\/\/x.com\/proacomunica","https:\/\/es.linkedin.com\/company\/proa-comunicacion_2","https:\/\/www.instagram.com\/proacomunica\/","https:\/\/www.youtube.com\/@proacomunicacion","https:\/\/es.wikipedia.org\/wiki\/PROA_Comunicacin"]},{"@type":"Person","@id":"https:\/\/proacomunicacion.es\/#\/schema\/person\/f80dc8938ea94e7f8aa1e8dc716d5a60","name":"PROA Communication","image":{"@type":"ImageObject","inLanguage":"en-GB","@id":"https:\/\/proacomunicacion.es\/#\/schema\/person\/image\/","url":"https:\/\/secure.gravatar.com\/avatar\/394c93c195ff19b00e79d66a42971657a01de9f2740b97148d0f14a1e1a359b7?s=96&r=g","contentUrl":"https:\/\/secure.gravatar.com\/avatar\/394c93c195ff19b00e79d66a42971657a01de9f2740b97148d0f14a1e1a359b7?s=96&r=g","caption":"PROA Comunicaci\u00f3n"}}]}},"_links":{"self":[{"href":"https:\/\/proacomunicacion.es\/en\/wp-json\/wp\/v2\/posts\/11519","targetHints":{"allow":["GET"]}}],"collection":[{"href":"https:\/\/proacomunicacion.es\/en\/wp-json\/wp\/v2\/posts"}],"about":[{"href":"https:\/\/proacomunicacion.es\/en\/wp-json\/wp\/v2\/types\/post"}],"author":[{"embeddable":true,"href":"https:\/\/proacomunicacion.es\/en\/wp-json\/wp\/v2\/users\/28"}],"replies":[{"embeddable":true,"href":"https:\/\/proacomunicacion.es\/en\/wp-json\/wp\/v2\/comments?post=11519"}],"version-history":[{"count":0,"href":"https:\/\/proacomunicacion.es\/en\/wp-json\/wp\/v2\/posts\/11519\/revisions"}],"wp:featuredmedia":[{"embeddable":true,"href":"https:\/\/proacomunicacion.es\/en\/wp-json\/"}],"wp:attachment":[{"href":"https:\/\/proacomunicacion.es\/en\/wp-json\/wp\/v2\/media?parent=11519"}],"wp:term":[{"taxonomy":"category","embeddable":true,"href":"https:\/\/proacomunicacion.es\/en\/wp-json\/wp\/v2\/categories?post=11519"},{"taxonomy":"post_tag","embeddable":true,"href":"https:\/\/proacomunicacion.es\/en\/wp-json\/wp\/v2\/tags?post=11519"}],"curies":[{"name":"wp","href":"https:\/\/api.w.org\/{rel}","templated":true}]}}