{"id":11699,"date":"2019-04-09T15:27:27","date_gmt":"2019-04-09T13:27:27","guid":{"rendered":"https:\/\/proacomunicacion.es\/?p=11699"},"modified":"2019-04-09T15:27:27","modified_gmt":"2019-04-09T13:27:27","slug":"unfakingnews-or-how-to-combat-disinformation","status":"publish","type":"post","link":"https:\/\/proacomunicacion.es\/en\/unfakingnews-o-como-combatir-la-desinformacion\/","title":{"rendered":"UnfakingNews or how to fight disinformation"},"content":{"rendered":"<p>Why is it currently more difficult to recognise <strong><em>The<\/em> <em>Truth<\/em><\/strong> If our knowledge of who we are is much greater than it has ever been? Does being more informed today mean being better informed?<\/p>\n<p>The problem of disinformation has now been positioned as something that seems impossible to comprehend through the current mechanisms of reproduction. As if a kind of collective empathy is developing around the disillusionment of being informed, as if the individual feeling of being more and better informed than ever before entails the collective recognition that more education and a life with more choice paradoxically implies a better understanding of our limitations as a civilisation, a culture and a society.<\/p>\n<p><strong><em>UnfakingNews<\/em><\/strong> is presented with the predisposition to explain, explore and contextualise this new phenomenon in which, together with the semantic umbrella that has been built up over the last few years around the concept of <em>fake news,<\/em> others appear such as <strong>disinformation, post-truth, alternative facts, echo chambers, information bubbles, <em>clickbait\u00a0<\/em>or content farms<\/strong>.<\/p>\n<p>In order to understand how we have arrived at the current context, the relationship between the media and technology companies is analysed in a <em>techno-local village<\/em> in which large corporations have become agents of power at the local level and mirrors of reality at the global level. As a consequence of this artificial symbiosis, we reflect on the relationship between voters and consumers of information, the role of targeted advertising and big data, as well as the consequences that this has had on the media. <em>Marketing Big Brother<\/em> has for the development and improvement of the democratic quality of our societies.<\/p>\n<p>It is impossible not to try to sketch this scenario from the two major political actors that create, distribute and collide around the information wars of the 21st century, the US and Russia. However, beyond the political component, disinformation has a clear economic objective. With this in mind, the aim is to put a face on the so-called content farms and describe the consequences of both their existence and their success for our information ecosystem.<\/p>\n<hr \/>\n<p><a class=\"lightbox-added alignleft\" href=\"https:\/\/proacomunicacion.es\/wp-content\/uploads\/2019\/04\/raul-magallon.png\"><img decoding=\"async\" class=\"alignnone wp-image-11704 size-thumbnail\" src=\"https:\/\/proacomunicacion.es\/wp-content\/uploads\/2019\/04\/raul-magallon-80x80.png\" alt=\"\" width=\"80\" height=\"80\" \/><\/a><br \/>\n<strong>Ra\u00fal Magall\u00f3n<\/strong><br \/>\nProfessor of Journalism and Audiovisual Communication at the Carlos III University of Madrid.<\/p>","protected":false},"excerpt":{"rendered":"<p>\u00bfPor qu\u00e9 en este momento resulta m\u00e1s complicado reconocer La Verdad si nuestro conocimiento sobre lo que somos es mucho mayor de lo que hab\u00eda sido nunca? \u00bfEstar m\u00e1s informado significa hoy estar mejor informado? El problema de la desinformaci\u00f3n se ha situado en la actualidad como algo que parece imposible de comprender a trav\u00e9s [&hellip;]<\/p>\n","protected":false},"author":28,"featured_media":11702,"comment_status":"closed","ping_status":"closed","sticky":false,"template":"","format":"standard","meta":{"footnotes":""},"categories":[1],"tags":[36,65,900,26,68,69,70,71,72,73,74,901,171,902],"class_list":["post-11699","post","type-post","status-publish","format-standard","has-post-thumbnail","hentry","category-actualidad-proa","tag-agencias-de-comunicacion","tag-agencias-de-comunicacion-corporativa","tag-clickbait","tag-comunicacion-corporativa","tag-consultora-de-comunicacion-corporativa","tag-consultores-de-comunicacion","tag-consultores-de-comunicacion-corporativa","tag-consultoria-de-comunicacion","tag-consultoria-de-comunicacion-corporativa","tag-consultoria-estrategica","tag-consultoria-estrategica-de-comunicacion","tag-desinformacion","tag-fake-news","tag-unfakingnews"],"yoast_head":"<!-- This site is optimized with the Yoast SEO plugin v27.0 - https:\/\/yoast.com\/product\/yoast-seo-wordpress\/ -->\n<title>UnfakingNews o c\u00f3mo combatir la desinformaci\u00f3n - Blog Comunicaci\u00f3n y Reputaci\u00f3n<\/title>\n<meta name=\"description\" content=\"Libro de Ra\u00fal Magall\u00f3n sobre c\u00f3mo combatir la desinformaci\u00f3n o las llamadas fake news.\" \/>\n<meta name=\"robots\" content=\"index, follow, max-snippet:-1, max-image-preview:large, max-video-preview:-1\" \/>\n<link rel=\"canonical\" href=\"https:\/\/proacomunicacion.es\/en\/unfakingnews-or-how-to-combat-disinformation\/\" \/>\n<meta property=\"og:locale\" content=\"en_GB\" \/>\n<meta property=\"og:type\" content=\"article\" \/>\n<meta property=\"og:title\" content=\"UnfakingNews o c\u00f3mo combatir la desinformaci\u00f3n - Blog Comunicaci\u00f3n y Reputaci\u00f3n\" \/>\n<meta property=\"og:description\" content=\"Libro de Ra\u00fal Magall\u00f3n sobre c\u00f3mo combatir la desinformaci\u00f3n o las llamadas fake news.\" \/>\n<meta property=\"og:url\" content=\"https:\/\/proacomunicacion.es\/en\/unfakingnews-or-how-to-combat-disinformation\/\" \/>\n<meta property=\"og:site_name\" content=\"PROA Comunicaci\u00f3n\" \/>\n<meta property=\"article:published_time\" content=\"2019-04-09T13:27:27+00:00\" \/>\n<meta property=\"og:image\" content=\"https:\/\/proacomunicacion.es\/wp-content\/uploads\/2025\/08\/Firefly_radio-de-barco-scaled.jpg\" \/>\n\t<meta property=\"og:image:width\" content=\"2560\" \/>\n\t<meta property=\"og:image:height\" content=\"1414\" \/>\n\t<meta property=\"og:image:type\" content=\"image\/jpeg\" \/>\n<meta name=\"author\" content=\"PROA Comunicaci\u00f3n\" \/>\n<meta name=\"twitter:card\" content=\"summary_large_image\" \/>\n<meta name=\"twitter:creator\" content=\"@proacomunica\" \/>\n<meta name=\"twitter:site\" content=\"@proacomunica\" \/>\n<meta name=\"twitter:label1\" content=\"Written by\" \/>\n\t<meta name=\"twitter:data1\" content=\"PROA Comunicaci\u00f3n\" \/>\n\t<meta name=\"twitter:label2\" content=\"Estimated reading time\" \/>\n\t<meta name=\"twitter:data2\" content=\"2 minutes\" \/>\n<script type=\"application\/ld+json\" class=\"yoast-schema-graph\">{\"@context\":\"https:\/\/schema.org\",\"@graph\":[{\"@type\":\"Article\",\"@id\":\"https:\/\/proacomunicacion.es\/unfakingnews-o-como-combatir-la-desinformacion\/#article\",\"isPartOf\":{\"@id\":\"https:\/\/proacomunicacion.es\/unfakingnews-o-como-combatir-la-desinformacion\/\"},\"author\":{\"name\":\"PROA Comunicaci\u00f3n\",\"@id\":\"https:\/\/proacomunicacion.es\/#\/schema\/person\/f80dc8938ea94e7f8aa1e8dc716d5a60\"},\"headline\":\"UnfakingNews o c\u00f3mo combatir la desinformaci\u00f3n\",\"datePublished\":\"2019-04-09T13:27:27+00:00\",\"mainEntityOfPage\":{\"@id\":\"https:\/\/proacomunicacion.es\/unfakingnews-o-como-combatir-la-desinformacion\/\"},\"wordCount\":413,\"publisher\":{\"@id\":\"https:\/\/proacomunicacion.es\/#organization\"},\"image\":{\"@id\":\"https:\/\/proacomunicacion.es\/unfakingnews-o-como-combatir-la-desinformacion\/#primaryimage\"},\"thumbnailUrl\":\"\",\"keywords\":[\"agencias de comunicaci\u00f3n\",\"agencias de comunicaci\u00f3n corporativa\",\"clickbait\",\"Comunicaci\u00f3n corporativa\",\"consultora de comunicaci\u00f3n corporativa\",\"consultores de comunicaci\u00f3n\",\"consultores de comunicaci\u00f3n corporativa\",\"consultor\u00eda de comunicaci\u00f3n\",\"consultor\u00eda de comunicaci\u00f3n corporativa\",\"consultor\u00eda estrat\u00e9gica\",\"consultor\u00eda estrat\u00e9gica de comunicaci\u00f3n\",\"desinformaci\u00f3n\",\"fake news\",\"unfakingnews\"],\"articleSection\":[\"Actualidad\"],\"inLanguage\":\"en-GB\"},{\"@type\":\"WebPage\",\"@id\":\"https:\/\/proacomunicacion.es\/unfakingnews-o-como-combatir-la-desinformacion\/\",\"url\":\"https:\/\/proacomunicacion.es\/unfakingnews-o-como-combatir-la-desinformacion\/\",\"name\":\"UnfakingNews o c\u00f3mo combatir la desinformaci\u00f3n - Blog Comunicaci\u00f3n y Reputaci\u00f3n\",\"isPartOf\":{\"@id\":\"https:\/\/proacomunicacion.es\/#website\"},\"primaryImageOfPage\":{\"@id\":\"https:\/\/proacomunicacion.es\/unfakingnews-o-como-combatir-la-desinformacion\/#primaryimage\"},\"image\":{\"@id\":\"https:\/\/proacomunicacion.es\/unfakingnews-o-como-combatir-la-desinformacion\/#primaryimage\"},\"thumbnailUrl\":\"\",\"datePublished\":\"2019-04-09T13:27:27+00:00\",\"description\":\"Libro de Ra\u00fal Magall\u00f3n sobre c\u00f3mo combatir la desinformaci\u00f3n o las llamadas fake news.\",\"breadcrumb\":{\"@id\":\"https:\/\/proacomunicacion.es\/unfakingnews-o-como-combatir-la-desinformacion\/#breadcrumb\"},\"inLanguage\":\"en-GB\",\"potentialAction\":[{\"@type\":\"ReadAction\",\"target\":[\"https:\/\/proacomunicacion.es\/unfakingnews-o-como-combatir-la-desinformacion\/\"]}]},{\"@type\":\"ImageObject\",\"inLanguage\":\"en-GB\",\"@id\":\"https:\/\/proacomunicacion.es\/unfakingnews-o-como-combatir-la-desinformacion\/#primaryimage\",\"url\":\"\",\"contentUrl\":\"\"},{\"@type\":\"BreadcrumbList\",\"@id\":\"https:\/\/proacomunicacion.es\/unfakingnews-o-como-combatir-la-desinformacion\/#breadcrumb\",\"itemListElement\":[{\"@type\":\"ListItem\",\"position\":1,\"name\":\"Portada\",\"item\":\"https:\/\/proacomunicacion.es\/\"},{\"@type\":\"ListItem\",\"position\":2,\"name\":\"UnfakingNews o c\u00f3mo combatir la desinformaci\u00f3n\"}]},{\"@type\":\"WebSite\",\"@id\":\"https:\/\/proacomunicacion.es\/#website\",\"url\":\"https:\/\/proacomunicacion.es\/\",\"name\":\"PROA Comunicaci\u00f3n\",\"description\":\"Agencia de Comunicaci\u00f3n Corporativa en Madrid, Barcelona y Galicia.\",\"publisher\":{\"@id\":\"https:\/\/proacomunicacion.es\/#organization\"},\"alternateName\":\"PROA Comunicaci\u00f3n\",\"potentialAction\":[{\"@type\":\"SearchAction\",\"target\":{\"@type\":\"EntryPoint\",\"urlTemplate\":\"https:\/\/proacomunicacion.es\/?s={search_term_string}\"},\"query-input\":{\"@type\":\"PropertyValueSpecification\",\"valueRequired\":true,\"valueName\":\"search_term_string\"}}],\"inLanguage\":\"en-GB\"},{\"@type\":\"Organization\",\"@id\":\"https:\/\/proacomunicacion.es\/#organization\",\"name\":\"PROA Comunicaci\u00f3n\",\"alternateName\":\"PROA Comunicaci\u00f3n\",\"url\":\"https:\/\/proacomunicacion.es\/\",\"logo\":{\"@type\":\"ImageObject\",\"inLanguage\":\"en-GB\",\"@id\":\"https:\/\/proacomunicacion.es\/#\/schema\/logo\/image\/\",\"url\":\"https:\/\/proacomunicacion.es\/wp-content\/uploads\/2024\/01\/Logo_Light.svg\",\"contentUrl\":\"https:\/\/proacomunicacion.es\/wp-content\/uploads\/2024\/01\/Logo_Light.svg\",\"width\":136,\"height\":33,\"caption\":\"PROA Comunicaci\u00f3n\"},\"image\":{\"@id\":\"https:\/\/proacomunicacion.es\/#\/schema\/logo\/image\/\"},\"sameAs\":[\"https:\/\/x.com\/proacomunica\",\"https:\/\/es.linkedin.com\/company\/proa-comunicacion_2\",\"https:\/\/www.instagram.com\/proacomunica\/\",\"https:\/\/www.youtube.com\/@proacomunicacion\",\"https:\/\/es.wikipedia.org\/wiki\/PROA_Comunicacin\"]},{\"@type\":\"Person\",\"@id\":\"https:\/\/proacomunicacion.es\/#\/schema\/person\/f80dc8938ea94e7f8aa1e8dc716d5a60\",\"name\":\"PROA Comunicaci\u00f3n\",\"image\":{\"@type\":\"ImageObject\",\"inLanguage\":\"en-GB\",\"@id\":\"https:\/\/proacomunicacion.es\/#\/schema\/person\/image\/\",\"url\":\"https:\/\/secure.gravatar.com\/avatar\/394c93c195ff19b00e79d66a42971657a01de9f2740b97148d0f14a1e1a359b7?s=96&r=g\",\"contentUrl\":\"https:\/\/secure.gravatar.com\/avatar\/394c93c195ff19b00e79d66a42971657a01de9f2740b97148d0f14a1e1a359b7?s=96&r=g\",\"caption\":\"PROA Comunicaci\u00f3n\"}}]}<\/script>\n<!-- \/ Yoast SEO plugin. -->","yoast_head_json":{"title":"UnfakingNews or how to combat disinformation - Blog Comunicaci\u00f3n y Reputaci\u00f3n","description":"Book by Ra\u00fal Magall\u00f3n on how to combat disinformation or so-called fake news.","robots":{"index":"index","follow":"follow","max-snippet":"max-snippet:-1","max-image-preview":"max-image-preview:large","max-video-preview":"max-video-preview:-1"},"canonical":"https:\/\/proacomunicacion.es\/en\/unfakingnews-or-how-to-combat-disinformation\/","og_locale":"en_GB","og_type":"article","og_title":"UnfakingNews o c\u00f3mo combatir la desinformaci\u00f3n - Blog Comunicaci\u00f3n y Reputaci\u00f3n","og_description":"Libro de Ra\u00fal Magall\u00f3n sobre c\u00f3mo combatir la desinformaci\u00f3n o las llamadas fake news.","og_url":"https:\/\/proacomunicacion.es\/en\/unfakingnews-or-how-to-combat-disinformation\/","og_site_name":"PROA Comunicaci\u00f3n","article_published_time":"2019-04-09T13:27:27+00:00","og_image":[{"width":2560,"height":1414,"url":"https:\/\/proacomunicacion.es\/wp-content\/uploads\/2025\/08\/Firefly_radio-de-barco-scaled.jpg","type":"image\/jpeg"}],"author":"PROA Comunicaci\u00f3n","twitter_card":"summary_large_image","twitter_creator":"@proacomunica","twitter_site":"@proacomunica","twitter_misc":{"Written by":"PROA Comunicaci\u00f3n","Estimated reading time":"2 minutes"},"schema":{"@context":"https:\/\/schema.org","@graph":[{"@type":"Article","@id":"https:\/\/proacomunicacion.es\/unfakingnews-o-como-combatir-la-desinformacion\/#article","isPartOf":{"@id":"https:\/\/proacomunicacion.es\/unfakingnews-o-como-combatir-la-desinformacion\/"},"author":{"name":"PROA Comunicaci\u00f3n","@id":"https:\/\/proacomunicacion.es\/#\/schema\/person\/f80dc8938ea94e7f8aa1e8dc716d5a60"},"headline":"UnfakingNews o c\u00f3mo combatir la desinformaci\u00f3n","datePublished":"2019-04-09T13:27:27+00:00","mainEntityOfPage":{"@id":"https:\/\/proacomunicacion.es\/unfakingnews-o-como-combatir-la-desinformacion\/"},"wordCount":413,"publisher":{"@id":"https:\/\/proacomunicacion.es\/#organization"},"image":{"@id":"https:\/\/proacomunicacion.es\/unfakingnews-o-como-combatir-la-desinformacion\/#primaryimage"},"thumbnailUrl":"","keywords":["agencias de comunicaci\u00f3n","agencias de comunicaci\u00f3n corporativa","clickbait","Comunicaci\u00f3n corporativa","consultora de comunicaci\u00f3n corporativa","consultores de comunicaci\u00f3n","consultores de comunicaci\u00f3n corporativa","consultor\u00eda de comunicaci\u00f3n","consultor\u00eda de comunicaci\u00f3n corporativa","consultor\u00eda estrat\u00e9gica","consultor\u00eda estrat\u00e9gica de comunicaci\u00f3n","desinformaci\u00f3n","fake news","unfakingnews"],"articleSection":["Actualidad"],"inLanguage":"en-GB"},{"@type":"WebPage","@id":"https:\/\/proacomunicacion.es\/unfakingnews-o-como-combatir-la-desinformacion\/","url":"https:\/\/proacomunicacion.es\/unfakingnews-o-como-combatir-la-desinformacion\/","name":"UnfakingNews or how to combat disinformation - Blog Comunicaci\u00f3n y Reputaci\u00f3n","isPartOf":{"@id":"https:\/\/proacomunicacion.es\/#website"},"primaryImageOfPage":{"@id":"https:\/\/proacomunicacion.es\/unfakingnews-o-como-combatir-la-desinformacion\/#primaryimage"},"image":{"@id":"https:\/\/proacomunicacion.es\/unfakingnews-o-como-combatir-la-desinformacion\/#primaryimage"},"thumbnailUrl":"","datePublished":"2019-04-09T13:27:27+00:00","description":"Book by Ra\u00fal Magall\u00f3n on how to combat disinformation or so-called fake news.","breadcrumb":{"@id":"https:\/\/proacomunicacion.es\/unfakingnews-o-como-combatir-la-desinformacion\/#breadcrumb"},"inLanguage":"en-GB","potentialAction":[{"@type":"ReadAction","target":["https:\/\/proacomunicacion.es\/unfakingnews-o-como-combatir-la-desinformacion\/"]}]},{"@type":"ImageObject","inLanguage":"en-GB","@id":"https:\/\/proacomunicacion.es\/unfakingnews-o-como-combatir-la-desinformacion\/#primaryimage","url":"","contentUrl":""},{"@type":"BreadcrumbList","@id":"https:\/\/proacomunicacion.es\/unfakingnews-o-como-combatir-la-desinformacion\/#breadcrumb","itemListElement":[{"@type":"ListItem","position":1,"name":"Portada","item":"https:\/\/proacomunicacion.es\/"},{"@type":"ListItem","position":2,"name":"UnfakingNews o c\u00f3mo combatir la desinformaci\u00f3n"}]},{"@type":"WebSite","@id":"https:\/\/proacomunicacion.es\/#website","url":"https:\/\/proacomunicacion.es\/","name":"PROA Communication","description":"Corporate Communications Agency in Madrid, Barcelona and Galicia.","publisher":{"@id":"https:\/\/proacomunicacion.es\/#organization"},"alternateName":"PROA Comunicaci\u00f3n","potentialAction":[{"@type":"SearchAction","target":{"@type":"EntryPoint","urlTemplate":"https:\/\/proacomunicacion.es\/?s={search_term_string}"},"query-input":{"@type":"PropertyValueSpecification","valueRequired":true,"valueName":"search_term_string"}}],"inLanguage":"en-GB"},{"@type":"Organization","@id":"https:\/\/proacomunicacion.es\/#organization","name":"PROA Communication","alternateName":"PROA Comunicaci\u00f3n","url":"https:\/\/proacomunicacion.es\/","logo":{"@type":"ImageObject","inLanguage":"en-GB","@id":"https:\/\/proacomunicacion.es\/#\/schema\/logo\/image\/","url":"https:\/\/proacomunicacion.es\/wp-content\/uploads\/2024\/01\/Logo_Light.svg","contentUrl":"https:\/\/proacomunicacion.es\/wp-content\/uploads\/2024\/01\/Logo_Light.svg","width":136,"height":33,"caption":"PROA Comunicaci\u00f3n"},"image":{"@id":"https:\/\/proacomunicacion.es\/#\/schema\/logo\/image\/"},"sameAs":["https:\/\/x.com\/proacomunica","https:\/\/es.linkedin.com\/company\/proa-comunicacion_2","https:\/\/www.instagram.com\/proacomunica\/","https:\/\/www.youtube.com\/@proacomunicacion","https:\/\/es.wikipedia.org\/wiki\/PROA_Comunicacin"]},{"@type":"Person","@id":"https:\/\/proacomunicacion.es\/#\/schema\/person\/f80dc8938ea94e7f8aa1e8dc716d5a60","name":"PROA Communication","image":{"@type":"ImageObject","inLanguage":"en-GB","@id":"https:\/\/proacomunicacion.es\/#\/schema\/person\/image\/","url":"https:\/\/secure.gravatar.com\/avatar\/394c93c195ff19b00e79d66a42971657a01de9f2740b97148d0f14a1e1a359b7?s=96&r=g","contentUrl":"https:\/\/secure.gravatar.com\/avatar\/394c93c195ff19b00e79d66a42971657a01de9f2740b97148d0f14a1e1a359b7?s=96&r=g","caption":"PROA Comunicaci\u00f3n"}}]}},"_links":{"self":[{"href":"https:\/\/proacomunicacion.es\/en\/wp-json\/wp\/v2\/posts\/11699","targetHints":{"allow":["GET"]}}],"collection":[{"href":"https:\/\/proacomunicacion.es\/en\/wp-json\/wp\/v2\/posts"}],"about":[{"href":"https:\/\/proacomunicacion.es\/en\/wp-json\/wp\/v2\/types\/post"}],"author":[{"embeddable":true,"href":"https:\/\/proacomunicacion.es\/en\/wp-json\/wp\/v2\/users\/28"}],"replies":[{"embeddable":true,"href":"https:\/\/proacomunicacion.es\/en\/wp-json\/wp\/v2\/comments?post=11699"}],"version-history":[{"count":0,"href":"https:\/\/proacomunicacion.es\/en\/wp-json\/wp\/v2\/posts\/11699\/revisions"}],"wp:featuredmedia":[{"embeddable":true,"href":"https:\/\/proacomunicacion.es\/en\/wp-json\/"}],"wp:attachment":[{"href":"https:\/\/proacomunicacion.es\/en\/wp-json\/wp\/v2\/media?parent=11699"}],"wp:term":[{"taxonomy":"category","embeddable":true,"href":"https:\/\/proacomunicacion.es\/en\/wp-json\/wp\/v2\/categories?post=11699"},{"taxonomy":"post_tag","embeddable":true,"href":"https:\/\/proacomunicacion.es\/en\/wp-json\/wp\/v2\/tags?post=11699"}],"curies":[{"name":"wp","href":"https:\/\/api.w.org\/{rel}","templated":true}]}}