{"id":11994,"date":"2019-05-08T10:15:33","date_gmt":"2019-05-08T08:15:33","guid":{"rendered":"https:\/\/proacomunicacion.es\/?p=11994"},"modified":"2019-05-08T10:15:33","modified_gmt":"2019-05-08T08:15:33","slug":"spanish-media-still-not-transparent","status":"publish","type":"post","link":"https:\/\/proacomunicacion.es\/en\/los-medios-espanoles-siguen-sin-ser-transparentes\/","title":{"rendered":"Spanish media are still not transparent"},"content":{"rendered":"Spanish media groups are still not aware of the risks to their credibility and editorial independence. This is the main conclusion of the <a href=\"https:\/\/www.compromisoytransparencia.com\/informes\/primera-plana-informe-de-transparencia-y-buen-gobierno-para-garantizar-la-independencia-y-credibilidad-editorial-2018\">Report \"Primera Plana: Transparency and good governance report on the credibility and independence of media groups\".<\/a>The <a href=\"https:\/\/www.compromisoytransparencia.com\/\">Commitment and Transparency Foundation<\/a>. According to this study, none of the twenty media analysed complies with the minimum rules for transparency.\n\nThe report divides the media groups into listed and unlisted and, from there, establishes a comparison between them according to a series of indicators and basic parameters such as ownership, governance, financing, generation and dissemination of content and regulatory compliance. Although the former show a greater degree of transparency on their respective websites (the subject of the study), the difference with those that are not listed does not translate into greater efficiency when it comes to <strong>manage the risks that may damage its credibility and independence<\/strong>. Nor should it be forgotten that listed media companies are subject and obliged to exhaustive control and a continuous demand to provide value to their shareholders. However, as the study concludes, this requirement does not guarantee the promotion of policies to protect quality and editorial independence.\n\nOn the other hand, the fact that unlisted companies do not have to legally publish certain information cannot be used to justify the great opacity they show in all aspects of their practices to guarantee their editorial independence and credibility.\n\nIt is paradoxical that one of the sectors with the greatest influence on society's values should be so opaque. What is even more serious, as the report points out, is that we are at a very difficult time in which <strong>the credibility of the institutions<\/strong>including information companies, <strong>is being besieged by the growth of a phenomenon that is<\/strong>The fake news, which, although not new, is spreading at great speed through digital platforms.\n\nThe report by the Fundaci\u00f3n Compromiso y Transparencia includes a set of recommendations to help media companies to adopt and make public a series of practices and policies aimed at strengthening their credibility in all aspects of their activity and structure. Among these, the most important are those linked to the publication of information about the owners of the media, as well as the links of their owners (political, economic or family, among others) that may influence their independence. Another good practice is the need for sustainability and corporate social responsibility reports to include a specific chapter identifying, analysing and explaining the measures adopted to manage risks that may affect credibility and independence.\n\n\"All media should develop or adopt a code of ethics or editorial charter and make it publicly available to all stakeholders such as readers, organised civil society, investors and shareholders\", as included in the recommendations section of the report.\n\nFinally, there is a section that has uncovered the box of thunder. It is the increase in the so-called <em>branded content<\/em> or sponsored content in the media. While it is recognised as a very interesting opportunity to generate revenue, it poses significant risks that can affect the credibility of the media. It is therefore imperative for the media to be transparent in the labelling of the <em>branded content<\/em> clarifying to readers the conditions and characteristics of this type of collaboration, especially whether these advertising pieces have been produced by the company or by the media, among other relevant issues.\n\nThe presentation of this report, which took place at the Rafael del Pino Foundation, was given by its authors. <strong>Javier Mart\u00edn Cavanna<\/strong>founder and director of the Fundaci\u00f3n Compromiso y Transparencia, and <strong>Elena Herrero-Beaumont<\/strong>Vinces managing partner.\n\n<strong>A decade of analysis<\/strong>\n\nFor ten years, the Fundaci\u00f3n Compromiso y Transparencia has been analysing public and private institutions that play an important role in the development of society and the defence of democratic values through its reports and studies. In total, around 500 institutions are examined each year, studying the relevant information that they make public on their corporate websites on issues related to the management of their risks and commitments to their environment.\n\n\n\n<hr \/>\n\n<a class=\"lightbox-added alignleft\" href=\"https:\/\/proacomunicacion.es\/wp-content\/uploads\/2018\/12\/fotobyuste.png\"><img decoding=\"async\" class=\"alignnone wp-image-10124\" src=\"https:\/\/proacomunicacion.es\/wp-content\/uploads\/2018\/12\/fotobyuste-300x257.png\" alt=\"\" width=\"85\" height=\"73\" \/><\/a>\n<strong>Barbara Yuste<\/strong>\nDirector of Digital Communication at Proa Comunicaci\u00f3n<!-- \/wp:post-content -->","protected":false},"excerpt":{"rendered":"<p>Los grupos de comunicaci\u00f3n espa\u00f1oles siguen sin concienciarse de los riesgos que afectan hoy a su credibilidad e independencia editorial. Esta es la principal conclusi\u00f3n del Informe \u201cPrimera Plana: Informe de transparencia y buen gobierno sobre la credibilidad e independencia de los grupos de comunicaci\u00f3n\u201d, elaborado por la Fundaci\u00f3n Compromiso y Transparencia. Y es que, [&hellip;]<\/p>\n","protected":false},"author":28,"featured_media":11997,"comment_status":"closed","ping_status":"closed","sticky":false,"template":"","format":"standard","meta":{"footnotes":""},"categories":[1],"tags":[26,17,18,75,21,22,995,16,114],"class_list":["post-11994","post","type-post","status-publish","format-standard","has-post-thumbnail","hentry","category-actualidad-proa","tag-comunicacion-corporativa","tag-comunicacion-rsc","tag-comunicacion-rse","tag-credibilidad","tag-estrategia-comunicacion-rsc","tag-estrategia-comunicacion-rse","tag-independencia-editorial","tag-medios-comunicacion","tag-transparencia-informativa"],"yoast_head":"<!-- This site is optimized with the Yoast SEO plugin v27.0 - https:\/\/yoast.com\/product\/yoast-seo-wordpress\/ -->\n<title>Los medios espa\u00f1oles siguen sin ser transparentes - Blog Comunicaci\u00f3n y Reputaci\u00f3n<\/title>\n<meta name=\"description\" content=\"Los medios espa\u00f1oles siguen sin ser transparentes en sus pr\u00e1cticas, seg\u00fan un informe de la Fundaci\u00f3n Compromiso y Transparencia.\" \/>\n<meta name=\"robots\" content=\"index, follow, max-snippet:-1, max-image-preview:large, max-video-preview:-1\" \/>\n<link rel=\"canonical\" href=\"https:\/\/proacomunicacion.es\/en\/spanish-media-still-not-transparent\/\" \/>\n<meta property=\"og:locale\" content=\"en_GB\" \/>\n<meta property=\"og:type\" content=\"article\" \/>\n<meta property=\"og:title\" content=\"Los medios espa\u00f1oles siguen sin ser transparentes - Blog Comunicaci\u00f3n y Reputaci\u00f3n\" \/>\n<meta property=\"og:description\" content=\"Los medios espa\u00f1oles siguen sin ser transparentes en sus pr\u00e1cticas, seg\u00fan un informe de la Fundaci\u00f3n Compromiso y Transparencia.\" \/>\n<meta property=\"og:url\" content=\"https:\/\/proacomunicacion.es\/en\/spanish-media-still-not-transparent\/\" \/>\n<meta property=\"og:site_name\" content=\"PROA Comunicaci\u00f3n\" \/>\n<meta property=\"article:published_time\" content=\"2019-05-08T08:15:33+00:00\" \/>\n<meta property=\"og:image\" content=\"https:\/\/proacomunicacion.es\/wp-content\/uploads\/2025\/08\/Firefly_radio-de-barco-scaled.jpg\" \/>\n\t<meta property=\"og:image:width\" content=\"2560\" \/>\n\t<meta property=\"og:image:height\" content=\"1414\" \/>\n\t<meta property=\"og:image:type\" content=\"image\/jpeg\" \/>\n<meta name=\"author\" content=\"PROA Comunicaci\u00f3n\" \/>\n<meta name=\"twitter:card\" content=\"summary_large_image\" \/>\n<meta name=\"twitter:creator\" content=\"@proacomunica\" \/>\n<meta name=\"twitter:site\" content=\"@proacomunica\" \/>\n<meta name=\"twitter:label1\" content=\"Written by\" \/>\n\t<meta name=\"twitter:data1\" content=\"PROA Comunicaci\u00f3n\" \/>\n\t<meta name=\"twitter:label2\" content=\"Estimated reading time\" \/>\n\t<meta name=\"twitter:data2\" content=\"4 minutes\" \/>\n<script type=\"application\/ld+json\" class=\"yoast-schema-graph\">{\"@context\":\"https:\/\/schema.org\",\"@graph\":[{\"@type\":\"Article\",\"@id\":\"https:\/\/proacomunicacion.es\/los-medios-espanoles-siguen-sin-ser-transparentes\/#article\",\"isPartOf\":{\"@id\":\"https:\/\/proacomunicacion.es\/los-medios-espanoles-siguen-sin-ser-transparentes\/\"},\"author\":{\"name\":\"PROA Comunicaci\u00f3n\",\"@id\":\"https:\/\/proacomunicacion.es\/#\/schema\/person\/f80dc8938ea94e7f8aa1e8dc716d5a60\"},\"headline\":\"Los medios espa\u00f1oles siguen sin ser transparentes\",\"datePublished\":\"2019-05-08T08:15:33+00:00\",\"mainEntityOfPage\":{\"@id\":\"https:\/\/proacomunicacion.es\/los-medios-espanoles-siguen-sin-ser-transparentes\/\"},\"wordCount\":828,\"publisher\":{\"@id\":\"https:\/\/proacomunicacion.es\/#organization\"},\"image\":{\"@id\":\"https:\/\/proacomunicacion.es\/los-medios-espanoles-siguen-sin-ser-transparentes\/#primaryimage\"},\"thumbnailUrl\":\"\",\"keywords\":[\"Comunicaci\u00f3n corporativa\",\"Comunicaci\u00f3n RSC\",\"Comunicaci\u00f3n RSE\",\"credibilidad\",\"estrategia comunicaci\u00f3n RSC\",\"estrategia comunicaci\u00f3n RSE\",\"independencia editorial\",\"medios comunicaci\u00f3n\",\"transparencia informativa\"],\"articleSection\":[\"Actualidad\"],\"inLanguage\":\"en-GB\"},{\"@type\":\"WebPage\",\"@id\":\"https:\/\/proacomunicacion.es\/los-medios-espanoles-siguen-sin-ser-transparentes\/\",\"url\":\"https:\/\/proacomunicacion.es\/los-medios-espanoles-siguen-sin-ser-transparentes\/\",\"name\":\"Los medios espa\u00f1oles siguen sin ser transparentes - Blog Comunicaci\u00f3n y Reputaci\u00f3n\",\"isPartOf\":{\"@id\":\"https:\/\/proacomunicacion.es\/#website\"},\"primaryImageOfPage\":{\"@id\":\"https:\/\/proacomunicacion.es\/los-medios-espanoles-siguen-sin-ser-transparentes\/#primaryimage\"},\"image\":{\"@id\":\"https:\/\/proacomunicacion.es\/los-medios-espanoles-siguen-sin-ser-transparentes\/#primaryimage\"},\"thumbnailUrl\":\"\",\"datePublished\":\"2019-05-08T08:15:33+00:00\",\"description\":\"Los medios espa\u00f1oles siguen sin ser transparentes en sus pr\u00e1cticas, seg\u00fan un informe de la Fundaci\u00f3n Compromiso y Transparencia.\",\"breadcrumb\":{\"@id\":\"https:\/\/proacomunicacion.es\/los-medios-espanoles-siguen-sin-ser-transparentes\/#breadcrumb\"},\"inLanguage\":\"en-GB\",\"potentialAction\":[{\"@type\":\"ReadAction\",\"target\":[\"https:\/\/proacomunicacion.es\/los-medios-espanoles-siguen-sin-ser-transparentes\/\"]}]},{\"@type\":\"ImageObject\",\"inLanguage\":\"en-GB\",\"@id\":\"https:\/\/proacomunicacion.es\/los-medios-espanoles-siguen-sin-ser-transparentes\/#primaryimage\",\"url\":\"\",\"contentUrl\":\"\"},{\"@type\":\"BreadcrumbList\",\"@id\":\"https:\/\/proacomunicacion.es\/los-medios-espanoles-siguen-sin-ser-transparentes\/#breadcrumb\",\"itemListElement\":[{\"@type\":\"ListItem\",\"position\":1,\"name\":\"Portada\",\"item\":\"https:\/\/proacomunicacion.es\/\"},{\"@type\":\"ListItem\",\"position\":2,\"name\":\"Los medios espa\u00f1oles siguen sin ser transparentes\"}]},{\"@type\":\"WebSite\",\"@id\":\"https:\/\/proacomunicacion.es\/#website\",\"url\":\"https:\/\/proacomunicacion.es\/\",\"name\":\"PROA Comunicaci\u00f3n\",\"description\":\"Agencia de Comunicaci\u00f3n Corporativa en Madrid, Barcelona y Galicia.\",\"publisher\":{\"@id\":\"https:\/\/proacomunicacion.es\/#organization\"},\"alternateName\":\"PROA Comunicaci\u00f3n\",\"potentialAction\":[{\"@type\":\"SearchAction\",\"target\":{\"@type\":\"EntryPoint\",\"urlTemplate\":\"https:\/\/proacomunicacion.es\/?s={search_term_string}\"},\"query-input\":{\"@type\":\"PropertyValueSpecification\",\"valueRequired\":true,\"valueName\":\"search_term_string\"}}],\"inLanguage\":\"en-GB\"},{\"@type\":\"Organization\",\"@id\":\"https:\/\/proacomunicacion.es\/#organization\",\"name\":\"PROA Comunicaci\u00f3n\",\"alternateName\":\"PROA Comunicaci\u00f3n\",\"url\":\"https:\/\/proacomunicacion.es\/\",\"logo\":{\"@type\":\"ImageObject\",\"inLanguage\":\"en-GB\",\"@id\":\"https:\/\/proacomunicacion.es\/#\/schema\/logo\/image\/\",\"url\":\"https:\/\/proacomunicacion.es\/wp-content\/uploads\/2024\/01\/Logo_Light.svg\",\"contentUrl\":\"https:\/\/proacomunicacion.es\/wp-content\/uploads\/2024\/01\/Logo_Light.svg\",\"width\":136,\"height\":33,\"caption\":\"PROA Comunicaci\u00f3n\"},\"image\":{\"@id\":\"https:\/\/proacomunicacion.es\/#\/schema\/logo\/image\/\"},\"sameAs\":[\"https:\/\/x.com\/proacomunica\",\"https:\/\/es.linkedin.com\/company\/proa-comunicacion_2\",\"https:\/\/www.instagram.com\/proacomunica\/\",\"https:\/\/www.youtube.com\/@proacomunicacion\",\"https:\/\/es.wikipedia.org\/wiki\/PROA_Comunicacin\"]},{\"@type\":\"Person\",\"@id\":\"https:\/\/proacomunicacion.es\/#\/schema\/person\/f80dc8938ea94e7f8aa1e8dc716d5a60\",\"name\":\"PROA Comunicaci\u00f3n\",\"image\":{\"@type\":\"ImageObject\",\"inLanguage\":\"en-GB\",\"@id\":\"https:\/\/proacomunicacion.es\/#\/schema\/person\/image\/\",\"url\":\"https:\/\/secure.gravatar.com\/avatar\/394c93c195ff19b00e79d66a42971657a01de9f2740b97148d0f14a1e1a359b7?s=96&r=g\",\"contentUrl\":\"https:\/\/secure.gravatar.com\/avatar\/394c93c195ff19b00e79d66a42971657a01de9f2740b97148d0f14a1e1a359b7?s=96&r=g\",\"caption\":\"PROA Comunicaci\u00f3n\"}}]}<\/script>\n<!-- \/ Yoast SEO plugin. -->","yoast_head_json":{"title":"Spanish media are still not transparent - Blog Comunicaci\u00f3n y Reputaci\u00f3n","description":"Spanish media are still not transparent in their practices, according to a report by the Fundaci\u00f3n Compromiso y Transparencia.","robots":{"index":"index","follow":"follow","max-snippet":"max-snippet:-1","max-image-preview":"max-image-preview:large","max-video-preview":"max-video-preview:-1"},"canonical":"https:\/\/proacomunicacion.es\/en\/spanish-media-still-not-transparent\/","og_locale":"en_GB","og_type":"article","og_title":"Los medios espa\u00f1oles siguen sin ser transparentes - Blog Comunicaci\u00f3n y Reputaci\u00f3n","og_description":"Los medios espa\u00f1oles siguen sin ser transparentes en sus pr\u00e1cticas, seg\u00fan un informe de la Fundaci\u00f3n Compromiso y Transparencia.","og_url":"https:\/\/proacomunicacion.es\/en\/spanish-media-still-not-transparent\/","og_site_name":"PROA Comunicaci\u00f3n","article_published_time":"2019-05-08T08:15:33+00:00","og_image":[{"width":2560,"height":1414,"url":"https:\/\/proacomunicacion.es\/wp-content\/uploads\/2025\/08\/Firefly_radio-de-barco-scaled.jpg","type":"image\/jpeg"}],"author":"PROA Comunicaci\u00f3n","twitter_card":"summary_large_image","twitter_creator":"@proacomunica","twitter_site":"@proacomunica","twitter_misc":{"Written by":"PROA Comunicaci\u00f3n","Estimated reading time":"4 minutes"},"schema":{"@context":"https:\/\/schema.org","@graph":[{"@type":"Article","@id":"https:\/\/proacomunicacion.es\/los-medios-espanoles-siguen-sin-ser-transparentes\/#article","isPartOf":{"@id":"https:\/\/proacomunicacion.es\/los-medios-espanoles-siguen-sin-ser-transparentes\/"},"author":{"name":"PROA Comunicaci\u00f3n","@id":"https:\/\/proacomunicacion.es\/#\/schema\/person\/f80dc8938ea94e7f8aa1e8dc716d5a60"},"headline":"Los medios espa\u00f1oles siguen sin ser transparentes","datePublished":"2019-05-08T08:15:33+00:00","mainEntityOfPage":{"@id":"https:\/\/proacomunicacion.es\/los-medios-espanoles-siguen-sin-ser-transparentes\/"},"wordCount":828,"publisher":{"@id":"https:\/\/proacomunicacion.es\/#organization"},"image":{"@id":"https:\/\/proacomunicacion.es\/los-medios-espanoles-siguen-sin-ser-transparentes\/#primaryimage"},"thumbnailUrl":"","keywords":["Comunicaci\u00f3n corporativa","Comunicaci\u00f3n RSC","Comunicaci\u00f3n RSE","credibilidad","estrategia comunicaci\u00f3n RSC","estrategia comunicaci\u00f3n RSE","independencia editorial","medios comunicaci\u00f3n","transparencia informativa"],"articleSection":["Actualidad"],"inLanguage":"en-GB"},{"@type":"WebPage","@id":"https:\/\/proacomunicacion.es\/los-medios-espanoles-siguen-sin-ser-transparentes\/","url":"https:\/\/proacomunicacion.es\/los-medios-espanoles-siguen-sin-ser-transparentes\/","name":"Spanish media are still not transparent - Blog Comunicaci\u00f3n y Reputaci\u00f3n","isPartOf":{"@id":"https:\/\/proacomunicacion.es\/#website"},"primaryImageOfPage":{"@id":"https:\/\/proacomunicacion.es\/los-medios-espanoles-siguen-sin-ser-transparentes\/#primaryimage"},"image":{"@id":"https:\/\/proacomunicacion.es\/los-medios-espanoles-siguen-sin-ser-transparentes\/#primaryimage"},"thumbnailUrl":"","datePublished":"2019-05-08T08:15:33+00:00","description":"Spanish media are still not transparent in their practices, according to a report by the Fundaci\u00f3n Compromiso y Transparencia.","breadcrumb":{"@id":"https:\/\/proacomunicacion.es\/los-medios-espanoles-siguen-sin-ser-transparentes\/#breadcrumb"},"inLanguage":"en-GB","potentialAction":[{"@type":"ReadAction","target":["https:\/\/proacomunicacion.es\/los-medios-espanoles-siguen-sin-ser-transparentes\/"]}]},{"@type":"ImageObject","inLanguage":"en-GB","@id":"https:\/\/proacomunicacion.es\/los-medios-espanoles-siguen-sin-ser-transparentes\/#primaryimage","url":"","contentUrl":""},{"@type":"BreadcrumbList","@id":"https:\/\/proacomunicacion.es\/los-medios-espanoles-siguen-sin-ser-transparentes\/#breadcrumb","itemListElement":[{"@type":"ListItem","position":1,"name":"Portada","item":"https:\/\/proacomunicacion.es\/"},{"@type":"ListItem","position":2,"name":"Los medios espa\u00f1oles siguen sin ser transparentes"}]},{"@type":"WebSite","@id":"https:\/\/proacomunicacion.es\/#website","url":"https:\/\/proacomunicacion.es\/","name":"PROA Communication","description":"Corporate Communications Agency in Madrid, Barcelona and Galicia.","publisher":{"@id":"https:\/\/proacomunicacion.es\/#organization"},"alternateName":"PROA Comunicaci\u00f3n","potentialAction":[{"@type":"SearchAction","target":{"@type":"EntryPoint","urlTemplate":"https:\/\/proacomunicacion.es\/?s={search_term_string}"},"query-input":{"@type":"PropertyValueSpecification","valueRequired":true,"valueName":"search_term_string"}}],"inLanguage":"en-GB"},{"@type":"Organization","@id":"https:\/\/proacomunicacion.es\/#organization","name":"PROA Communication","alternateName":"PROA Comunicaci\u00f3n","url":"https:\/\/proacomunicacion.es\/","logo":{"@type":"ImageObject","inLanguage":"en-GB","@id":"https:\/\/proacomunicacion.es\/#\/schema\/logo\/image\/","url":"https:\/\/proacomunicacion.es\/wp-content\/uploads\/2024\/01\/Logo_Light.svg","contentUrl":"https:\/\/proacomunicacion.es\/wp-content\/uploads\/2024\/01\/Logo_Light.svg","width":136,"height":33,"caption":"PROA Comunicaci\u00f3n"},"image":{"@id":"https:\/\/proacomunicacion.es\/#\/schema\/logo\/image\/"},"sameAs":["https:\/\/x.com\/proacomunica","https:\/\/es.linkedin.com\/company\/proa-comunicacion_2","https:\/\/www.instagram.com\/proacomunica\/","https:\/\/www.youtube.com\/@proacomunicacion","https:\/\/es.wikipedia.org\/wiki\/PROA_Comunicacin"]},{"@type":"Person","@id":"https:\/\/proacomunicacion.es\/#\/schema\/person\/f80dc8938ea94e7f8aa1e8dc716d5a60","name":"PROA Communication","image":{"@type":"ImageObject","inLanguage":"en-GB","@id":"https:\/\/proacomunicacion.es\/#\/schema\/person\/image\/","url":"https:\/\/secure.gravatar.com\/avatar\/394c93c195ff19b00e79d66a42971657a01de9f2740b97148d0f14a1e1a359b7?s=96&r=g","contentUrl":"https:\/\/secure.gravatar.com\/avatar\/394c93c195ff19b00e79d66a42971657a01de9f2740b97148d0f14a1e1a359b7?s=96&r=g","caption":"PROA Comunicaci\u00f3n"}}]}},"_links":{"self":[{"href":"https:\/\/proacomunicacion.es\/en\/wp-json\/wp\/v2\/posts\/11994","targetHints":{"allow":["GET"]}}],"collection":[{"href":"https:\/\/proacomunicacion.es\/en\/wp-json\/wp\/v2\/posts"}],"about":[{"href":"https:\/\/proacomunicacion.es\/en\/wp-json\/wp\/v2\/types\/post"}],"author":[{"embeddable":true,"href":"https:\/\/proacomunicacion.es\/en\/wp-json\/wp\/v2\/users\/28"}],"replies":[{"embeddable":true,"href":"https:\/\/proacomunicacion.es\/en\/wp-json\/wp\/v2\/comments?post=11994"}],"version-history":[{"count":0,"href":"https:\/\/proacomunicacion.es\/en\/wp-json\/wp\/v2\/posts\/11994\/revisions"}],"wp:featuredmedia":[{"embeddable":true,"href":"https:\/\/proacomunicacion.es\/en\/wp-json\/"}],"wp:attachment":[{"href":"https:\/\/proacomunicacion.es\/en\/wp-json\/wp\/v2\/media?parent=11994"}],"wp:term":[{"taxonomy":"category","embeddable":true,"href":"https:\/\/proacomunicacion.es\/en\/wp-json\/wp\/v2\/categories?post=11994"},{"taxonomy":"post_tag","embeddable":true,"href":"https:\/\/proacomunicacion.es\/en\/wp-json\/wp\/v2\/tags?post=11994"}],"curies":[{"name":"wp","href":"https:\/\/api.w.org\/{rel}","templated":true}]}}