{"id":12307,"date":"2019-05-27T11:10:32","date_gmt":"2019-05-27T09:10:32","guid":{"rendered":"https:\/\/proacomunicacion.es\/?p=12307"},"modified":"2019-05-27T11:10:32","modified_gmt":"2019-05-27T09:10:32","slug":"second-round-more-of-the-same","status":"publish","type":"post","link":"https:\/\/proacomunicacion.es\/en\/segunda-ronda-mas-de-lo-mismo\/","title":{"rendered":"Round 2: More of the same?"},"content":{"rendered":"<p>It would have been too much to expect, and more than adventurous, to believe in rhetorical and technical innovations on the part of the competing politicians for this second round of elections. However, there was still room for improvement, but it has consisted of making the worst worse worse, especially when the gratuitously aggressive ways and manners are not abandoned.<\/p>\n<p>The difference could rather come from the variable scope of these elections: from the most distant to the closest, from Brussels and Strasbourg, to the autonomy, to the city, town or village of each one.  And that, in spite of everything, there was not the murderous urgency of the general elections. For what concerns us, we have seen debates (for example, those of the European elections), where there were up to nine speakers, a number that is mass, multitude and purgatory for any communication consultant. To stand out among so many, to identify the voter and be identified by him or her in order to communicate a glimmer of a message seems in itself a justly remarkable achievement.<\/p>\n<p>However, our observations must be accompanied by two caveats. First, the observable sample has been limited for this writer to the television debates in Madrid (city and region) and Barcelona, in addition to those corresponding to the European elections. On the other hand, we do not want to, and it would be a mistake, to establish a relationship between the communication strategies and the results obtained. It is clear that this would be a far-fetched exercise.<\/p>\n<p>Of the former, it can only be said that although we only see a tenth of the iceberg, what is under the water will not be visible, but it is imaginable: it is all ice, more of the same. Without disparaging other cities and provinces, it is unlikely that we have missed something very good by not seeing more debates from other places.<\/p>\n<p>On the other hand, we did witness more than unusual experiences. Let's take for example something as bizarre as the debate between the candidates for the Madrid Regional Government organised by SER and El Pa\u00eds, which was not attended by <strong>D\u00edaz Ayuso<\/strong>PP candidate, but yes <strong>Errej\u00f3n<\/strong> (without the impediments of the Electoral Board). The performance of the Popular Party in the last legislature was largely discussed, with its representative absent, while in the audience was the last president of the Community, <strong>\u00c1ngel Garrido<\/strong>Let's see who can improve on that!<\/p>\n<p>No less picturesque was the debate, this time on TeleMadrid, between the candidates for the capital's mayoralty, in which the main protagonist, a Carmena, elevated to a role that was more than charismatic, more like a majesty, castily renounced debating in detail, as if she were above good and evil.<\/p>\n<p><strong>Anti-communism is immortal<\/strong><\/p>\n<p>But getting into the subject, the most failed, the subject to pass, and in the practical exercise, - except for the smartest in the class, and they are few -, it is still the golden minute, the use of the final minute to advantage. We have seen sixty seconds - and they can be very long - shaky, confused, bewildered, impotent.<\/p>\n<p>Ciudadanos has also persisted in the abuse of visual elements. Once again, photos, posters, graphics, and a plausible ridicule for Silvia Saavedra, Bego\u00f1a Villac\u00eds's substitute in the TeleMadrid debate on the capital's mayoralty. With caricatured touches, much exploited by the social networks, this Lenin tilted to one side, lying down like his mummy, seemed to prove that communism may be dead, but anti-communism is immortal.<\/p>\n<p>However, it was Ciudadanos who, through the mouth of Luis Garicano, brought the most noteworthy novelty, which was true and not pure invention: the revelation that the lists of the coalitions of nationalist parties of the periphery show only the candidates of the autonomous region in which they vote in order to deceive or dissimulate potential voters.<\/p>\n<p>And what about the third act, theatrically speaking (or the third round, more sportingly speaking): what can we fear? The continuity will no longer be that of the campaigns, but of the parliaments themselves. It would be desirable, at least if the political communication strategy is to make a difference, some difference, for party leaders to study these past campaigns and apply themselves to remedying the worst of them. Not only, charitably, for our sake: their - political - lives are at stake here too.<\/p>\n<hr \/>\n<p><strong>\u00a0 \u00a0 \u00a0 \u00a0 \u00a0 \u00a0 \u00a0 \u00a0 \u00a0 \u00a0 <\/strong><a href=\"https:\/\/proacomunicacion.es\/wp-content\/uploads\/2019\/04\/pablo-carbajosa-icade-kotak-pertama.jpg\"><img decoding=\"async\" class=\"wp-image-11941 alignleft\" src=\"https:\/\/proacomunicacion.es\/wp-content\/uploads\/2019\/04\/pablo-carbajosa-icade-kotak-pertama-278x300.jpg\" alt=\"\" width=\"90\" height=\"97\" \/><\/a><\/p>\n<p><strong>Pablo Carbajosa\u00a0 <\/strong><\/p>\n<p>Head of the Public Speaking and Effective Writing Department at Proa Comunicaci\u00f3n and coordinator of the Debate Club at the Universidad Pontificia Comillas de Madrid.<\/p>","protected":false},"excerpt":{"rendered":"<p>Habr\u00eda sido mucho esperar, y m\u00e1s que aventurado, creer en innovaciones ret\u00f3ricas y t\u00e9cnicas por parte de los pol\u00edticos en liza para esta segunda ronda electoral. Quedaba, sin embargo, un margen de mejora, que m\u00e1s bien ha consistido en empeorar lo empeorable, sobre todo, cuando no se abandonan modos y maneras gratuitamente agresivas. La diferencia [&hellip;]<\/p>\n","protected":false},"author":28,"featured_media":12310,"comment_status":"closed","ping_status":"closed","sticky":false,"template":"","format":"standard","meta":{"footnotes":""},"categories":[1],"tags":[1041,669,45,46,48,670,235,50,215,236],"class_list":["post-12307","post","type-post","status-publish","format-standard","has-post-thumbnail","hentry","category-actualidad-proa","tag-campana-electoral","tag-ciudadanos","tag-comunicacion-politica","tag-lideres-politicos","tag-partidos-politicos","tag-podemos","tag-politica-es","tag-politicos","tag-pp","tag-psoe"],"yoast_head":"<!-- This site is optimized with the Yoast SEO plugin v27.0 - https:\/\/yoast.com\/product\/yoast-seo-wordpress\/ -->\n<title>Segunda ronda: \u00bfM\u00e1s de lo mismo? - Blog Comunicaci\u00f3n y Reputaci\u00f3n<\/title>\n<meta name=\"description\" content=\"Habr\u00eda sido mucho esperar y creer en innovaciones ret\u00f3ricas y t\u00e9cnicas por parte de los pol\u00edticos en liza para esta segunda ronda electoral.\" \/>\n<meta name=\"robots\" content=\"index, follow, max-snippet:-1, max-image-preview:large, max-video-preview:-1\" \/>\n<link rel=\"canonical\" href=\"https:\/\/proacomunicacion.es\/en\/second-round-more-of-the-same\/\" \/>\n<meta property=\"og:locale\" content=\"en_GB\" \/>\n<meta property=\"og:type\" content=\"article\" \/>\n<meta property=\"og:title\" content=\"Segunda ronda: \u00bfM\u00e1s de lo mismo? - Blog Comunicaci\u00f3n y Reputaci\u00f3n\" \/>\n<meta property=\"og:description\" content=\"Habr\u00eda sido mucho esperar y creer en innovaciones ret\u00f3ricas y t\u00e9cnicas por parte de los pol\u00edticos en liza para esta segunda ronda electoral.\" \/>\n<meta property=\"og:url\" content=\"https:\/\/proacomunicacion.es\/en\/second-round-more-of-the-same\/\" \/>\n<meta property=\"og:site_name\" content=\"PROA Comunicaci\u00f3n\" \/>\n<meta property=\"article:published_time\" content=\"2019-05-27T09:10:32+00:00\" \/>\n<meta property=\"og:image\" content=\"https:\/\/proacomunicacion.es\/wp-content\/uploads\/2025\/08\/Firefly_radio-de-barco-scaled.jpg\" \/>\n\t<meta property=\"og:image:width\" content=\"2560\" \/>\n\t<meta property=\"og:image:height\" content=\"1414\" \/>\n\t<meta property=\"og:image:type\" content=\"image\/jpeg\" \/>\n<meta name=\"author\" content=\"PROA Comunicaci\u00f3n\" \/>\n<meta name=\"twitter:card\" content=\"summary_large_image\" \/>\n<meta name=\"twitter:creator\" content=\"@proacomunica\" \/>\n<meta name=\"twitter:site\" content=\"@proacomunica\" \/>\n<meta name=\"twitter:label1\" content=\"Written by\" \/>\n\t<meta name=\"twitter:data1\" content=\"PROA Comunicaci\u00f3n\" \/>\n\t<meta name=\"twitter:label2\" content=\"Estimated reading time\" \/>\n\t<meta name=\"twitter:data2\" content=\"4 minutes\" \/>\n<script type=\"application\/ld+json\" class=\"yoast-schema-graph\">{\"@context\":\"https:\/\/schema.org\",\"@graph\":[{\"@type\":\"Article\",\"@id\":\"https:\/\/proacomunicacion.es\/segunda-ronda-mas-de-lo-mismo\/#article\",\"isPartOf\":{\"@id\":\"https:\/\/proacomunicacion.es\/segunda-ronda-mas-de-lo-mismo\/\"},\"author\":{\"name\":\"PROA Comunicaci\u00f3n\",\"@id\":\"https:\/\/proacomunicacion.es\/#\/schema\/person\/f80dc8938ea94e7f8aa1e8dc716d5a60\"},\"headline\":\"Segunda ronda: \u00bfM\u00e1s de lo mismo?\",\"datePublished\":\"2019-05-27T09:10:32+00:00\",\"mainEntityOfPage\":{\"@id\":\"https:\/\/proacomunicacion.es\/segunda-ronda-mas-de-lo-mismo\/\"},\"wordCount\":806,\"publisher\":{\"@id\":\"https:\/\/proacomunicacion.es\/#organization\"},\"image\":{\"@id\":\"https:\/\/proacomunicacion.es\/segunda-ronda-mas-de-lo-mismo\/#primaryimage\"},\"thumbnailUrl\":\"\",\"keywords\":[\"campa\u00f1a electoral\",\"Ciudadanos\",\"comunicaci\u00f3n pol\u00edtica\",\"l\u00edderes pol\u00edticos\",\"partidos pol\u00edticos\",\"Podemos\",\"pol\u00edtica\",\"politicos\",\"pp\",\"PSOE\"],\"articleSection\":[\"Actualidad\"],\"inLanguage\":\"en-GB\"},{\"@type\":\"WebPage\",\"@id\":\"https:\/\/proacomunicacion.es\/segunda-ronda-mas-de-lo-mismo\/\",\"url\":\"https:\/\/proacomunicacion.es\/segunda-ronda-mas-de-lo-mismo\/\",\"name\":\"Segunda ronda: \u00bfM\u00e1s de lo mismo? - Blog Comunicaci\u00f3n y Reputaci\u00f3n\",\"isPartOf\":{\"@id\":\"https:\/\/proacomunicacion.es\/#website\"},\"primaryImageOfPage\":{\"@id\":\"https:\/\/proacomunicacion.es\/segunda-ronda-mas-de-lo-mismo\/#primaryimage\"},\"image\":{\"@id\":\"https:\/\/proacomunicacion.es\/segunda-ronda-mas-de-lo-mismo\/#primaryimage\"},\"thumbnailUrl\":\"\",\"datePublished\":\"2019-05-27T09:10:32+00:00\",\"description\":\"Habr\u00eda sido mucho esperar y creer en innovaciones ret\u00f3ricas y t\u00e9cnicas por parte de los pol\u00edticos en liza para esta segunda ronda electoral.\",\"breadcrumb\":{\"@id\":\"https:\/\/proacomunicacion.es\/segunda-ronda-mas-de-lo-mismo\/#breadcrumb\"},\"inLanguage\":\"en-GB\",\"potentialAction\":[{\"@type\":\"ReadAction\",\"target\":[\"https:\/\/proacomunicacion.es\/segunda-ronda-mas-de-lo-mismo\/\"]}]},{\"@type\":\"ImageObject\",\"inLanguage\":\"en-GB\",\"@id\":\"https:\/\/proacomunicacion.es\/segunda-ronda-mas-de-lo-mismo\/#primaryimage\",\"url\":\"\",\"contentUrl\":\"\"},{\"@type\":\"BreadcrumbList\",\"@id\":\"https:\/\/proacomunicacion.es\/segunda-ronda-mas-de-lo-mismo\/#breadcrumb\",\"itemListElement\":[{\"@type\":\"ListItem\",\"position\":1,\"name\":\"Portada\",\"item\":\"https:\/\/proacomunicacion.es\/\"},{\"@type\":\"ListItem\",\"position\":2,\"name\":\"Segunda ronda: \u00bfM\u00e1s de lo mismo?\"}]},{\"@type\":\"WebSite\",\"@id\":\"https:\/\/proacomunicacion.es\/#website\",\"url\":\"https:\/\/proacomunicacion.es\/\",\"name\":\"PROA Comunicaci\u00f3n\",\"description\":\"Agencia de Comunicaci\u00f3n Corporativa en Madrid, Barcelona y Galicia.\",\"publisher\":{\"@id\":\"https:\/\/proacomunicacion.es\/#organization\"},\"alternateName\":\"PROA Comunicaci\u00f3n\",\"potentialAction\":[{\"@type\":\"SearchAction\",\"target\":{\"@type\":\"EntryPoint\",\"urlTemplate\":\"https:\/\/proacomunicacion.es\/?s={search_term_string}\"},\"query-input\":{\"@type\":\"PropertyValueSpecification\",\"valueRequired\":true,\"valueName\":\"search_term_string\"}}],\"inLanguage\":\"en-GB\"},{\"@type\":\"Organization\",\"@id\":\"https:\/\/proacomunicacion.es\/#organization\",\"name\":\"PROA Comunicaci\u00f3n\",\"alternateName\":\"PROA Comunicaci\u00f3n\",\"url\":\"https:\/\/proacomunicacion.es\/\",\"logo\":{\"@type\":\"ImageObject\",\"inLanguage\":\"en-GB\",\"@id\":\"https:\/\/proacomunicacion.es\/#\/schema\/logo\/image\/\",\"url\":\"https:\/\/proacomunicacion.es\/wp-content\/uploads\/2024\/01\/Logo_Light.svg\",\"contentUrl\":\"https:\/\/proacomunicacion.es\/wp-content\/uploads\/2024\/01\/Logo_Light.svg\",\"width\":136,\"height\":33,\"caption\":\"PROA Comunicaci\u00f3n\"},\"image\":{\"@id\":\"https:\/\/proacomunicacion.es\/#\/schema\/logo\/image\/\"},\"sameAs\":[\"https:\/\/x.com\/proacomunica\",\"https:\/\/es.linkedin.com\/company\/proa-comunicacion_2\",\"https:\/\/www.instagram.com\/proacomunica\/\",\"https:\/\/www.youtube.com\/@proacomunicacion\",\"https:\/\/es.wikipedia.org\/wiki\/PROA_Comunicacin\"]},{\"@type\":\"Person\",\"@id\":\"https:\/\/proacomunicacion.es\/#\/schema\/person\/f80dc8938ea94e7f8aa1e8dc716d5a60\",\"name\":\"PROA Comunicaci\u00f3n\",\"image\":{\"@type\":\"ImageObject\",\"inLanguage\":\"en-GB\",\"@id\":\"https:\/\/proacomunicacion.es\/#\/schema\/person\/image\/\",\"url\":\"https:\/\/secure.gravatar.com\/avatar\/394c93c195ff19b00e79d66a42971657a01de9f2740b97148d0f14a1e1a359b7?s=96&r=g\",\"contentUrl\":\"https:\/\/secure.gravatar.com\/avatar\/394c93c195ff19b00e79d66a42971657a01de9f2740b97148d0f14a1e1a359b7?s=96&r=g\",\"caption\":\"PROA Comunicaci\u00f3n\"}}]}<\/script>\n<!-- \/ Yoast SEO plugin. -->","yoast_head_json":{"title":"Round 2: More of the same? - Communication and Reputation Blog","description":"It would have been too much to expect and believe in rhetorical and technical innovations from the politicians in the running for this second round of elections.","robots":{"index":"index","follow":"follow","max-snippet":"max-snippet:-1","max-image-preview":"max-image-preview:large","max-video-preview":"max-video-preview:-1"},"canonical":"https:\/\/proacomunicacion.es\/en\/second-round-more-of-the-same\/","og_locale":"en_GB","og_type":"article","og_title":"Segunda ronda: \u00bfM\u00e1s de lo mismo? - Blog Comunicaci\u00f3n y Reputaci\u00f3n","og_description":"Habr\u00eda sido mucho esperar y creer en innovaciones ret\u00f3ricas y t\u00e9cnicas por parte de los pol\u00edticos en liza para esta segunda ronda electoral.","og_url":"https:\/\/proacomunicacion.es\/en\/second-round-more-of-the-same\/","og_site_name":"PROA Comunicaci\u00f3n","article_published_time":"2019-05-27T09:10:32+00:00","og_image":[{"width":2560,"height":1414,"url":"https:\/\/proacomunicacion.es\/wp-content\/uploads\/2025\/08\/Firefly_radio-de-barco-scaled.jpg","type":"image\/jpeg"}],"author":"PROA Comunicaci\u00f3n","twitter_card":"summary_large_image","twitter_creator":"@proacomunica","twitter_site":"@proacomunica","twitter_misc":{"Written by":"PROA Comunicaci\u00f3n","Estimated reading time":"4 minutes"},"schema":{"@context":"https:\/\/schema.org","@graph":[{"@type":"Article","@id":"https:\/\/proacomunicacion.es\/segunda-ronda-mas-de-lo-mismo\/#article","isPartOf":{"@id":"https:\/\/proacomunicacion.es\/segunda-ronda-mas-de-lo-mismo\/"},"author":{"name":"PROA Comunicaci\u00f3n","@id":"https:\/\/proacomunicacion.es\/#\/schema\/person\/f80dc8938ea94e7f8aa1e8dc716d5a60"},"headline":"Segunda ronda: \u00bfM\u00e1s de lo mismo?","datePublished":"2019-05-27T09:10:32+00:00","mainEntityOfPage":{"@id":"https:\/\/proacomunicacion.es\/segunda-ronda-mas-de-lo-mismo\/"},"wordCount":806,"publisher":{"@id":"https:\/\/proacomunicacion.es\/#organization"},"image":{"@id":"https:\/\/proacomunicacion.es\/segunda-ronda-mas-de-lo-mismo\/#primaryimage"},"thumbnailUrl":"","keywords":["campa\u00f1a electoral","Ciudadanos","comunicaci\u00f3n pol\u00edtica","l\u00edderes pol\u00edticos","partidos pol\u00edticos","Podemos","pol\u00edtica","politicos","pp","PSOE"],"articleSection":["Actualidad"],"inLanguage":"en-GB"},{"@type":"WebPage","@id":"https:\/\/proacomunicacion.es\/segunda-ronda-mas-de-lo-mismo\/","url":"https:\/\/proacomunicacion.es\/segunda-ronda-mas-de-lo-mismo\/","name":"Round 2: More of the same? - Communication and Reputation Blog","isPartOf":{"@id":"https:\/\/proacomunicacion.es\/#website"},"primaryImageOfPage":{"@id":"https:\/\/proacomunicacion.es\/segunda-ronda-mas-de-lo-mismo\/#primaryimage"},"image":{"@id":"https:\/\/proacomunicacion.es\/segunda-ronda-mas-de-lo-mismo\/#primaryimage"},"thumbnailUrl":"","datePublished":"2019-05-27T09:10:32+00:00","description":"It would have been too much to expect and believe in rhetorical and technical innovations from the politicians in the running for this second round of elections.","breadcrumb":{"@id":"https:\/\/proacomunicacion.es\/segunda-ronda-mas-de-lo-mismo\/#breadcrumb"},"inLanguage":"en-GB","potentialAction":[{"@type":"ReadAction","target":["https:\/\/proacomunicacion.es\/segunda-ronda-mas-de-lo-mismo\/"]}]},{"@type":"ImageObject","inLanguage":"en-GB","@id":"https:\/\/proacomunicacion.es\/segunda-ronda-mas-de-lo-mismo\/#primaryimage","url":"","contentUrl":""},{"@type":"BreadcrumbList","@id":"https:\/\/proacomunicacion.es\/segunda-ronda-mas-de-lo-mismo\/#breadcrumb","itemListElement":[{"@type":"ListItem","position":1,"name":"Portada","item":"https:\/\/proacomunicacion.es\/"},{"@type":"ListItem","position":2,"name":"Segunda ronda: \u00bfM\u00e1s de lo mismo?"}]},{"@type":"WebSite","@id":"https:\/\/proacomunicacion.es\/#website","url":"https:\/\/proacomunicacion.es\/","name":"PROA Communication","description":"Corporate Communications Agency in Madrid, Barcelona and Galicia.","publisher":{"@id":"https:\/\/proacomunicacion.es\/#organization"},"alternateName":"PROA Comunicaci\u00f3n","potentialAction":[{"@type":"SearchAction","target":{"@type":"EntryPoint","urlTemplate":"https:\/\/proacomunicacion.es\/?s={search_term_string}"},"query-input":{"@type":"PropertyValueSpecification","valueRequired":true,"valueName":"search_term_string"}}],"inLanguage":"en-GB"},{"@type":"Organization","@id":"https:\/\/proacomunicacion.es\/#organization","name":"PROA Communication","alternateName":"PROA Comunicaci\u00f3n","url":"https:\/\/proacomunicacion.es\/","logo":{"@type":"ImageObject","inLanguage":"en-GB","@id":"https:\/\/proacomunicacion.es\/#\/schema\/logo\/image\/","url":"https:\/\/proacomunicacion.es\/wp-content\/uploads\/2024\/01\/Logo_Light.svg","contentUrl":"https:\/\/proacomunicacion.es\/wp-content\/uploads\/2024\/01\/Logo_Light.svg","width":136,"height":33,"caption":"PROA Comunicaci\u00f3n"},"image":{"@id":"https:\/\/proacomunicacion.es\/#\/schema\/logo\/image\/"},"sameAs":["https:\/\/x.com\/proacomunica","https:\/\/es.linkedin.com\/company\/proa-comunicacion_2","https:\/\/www.instagram.com\/proacomunica\/","https:\/\/www.youtube.com\/@proacomunicacion","https:\/\/es.wikipedia.org\/wiki\/PROA_Comunicacin"]},{"@type":"Person","@id":"https:\/\/proacomunicacion.es\/#\/schema\/person\/f80dc8938ea94e7f8aa1e8dc716d5a60","name":"PROA Communication","image":{"@type":"ImageObject","inLanguage":"en-GB","@id":"https:\/\/proacomunicacion.es\/#\/schema\/person\/image\/","url":"https:\/\/secure.gravatar.com\/avatar\/394c93c195ff19b00e79d66a42971657a01de9f2740b97148d0f14a1e1a359b7?s=96&r=g","contentUrl":"https:\/\/secure.gravatar.com\/avatar\/394c93c195ff19b00e79d66a42971657a01de9f2740b97148d0f14a1e1a359b7?s=96&r=g","caption":"PROA Comunicaci\u00f3n"}}]}},"_links":{"self":[{"href":"https:\/\/proacomunicacion.es\/en\/wp-json\/wp\/v2\/posts\/12307","targetHints":{"allow":["GET"]}}],"collection":[{"href":"https:\/\/proacomunicacion.es\/en\/wp-json\/wp\/v2\/posts"}],"about":[{"href":"https:\/\/proacomunicacion.es\/en\/wp-json\/wp\/v2\/types\/post"}],"author":[{"embeddable":true,"href":"https:\/\/proacomunicacion.es\/en\/wp-json\/wp\/v2\/users\/28"}],"replies":[{"embeddable":true,"href":"https:\/\/proacomunicacion.es\/en\/wp-json\/wp\/v2\/comments?post=12307"}],"version-history":[{"count":0,"href":"https:\/\/proacomunicacion.es\/en\/wp-json\/wp\/v2\/posts\/12307\/revisions"}],"wp:featuredmedia":[{"embeddable":true,"href":"https:\/\/proacomunicacion.es\/en\/wp-json\/"}],"wp:attachment":[{"href":"https:\/\/proacomunicacion.es\/en\/wp-json\/wp\/v2\/media?parent=12307"}],"wp:term":[{"taxonomy":"category","embeddable":true,"href":"https:\/\/proacomunicacion.es\/en\/wp-json\/wp\/v2\/categories?post=12307"},{"taxonomy":"post_tag","embeddable":true,"href":"https:\/\/proacomunicacion.es\/en\/wp-json\/wp\/v2\/tags?post=12307"}],"curies":[{"name":"wp","href":"https:\/\/api.w.org\/{rel}","templated":true}]}}