{"id":13460,"date":"2019-08-07T12:17:24","date_gmt":"2019-08-07T10:17:24","guid":{"rendered":"https:\/\/proacomunicacion.es\/?p=13460"},"modified":"2019-08-07T12:17:24","modified_gmt":"2019-08-07T10:17:24","slug":"the-brain-and-neural-networks-2","status":"publish","type":"post","link":"https:\/\/proacomunicacion.es\/en\/el-cerebro-y-las-redes-neuronales\/","title":{"rendered":"The brain and neural networks"},"content":{"rendered":"<p style=\"text-align: justify;\">Dr. Jos\u00e9 Antonio Rodr\u00edguez Piedrabuena, a specialist in psychiatry and psychoanalysis, dissects the brain and neuronal networks in <a href=\"https:\/\/proacomunicacion.es\/en\/blog\/why-we-take-drugs\/\">the third video of the five made for PROA Comunicaci\u00f3n.<\/a><\/p>\n<p style=\"text-align: justify;\">There is currently a crisis of creative solutions, formulas from the last century are being repeated in the political, pedagogical and cultural fields. Scientific advances on the brain have not influenced us to change our ideas about memory, intelligence or the emotional world. This translates into essays on creativity, on the creative act, which pass by superficially and without going into depth, without a multidisciplinary vision of the subject.<\/p>\n<p style=\"text-align: justify;\"><strong>Jos\u00e9 Antonio Rodr\u00edguez Piedrabuena is a member of the International Psychoanalytical Society.<\/strong>The programme is supported by the London Group Analysis, the Spanish Society of Psychiatry and the Institute of Psychosomatic Studies and Medical Psychotherapy.<\/p>\n<p><iframe src=\"https:\/\/www.youtube.com\/embed\/bFtyGo09LgM\" width=\"910\" height=\"515\" frameborder=\"0\" allowfullscreen=\"allowfullscreen\"><span data-mce-type=\"bookmark\" style=\"display: inline-block; width: 0px; overflow: hidden; line-height: 0;\" class=\"mce_SELRES_start\"><\/span><\/iframe><\/p>","protected":false},"excerpt":{"rendered":"<p>El Dr. Jos\u00e9 Antonio Rodr\u00edguez Piedrabuena, especialista en psiquiatr\u00eda y psicoan\u00e1lisis, disecciona el cerebro y las redes neuronales en el tercer v\u00eddeo de los cinco realizados para PROA Comunicaci\u00f3n. Actualmente hay una crisis de soluciones creadoras, se repiten f\u00f3rmulas propias del siglo pasado en los terrenos pol\u00edtico, pedag\u00f3gico y cultural. Los avances cient\u00edficos sobre el [&hellip;]<\/p>\n","protected":false},"author":28,"featured_media":13461,"comment_status":"closed","ping_status":"closed","sticky":false,"template":"","format":"standard","meta":{"footnotes":""},"categories":[176],"tags":[1231,278,1187,1228,7,1232],"class_list":["post-13460","post","type-post","status-publish","format-standard","has-post-thumbnail","hentry","category-blog","tag-cerebro","tag-ciencia","tag-doctor-piedrabuena","tag-piedrabuena","tag-proa-comunicacion","tag-redes-neuronales"],"yoast_head":"<!-- This site is optimized with the Yoast SEO plugin v27.0 - https:\/\/yoast.com\/product\/yoast-seo-wordpress\/ -->\n<title>El cerebro y las redes neuronales - PROA Comunicaci\u00f3n<\/title>\n<meta name=\"robots\" content=\"index, follow, max-snippet:-1, max-image-preview:large, max-video-preview:-1\" \/>\n<link rel=\"canonical\" href=\"https:\/\/proacomunicacion.es\/en\/the-brain-and-neural-networks-2\/\" \/>\n<meta property=\"og:locale\" content=\"en_GB\" \/>\n<meta property=\"og:type\" content=\"article\" \/>\n<meta property=\"og:title\" content=\"El cerebro y las redes neuronales - PROA Comunicaci\u00f3n\" \/>\n<meta property=\"og:description\" content=\"El Dr. Jos\u00e9 Antonio Rodr\u00edguez Piedrabuena, especialista en psiquiatr\u00eda y psicoan\u00e1lisis, disecciona el cerebro y las redes neuronales en el tercer v\u00eddeo de los cinco realizados para PROA Comunicaci\u00f3n. Actualmente hay una crisis de soluciones creadoras, se repiten f\u00f3rmulas propias del siglo pasado en los terrenos pol\u00edtico, pedag\u00f3gico y cultural. Los avances cient\u00edficos sobre el [&hellip;]\" \/>\n<meta property=\"og:url\" content=\"https:\/\/proacomunicacion.es\/en\/the-brain-and-neural-networks-2\/\" \/>\n<meta property=\"og:site_name\" content=\"PROA Comunicaci\u00f3n\" \/>\n<meta property=\"article:published_time\" content=\"2019-08-07T10:17:24+00:00\" \/>\n<meta property=\"og:image\" content=\"https:\/\/proacomunicacion.es\/wp-content\/uploads\/2025\/08\/Firefly_radio-de-barco-scaled.jpg\" \/>\n\t<meta property=\"og:image:width\" content=\"2560\" \/>\n\t<meta property=\"og:image:height\" content=\"1414\" \/>\n\t<meta property=\"og:image:type\" content=\"image\/jpeg\" \/>\n<meta name=\"author\" content=\"PROA Comunicaci\u00f3n\" \/>\n<meta name=\"twitter:card\" content=\"summary_large_image\" \/>\n<meta name=\"twitter:creator\" content=\"@proacomunica\" \/>\n<meta name=\"twitter:site\" content=\"@proacomunica\" \/>\n<meta name=\"twitter:label1\" content=\"Written by\" \/>\n\t<meta name=\"twitter:data1\" content=\"PROA Comunicaci\u00f3n\" \/>\n\t<meta name=\"twitter:label2\" content=\"Estimated reading time\" \/>\n\t<meta name=\"twitter:data2\" content=\"1 minute\" \/>\n<script type=\"application\/ld+json\" class=\"yoast-schema-graph\">{\"@context\":\"https:\/\/schema.org\",\"@graph\":[{\"@type\":\"Article\",\"@id\":\"https:\/\/proacomunicacion.es\/el-cerebro-y-las-redes-neuronales\/#article\",\"isPartOf\":{\"@id\":\"https:\/\/proacomunicacion.es\/el-cerebro-y-las-redes-neuronales\/\"},\"author\":{\"name\":\"PROA Comunicaci\u00f3n\",\"@id\":\"https:\/\/proacomunicacion.es\/#\/schema\/person\/f80dc8938ea94e7f8aa1e8dc716d5a60\"},\"headline\":\"El cerebro y las redes neuronales\",\"datePublished\":\"2019-08-07T10:17:24+00:00\",\"mainEntityOfPage\":{\"@id\":\"https:\/\/proacomunicacion.es\/el-cerebro-y-las-redes-neuronales\/\"},\"wordCount\":149,\"publisher\":{\"@id\":\"https:\/\/proacomunicacion.es\/#organization\"},\"image\":{\"@id\":\"https:\/\/proacomunicacion.es\/el-cerebro-y-las-redes-neuronales\/#primaryimage\"},\"thumbnailUrl\":\"\",\"keywords\":[\"cerebro\",\"ciencia\",\"doctor piedrabuena\",\"piedrabuena\",\"Proa Comunicaci\u00f3n\",\"redes neuronales\"],\"articleSection\":[\"Blog\"],\"inLanguage\":\"en-GB\"},{\"@type\":\"WebPage\",\"@id\":\"https:\/\/proacomunicacion.es\/el-cerebro-y-las-redes-neuronales\/\",\"url\":\"https:\/\/proacomunicacion.es\/el-cerebro-y-las-redes-neuronales\/\",\"name\":\"El cerebro y las redes neuronales - PROA Comunicaci\u00f3n\",\"isPartOf\":{\"@id\":\"https:\/\/proacomunicacion.es\/#website\"},\"primaryImageOfPage\":{\"@id\":\"https:\/\/proacomunicacion.es\/el-cerebro-y-las-redes-neuronales\/#primaryimage\"},\"image\":{\"@id\":\"https:\/\/proacomunicacion.es\/el-cerebro-y-las-redes-neuronales\/#primaryimage\"},\"thumbnailUrl\":\"\",\"datePublished\":\"2019-08-07T10:17:24+00:00\",\"breadcrumb\":{\"@id\":\"https:\/\/proacomunicacion.es\/el-cerebro-y-las-redes-neuronales\/#breadcrumb\"},\"inLanguage\":\"en-GB\",\"potentialAction\":[{\"@type\":\"ReadAction\",\"target\":[\"https:\/\/proacomunicacion.es\/el-cerebro-y-las-redes-neuronales\/\"]}]},{\"@type\":\"ImageObject\",\"inLanguage\":\"en-GB\",\"@id\":\"https:\/\/proacomunicacion.es\/el-cerebro-y-las-redes-neuronales\/#primaryimage\",\"url\":\"\",\"contentUrl\":\"\"},{\"@type\":\"BreadcrumbList\",\"@id\":\"https:\/\/proacomunicacion.es\/el-cerebro-y-las-redes-neuronales\/#breadcrumb\",\"itemListElement\":[{\"@type\":\"ListItem\",\"position\":1,\"name\":\"Portada\",\"item\":\"https:\/\/proacomunicacion.es\/\"},{\"@type\":\"ListItem\",\"position\":2,\"name\":\"El cerebro y las redes neuronales\"}]},{\"@type\":\"WebSite\",\"@id\":\"https:\/\/proacomunicacion.es\/#website\",\"url\":\"https:\/\/proacomunicacion.es\/\",\"name\":\"PROA Comunicaci\u00f3n\",\"description\":\"Agencia de Comunicaci\u00f3n Corporativa en Madrid, Barcelona y Galicia.\",\"publisher\":{\"@id\":\"https:\/\/proacomunicacion.es\/#organization\"},\"alternateName\":\"PROA Comunicaci\u00f3n\",\"potentialAction\":[{\"@type\":\"SearchAction\",\"target\":{\"@type\":\"EntryPoint\",\"urlTemplate\":\"https:\/\/proacomunicacion.es\/?s={search_term_string}\"},\"query-input\":{\"@type\":\"PropertyValueSpecification\",\"valueRequired\":true,\"valueName\":\"search_term_string\"}}],\"inLanguage\":\"en-GB\"},{\"@type\":\"Organization\",\"@id\":\"https:\/\/proacomunicacion.es\/#organization\",\"name\":\"PROA Comunicaci\u00f3n\",\"alternateName\":\"PROA Comunicaci\u00f3n\",\"url\":\"https:\/\/proacomunicacion.es\/\",\"logo\":{\"@type\":\"ImageObject\",\"inLanguage\":\"en-GB\",\"@id\":\"https:\/\/proacomunicacion.es\/#\/schema\/logo\/image\/\",\"url\":\"https:\/\/proacomunicacion.es\/wp-content\/uploads\/2024\/01\/Logo_Light.svg\",\"contentUrl\":\"https:\/\/proacomunicacion.es\/wp-content\/uploads\/2024\/01\/Logo_Light.svg\",\"width\":136,\"height\":33,\"caption\":\"PROA Comunicaci\u00f3n\"},\"image\":{\"@id\":\"https:\/\/proacomunicacion.es\/#\/schema\/logo\/image\/\"},\"sameAs\":[\"https:\/\/x.com\/proacomunica\",\"https:\/\/es.linkedin.com\/company\/proa-comunicacion_2\",\"https:\/\/www.instagram.com\/proacomunica\/\",\"https:\/\/www.youtube.com\/@proacomunicacion\",\"https:\/\/es.wikipedia.org\/wiki\/PROA_Comunicacin\"]},{\"@type\":\"Person\",\"@id\":\"https:\/\/proacomunicacion.es\/#\/schema\/person\/f80dc8938ea94e7f8aa1e8dc716d5a60\",\"name\":\"PROA Comunicaci\u00f3n\",\"image\":{\"@type\":\"ImageObject\",\"inLanguage\":\"en-GB\",\"@id\":\"https:\/\/proacomunicacion.es\/#\/schema\/person\/image\/\",\"url\":\"https:\/\/secure.gravatar.com\/avatar\/394c93c195ff19b00e79d66a42971657a01de9f2740b97148d0f14a1e1a359b7?s=96&r=g\",\"contentUrl\":\"https:\/\/secure.gravatar.com\/avatar\/394c93c195ff19b00e79d66a42971657a01de9f2740b97148d0f14a1e1a359b7?s=96&r=g\",\"caption\":\"PROA Comunicaci\u00f3n\"}}]}<\/script>\n<!-- \/ Yoast SEO plugin. -->","yoast_head_json":{"title":"The brain and neural networks - PROA Comunicaci\u00f3n","robots":{"index":"index","follow":"follow","max-snippet":"max-snippet:-1","max-image-preview":"max-image-preview:large","max-video-preview":"max-video-preview:-1"},"canonical":"https:\/\/proacomunicacion.es\/en\/the-brain-and-neural-networks-2\/","og_locale":"en_GB","og_type":"article","og_title":"El cerebro y las redes neuronales - PROA Comunicaci\u00f3n","og_description":"El Dr. Jos\u00e9 Antonio Rodr\u00edguez Piedrabuena, especialista en psiquiatr\u00eda y psicoan\u00e1lisis, disecciona el cerebro y las redes neuronales en el tercer v\u00eddeo de los cinco realizados para PROA Comunicaci\u00f3n. Actualmente hay una crisis de soluciones creadoras, se repiten f\u00f3rmulas propias del siglo pasado en los terrenos pol\u00edtico, pedag\u00f3gico y cultural. Los avances cient\u00edficos sobre el [&hellip;]","og_url":"https:\/\/proacomunicacion.es\/en\/the-brain-and-neural-networks-2\/","og_site_name":"PROA Comunicaci\u00f3n","article_published_time":"2019-08-07T10:17:24+00:00","og_image":[{"width":2560,"height":1414,"url":"https:\/\/proacomunicacion.es\/wp-content\/uploads\/2025\/08\/Firefly_radio-de-barco-scaled.jpg","type":"image\/jpeg"}],"author":"PROA Comunicaci\u00f3n","twitter_card":"summary_large_image","twitter_creator":"@proacomunica","twitter_site":"@proacomunica","twitter_misc":{"Written by":"PROA Comunicaci\u00f3n","Estimated reading time":"1 minute"},"schema":{"@context":"https:\/\/schema.org","@graph":[{"@type":"Article","@id":"https:\/\/proacomunicacion.es\/el-cerebro-y-las-redes-neuronales\/#article","isPartOf":{"@id":"https:\/\/proacomunicacion.es\/el-cerebro-y-las-redes-neuronales\/"},"author":{"name":"PROA Comunicaci\u00f3n","@id":"https:\/\/proacomunicacion.es\/#\/schema\/person\/f80dc8938ea94e7f8aa1e8dc716d5a60"},"headline":"El cerebro y las redes neuronales","datePublished":"2019-08-07T10:17:24+00:00","mainEntityOfPage":{"@id":"https:\/\/proacomunicacion.es\/el-cerebro-y-las-redes-neuronales\/"},"wordCount":149,"publisher":{"@id":"https:\/\/proacomunicacion.es\/#organization"},"image":{"@id":"https:\/\/proacomunicacion.es\/el-cerebro-y-las-redes-neuronales\/#primaryimage"},"thumbnailUrl":"","keywords":["cerebro","ciencia","doctor piedrabuena","piedrabuena","Proa Comunicaci\u00f3n","redes neuronales"],"articleSection":["Blog"],"inLanguage":"en-GB"},{"@type":"WebPage","@id":"https:\/\/proacomunicacion.es\/el-cerebro-y-las-redes-neuronales\/","url":"https:\/\/proacomunicacion.es\/el-cerebro-y-las-redes-neuronales\/","name":"The brain and neural networks - PROA Comunicaci\u00f3n","isPartOf":{"@id":"https:\/\/proacomunicacion.es\/#website"},"primaryImageOfPage":{"@id":"https:\/\/proacomunicacion.es\/el-cerebro-y-las-redes-neuronales\/#primaryimage"},"image":{"@id":"https:\/\/proacomunicacion.es\/el-cerebro-y-las-redes-neuronales\/#primaryimage"},"thumbnailUrl":"","datePublished":"2019-08-07T10:17:24+00:00","breadcrumb":{"@id":"https:\/\/proacomunicacion.es\/el-cerebro-y-las-redes-neuronales\/#breadcrumb"},"inLanguage":"en-GB","potentialAction":[{"@type":"ReadAction","target":["https:\/\/proacomunicacion.es\/el-cerebro-y-las-redes-neuronales\/"]}]},{"@type":"ImageObject","inLanguage":"en-GB","@id":"https:\/\/proacomunicacion.es\/el-cerebro-y-las-redes-neuronales\/#primaryimage","url":"","contentUrl":""},{"@type":"BreadcrumbList","@id":"https:\/\/proacomunicacion.es\/el-cerebro-y-las-redes-neuronales\/#breadcrumb","itemListElement":[{"@type":"ListItem","position":1,"name":"Portada","item":"https:\/\/proacomunicacion.es\/"},{"@type":"ListItem","position":2,"name":"El cerebro y las redes neuronales"}]},{"@type":"WebSite","@id":"https:\/\/proacomunicacion.es\/#website","url":"https:\/\/proacomunicacion.es\/","name":"PROA Communication","description":"Corporate Communications Agency in Madrid, Barcelona and Galicia.","publisher":{"@id":"https:\/\/proacomunicacion.es\/#organization"},"alternateName":"PROA Comunicaci\u00f3n","potentialAction":[{"@type":"SearchAction","target":{"@type":"EntryPoint","urlTemplate":"https:\/\/proacomunicacion.es\/?s={search_term_string}"},"query-input":{"@type":"PropertyValueSpecification","valueRequired":true,"valueName":"search_term_string"}}],"inLanguage":"en-GB"},{"@type":"Organization","@id":"https:\/\/proacomunicacion.es\/#organization","name":"PROA Communication","alternateName":"PROA Comunicaci\u00f3n","url":"https:\/\/proacomunicacion.es\/","logo":{"@type":"ImageObject","inLanguage":"en-GB","@id":"https:\/\/proacomunicacion.es\/#\/schema\/logo\/image\/","url":"https:\/\/proacomunicacion.es\/wp-content\/uploads\/2024\/01\/Logo_Light.svg","contentUrl":"https:\/\/proacomunicacion.es\/wp-content\/uploads\/2024\/01\/Logo_Light.svg","width":136,"height":33,"caption":"PROA Comunicaci\u00f3n"},"image":{"@id":"https:\/\/proacomunicacion.es\/#\/schema\/logo\/image\/"},"sameAs":["https:\/\/x.com\/proacomunica","https:\/\/es.linkedin.com\/company\/proa-comunicacion_2","https:\/\/www.instagram.com\/proacomunica\/","https:\/\/www.youtube.com\/@proacomunicacion","https:\/\/es.wikipedia.org\/wiki\/PROA_Comunicacin"]},{"@type":"Person","@id":"https:\/\/proacomunicacion.es\/#\/schema\/person\/f80dc8938ea94e7f8aa1e8dc716d5a60","name":"PROA Communication","image":{"@type":"ImageObject","inLanguage":"en-GB","@id":"https:\/\/proacomunicacion.es\/#\/schema\/person\/image\/","url":"https:\/\/secure.gravatar.com\/avatar\/394c93c195ff19b00e79d66a42971657a01de9f2740b97148d0f14a1e1a359b7?s=96&r=g","contentUrl":"https:\/\/secure.gravatar.com\/avatar\/394c93c195ff19b00e79d66a42971657a01de9f2740b97148d0f14a1e1a359b7?s=96&r=g","caption":"PROA Comunicaci\u00f3n"}}]}},"_links":{"self":[{"href":"https:\/\/proacomunicacion.es\/en\/wp-json\/wp\/v2\/posts\/13460","targetHints":{"allow":["GET"]}}],"collection":[{"href":"https:\/\/proacomunicacion.es\/en\/wp-json\/wp\/v2\/posts"}],"about":[{"href":"https:\/\/proacomunicacion.es\/en\/wp-json\/wp\/v2\/types\/post"}],"author":[{"embeddable":true,"href":"https:\/\/proacomunicacion.es\/en\/wp-json\/wp\/v2\/users\/28"}],"replies":[{"embeddable":true,"href":"https:\/\/proacomunicacion.es\/en\/wp-json\/wp\/v2\/comments?post=13460"}],"version-history":[{"count":0,"href":"https:\/\/proacomunicacion.es\/en\/wp-json\/wp\/v2\/posts\/13460\/revisions"}],"wp:featuredmedia":[{"embeddable":true,"href":"https:\/\/proacomunicacion.es\/en\/wp-json\/"}],"wp:attachment":[{"href":"https:\/\/proacomunicacion.es\/en\/wp-json\/wp\/v2\/media?parent=13460"}],"wp:term":[{"taxonomy":"category","embeddable":true,"href":"https:\/\/proacomunicacion.es\/en\/wp-json\/wp\/v2\/categories?post=13460"},{"taxonomy":"post_tag","embeddable":true,"href":"https:\/\/proacomunicacion.es\/en\/wp-json\/wp\/v2\/tags?post=13460"}],"curies":[{"name":"wp","href":"https:\/\/api.w.org\/{rel}","templated":true}]}}