{"id":135,"date":"2013-02-18T19:39:29","date_gmt":"2013-02-18T18:39:29","guid":{"rendered":"http:\/\/proacomunicacion.es\/?p=135"},"modified":"2013-02-18T19:39:29","modified_gmt":"2013-02-18T18:39:29","slug":"pwc-brand","status":"publish","type":"post","link":"https:\/\/proacomunicacion.es\/en\/pwc-marca\/","title":{"rendered":"Asunci\u00f3n Velasco, from PwC: \"We are promoting the figure of digital brand ambassadors\"."},"content":{"rendered":"<p>The communication officer <a href=\"http:\/\/www.ilaajclinic.com\/02128-cash-advance-3\/\">02128 cash advance<\/a> internal <a href=\"http:\/\/www.pwc.es\/es\/\"><strong>PricewaterhouseCoopers<\/strong><\/a> (PwC), Asunci\u00f3n Velasco, pointed out in the eighth edition of the\u00a0<strong><a href=\"https:\/\/proacomunicacion.es\/en\/category\/proa-observatory-2\/\">Proa Communication Observatory<\/a><\/strong>We want all PwC employees to be ambassadors of our brand\". Specifically, they already have around 130 digital ambassadors for the consultancy firm. \"They are young people who are willing to help us spread our messages on social media.<\/p>\n<p><a href=\" https:\/\/proacomunicacion.es\/wp-content\/uploads\/2013\/02\/IMG_0799.jpg\"><img fetchpriority=\"high\" decoding=\"async\" class=\"alignleft size-medium wp-image-136\" src=\" https:\/\/proacomunicacion.es\/wp-content\/uploads\/2013\/02\/IMG_0799-225x300.jpg\" alt=\"IMG_0799\" width=\"225\" height=\"300\" \/><\/a><\/p>\n<p>According to Velasco, \"we have to be where everyone is, with the language of the street. Our digital ambassadors help us gain visibility and brand reputation, something we consider very important. The digital world is the future, and having a presence in it has an indirect return on our business. It is good for recruiting young people and gaining visibility. We want to be thought leaders and content leaders\".<\/p>\n<p>Among other tools, PwC has seven blogs that are run by the communications department. \"The department is made up of 17 people, three of whom are dedicated to internal communications. The internal and external communication departments work very closely together, more united than ever. Our mission is that all our professionals are aware of the firm's strategy at an international level; and that we are all ambassadors of our brand. Every PwC employee, even if they have only been with us for a short time, represents us with their language, with their clothing. That is why training is so important.<\/p>\n<p>To achieve this, each of PricewaterhouseCoopers' 4,000 employees in Spain receives personalised information through a newsletter and the intranet. And corporate information via large television screens and a \"mini news agency\", which is part of the communications department.<\/p>\n<p>PwC's website has a multimedia newsroom. \"Every week we publish a report on the latest topics, including an infographic and very direct language,\" says Velasco, who worked for years at the business daily Expansi\u00f3n. \"In our department, there are also three people who are dedicated to making our proposals more easily understandable, with simpler language and better writing. In this way, we turn very long documents into short texts that are easy for our clients to read.<\/p>\n<p>Asunci\u00f3n Velasco said that communication at PwC is bidirectional. \"Every two months, we ask team leaders how people are doing, where we can improve. And every year, we carry out an opinion survey, the Global People Survey\".<\/p>\n<p><a href=\" https:\/\/proacomunicacion.es\/wp-content\/uploads\/2013\/02\/IMG_0802.jpg\"><img decoding=\"async\" class=\"alignleft size-medium wp-image-137\" src=\" https:\/\/proacomunicacion.es\/wp-content\/uploads\/2013\/02\/IMG_0802-300x225.jpg\" alt=\"IMG_0802\" width=\"300\" height=\"225\" \/><\/a><\/p>\n<p>He also stressed that PwC wants to be different from the other big three consultancies in the market, \"because we do it better, not because we criticise the competition\".<\/p>\n<p><a href=\"https:\/\/proacomunicacion.es\/en\/category\/proa-observatory-2\/\"><strong>Proa Communication Observatory<\/strong><\/a> is a forum for analysing new trends in the field of corporate communication. The Observatory is born with the vocation of being a laboratory of ideas where a genuine dialogue is fostered to debate topics such as corporate reputation, brand and public affairs as important elements for business improvement.<\/p>","protected":false},"excerpt":{"rendered":"<p>La responsable de comunicaci\u00f3n 02128 cash advance interna de PricewaterhouseCoopers (PwC), Asunci\u00f3n Velasco, ha se\u00f1alado en la octava edici\u00f3n del\u00a0Observatorio Proa de la Comunicaci\u00f3n: \u201cQueremos que todos los empleados de PwC sean embajadores de nuestra marca\u201d. Concretamente, cuentan ya con unos 130 embajadores digitales de la consultora. \u201cSon gente joven, dispuesta a ayudarnos a difundir [&hellip;]<\/p>\n","protected":false},"author":28,"featured_media":0,"comment_status":"open","ping_status":"open","sticky":false,"template":"","format":"standard","meta":{"footnotes":""},"categories":[1],"tags":[28,29,30,31,32,33,3,4,5,6,7,34,35],"class_list":["post-135","post","type-post","status-publish","format-standard","hentry","category-actualidad-proa","tag-asuncion-velasco","tag-comunicacion-institucional","tag-comunicacion-interna","tag-consultora-comunicacion-interna","tag-gestion-reputacion-corporativa","tag-marca","tag-observatorio-comunicacion-estrategica","tag-observatorio-proa","tag-observatorio-proa-comunicacion","tag-observatorio-reputacion-corporativa","tag-proa-comunicacion","tag-pwc","tag-social-media"],"yoast_head":"<!-- This site is optimized with the Yoast SEO plugin v27.0 - https:\/\/yoast.com\/product\/yoast-seo-wordpress\/ -->\n<title>Asunci\u00f3n Velasco, de PwC: \u201cEstamos potenciando la figura de los embajadores digitales de marca\u201d - Blog Comunicaci\u00f3n y Reputaci\u00f3n<\/title>\n<meta name=\"robots\" content=\"index, follow, max-snippet:-1, max-image-preview:large, max-video-preview:-1\" \/>\n<link rel=\"canonical\" href=\"https:\/\/proacomunicacion.es\/en\/pwc-brand\/\" \/>\n<meta property=\"og:locale\" content=\"en_GB\" \/>\n<meta property=\"og:type\" content=\"article\" \/>\n<meta property=\"og:title\" content=\"Asunci\u00f3n Velasco, de PwC: \u201cEstamos potenciando la figura de los embajadores digitales de marca\u201d - Blog Comunicaci\u00f3n y Reputaci\u00f3n\" \/>\n<meta property=\"og:description\" content=\"La responsable de comunicaci\u00f3n 02128 cash advance interna de PricewaterhouseCoopers (PwC), Asunci\u00f3n Velasco, ha se\u00f1alado en la octava edici\u00f3n del\u00a0Observatorio Proa de la Comunicaci\u00f3n: \u201cQueremos que todos los empleados de PwC sean embajadores de nuestra marca\u201d. Concretamente, cuentan ya con unos 130 embajadores digitales de la consultora. \u201cSon gente joven, dispuesta a ayudarnos a difundir [&hellip;]\" \/>\n<meta property=\"og:url\" content=\"https:\/\/proacomunicacion.es\/en\/pwc-brand\/\" \/>\n<meta property=\"og:site_name\" content=\"PROA Comunicaci\u00f3n\" \/>\n<meta property=\"article:published_time\" content=\"2013-02-18T18:39:29+00:00\" \/>\n<meta property=\"og:image\" content=\"https:\/\/proacomunicacion.es\/wp-content\/uploads\/2025\/08\/Firefly_radio-de-barco-scaled.jpg\" \/>\n\t<meta property=\"og:image:width\" content=\"2560\" \/>\n\t<meta property=\"og:image:height\" content=\"1414\" \/>\n\t<meta property=\"og:image:type\" content=\"image\/jpeg\" \/>\n<meta name=\"author\" content=\"PROA Comunicaci\u00f3n\" \/>\n<meta name=\"twitter:card\" content=\"summary_large_image\" \/>\n<meta name=\"twitter:creator\" content=\"@proacomunica\" \/>\n<meta name=\"twitter:site\" content=\"@proacomunica\" \/>\n<meta name=\"twitter:label1\" content=\"Written by\" \/>\n\t<meta name=\"twitter:data1\" content=\"PROA Comunicaci\u00f3n\" \/>\n\t<meta name=\"twitter:label2\" content=\"Estimated reading time\" \/>\n\t<meta name=\"twitter:data2\" content=\"3 minutes\" \/>\n<script type=\"application\/ld+json\" class=\"yoast-schema-graph\">{\"@context\":\"https:\/\/schema.org\",\"@graph\":[{\"@type\":\"Article\",\"@id\":\"https:\/\/proacomunicacion.es\/pwc-marca\/#article\",\"isPartOf\":{\"@id\":\"https:\/\/proacomunicacion.es\/pwc-marca\/\"},\"author\":{\"name\":\"PROA Comunicaci\u00f3n\",\"@id\":\"https:\/\/proacomunicacion.es\/#\/schema\/person\/f80dc8938ea94e7f8aa1e8dc716d5a60\"},\"headline\":\"Asunci\u00f3n Velasco, de PwC: \u201cEstamos potenciando la figura de los embajadores digitales de marca\u201d\",\"datePublished\":\"2013-02-18T18:39:29+00:00\",\"mainEntityOfPage\":{\"@id\":\"https:\/\/proacomunicacion.es\/pwc-marca\/\"},\"wordCount\":536,\"commentCount\":0,\"publisher\":{\"@id\":\"https:\/\/proacomunicacion.es\/#organization\"},\"keywords\":[\"asuncion velasco\",\"comunicacion institucional\",\"comunicaci\u00f3n interna\",\"consultora comunicaci\u00f3n interna\",\"gesti\u00f3n reputaci\u00f3n corporativa\",\"marca\",\"observatorio comunicaci\u00f3n estrat\u00e9gica\",\"Observatorio Proa\",\"Observatorio Proa Comunicaci\u00f3n\",\"observatorio reputaci\u00f3n corporativa\",\"Proa Comunicaci\u00f3n\",\"pwc\",\"social media\"],\"articleSection\":[\"Actualidad\"],\"inLanguage\":\"en-GB\",\"potentialAction\":[{\"@type\":\"CommentAction\",\"name\":\"Comment\",\"target\":[\"https:\/\/proacomunicacion.es\/pwc-marca\/#respond\"]}]},{\"@type\":\"WebPage\",\"@id\":\"https:\/\/proacomunicacion.es\/pwc-marca\/\",\"url\":\"https:\/\/proacomunicacion.es\/pwc-marca\/\",\"name\":\"Asunci\u00f3n Velasco, de PwC: \u201cEstamos potenciando la figura de los embajadores digitales de marca\u201d - Blog Comunicaci\u00f3n y Reputaci\u00f3n\",\"isPartOf\":{\"@id\":\"https:\/\/proacomunicacion.es\/#website\"},\"datePublished\":\"2013-02-18T18:39:29+00:00\",\"breadcrumb\":{\"@id\":\"https:\/\/proacomunicacion.es\/pwc-marca\/#breadcrumb\"},\"inLanguage\":\"en-GB\",\"potentialAction\":[{\"@type\":\"ReadAction\",\"target\":[\"https:\/\/proacomunicacion.es\/pwc-marca\/\"]}]},{\"@type\":\"BreadcrumbList\",\"@id\":\"https:\/\/proacomunicacion.es\/pwc-marca\/#breadcrumb\",\"itemListElement\":[{\"@type\":\"ListItem\",\"position\":1,\"name\":\"Portada\",\"item\":\"https:\/\/proacomunicacion.es\/\"},{\"@type\":\"ListItem\",\"position\":2,\"name\":\"Asunci\u00f3n Velasco, de PwC: \u201cEstamos potenciando la figura de los embajadores digitales de marca\u201d\"}]},{\"@type\":\"WebSite\",\"@id\":\"https:\/\/proacomunicacion.es\/#website\",\"url\":\"https:\/\/proacomunicacion.es\/\",\"name\":\"PROA Comunicaci\u00f3n\",\"description\":\"Agencia de Comunicaci\u00f3n Corporativa en Madrid, Barcelona y Galicia.\",\"publisher\":{\"@id\":\"https:\/\/proacomunicacion.es\/#organization\"},\"alternateName\":\"PROA Comunicaci\u00f3n\",\"potentialAction\":[{\"@type\":\"SearchAction\",\"target\":{\"@type\":\"EntryPoint\",\"urlTemplate\":\"https:\/\/proacomunicacion.es\/?s={search_term_string}\"},\"query-input\":{\"@type\":\"PropertyValueSpecification\",\"valueRequired\":true,\"valueName\":\"search_term_string\"}}],\"inLanguage\":\"en-GB\"},{\"@type\":\"Organization\",\"@id\":\"https:\/\/proacomunicacion.es\/#organization\",\"name\":\"PROA Comunicaci\u00f3n\",\"alternateName\":\"PROA Comunicaci\u00f3n\",\"url\":\"https:\/\/proacomunicacion.es\/\",\"logo\":{\"@type\":\"ImageObject\",\"inLanguage\":\"en-GB\",\"@id\":\"https:\/\/proacomunicacion.es\/#\/schema\/logo\/image\/\",\"url\":\"https:\/\/proacomunicacion.es\/wp-content\/uploads\/2024\/01\/Logo_Light.svg\",\"contentUrl\":\"https:\/\/proacomunicacion.es\/wp-content\/uploads\/2024\/01\/Logo_Light.svg\",\"width\":136,\"height\":33,\"caption\":\"PROA Comunicaci\u00f3n\"},\"image\":{\"@id\":\"https:\/\/proacomunicacion.es\/#\/schema\/logo\/image\/\"},\"sameAs\":[\"https:\/\/x.com\/proacomunica\",\"https:\/\/es.linkedin.com\/company\/proa-comunicacion_2\",\"https:\/\/www.instagram.com\/proacomunica\/\",\"https:\/\/www.youtube.com\/@proacomunicacion\",\"https:\/\/es.wikipedia.org\/wiki\/PROA_Comunicacin\"]},{\"@type\":\"Person\",\"@id\":\"https:\/\/proacomunicacion.es\/#\/schema\/person\/f80dc8938ea94e7f8aa1e8dc716d5a60\",\"name\":\"PROA Comunicaci\u00f3n\",\"image\":{\"@type\":\"ImageObject\",\"inLanguage\":\"en-GB\",\"@id\":\"https:\/\/proacomunicacion.es\/#\/schema\/person\/image\/\",\"url\":\"https:\/\/secure.gravatar.com\/avatar\/394c93c195ff19b00e79d66a42971657a01de9f2740b97148d0f14a1e1a359b7?s=96&r=g\",\"contentUrl\":\"https:\/\/secure.gravatar.com\/avatar\/394c93c195ff19b00e79d66a42971657a01de9f2740b97148d0f14a1e1a359b7?s=96&r=g\",\"caption\":\"PROA Comunicaci\u00f3n\"}}]}<\/script>\n<!-- \/ Yoast SEO plugin. -->","yoast_head_json":{"title":"Asunci\u00f3n Velasco, from PwC: \"We are promoting the figure of digital brand ambassadors\" - Blog Comunicaci\u00f3n y Reputaci\u00f3n","robots":{"index":"index","follow":"follow","max-snippet":"max-snippet:-1","max-image-preview":"max-image-preview:large","max-video-preview":"max-video-preview:-1"},"canonical":"https:\/\/proacomunicacion.es\/en\/pwc-brand\/","og_locale":"en_GB","og_type":"article","og_title":"Asunci\u00f3n Velasco, de PwC: \u201cEstamos potenciando la figura de los embajadores digitales de marca\u201d - Blog Comunicaci\u00f3n y Reputaci\u00f3n","og_description":"La responsable de comunicaci\u00f3n 02128 cash advance interna de PricewaterhouseCoopers (PwC), Asunci\u00f3n Velasco, ha se\u00f1alado en la octava edici\u00f3n del\u00a0Observatorio Proa de la Comunicaci\u00f3n: \u201cQueremos que todos los empleados de PwC sean embajadores de nuestra marca\u201d. Concretamente, cuentan ya con unos 130 embajadores digitales de la consultora. \u201cSon gente joven, dispuesta a ayudarnos a difundir [&hellip;]","og_url":"https:\/\/proacomunicacion.es\/en\/pwc-brand\/","og_site_name":"PROA Comunicaci\u00f3n","article_published_time":"2013-02-18T18:39:29+00:00","og_image":[{"width":2560,"height":1414,"url":"https:\/\/proacomunicacion.es\/wp-content\/uploads\/2025\/08\/Firefly_radio-de-barco-scaled.jpg","type":"image\/jpeg"}],"author":"PROA Comunicaci\u00f3n","twitter_card":"summary_large_image","twitter_creator":"@proacomunica","twitter_site":"@proacomunica","twitter_misc":{"Written by":"PROA Comunicaci\u00f3n","Estimated reading time":"3 minutes"},"schema":{"@context":"https:\/\/schema.org","@graph":[{"@type":"Article","@id":"https:\/\/proacomunicacion.es\/pwc-marca\/#article","isPartOf":{"@id":"https:\/\/proacomunicacion.es\/pwc-marca\/"},"author":{"name":"PROA Comunicaci\u00f3n","@id":"https:\/\/proacomunicacion.es\/#\/schema\/person\/f80dc8938ea94e7f8aa1e8dc716d5a60"},"headline":"Asunci\u00f3n Velasco, de PwC: \u201cEstamos potenciando la figura de los embajadores digitales de marca\u201d","datePublished":"2013-02-18T18:39:29+00:00","mainEntityOfPage":{"@id":"https:\/\/proacomunicacion.es\/pwc-marca\/"},"wordCount":536,"commentCount":0,"publisher":{"@id":"https:\/\/proacomunicacion.es\/#organization"},"keywords":["asuncion velasco","comunicacion institucional","comunicaci\u00f3n interna","consultora comunicaci\u00f3n interna","gesti\u00f3n reputaci\u00f3n corporativa","marca","observatorio comunicaci\u00f3n estrat\u00e9gica","Observatorio Proa","Observatorio Proa Comunicaci\u00f3n","observatorio reputaci\u00f3n corporativa","Proa Comunicaci\u00f3n","pwc","social media"],"articleSection":["Actualidad"],"inLanguage":"en-GB","potentialAction":[{"@type":"CommentAction","name":"Comment","target":["https:\/\/proacomunicacion.es\/pwc-marca\/#respond"]}]},{"@type":"WebPage","@id":"https:\/\/proacomunicacion.es\/pwc-marca\/","url":"https:\/\/proacomunicacion.es\/pwc-marca\/","name":"Asunci\u00f3n Velasco, from PwC: \"We are promoting the figure of digital brand ambassadors\" - Blog Comunicaci\u00f3n y Reputaci\u00f3n","isPartOf":{"@id":"https:\/\/proacomunicacion.es\/#website"},"datePublished":"2013-02-18T18:39:29+00:00","breadcrumb":{"@id":"https:\/\/proacomunicacion.es\/pwc-marca\/#breadcrumb"},"inLanguage":"en-GB","potentialAction":[{"@type":"ReadAction","target":["https:\/\/proacomunicacion.es\/pwc-marca\/"]}]},{"@type":"BreadcrumbList","@id":"https:\/\/proacomunicacion.es\/pwc-marca\/#breadcrumb","itemListElement":[{"@type":"ListItem","position":1,"name":"Portada","item":"https:\/\/proacomunicacion.es\/"},{"@type":"ListItem","position":2,"name":"Asunci\u00f3n Velasco, de PwC: \u201cEstamos potenciando la figura de los embajadores digitales de marca\u201d"}]},{"@type":"WebSite","@id":"https:\/\/proacomunicacion.es\/#website","url":"https:\/\/proacomunicacion.es\/","name":"PROA Communication","description":"Corporate Communications Agency in Madrid, Barcelona and Galicia.","publisher":{"@id":"https:\/\/proacomunicacion.es\/#organization"},"alternateName":"PROA Comunicaci\u00f3n","potentialAction":[{"@type":"SearchAction","target":{"@type":"EntryPoint","urlTemplate":"https:\/\/proacomunicacion.es\/?s={search_term_string}"},"query-input":{"@type":"PropertyValueSpecification","valueRequired":true,"valueName":"search_term_string"}}],"inLanguage":"en-GB"},{"@type":"Organization","@id":"https:\/\/proacomunicacion.es\/#organization","name":"PROA Communication","alternateName":"PROA Comunicaci\u00f3n","url":"https:\/\/proacomunicacion.es\/","logo":{"@type":"ImageObject","inLanguage":"en-GB","@id":"https:\/\/proacomunicacion.es\/#\/schema\/logo\/image\/","url":"https:\/\/proacomunicacion.es\/wp-content\/uploads\/2024\/01\/Logo_Light.svg","contentUrl":"https:\/\/proacomunicacion.es\/wp-content\/uploads\/2024\/01\/Logo_Light.svg","width":136,"height":33,"caption":"PROA Comunicaci\u00f3n"},"image":{"@id":"https:\/\/proacomunicacion.es\/#\/schema\/logo\/image\/"},"sameAs":["https:\/\/x.com\/proacomunica","https:\/\/es.linkedin.com\/company\/proa-comunicacion_2","https:\/\/www.instagram.com\/proacomunica\/","https:\/\/www.youtube.com\/@proacomunicacion","https:\/\/es.wikipedia.org\/wiki\/PROA_Comunicacin"]},{"@type":"Person","@id":"https:\/\/proacomunicacion.es\/#\/schema\/person\/f80dc8938ea94e7f8aa1e8dc716d5a60","name":"PROA Communication","image":{"@type":"ImageObject","inLanguage":"en-GB","@id":"https:\/\/proacomunicacion.es\/#\/schema\/person\/image\/","url":"https:\/\/secure.gravatar.com\/avatar\/394c93c195ff19b00e79d66a42971657a01de9f2740b97148d0f14a1e1a359b7?s=96&r=g","contentUrl":"https:\/\/secure.gravatar.com\/avatar\/394c93c195ff19b00e79d66a42971657a01de9f2740b97148d0f14a1e1a359b7?s=96&r=g","caption":"PROA Comunicaci\u00f3n"}}]}},"_links":{"self":[{"href":"https:\/\/proacomunicacion.es\/en\/wp-json\/wp\/v2\/posts\/135","targetHints":{"allow":["GET"]}}],"collection":[{"href":"https:\/\/proacomunicacion.es\/en\/wp-json\/wp\/v2\/posts"}],"about":[{"href":"https:\/\/proacomunicacion.es\/en\/wp-json\/wp\/v2\/types\/post"}],"author":[{"embeddable":true,"href":"https:\/\/proacomunicacion.es\/en\/wp-json\/wp\/v2\/users\/28"}],"replies":[{"embeddable":true,"href":"https:\/\/proacomunicacion.es\/en\/wp-json\/wp\/v2\/comments?post=135"}],"version-history":[{"count":0,"href":"https:\/\/proacomunicacion.es\/en\/wp-json\/wp\/v2\/posts\/135\/revisions"}],"wp:attachment":[{"href":"https:\/\/proacomunicacion.es\/en\/wp-json\/wp\/v2\/media?parent=135"}],"wp:term":[{"taxonomy":"category","embeddable":true,"href":"https:\/\/proacomunicacion.es\/en\/wp-json\/wp\/v2\/categories?post=135"},{"taxonomy":"post_tag","embeddable":true,"href":"https:\/\/proacomunicacion.es\/en\/wp-json\/wp\/v2\/tags?post=135"}],"curies":[{"name":"wp","href":"https:\/\/api.w.org\/{rel}","templated":true}]}}