{"id":15120,"date":"2019-11-06T13:58:08","date_gmt":"2019-11-06T12:58:08","guid":{"rendered":"https:\/\/proacomunicacion.es\/?p=15120"},"modified":"2019-11-06T13:58:08","modified_gmt":"2019-11-06T12:58:08","slug":"proa-comunicacion-organizes-the-i-national-congress-of-resilience","status":"publish","type":"post","link":"https:\/\/proacomunicacion.es\/en\/proa-comunicacion-organizes-the-i-national-congress-of-resilience\/","title":{"rendered":"Proa Comunicaci\u00f3n organises the I National Congress of Resilience"},"content":{"rendered":"<p>Proa Comunicaci\u00f3n organised the <a href=\"http:\/\/resiliencia-ier.es\/icongresonacionalderesiliencia\/#tab-id-1\">1st National Congress on Resilience<\/a> (First National Resilience Conference) that will take place November 14 at the Fundaci\u00f3n Areces in Madrid. It will last for two days and was launched by the Spanish Institute of Resilience (IER), an organisation whose mission is to promote resilience in individuals.<\/p>\n<p>The first day of this conference takes place in person. It will mainly focus on the scientific contributions and some conceptual considerations, as well as personal experiences that serve as examples and that have been previously evaluated by the jury of the Resilience Award. On the other hand, the second day, which will take place online, will search through videos and communications to expose some of the most important resilient projects. This online modality will allow anyone who is interested to participate but cannot travel to participate.<\/p>\n<p>To access the full program of speakers and round tables follow this <a href=\"http:\/\/resiliencia-ier.es\/icongresonacionalderesiliencia\/#tab-id-3\">link<\/a>.<\/p>","protected":false},"excerpt":{"rendered":"<p>Proa Comunicaci\u00f3n organized the I Congreso Nacional de Resiliencia (First National Resilience Conference) that will take place November 14 at the Fundaci\u00f3n Areces in Madrid. It will last for two days and was launched by the Spanish Institute of Resilience (IER), an organization whose mission is to promote resilience in individuals. The first day of [&hellip;]<\/p>\n","protected":false},"author":28,"featured_media":15051,"comment_status":"closed","ping_status":"closed","sticky":false,"template":"","format":"standard","meta":{"footnotes":""},"categories":[1],"tags":[1461,202,1462,1463,873],"class_list":["post-15120","post","type-post","status-publish","format-standard","has-post-thumbnail","hentry","category-actualidad-proa","tag-conferences","tag-proa-comunicacion-en","tag-resilience","tag-sciene","tag-speakers"],"yoast_head":"<!-- This site is optimized with the Yoast SEO plugin v27.0 - https:\/\/yoast.com\/product\/yoast-seo-wordpress\/ -->\n<title>Proa Comunicaci\u00f3n organizes the I National Congress of Resilience - PROA Comunicaci\u00f3n<\/title>\n<meta name=\"description\" content=\"Proa Comunicaci\u00f3n organized the first Resilience Conference to take place November 14 with editions both online and in person.\" \/>\n<meta name=\"robots\" content=\"index, follow, max-snippet:-1, max-image-preview:large, max-video-preview:-1\" \/>\n<link rel=\"canonical\" href=\"https:\/\/proacomunicacion.es\/en\/proa-comunicacion-organizes-the-i-national-congress-of-resilience\/\" \/>\n<meta property=\"og:locale\" content=\"en_GB\" \/>\n<meta property=\"og:type\" content=\"article\" \/>\n<meta property=\"og:title\" content=\"Proa Comunicaci\u00f3n organizes the I National Congress of Resilience - PROA Comunicaci\u00f3n\" \/>\n<meta property=\"og:description\" content=\"Proa Comunicaci\u00f3n organized the first Resilience Conference to take place November 14 with editions both online and in person.\" \/>\n<meta property=\"og:url\" content=\"https:\/\/proacomunicacion.es\/en\/proa-comunicacion-organizes-the-i-national-congress-of-resilience\/\" \/>\n<meta property=\"og:site_name\" content=\"PROA Comunicaci\u00f3n\" \/>\n<meta property=\"article:published_time\" content=\"2019-11-06T12:58:08+00:00\" \/>\n<meta property=\"og:image\" content=\"https:\/\/proacomunicacion.es\/wp-content\/uploads\/2025\/08\/Firefly_radio-de-barco-scaled.jpg\" \/>\n\t<meta property=\"og:image:width\" content=\"2560\" \/>\n\t<meta property=\"og:image:height\" content=\"1414\" \/>\n\t<meta property=\"og:image:type\" content=\"image\/jpeg\" \/>\n<meta name=\"author\" content=\"PROA Comunicaci\u00f3n\" \/>\n<meta name=\"twitter:card\" content=\"summary_large_image\" \/>\n<meta name=\"twitter:creator\" content=\"@proacomunica\" \/>\n<meta name=\"twitter:site\" content=\"@proacomunica\" \/>\n<meta name=\"twitter:label1\" content=\"Written by\" \/>\n\t<meta name=\"twitter:data1\" content=\"PROA Comunicaci\u00f3n\" \/>\n\t<meta name=\"twitter:label2\" content=\"Estimated reading time\" \/>\n\t<meta name=\"twitter:data2\" content=\"1 minute\" \/>\n<script type=\"application\/ld+json\" class=\"yoast-schema-graph\">{\"@context\":\"https:\/\/schema.org\",\"@graph\":[{\"@type\":\"Article\",\"@id\":\"https:\/\/proacomunicacion.es\/proa-comunicacion-organizes-the-i-national-congress-of-resilience\/#article\",\"isPartOf\":{\"@id\":\"https:\/\/proacomunicacion.es\/proa-comunicacion-organizes-the-i-national-congress-of-resilience\/\"},\"author\":{\"name\":\"PROA Comunicaci\u00f3n\",\"@id\":\"https:\/\/proacomunicacion.es\/#\/schema\/person\/f80dc8938ea94e7f8aa1e8dc716d5a60\"},\"headline\":\"Proa Comunicaci\u00f3n organizes the I National Congress of Resilience\",\"datePublished\":\"2019-11-06T12:58:08+00:00\",\"mainEntityOfPage\":{\"@id\":\"https:\/\/proacomunicacion.es\/proa-comunicacion-organizes-the-i-national-congress-of-resilience\/\"},\"wordCount\":162,\"publisher\":{\"@id\":\"https:\/\/proacomunicacion.es\/#organization\"},\"image\":{\"@id\":\"https:\/\/proacomunicacion.es\/proa-comunicacion-organizes-the-i-national-congress-of-resilience\/#primaryimage\"},\"thumbnailUrl\":\"\",\"keywords\":[\"conferences\",\"Proa Comunicaci\u00f3n\",\"resilience\",\"sciene\",\"Speakers\"],\"articleSection\":[\"Actualidad\"],\"inLanguage\":\"en-GB\"},{\"@type\":\"WebPage\",\"@id\":\"https:\/\/proacomunicacion.es\/proa-comunicacion-organizes-the-i-national-congress-of-resilience\/\",\"url\":\"https:\/\/proacomunicacion.es\/proa-comunicacion-organizes-the-i-national-congress-of-resilience\/\",\"name\":\"Proa Comunicaci\u00f3n organizes the I National Congress of Resilience - PROA Comunicaci\u00f3n\",\"isPartOf\":{\"@id\":\"https:\/\/proacomunicacion.es\/#website\"},\"primaryImageOfPage\":{\"@id\":\"https:\/\/proacomunicacion.es\/proa-comunicacion-organizes-the-i-national-congress-of-resilience\/#primaryimage\"},\"image\":{\"@id\":\"https:\/\/proacomunicacion.es\/proa-comunicacion-organizes-the-i-national-congress-of-resilience\/#primaryimage\"},\"thumbnailUrl\":\"\",\"datePublished\":\"2019-11-06T12:58:08+00:00\",\"description\":\"Proa Comunicaci\u00f3n organized the first Resilience Conference to take place November 14 with editions both online and in person.\",\"breadcrumb\":{\"@id\":\"https:\/\/proacomunicacion.es\/proa-comunicacion-organizes-the-i-national-congress-of-resilience\/#breadcrumb\"},\"inLanguage\":\"en-GB\",\"potentialAction\":[{\"@type\":\"ReadAction\",\"target\":[\"https:\/\/proacomunicacion.es\/proa-comunicacion-organizes-the-i-national-congress-of-resilience\/\"]}]},{\"@type\":\"ImageObject\",\"inLanguage\":\"en-GB\",\"@id\":\"https:\/\/proacomunicacion.es\/proa-comunicacion-organizes-the-i-national-congress-of-resilience\/#primaryimage\",\"url\":\"\",\"contentUrl\":\"\"},{\"@type\":\"BreadcrumbList\",\"@id\":\"https:\/\/proacomunicacion.es\/proa-comunicacion-organizes-the-i-national-congress-of-resilience\/#breadcrumb\",\"itemListElement\":[{\"@type\":\"ListItem\",\"position\":1,\"name\":\"Portada\",\"item\":\"https:\/\/proacomunicacion.es\/\"},{\"@type\":\"ListItem\",\"position\":2,\"name\":\"Proa Comunicaci\u00f3n organizes the I National Congress of Resilience\"}]},{\"@type\":\"WebSite\",\"@id\":\"https:\/\/proacomunicacion.es\/#website\",\"url\":\"https:\/\/proacomunicacion.es\/\",\"name\":\"PROA Comunicaci\u00f3n\",\"description\":\"Agencia de Comunicaci\u00f3n Corporativa en Madrid, Barcelona y Galicia.\",\"publisher\":{\"@id\":\"https:\/\/proacomunicacion.es\/#organization\"},\"alternateName\":\"PROA Comunicaci\u00f3n\",\"potentialAction\":[{\"@type\":\"SearchAction\",\"target\":{\"@type\":\"EntryPoint\",\"urlTemplate\":\"https:\/\/proacomunicacion.es\/?s={search_term_string}\"},\"query-input\":{\"@type\":\"PropertyValueSpecification\",\"valueRequired\":true,\"valueName\":\"search_term_string\"}}],\"inLanguage\":\"en-GB\"},{\"@type\":\"Organization\",\"@id\":\"https:\/\/proacomunicacion.es\/#organization\",\"name\":\"PROA Comunicaci\u00f3n\",\"alternateName\":\"PROA Comunicaci\u00f3n\",\"url\":\"https:\/\/proacomunicacion.es\/\",\"logo\":{\"@type\":\"ImageObject\",\"inLanguage\":\"en-GB\",\"@id\":\"https:\/\/proacomunicacion.es\/#\/schema\/logo\/image\/\",\"url\":\"https:\/\/proacomunicacion.es\/wp-content\/uploads\/2024\/01\/Logo_Light.svg\",\"contentUrl\":\"https:\/\/proacomunicacion.es\/wp-content\/uploads\/2024\/01\/Logo_Light.svg\",\"width\":136,\"height\":33,\"caption\":\"PROA Comunicaci\u00f3n\"},\"image\":{\"@id\":\"https:\/\/proacomunicacion.es\/#\/schema\/logo\/image\/\"},\"sameAs\":[\"https:\/\/x.com\/proacomunica\",\"https:\/\/es.linkedin.com\/company\/proa-comunicacion_2\",\"https:\/\/www.instagram.com\/proacomunica\/\",\"https:\/\/www.youtube.com\/@proacomunicacion\",\"https:\/\/es.wikipedia.org\/wiki\/PROA_Comunicacin\"]},{\"@type\":\"Person\",\"@id\":\"https:\/\/proacomunicacion.es\/#\/schema\/person\/f80dc8938ea94e7f8aa1e8dc716d5a60\",\"name\":\"PROA Comunicaci\u00f3n\",\"image\":{\"@type\":\"ImageObject\",\"inLanguage\":\"en-GB\",\"@id\":\"https:\/\/proacomunicacion.es\/#\/schema\/person\/image\/\",\"url\":\"https:\/\/secure.gravatar.com\/avatar\/394c93c195ff19b00e79d66a42971657a01de9f2740b97148d0f14a1e1a359b7?s=96&r=g\",\"contentUrl\":\"https:\/\/secure.gravatar.com\/avatar\/394c93c195ff19b00e79d66a42971657a01de9f2740b97148d0f14a1e1a359b7?s=96&r=g\",\"caption\":\"PROA Comunicaci\u00f3n\"}}]}<\/script>\n<!-- \/ Yoast SEO plugin. -->","yoast_head_json":{"title":"Proa Comunicaci\u00f3n organizes the I National Congress of Resilience - PROA Comunicaci\u00f3n","description":"Proa Comunicaci\u00f3n organised the first Resilience Conference to take place November 14 with editions both online and in person.","robots":{"index":"index","follow":"follow","max-snippet":"max-snippet:-1","max-image-preview":"max-image-preview:large","max-video-preview":"max-video-preview:-1"},"canonical":"https:\/\/proacomunicacion.es\/en\/proa-comunicacion-organizes-the-i-national-congress-of-resilience\/","og_locale":"en_GB","og_type":"article","og_title":"Proa Comunicaci\u00f3n organizes the I National Congress of Resilience - PROA Comunicaci\u00f3n","og_description":"Proa Comunicaci\u00f3n organized the first Resilience Conference to take place November 14 with editions both online and in person.","og_url":"https:\/\/proacomunicacion.es\/en\/proa-comunicacion-organizes-the-i-national-congress-of-resilience\/","og_site_name":"PROA Comunicaci\u00f3n","article_published_time":"2019-11-06T12:58:08+00:00","og_image":[{"width":2560,"height":1414,"url":"https:\/\/proacomunicacion.es\/wp-content\/uploads\/2025\/08\/Firefly_radio-de-barco-scaled.jpg","type":"image\/jpeg"}],"author":"PROA Comunicaci\u00f3n","twitter_card":"summary_large_image","twitter_creator":"@proacomunica","twitter_site":"@proacomunica","twitter_misc":{"Written by":"PROA Comunicaci\u00f3n","Estimated reading time":"1 minute"},"schema":{"@context":"https:\/\/schema.org","@graph":[{"@type":"Article","@id":"https:\/\/proacomunicacion.es\/proa-comunicacion-organizes-the-i-national-congress-of-resilience\/#article","isPartOf":{"@id":"https:\/\/proacomunicacion.es\/proa-comunicacion-organizes-the-i-national-congress-of-resilience\/"},"author":{"name":"PROA Comunicaci\u00f3n","@id":"https:\/\/proacomunicacion.es\/#\/schema\/person\/f80dc8938ea94e7f8aa1e8dc716d5a60"},"headline":"Proa Comunicaci\u00f3n organizes the I National Congress of Resilience","datePublished":"2019-11-06T12:58:08+00:00","mainEntityOfPage":{"@id":"https:\/\/proacomunicacion.es\/proa-comunicacion-organizes-the-i-national-congress-of-resilience\/"},"wordCount":162,"publisher":{"@id":"https:\/\/proacomunicacion.es\/#organization"},"image":{"@id":"https:\/\/proacomunicacion.es\/proa-comunicacion-organizes-the-i-national-congress-of-resilience\/#primaryimage"},"thumbnailUrl":"","keywords":["conferences","Proa Comunicaci\u00f3n","resilience","sciene","Speakers"],"articleSection":["Actualidad"],"inLanguage":"en-GB"},{"@type":"WebPage","@id":"https:\/\/proacomunicacion.es\/proa-comunicacion-organizes-the-i-national-congress-of-resilience\/","url":"https:\/\/proacomunicacion.es\/proa-comunicacion-organizes-the-i-national-congress-of-resilience\/","name":"Proa Comunicaci\u00f3n organizes the I National Congress of Resilience - PROA Comunicaci\u00f3n","isPartOf":{"@id":"https:\/\/proacomunicacion.es\/#website"},"primaryImageOfPage":{"@id":"https:\/\/proacomunicacion.es\/proa-comunicacion-organizes-the-i-national-congress-of-resilience\/#primaryimage"},"image":{"@id":"https:\/\/proacomunicacion.es\/proa-comunicacion-organizes-the-i-national-congress-of-resilience\/#primaryimage"},"thumbnailUrl":"","datePublished":"2019-11-06T12:58:08+00:00","description":"Proa Comunicaci\u00f3n organised the first Resilience Conference to take place November 14 with editions both online and in person.","breadcrumb":{"@id":"https:\/\/proacomunicacion.es\/proa-comunicacion-organizes-the-i-national-congress-of-resilience\/#breadcrumb"},"inLanguage":"en-GB","potentialAction":[{"@type":"ReadAction","target":["https:\/\/proacomunicacion.es\/proa-comunicacion-organizes-the-i-national-congress-of-resilience\/"]}]},{"@type":"ImageObject","inLanguage":"en-GB","@id":"https:\/\/proacomunicacion.es\/proa-comunicacion-organizes-the-i-national-congress-of-resilience\/#primaryimage","url":"","contentUrl":""},{"@type":"BreadcrumbList","@id":"https:\/\/proacomunicacion.es\/proa-comunicacion-organizes-the-i-national-congress-of-resilience\/#breadcrumb","itemListElement":[{"@type":"ListItem","position":1,"name":"Portada","item":"https:\/\/proacomunicacion.es\/"},{"@type":"ListItem","position":2,"name":"Proa Comunicaci\u00f3n organizes the I National Congress of Resilience"}]},{"@type":"WebSite","@id":"https:\/\/proacomunicacion.es\/#website","url":"https:\/\/proacomunicacion.es\/","name":"PROA Communication","description":"Corporate Communications Agency in Madrid, Barcelona and Galicia.","publisher":{"@id":"https:\/\/proacomunicacion.es\/#organization"},"alternateName":"PROA Comunicaci\u00f3n","potentialAction":[{"@type":"SearchAction","target":{"@type":"EntryPoint","urlTemplate":"https:\/\/proacomunicacion.es\/?s={search_term_string}"},"query-input":{"@type":"PropertyValueSpecification","valueRequired":true,"valueName":"search_term_string"}}],"inLanguage":"en-GB"},{"@type":"Organization","@id":"https:\/\/proacomunicacion.es\/#organization","name":"PROA Communication","alternateName":"PROA Comunicaci\u00f3n","url":"https:\/\/proacomunicacion.es\/","logo":{"@type":"ImageObject","inLanguage":"en-GB","@id":"https:\/\/proacomunicacion.es\/#\/schema\/logo\/image\/","url":"https:\/\/proacomunicacion.es\/wp-content\/uploads\/2024\/01\/Logo_Light.svg","contentUrl":"https:\/\/proacomunicacion.es\/wp-content\/uploads\/2024\/01\/Logo_Light.svg","width":136,"height":33,"caption":"PROA Comunicaci\u00f3n"},"image":{"@id":"https:\/\/proacomunicacion.es\/#\/schema\/logo\/image\/"},"sameAs":["https:\/\/x.com\/proacomunica","https:\/\/es.linkedin.com\/company\/proa-comunicacion_2","https:\/\/www.instagram.com\/proacomunica\/","https:\/\/www.youtube.com\/@proacomunicacion","https:\/\/es.wikipedia.org\/wiki\/PROA_Comunicacin"]},{"@type":"Person","@id":"https:\/\/proacomunicacion.es\/#\/schema\/person\/f80dc8938ea94e7f8aa1e8dc716d5a60","name":"PROA Communication","image":{"@type":"ImageObject","inLanguage":"en-GB","@id":"https:\/\/proacomunicacion.es\/#\/schema\/person\/image\/","url":"https:\/\/secure.gravatar.com\/avatar\/394c93c195ff19b00e79d66a42971657a01de9f2740b97148d0f14a1e1a359b7?s=96&r=g","contentUrl":"https:\/\/secure.gravatar.com\/avatar\/394c93c195ff19b00e79d66a42971657a01de9f2740b97148d0f14a1e1a359b7?s=96&r=g","caption":"PROA Comunicaci\u00f3n"}}]}},"_links":{"self":[{"href":"https:\/\/proacomunicacion.es\/en\/wp-json\/wp\/v2\/posts\/15120","targetHints":{"allow":["GET"]}}],"collection":[{"href":"https:\/\/proacomunicacion.es\/en\/wp-json\/wp\/v2\/posts"}],"about":[{"href":"https:\/\/proacomunicacion.es\/en\/wp-json\/wp\/v2\/types\/post"}],"author":[{"embeddable":true,"href":"https:\/\/proacomunicacion.es\/en\/wp-json\/wp\/v2\/users\/28"}],"replies":[{"embeddable":true,"href":"https:\/\/proacomunicacion.es\/en\/wp-json\/wp\/v2\/comments?post=15120"}],"version-history":[{"count":0,"href":"https:\/\/proacomunicacion.es\/en\/wp-json\/wp\/v2\/posts\/15120\/revisions"}],"wp:featuredmedia":[{"embeddable":true,"href":"https:\/\/proacomunicacion.es\/en\/wp-json\/"}],"wp:attachment":[{"href":"https:\/\/proacomunicacion.es\/en\/wp-json\/wp\/v2\/media?parent=15120"}],"wp:term":[{"taxonomy":"category","embeddable":true,"href":"https:\/\/proacomunicacion.es\/en\/wp-json\/wp\/v2\/categories?post=15120"},{"taxonomy":"post_tag","embeddable":true,"href":"https:\/\/proacomunicacion.es\/en\/wp-json\/wp\/v2\/tags?post=15120"}],"curies":[{"name":"wp","href":"https:\/\/api.w.org\/{rel}","templated":true}]}}