{"id":15367,"date":"2019-11-20T10:56:04","date_gmt":"2019-11-20T09:56:04","guid":{"rendered":"https:\/\/proacomunicacion.es\/?p=15367"},"modified":"2019-11-20T10:56:04","modified_gmt":"2019-11-20T09:56:04","slug":"elections-part-two","status":"publish","type":"post","link":"https:\/\/proacomunicacion.es\/en\/elecciones-segunda-parte\/","title":{"rendered":"Authoritarian leaders, progressive leaders"},"content":{"rendered":"<p><strong>Alexander the Great<\/strong> He made a direct attack on the Persian leader, who fled in panic and his army was scattered and fragmented. <strong>Hern\u00e1n Cort\u00e9s<\/strong> with only five horsemen charged Aztec Cihuac\u00f3atl, knocked him down with one thrust, and the army scattered. <strong>Tito<\/strong>The Marshal went on to another life and Yugoslavia fragmented; Saddam Hussein, liquidated, his people are still fighting among themselves. Franco died and we fragmented again, to this day. Dictatorship produces social fragmentation, because it does not count or eliminates those who do not agree with its vision.<\/p>\n<p>The authoritarian leader can bring together, for the moment, disparate forces present in any group, large or small; conflicting intentions, egoisms, forces of cohesion and dispersion while he is alive, then return to the previous fragmentation that has been latent.<\/p>\n<p>Each brain installed in its dogmatic fortress, with its unshakeable beliefs and opinions, its difficulty to think otherwise. Therefore, in any group, family, nation we find the human; a gathering of beings equal in emotional ambivalence, with automatic thoughts and actions without questioning, with love and hate, with the need to ignore or attack what is different, denying the \"sins\" of their leaders. This will not be changed by today's democracies. That we leave in the hands of emerging characters or movements in charge of actualising the existence of the enemy in order to vote against it. Managed, excited emotions are what make people explode, confront and destroy each other. They unhinge us, make us regressive, stop talking about politics with friends and family and ruptures, aggression, disqualification will appear. Their need to make a living from politics through disqualifications in the absence of programmes and deep understanding of what the nation needs has permeated society.<\/p>\n<p>The true leader, he foresees, he almost foresees the future, he is an integrator, he needs everyone. However, these people we have are all about winning elections, pissing people off and confronting them.<\/p>\n<p>There are tactics as old as humanity, awakening messianic hopes; they came together for universal Christianity, for planetary revolution, or as a progressive project. Another tactic employed in Spain, every day, is to point the finger at the enemy so that they feel they are attacked or threatened and join in the disqualifying project first and thereafter until they can reach the annihilation of the \"enemy\". Both tactics produce social depression, disenchantment and people who identify with these assumptions and the majority who become disillusioned and depressed.<\/p>\n<p>We are now \"lucky\" to have a progressive government. Those of us who are not will be confined behind a cordon sanitaire.<\/p>\n<p><strong>The progressive, declaring himself as such, has a brutal emotional force in this Spain.<\/strong>It is a moral accusation, a contempt for those of us who are not, it is used to create guilt, to exclude, it is the narcissist who believes he is superior, because of his category, his position, his class or because he is left-wing and progressive. Quite the opposite of a unifying project that we need.<\/p>\n<p>A good personality diagnosis is to know the effect that their language, their expressions, their presence have on us. If we feel we are without arguments, afraid, cornered, we are dealing with a psychopath or a pathological narcissist. In this case, the progressive government, formed by progressives with the patent that places them on the good, clean, ideal, honest side of history, with social programmes, with their corresponding necrophilia, with a good cleaning of street names of those undesirable, guilty ones, to place their good ones. This is all part of progressivism - not progress. Making a history that confirms their moral superiority, which they claim in its entirety. In such a way that I and my fellow citizens are left on the side of those who need a belt, or something to differentiate us, such as that we are right-wing and other less innocent epithets. It is the usual perverse trick, the heretics, the infidels, who unleashed tremendous social forces or the class traitors who ended up on the wall.<\/p>\n<p>It has been difficult to reach agreements because they hammer every day sowing differences, disqualifications, in the electoral processes, before and after. They cannot reach a pact with the right-wing and it is natural, they lack that superiority of pathological narcissist that turns into moral superiority.  We have a couple with self-interested love. Both give a clutch.<\/p>\n<p><strong>Elections as a solution<\/strong><\/p>\n<p>Now another election and then another election in which we will once again be reminded that there are good guys and bad guys and we will be divided, we will be pitted against each other. Therefore, a disease is being treated with a botched job: elections. They spend their days dividing, disqualifying, ignoring, and on some television channels stirring up division. Their brains, like Don Quixote's, don't care whether they are sheep or windmills; their readings, their left-wing creed, need them to be Saracens and giants. Quixote, in his omnipotence and his bookish intoxication, could only invent enemies of his stature. This is the addictive nature of some ideologies.<\/p>\n<p>In this work of sapping to keep us fragmented, the electoral results that we know are the result. I would say that it is a perverse lure, a need like that heroic knight to defend his ideals, without seeing the reality that we need, only the one that comes out of his ideology. We all know that they are in this corral of people playing cards-playing seats, while things happen that take us away from the tasks ahead of us and slow down our development as a People. It is the result of this brain we carry: a set of preserved primitive evolutionary experiments, of bungling, shortcuts and archaisms tending to evade complexity and pull ahead we need broad strokes, define enemies, remain seeing or feeling we are in the truth and other characteristics I have described in previous articles. Christian Salmon: <strong>\"A society driven by half-truths is heading for the abyss\".<\/strong>. There have been many in this election campaign, stories have been created to measure. \"Now Spain\" for now with the independentistas.<\/p>\n<p>Progressives in Nicaragua took power and created a state of repression and government aggression against the population. Another progressive in Colombia fragmented as here of good guys and bad guys. Ecuador has also exploded in the face of the progressive policies of left-wing governments; Cuba, Venezuela, a model for some of our young progressives, who have contributed to bring \"progress\" to the aforementioned nations.<\/p>\n<hr \/>\n<p style=\"text-align: justify;\"><a class=\"lightbox-added alignleft\" href=\"https:\/\/proacomunicacion.es\/wp-content\/uploads\/2019\/07\/piedrabuena.png\"><img decoding=\"async\" class=\"alignnone wp-image-13407 size-thumbnail\" src=\"https:\/\/proacomunicacion.es\/wp-content\/uploads\/2019\/07\/piedrabuena-80x80.png\" alt=\"\" width=\"80\" height=\"80\" \/><\/a><\/p>\n<p style=\"text-align: justify;\"><strong>Jos\u00e9 Antonio Rodr\u00edguez Piedrabuena\u00a0<\/strong><br \/>\nSpecialist in Psychiatry and Psychoanalysis<\/p>","protected":false},"excerpt":{"rendered":"<p>Alejandro Magno atac\u00f3 directamente al caudillo persa que huy\u00f3 espantado y su ej\u00e9rcito se dispers\u00f3, se fragment\u00f3. Hern\u00e1n Cort\u00e9s con solo cinco jinetes carg\u00f3 contra Cihuac\u00f3atl azteca, lo derrib\u00f3 de una lanzada y el ej\u00e9rcito se dispers\u00f3. Tito, el mariscal, se va a otra vida y Yugoslavia se fragment\u00f3; Sadam Hussein, liquidado, su pueblo sigue [&hellip;]<\/p>\n","protected":false},"author":28,"featured_media":15376,"comment_status":"closed","ping_status":"closed","sticky":false,"template":"","format":"standard","meta":{"footnotes":""},"categories":[176],"tags":[45,1187,501,46],"class_list":["post-15367","post","type-post","status-publish","format-standard","has-post-thumbnail","hentry","category-blog","tag-comunicacion-politica","tag-doctor-piedrabuena","tag-elecciones","tag-lideres-politicos"],"yoast_head":"<!-- This site is optimized with the Yoast SEO plugin v27.0 - https:\/\/yoast.com\/product\/yoast-seo-wordpress\/ -->\n<title>L\u00edderes autoritarios, l\u00edderes progresistas: An\u00e1lisis de Dr. Piedrabuena<\/title>\n<meta name=\"description\" content=\"Doctor Piedrabuena alaliza las elecciones en espa\u00f1a y el comportamiento y personalidades de los pol\u00edticos.\" \/>\n<meta name=\"robots\" content=\"index, follow, max-snippet:-1, max-image-preview:large, max-video-preview:-1\" \/>\n<link rel=\"canonical\" href=\"https:\/\/proacomunicacion.es\/en\/elections-part-two\/\" \/>\n<meta property=\"og:locale\" content=\"en_GB\" \/>\n<meta property=\"og:type\" content=\"article\" \/>\n<meta property=\"og:title\" content=\"L\u00edderes autoritarios, l\u00edderes progresistas: An\u00e1lisis de Dr. Piedrabuena\" \/>\n<meta property=\"og:description\" content=\"Doctor Piedrabuena alaliza las elecciones en espa\u00f1a y el comportamiento y personalidades de los pol\u00edticos.\" \/>\n<meta property=\"og:url\" content=\"https:\/\/proacomunicacion.es\/en\/elections-part-two\/\" \/>\n<meta property=\"og:site_name\" content=\"PROA Comunicaci\u00f3n\" \/>\n<meta property=\"article:published_time\" content=\"2019-11-20T09:56:04+00:00\" \/>\n<meta property=\"og:image\" content=\"https:\/\/proacomunicacion.es\/wp-content\/uploads\/2025\/08\/Firefly_radio-de-barco-scaled.jpg\" \/>\n\t<meta property=\"og:image:width\" content=\"2560\" \/>\n\t<meta property=\"og:image:height\" content=\"1414\" \/>\n\t<meta property=\"og:image:type\" content=\"image\/jpeg\" \/>\n<meta name=\"author\" content=\"PROA Comunicaci\u00f3n\" \/>\n<meta name=\"twitter:card\" content=\"summary_large_image\" \/>\n<meta name=\"twitter:creator\" content=\"@proacomunica\" \/>\n<meta name=\"twitter:site\" content=\"@proacomunica\" \/>\n<meta name=\"twitter:label1\" content=\"Written by\" \/>\n\t<meta name=\"twitter:data1\" content=\"PROA Comunicaci\u00f3n\" \/>\n\t<meta name=\"twitter:label2\" content=\"Estimated reading time\" \/>\n\t<meta name=\"twitter:data2\" content=\"6 minutes\" \/>\n<script type=\"application\/ld+json\" class=\"yoast-schema-graph\">{\"@context\":\"https:\/\/schema.org\",\"@graph\":[{\"@type\":\"Article\",\"@id\":\"https:\/\/proacomunicacion.es\/elecciones-segunda-parte\/#article\",\"isPartOf\":{\"@id\":\"https:\/\/proacomunicacion.es\/elecciones-segunda-parte\/\"},\"author\":{\"name\":\"PROA Comunicaci\u00f3n\",\"@id\":\"https:\/\/proacomunicacion.es\/#\/schema\/person\/f80dc8938ea94e7f8aa1e8dc716d5a60\"},\"headline\":\"L\u00edderes autoritarios, l\u00edderes progresistas\",\"datePublished\":\"2019-11-20T09:56:04+00:00\",\"mainEntityOfPage\":{\"@id\":\"https:\/\/proacomunicacion.es\/elecciones-segunda-parte\/\"},\"wordCount\":1137,\"publisher\":{\"@id\":\"https:\/\/proacomunicacion.es\/#organization\"},\"image\":{\"@id\":\"https:\/\/proacomunicacion.es\/elecciones-segunda-parte\/#primaryimage\"},\"thumbnailUrl\":\"\",\"keywords\":[\"comunicaci\u00f3n pol\u00edtica\",\"doctor piedrabuena\",\"elecciones\",\"l\u00edderes pol\u00edticos\"],\"articleSection\":[\"Blog\"],\"inLanguage\":\"en-GB\"},{\"@type\":\"WebPage\",\"@id\":\"https:\/\/proacomunicacion.es\/elecciones-segunda-parte\/\",\"url\":\"https:\/\/proacomunicacion.es\/elecciones-segunda-parte\/\",\"name\":\"L\u00edderes autoritarios, l\u00edderes progresistas: An\u00e1lisis de Dr. Piedrabuena\",\"isPartOf\":{\"@id\":\"https:\/\/proacomunicacion.es\/#website\"},\"primaryImageOfPage\":{\"@id\":\"https:\/\/proacomunicacion.es\/elecciones-segunda-parte\/#primaryimage\"},\"image\":{\"@id\":\"https:\/\/proacomunicacion.es\/elecciones-segunda-parte\/#primaryimage\"},\"thumbnailUrl\":\"\",\"datePublished\":\"2019-11-20T09:56:04+00:00\",\"description\":\"Doctor Piedrabuena alaliza las elecciones en espa\u00f1a y el comportamiento y personalidades de los pol\u00edticos.\",\"breadcrumb\":{\"@id\":\"https:\/\/proacomunicacion.es\/elecciones-segunda-parte\/#breadcrumb\"},\"inLanguage\":\"en-GB\",\"potentialAction\":[{\"@type\":\"ReadAction\",\"target\":[\"https:\/\/proacomunicacion.es\/elecciones-segunda-parte\/\"]}]},{\"@type\":\"ImageObject\",\"inLanguage\":\"en-GB\",\"@id\":\"https:\/\/proacomunicacion.es\/elecciones-segunda-parte\/#primaryimage\",\"url\":\"\",\"contentUrl\":\"\"},{\"@type\":\"BreadcrumbList\",\"@id\":\"https:\/\/proacomunicacion.es\/elecciones-segunda-parte\/#breadcrumb\",\"itemListElement\":[{\"@type\":\"ListItem\",\"position\":1,\"name\":\"Portada\",\"item\":\"https:\/\/proacomunicacion.es\/\"},{\"@type\":\"ListItem\",\"position\":2,\"name\":\"L\u00edderes autoritarios, l\u00edderes progresistas\"}]},{\"@type\":\"WebSite\",\"@id\":\"https:\/\/proacomunicacion.es\/#website\",\"url\":\"https:\/\/proacomunicacion.es\/\",\"name\":\"PROA Comunicaci\u00f3n\",\"description\":\"Agencia de Comunicaci\u00f3n Corporativa en Madrid, Barcelona y Galicia.\",\"publisher\":{\"@id\":\"https:\/\/proacomunicacion.es\/#organization\"},\"alternateName\":\"PROA Comunicaci\u00f3n\",\"potentialAction\":[{\"@type\":\"SearchAction\",\"target\":{\"@type\":\"EntryPoint\",\"urlTemplate\":\"https:\/\/proacomunicacion.es\/?s={search_term_string}\"},\"query-input\":{\"@type\":\"PropertyValueSpecification\",\"valueRequired\":true,\"valueName\":\"search_term_string\"}}],\"inLanguage\":\"en-GB\"},{\"@type\":\"Organization\",\"@id\":\"https:\/\/proacomunicacion.es\/#organization\",\"name\":\"PROA Comunicaci\u00f3n\",\"alternateName\":\"PROA Comunicaci\u00f3n\",\"url\":\"https:\/\/proacomunicacion.es\/\",\"logo\":{\"@type\":\"ImageObject\",\"inLanguage\":\"en-GB\",\"@id\":\"https:\/\/proacomunicacion.es\/#\/schema\/logo\/image\/\",\"url\":\"https:\/\/proacomunicacion.es\/wp-content\/uploads\/2024\/01\/Logo_Light.svg\",\"contentUrl\":\"https:\/\/proacomunicacion.es\/wp-content\/uploads\/2024\/01\/Logo_Light.svg\",\"width\":136,\"height\":33,\"caption\":\"PROA Comunicaci\u00f3n\"},\"image\":{\"@id\":\"https:\/\/proacomunicacion.es\/#\/schema\/logo\/image\/\"},\"sameAs\":[\"https:\/\/x.com\/proacomunica\",\"https:\/\/es.linkedin.com\/company\/proa-comunicacion_2\",\"https:\/\/www.instagram.com\/proacomunica\/\",\"https:\/\/www.youtube.com\/@proacomunicacion\",\"https:\/\/es.wikipedia.org\/wiki\/PROA_Comunicacin\"]},{\"@type\":\"Person\",\"@id\":\"https:\/\/proacomunicacion.es\/#\/schema\/person\/f80dc8938ea94e7f8aa1e8dc716d5a60\",\"name\":\"PROA Comunicaci\u00f3n\",\"image\":{\"@type\":\"ImageObject\",\"inLanguage\":\"en-GB\",\"@id\":\"https:\/\/proacomunicacion.es\/#\/schema\/person\/image\/\",\"url\":\"https:\/\/secure.gravatar.com\/avatar\/394c93c195ff19b00e79d66a42971657a01de9f2740b97148d0f14a1e1a359b7?s=96&r=g\",\"contentUrl\":\"https:\/\/secure.gravatar.com\/avatar\/394c93c195ff19b00e79d66a42971657a01de9f2740b97148d0f14a1e1a359b7?s=96&r=g\",\"caption\":\"PROA Comunicaci\u00f3n\"}}]}<\/script>\n<!-- \/ Yoast SEO plugin. -->","yoast_head_json":{"title":"Authoritarian Leaders, Progressive Leaders: Analysis by Dr. Piedrabuena","description":"Doctor Piedrabuena discusses the elections in Spain and the behaviour and personalities of politicians.","robots":{"index":"index","follow":"follow","max-snippet":"max-snippet:-1","max-image-preview":"max-image-preview:large","max-video-preview":"max-video-preview:-1"},"canonical":"https:\/\/proacomunicacion.es\/en\/elections-part-two\/","og_locale":"en_GB","og_type":"article","og_title":"L\u00edderes autoritarios, l\u00edderes progresistas: An\u00e1lisis de Dr. Piedrabuena","og_description":"Doctor Piedrabuena alaliza las elecciones en espa\u00f1a y el comportamiento y personalidades de los pol\u00edticos.","og_url":"https:\/\/proacomunicacion.es\/en\/elections-part-two\/","og_site_name":"PROA Comunicaci\u00f3n","article_published_time":"2019-11-20T09:56:04+00:00","og_image":[{"width":2560,"height":1414,"url":"https:\/\/proacomunicacion.es\/wp-content\/uploads\/2025\/08\/Firefly_radio-de-barco-scaled.jpg","type":"image\/jpeg"}],"author":"PROA Comunicaci\u00f3n","twitter_card":"summary_large_image","twitter_creator":"@proacomunica","twitter_site":"@proacomunica","twitter_misc":{"Written by":"PROA Comunicaci\u00f3n","Estimated reading time":"6 minutes"},"schema":{"@context":"https:\/\/schema.org","@graph":[{"@type":"Article","@id":"https:\/\/proacomunicacion.es\/elecciones-segunda-parte\/#article","isPartOf":{"@id":"https:\/\/proacomunicacion.es\/elecciones-segunda-parte\/"},"author":{"name":"PROA Comunicaci\u00f3n","@id":"https:\/\/proacomunicacion.es\/#\/schema\/person\/f80dc8938ea94e7f8aa1e8dc716d5a60"},"headline":"L\u00edderes autoritarios, l\u00edderes progresistas","datePublished":"2019-11-20T09:56:04+00:00","mainEntityOfPage":{"@id":"https:\/\/proacomunicacion.es\/elecciones-segunda-parte\/"},"wordCount":1137,"publisher":{"@id":"https:\/\/proacomunicacion.es\/#organization"},"image":{"@id":"https:\/\/proacomunicacion.es\/elecciones-segunda-parte\/#primaryimage"},"thumbnailUrl":"","keywords":["comunicaci\u00f3n pol\u00edtica","doctor piedrabuena","elecciones","l\u00edderes pol\u00edticos"],"articleSection":["Blog"],"inLanguage":"en-GB"},{"@type":"WebPage","@id":"https:\/\/proacomunicacion.es\/elecciones-segunda-parte\/","url":"https:\/\/proacomunicacion.es\/elecciones-segunda-parte\/","name":"Authoritarian Leaders, Progressive Leaders: Analysis by Dr. Piedrabuena","isPartOf":{"@id":"https:\/\/proacomunicacion.es\/#website"},"primaryImageOfPage":{"@id":"https:\/\/proacomunicacion.es\/elecciones-segunda-parte\/#primaryimage"},"image":{"@id":"https:\/\/proacomunicacion.es\/elecciones-segunda-parte\/#primaryimage"},"thumbnailUrl":"","datePublished":"2019-11-20T09:56:04+00:00","description":"Doctor Piedrabuena discusses the elections in Spain and the behaviour and personalities of politicians.","breadcrumb":{"@id":"https:\/\/proacomunicacion.es\/elecciones-segunda-parte\/#breadcrumb"},"inLanguage":"en-GB","potentialAction":[{"@type":"ReadAction","target":["https:\/\/proacomunicacion.es\/elecciones-segunda-parte\/"]}]},{"@type":"ImageObject","inLanguage":"en-GB","@id":"https:\/\/proacomunicacion.es\/elecciones-segunda-parte\/#primaryimage","url":"","contentUrl":""},{"@type":"BreadcrumbList","@id":"https:\/\/proacomunicacion.es\/elecciones-segunda-parte\/#breadcrumb","itemListElement":[{"@type":"ListItem","position":1,"name":"Portada","item":"https:\/\/proacomunicacion.es\/"},{"@type":"ListItem","position":2,"name":"L\u00edderes autoritarios, l\u00edderes progresistas"}]},{"@type":"WebSite","@id":"https:\/\/proacomunicacion.es\/#website","url":"https:\/\/proacomunicacion.es\/","name":"PROA Communication","description":"Corporate Communications Agency in Madrid, Barcelona and Galicia.","publisher":{"@id":"https:\/\/proacomunicacion.es\/#organization"},"alternateName":"PROA Comunicaci\u00f3n","potentialAction":[{"@type":"SearchAction","target":{"@type":"EntryPoint","urlTemplate":"https:\/\/proacomunicacion.es\/?s={search_term_string}"},"query-input":{"@type":"PropertyValueSpecification","valueRequired":true,"valueName":"search_term_string"}}],"inLanguage":"en-GB"},{"@type":"Organization","@id":"https:\/\/proacomunicacion.es\/#organization","name":"PROA Communication","alternateName":"PROA Comunicaci\u00f3n","url":"https:\/\/proacomunicacion.es\/","logo":{"@type":"ImageObject","inLanguage":"en-GB","@id":"https:\/\/proacomunicacion.es\/#\/schema\/logo\/image\/","url":"https:\/\/proacomunicacion.es\/wp-content\/uploads\/2024\/01\/Logo_Light.svg","contentUrl":"https:\/\/proacomunicacion.es\/wp-content\/uploads\/2024\/01\/Logo_Light.svg","width":136,"height":33,"caption":"PROA Comunicaci\u00f3n"},"image":{"@id":"https:\/\/proacomunicacion.es\/#\/schema\/logo\/image\/"},"sameAs":["https:\/\/x.com\/proacomunica","https:\/\/es.linkedin.com\/company\/proa-comunicacion_2","https:\/\/www.instagram.com\/proacomunica\/","https:\/\/www.youtube.com\/@proacomunicacion","https:\/\/es.wikipedia.org\/wiki\/PROA_Comunicacin"]},{"@type":"Person","@id":"https:\/\/proacomunicacion.es\/#\/schema\/person\/f80dc8938ea94e7f8aa1e8dc716d5a60","name":"PROA Communication","image":{"@type":"ImageObject","inLanguage":"en-GB","@id":"https:\/\/proacomunicacion.es\/#\/schema\/person\/image\/","url":"https:\/\/secure.gravatar.com\/avatar\/394c93c195ff19b00e79d66a42971657a01de9f2740b97148d0f14a1e1a359b7?s=96&r=g","contentUrl":"https:\/\/secure.gravatar.com\/avatar\/394c93c195ff19b00e79d66a42971657a01de9f2740b97148d0f14a1e1a359b7?s=96&r=g","caption":"PROA Comunicaci\u00f3n"}}]}},"_links":{"self":[{"href":"https:\/\/proacomunicacion.es\/en\/wp-json\/wp\/v2\/posts\/15367","targetHints":{"allow":["GET"]}}],"collection":[{"href":"https:\/\/proacomunicacion.es\/en\/wp-json\/wp\/v2\/posts"}],"about":[{"href":"https:\/\/proacomunicacion.es\/en\/wp-json\/wp\/v2\/types\/post"}],"author":[{"embeddable":true,"href":"https:\/\/proacomunicacion.es\/en\/wp-json\/wp\/v2\/users\/28"}],"replies":[{"embeddable":true,"href":"https:\/\/proacomunicacion.es\/en\/wp-json\/wp\/v2\/comments?post=15367"}],"version-history":[{"count":0,"href":"https:\/\/proacomunicacion.es\/en\/wp-json\/wp\/v2\/posts\/15367\/revisions"}],"wp:featuredmedia":[{"embeddable":true,"href":"https:\/\/proacomunicacion.es\/en\/wp-json\/"}],"wp:attachment":[{"href":"https:\/\/proacomunicacion.es\/en\/wp-json\/wp\/v2\/media?parent=15367"}],"wp:term":[{"taxonomy":"category","embeddable":true,"href":"https:\/\/proacomunicacion.es\/en\/wp-json\/wp\/v2\/categories?post=15367"},{"taxonomy":"post_tag","embeddable":true,"href":"https:\/\/proacomunicacion.es\/en\/wp-json\/wp\/v2\/tags?post=15367"}],"curies":[{"name":"wp","href":"https:\/\/api.w.org\/{rel}","templated":true}]}}