{"id":15501,"date":"2019-11-28T10:45:52","date_gmt":"2019-11-28T09:45:52","guid":{"rendered":"https:\/\/proacomunicacion.es\/?p=15501"},"modified":"2019-11-28T10:45:52","modified_gmt":"2019-11-28T09:45:52","slug":"digital-communication-director-moderates-a-debate-about-technology-and-inclusion","status":"publish","type":"post","link":"https:\/\/proacomunicacion.es\/en\/digital-communication-director-moderates-a-debate-about-technology-and-inclusion\/","title":{"rendered":"Digital Communication Director Moderates a Debate about Technology and Inclusion"},"content":{"rendered":"<p>Last Friday, the Director of Digital Communication at <strong>Proa Communication<\/strong>B\u00e1rbara Yuse, moderated a roundtable on technology and inclusion at the <strong>VI International WomanLiderTic Conference<\/strong>. <strong>Ana Gonz\u00e1lez Talav\u00e1n<\/strong> Director of Digital Services at Microsoft also participated in the event. Gonz\u00e1lez Talav\u00e1n presebted the case of <strong>Sandra Tim\u00f3n<\/strong>the first deaf and blind woman that worked at her company. She also won the National Youth Award in 2019 in the Social Commitment category.<\/p>\n<p>Gonz\u00e1lez Talav\u00e1n shared with B\u00e1rbara Yuste, who served as an interviewer, as the leader of a diverse and inclusive team and what it was like working with Sandra Tim\u00f3n everyday on her team. At the same time, she defended that any company can create a diverse team like this if it is proposed with a clear objective. But in her opinion, it is necessary that those responsible for the companies see inclusion and diversity as a business opportunity.<\/p>","protected":false},"excerpt":{"rendered":"<p>Last Friday, the Director of Digital Communication at Proa Comunicaci\u00f3n, B\u00e1rbara Yuse, moderated a roundtable on technology and inclusion at the VI International WomanLiderTic Conference. Ana Gonz\u00e1lez Talav\u00e1n Director of Digital Services at Microsoft also participated in the event. Gonz\u00e1lez Talav\u00e1n presebted the case of Sandra Tim\u00f3n, the first deaf and blind woman that worked [&hellip;]<\/p>\n","protected":false},"author":28,"featured_media":15492,"comment_status":"closed","ping_status":"closed","sticky":false,"template":"","format":"standard","meta":{"footnotes":""},"categories":[1],"tags":[1513,358,1514,1515,1516,1517,1518],"class_list":["post-15501","post","type-post","status-publish","format-standard","has-post-thumbnail","hentry","category-actualidad-proa","tag-ana-gonzalez-talavan-en","tag-barbara-yuste-en","tag-diversity","tag-inclusion-en","tag-microsoft-en","tag-sandra-timon-en","tag-tecnologia-en"],"yoast_head":"<!-- This site is optimized with the Yoast SEO plugin v27.0 - https:\/\/yoast.com\/product\/yoast-seo-wordpress\/ -->\n<title>Technology and Inclusion: a Debate on What Companies can do Better<\/title>\n<meta name=\"description\" content=\"The Director of Digital Communication at Proa moderated a debate on how companies can use technology to improve their inclusion policies.\" \/>\n<meta name=\"robots\" content=\"index, follow, max-snippet:-1, max-image-preview:large, max-video-preview:-1\" \/>\n<link rel=\"canonical\" href=\"https:\/\/proacomunicacion.es\/en\/digital-communication-director-moderates-a-debate-about-technology-and-inclusion\/\" \/>\n<meta property=\"og:locale\" content=\"en_GB\" \/>\n<meta property=\"og:type\" content=\"article\" \/>\n<meta property=\"og:title\" content=\"Technology and Inclusion: a Debate on What Companies can do Better\" \/>\n<meta property=\"og:description\" content=\"The Director of Digital Communication at Proa moderated a debate on how companies can use technology to improve their inclusion policies.\" \/>\n<meta property=\"og:url\" content=\"https:\/\/proacomunicacion.es\/en\/digital-communication-director-moderates-a-debate-about-technology-and-inclusion\/\" \/>\n<meta property=\"og:site_name\" content=\"PROA Comunicaci\u00f3n\" \/>\n<meta property=\"article:published_time\" content=\"2019-11-28T09:45:52+00:00\" \/>\n<meta property=\"og:image\" content=\"https:\/\/proacomunicacion.es\/wp-content\/uploads\/2025\/08\/Firefly_radio-de-barco-scaled.jpg\" \/>\n\t<meta property=\"og:image:width\" content=\"2560\" \/>\n\t<meta property=\"og:image:height\" content=\"1414\" \/>\n\t<meta property=\"og:image:type\" content=\"image\/jpeg\" \/>\n<meta name=\"author\" content=\"PROA Comunicaci\u00f3n\" \/>\n<meta name=\"twitter:card\" content=\"summary_large_image\" \/>\n<meta name=\"twitter:creator\" content=\"@proacomunica\" \/>\n<meta name=\"twitter:site\" content=\"@proacomunica\" \/>\n<meta name=\"twitter:label1\" content=\"Written by\" \/>\n\t<meta name=\"twitter:data1\" content=\"PROA Comunicaci\u00f3n\" \/>\n\t<meta name=\"twitter:label2\" content=\"Estimated reading time\" \/>\n\t<meta name=\"twitter:data2\" content=\"1 minute\" \/>\n<script type=\"application\/ld+json\" class=\"yoast-schema-graph\">{\"@context\":\"https:\/\/schema.org\",\"@graph\":[{\"@type\":\"Article\",\"@id\":\"https:\/\/proacomunicacion.es\/digital-communication-director-moderates-a-debate-about-technology-and-inclusion\/#article\",\"isPartOf\":{\"@id\":\"https:\/\/proacomunicacion.es\/digital-communication-director-moderates-a-debate-about-technology-and-inclusion\/\"},\"author\":{\"name\":\"PROA Comunicaci\u00f3n\",\"@id\":\"https:\/\/proacomunicacion.es\/#\/schema\/person\/f80dc8938ea94e7f8aa1e8dc716d5a60\"},\"headline\":\"Digital Communication Director Moderates a Debate about Technology and Inclusion\",\"datePublished\":\"2019-11-28T09:45:52+00:00\",\"mainEntityOfPage\":{\"@id\":\"https:\/\/proacomunicacion.es\/digital-communication-director-moderates-a-debate-about-technology-and-inclusion\/\"},\"wordCount\":170,\"publisher\":{\"@id\":\"https:\/\/proacomunicacion.es\/#organization\"},\"image\":{\"@id\":\"https:\/\/proacomunicacion.es\/digital-communication-director-moderates-a-debate-about-technology-and-inclusion\/#primaryimage\"},\"thumbnailUrl\":\"\",\"keywords\":[\"ana gonz\u00e1lez talav\u00e1n\",\"barbara yuste\",\"diversity\",\"inclusi\u00f3n\",\"microsoft\",\"sandra tim\u00f3n\",\"Tecnolog\u00eda\"],\"articleSection\":[\"Actualidad\"],\"inLanguage\":\"en-GB\"},{\"@type\":\"WebPage\",\"@id\":\"https:\/\/proacomunicacion.es\/digital-communication-director-moderates-a-debate-about-technology-and-inclusion\/\",\"url\":\"https:\/\/proacomunicacion.es\/digital-communication-director-moderates-a-debate-about-technology-and-inclusion\/\",\"name\":\"Technology and Inclusion: a Debate on What Companies can do Better\",\"isPartOf\":{\"@id\":\"https:\/\/proacomunicacion.es\/#website\"},\"primaryImageOfPage\":{\"@id\":\"https:\/\/proacomunicacion.es\/digital-communication-director-moderates-a-debate-about-technology-and-inclusion\/#primaryimage\"},\"image\":{\"@id\":\"https:\/\/proacomunicacion.es\/digital-communication-director-moderates-a-debate-about-technology-and-inclusion\/#primaryimage\"},\"thumbnailUrl\":\"\",\"datePublished\":\"2019-11-28T09:45:52+00:00\",\"description\":\"The Director of Digital Communication at Proa moderated a debate on how companies can use technology to improve their inclusion policies.\",\"breadcrumb\":{\"@id\":\"https:\/\/proacomunicacion.es\/digital-communication-director-moderates-a-debate-about-technology-and-inclusion\/#breadcrumb\"},\"inLanguage\":\"en-GB\",\"potentialAction\":[{\"@type\":\"ReadAction\",\"target\":[\"https:\/\/proacomunicacion.es\/digital-communication-director-moderates-a-debate-about-technology-and-inclusion\/\"]}]},{\"@type\":\"ImageObject\",\"inLanguage\":\"en-GB\",\"@id\":\"https:\/\/proacomunicacion.es\/digital-communication-director-moderates-a-debate-about-technology-and-inclusion\/#primaryimage\",\"url\":\"\",\"contentUrl\":\"\"},{\"@type\":\"BreadcrumbList\",\"@id\":\"https:\/\/proacomunicacion.es\/digital-communication-director-moderates-a-debate-about-technology-and-inclusion\/#breadcrumb\",\"itemListElement\":[{\"@type\":\"ListItem\",\"position\":1,\"name\":\"Portada\",\"item\":\"https:\/\/proacomunicacion.es\/\"},{\"@type\":\"ListItem\",\"position\":2,\"name\":\"Digital Communication Director Moderates a Debate about Technology and Inclusion\"}]},{\"@type\":\"WebSite\",\"@id\":\"https:\/\/proacomunicacion.es\/#website\",\"url\":\"https:\/\/proacomunicacion.es\/\",\"name\":\"PROA Comunicaci\u00f3n\",\"description\":\"Agencia de Comunicaci\u00f3n Corporativa en Madrid, Barcelona y Galicia.\",\"publisher\":{\"@id\":\"https:\/\/proacomunicacion.es\/#organization\"},\"alternateName\":\"PROA Comunicaci\u00f3n\",\"potentialAction\":[{\"@type\":\"SearchAction\",\"target\":{\"@type\":\"EntryPoint\",\"urlTemplate\":\"https:\/\/proacomunicacion.es\/?s={search_term_string}\"},\"query-input\":{\"@type\":\"PropertyValueSpecification\",\"valueRequired\":true,\"valueName\":\"search_term_string\"}}],\"inLanguage\":\"en-GB\"},{\"@type\":\"Organization\",\"@id\":\"https:\/\/proacomunicacion.es\/#organization\",\"name\":\"PROA Comunicaci\u00f3n\",\"alternateName\":\"PROA Comunicaci\u00f3n\",\"url\":\"https:\/\/proacomunicacion.es\/\",\"logo\":{\"@type\":\"ImageObject\",\"inLanguage\":\"en-GB\",\"@id\":\"https:\/\/proacomunicacion.es\/#\/schema\/logo\/image\/\",\"url\":\"https:\/\/proacomunicacion.es\/wp-content\/uploads\/2024\/01\/Logo_Light.svg\",\"contentUrl\":\"https:\/\/proacomunicacion.es\/wp-content\/uploads\/2024\/01\/Logo_Light.svg\",\"width\":136,\"height\":33,\"caption\":\"PROA Comunicaci\u00f3n\"},\"image\":{\"@id\":\"https:\/\/proacomunicacion.es\/#\/schema\/logo\/image\/\"},\"sameAs\":[\"https:\/\/x.com\/proacomunica\",\"https:\/\/es.linkedin.com\/company\/proa-comunicacion_2\",\"https:\/\/www.instagram.com\/proacomunica\/\",\"https:\/\/www.youtube.com\/@proacomunicacion\",\"https:\/\/es.wikipedia.org\/wiki\/PROA_Comunicacin\"]},{\"@type\":\"Person\",\"@id\":\"https:\/\/proacomunicacion.es\/#\/schema\/person\/f80dc8938ea94e7f8aa1e8dc716d5a60\",\"name\":\"PROA Comunicaci\u00f3n\",\"image\":{\"@type\":\"ImageObject\",\"inLanguage\":\"en-GB\",\"@id\":\"https:\/\/proacomunicacion.es\/#\/schema\/person\/image\/\",\"url\":\"https:\/\/secure.gravatar.com\/avatar\/394c93c195ff19b00e79d66a42971657a01de9f2740b97148d0f14a1e1a359b7?s=96&r=g\",\"contentUrl\":\"https:\/\/secure.gravatar.com\/avatar\/394c93c195ff19b00e79d66a42971657a01de9f2740b97148d0f14a1e1a359b7?s=96&r=g\",\"caption\":\"PROA Comunicaci\u00f3n\"}}]}<\/script>\n<!-- \/ Yoast SEO plugin. -->","yoast_head_json":{"title":"Technology and Inclusion: a Debate on What Companies can do Better","description":"The Director of Digital Communication at Proa moderated a debate on how companies can use technology to improve their inclusion policies.","robots":{"index":"index","follow":"follow","max-snippet":"max-snippet:-1","max-image-preview":"max-image-preview:large","max-video-preview":"max-video-preview:-1"},"canonical":"https:\/\/proacomunicacion.es\/en\/digital-communication-director-moderates-a-debate-about-technology-and-inclusion\/","og_locale":"en_GB","og_type":"article","og_title":"Technology and Inclusion: a Debate on What Companies can do Better","og_description":"The Director of Digital Communication at Proa moderated a debate on how companies can use technology to improve their inclusion policies.","og_url":"https:\/\/proacomunicacion.es\/en\/digital-communication-director-moderates-a-debate-about-technology-and-inclusion\/","og_site_name":"PROA Comunicaci\u00f3n","article_published_time":"2019-11-28T09:45:52+00:00","og_image":[{"width":2560,"height":1414,"url":"https:\/\/proacomunicacion.es\/wp-content\/uploads\/2025\/08\/Firefly_radio-de-barco-scaled.jpg","type":"image\/jpeg"}],"author":"PROA Comunicaci\u00f3n","twitter_card":"summary_large_image","twitter_creator":"@proacomunica","twitter_site":"@proacomunica","twitter_misc":{"Written by":"PROA Comunicaci\u00f3n","Estimated reading time":"1 minute"},"schema":{"@context":"https:\/\/schema.org","@graph":[{"@type":"Article","@id":"https:\/\/proacomunicacion.es\/digital-communication-director-moderates-a-debate-about-technology-and-inclusion\/#article","isPartOf":{"@id":"https:\/\/proacomunicacion.es\/digital-communication-director-moderates-a-debate-about-technology-and-inclusion\/"},"author":{"name":"PROA Comunicaci\u00f3n","@id":"https:\/\/proacomunicacion.es\/#\/schema\/person\/f80dc8938ea94e7f8aa1e8dc716d5a60"},"headline":"Digital Communication Director Moderates a Debate about Technology and Inclusion","datePublished":"2019-11-28T09:45:52+00:00","mainEntityOfPage":{"@id":"https:\/\/proacomunicacion.es\/digital-communication-director-moderates-a-debate-about-technology-and-inclusion\/"},"wordCount":170,"publisher":{"@id":"https:\/\/proacomunicacion.es\/#organization"},"image":{"@id":"https:\/\/proacomunicacion.es\/digital-communication-director-moderates-a-debate-about-technology-and-inclusion\/#primaryimage"},"thumbnailUrl":"","keywords":["ana gonz\u00e1lez talav\u00e1n","barbara yuste","diversity","inclusi\u00f3n","microsoft","sandra tim\u00f3n","Tecnolog\u00eda"],"articleSection":["Actualidad"],"inLanguage":"en-GB"},{"@type":"WebPage","@id":"https:\/\/proacomunicacion.es\/digital-communication-director-moderates-a-debate-about-technology-and-inclusion\/","url":"https:\/\/proacomunicacion.es\/digital-communication-director-moderates-a-debate-about-technology-and-inclusion\/","name":"Technology and Inclusion: a Debate on What Companies can do Better","isPartOf":{"@id":"https:\/\/proacomunicacion.es\/#website"},"primaryImageOfPage":{"@id":"https:\/\/proacomunicacion.es\/digital-communication-director-moderates-a-debate-about-technology-and-inclusion\/#primaryimage"},"image":{"@id":"https:\/\/proacomunicacion.es\/digital-communication-director-moderates-a-debate-about-technology-and-inclusion\/#primaryimage"},"thumbnailUrl":"","datePublished":"2019-11-28T09:45:52+00:00","description":"The Director of Digital Communication at Proa moderated a debate on how companies can use technology to improve their inclusion policies.","breadcrumb":{"@id":"https:\/\/proacomunicacion.es\/digital-communication-director-moderates-a-debate-about-technology-and-inclusion\/#breadcrumb"},"inLanguage":"en-GB","potentialAction":[{"@type":"ReadAction","target":["https:\/\/proacomunicacion.es\/digital-communication-director-moderates-a-debate-about-technology-and-inclusion\/"]}]},{"@type":"ImageObject","inLanguage":"en-GB","@id":"https:\/\/proacomunicacion.es\/digital-communication-director-moderates-a-debate-about-technology-and-inclusion\/#primaryimage","url":"","contentUrl":""},{"@type":"BreadcrumbList","@id":"https:\/\/proacomunicacion.es\/digital-communication-director-moderates-a-debate-about-technology-and-inclusion\/#breadcrumb","itemListElement":[{"@type":"ListItem","position":1,"name":"Portada","item":"https:\/\/proacomunicacion.es\/"},{"@type":"ListItem","position":2,"name":"Digital Communication Director Moderates a Debate about Technology and Inclusion"}]},{"@type":"WebSite","@id":"https:\/\/proacomunicacion.es\/#website","url":"https:\/\/proacomunicacion.es\/","name":"PROA Communication","description":"Corporate Communications Agency in Madrid, Barcelona and Galicia.","publisher":{"@id":"https:\/\/proacomunicacion.es\/#organization"},"alternateName":"PROA Comunicaci\u00f3n","potentialAction":[{"@type":"SearchAction","target":{"@type":"EntryPoint","urlTemplate":"https:\/\/proacomunicacion.es\/?s={search_term_string}"},"query-input":{"@type":"PropertyValueSpecification","valueRequired":true,"valueName":"search_term_string"}}],"inLanguage":"en-GB"},{"@type":"Organization","@id":"https:\/\/proacomunicacion.es\/#organization","name":"PROA Communication","alternateName":"PROA Comunicaci\u00f3n","url":"https:\/\/proacomunicacion.es\/","logo":{"@type":"ImageObject","inLanguage":"en-GB","@id":"https:\/\/proacomunicacion.es\/#\/schema\/logo\/image\/","url":"https:\/\/proacomunicacion.es\/wp-content\/uploads\/2024\/01\/Logo_Light.svg","contentUrl":"https:\/\/proacomunicacion.es\/wp-content\/uploads\/2024\/01\/Logo_Light.svg","width":136,"height":33,"caption":"PROA Comunicaci\u00f3n"},"image":{"@id":"https:\/\/proacomunicacion.es\/#\/schema\/logo\/image\/"},"sameAs":["https:\/\/x.com\/proacomunica","https:\/\/es.linkedin.com\/company\/proa-comunicacion_2","https:\/\/www.instagram.com\/proacomunica\/","https:\/\/www.youtube.com\/@proacomunicacion","https:\/\/es.wikipedia.org\/wiki\/PROA_Comunicacin"]},{"@type":"Person","@id":"https:\/\/proacomunicacion.es\/#\/schema\/person\/f80dc8938ea94e7f8aa1e8dc716d5a60","name":"PROA Communication","image":{"@type":"ImageObject","inLanguage":"en-GB","@id":"https:\/\/proacomunicacion.es\/#\/schema\/person\/image\/","url":"https:\/\/secure.gravatar.com\/avatar\/394c93c195ff19b00e79d66a42971657a01de9f2740b97148d0f14a1e1a359b7?s=96&r=g","contentUrl":"https:\/\/secure.gravatar.com\/avatar\/394c93c195ff19b00e79d66a42971657a01de9f2740b97148d0f14a1e1a359b7?s=96&r=g","caption":"PROA Comunicaci\u00f3n"}}]}},"_links":{"self":[{"href":"https:\/\/proacomunicacion.es\/en\/wp-json\/wp\/v2\/posts\/15501","targetHints":{"allow":["GET"]}}],"collection":[{"href":"https:\/\/proacomunicacion.es\/en\/wp-json\/wp\/v2\/posts"}],"about":[{"href":"https:\/\/proacomunicacion.es\/en\/wp-json\/wp\/v2\/types\/post"}],"author":[{"embeddable":true,"href":"https:\/\/proacomunicacion.es\/en\/wp-json\/wp\/v2\/users\/28"}],"replies":[{"embeddable":true,"href":"https:\/\/proacomunicacion.es\/en\/wp-json\/wp\/v2\/comments?post=15501"}],"version-history":[{"count":0,"href":"https:\/\/proacomunicacion.es\/en\/wp-json\/wp\/v2\/posts\/15501\/revisions"}],"wp:featuredmedia":[{"embeddable":true,"href":"https:\/\/proacomunicacion.es\/en\/wp-json\/"}],"wp:attachment":[{"href":"https:\/\/proacomunicacion.es\/en\/wp-json\/wp\/v2\/media?parent=15501"}],"wp:term":[{"taxonomy":"category","embeddable":true,"href":"https:\/\/proacomunicacion.es\/en\/wp-json\/wp\/v2\/categories?post=15501"},{"taxonomy":"post_tag","embeddable":true,"href":"https:\/\/proacomunicacion.es\/en\/wp-json\/wp\/v2\/tags?post=15501"}],"curies":[{"name":"wp","href":"https:\/\/api.w.org\/{rel}","templated":true}]}}