{"id":15539,"date":"2019-12-02T11:46:50","date_gmt":"2019-12-02T10:46:50","guid":{"rendered":"https:\/\/proacomunicacion.es\/?p=15539"},"modified":"2019-12-02T11:46:50","modified_gmt":"2019-12-02T10:46:50","slug":"spain-better-placed-than-other-countries-in-the-face-of-the-impending-economic-slowdown","status":"publish","type":"post","link":"https:\/\/proacomunicacion.es\/en\/espana-mejor-situada-que-otros-paises-ante-la-inminente-desaceleracion-economica\/","title":{"rendered":"Spain, better placed than other countries in the face of the impending economic slowdown"},"content":{"rendered":"<p>The Spanish economy is resisting the onslaught of the global slowdown better than expected. This is one of the main conclusions of the presentation given by the economist Emilio Ontiveros, president of Analistas Financieros Internacionales (AFI) at a recent event on Independent Management held in Madrid.<\/p>\n<p><strong><em>Global uncertainties<\/em><\/strong><\/p>\n<p>Ontiveros began by referring to the latest indicators that put the level of global growth at 31TP3Q, that of developed economies at 21TP3Q and that of emerging economies at 41TP3Q. This slowdown is therefore confirmed and will affect the US, the Eurozone and China. The accumulation of uncertainties seems to be the detonator with some worrying data such as the <strong>surprise fall in world trade volume of -1.3% in September<\/strong>.<\/p>\n<p>The main one is the contraction of industrial investment, which generates stagnation in productivity. Key sectors such as the automobile industry are in crisis. And the cost of capital (interest rates) are at historic lows, which facilitates indebtedness and further reduces investment.<\/p>\n<p>In the case of Europe, it suffers directly from the consequences of the turbulent trade environment, more specifically from China. The demographic factor is not helping either, with steadily declining numbers. And Germany, which is the most open economy in the Eurozone, is not growing, which conditions the rest of the countries. German GDP in the second quarter has fallen -0.21 Q2 Q3Q3.<\/p>\n<p><strong><em>Spain resists <\/em><\/strong><\/p>\n<p>In contrast to Europe, Spain can better withstand the impending slowdown, because the foreign sector remains the pillar that maintains an average growth rate that is double that of Europe over the last four years.<\/p>\n<p>There are two reasons for this. Firstly, because despite the high balance of payments deficit, Spain has a current account surplus of 2%, i.e. a positive balance of exports of goods and services compared to imports. And secondly, because medium-sized Spanish companies have consolidated their export vocation, increasing diversification both in terms of products and destination countries.<\/p>\n<p>The external sector is therefore a key factor, although not the only one, in explaining our resilience to the uncertainties of the economy.  We have a very solid business fabric and household economies, undoubtedly favoured by the very lax financing conditions, which drive the continuous deleveraging (reduction of debt) of households and companies. In 2010, the level of equity of the national economy in the hands of individuals and companies reached 43%; today it is 66%.<\/p>\n<p><strong><em>A soft Brexit<\/em><\/strong><\/p>\n<p>As for the impact of Brexit on our economy, Ontiveros confirms that we will withstand the UK's exit from Europe better than other countries. In fact, we have already internalised it, so we can rule out the worst-case scenario, a GDP erosion of the -0.6% estimated by analysts.<\/p>\n<p>As we are integrated into the customs union with the rest of the Eurozone countries, Spain will not have to assume excessive tariff costs. And the strength of our exports is particularly evident with the United Kingdom, where we export mainly cars and primary sector products.<\/p>\n<p>On the other hand, tourism has not suffered as a result of Brexit. On the contrary, there has been an increase in income generated by British tourists, income that represents 21% of the total for this sector. And the impact of the depreciation of the pound sterling against the euro is very limited for our income, because the stock of Spanish products in the UK is large and diversified.<\/p>\n<p>The British are still more concerned about issues such as the upcoming elections than about Brexit. And Spain continues to be one of their favourite destinations to travel, to live or to invest.  385,000 Britons live in Spain and requests for residency continue to rise; furthermore, 24% of British investment in Spain is direct investment. This trend will not change, as recent surveys indicate that 63% of British companies continue to favour the Spanish economy as a destination for their investments.<\/p>\n<p><strong><em>Optimistic perspectives and threats<\/em><\/strong><\/p>\n<p>In conclusion, Spain has competitive advantages that favour our economy over others when it comes to assimilating the slowdown as it falls. Advantages such as the quality of its companies, the greater volume of foreign direct investment and the reduction in risk premiums. And in Spain there are no political parties that are clearly committed to breaching the Eurozone's Stability and Growth Pact, as is the case in other countries. Finally, there are no recession forecasts for any of the world's major economies.<\/p>\n<p>But, as Ontiveros says, does this mean that the uncertainties have disappeared? Not at all, because there are still worrying symptoms. The first is financial vulnerability, which for the moment worries funds more than banks. The financing conditions have opened the way for other companies, such as technology companies, to embark on lending activities, generating new risks for the economy.<\/p>\n<p>Secondly, the high level of public debt in emerging economies, affected by low growth and the dollarisation of their debt. Both factors complicate the ability of these countries to deal with their debt, which is key to returning to growth.<\/p>\n<hr \/>\n<p style=\"text-align: justify;\"><a class=\"lightbox-added alignleft\" href=\"https:\/\/proacomunicacion.es\/wp-content\/uploads\/2018\/11\/javier-ferrer.png\"><img decoding=\"async\" class=\"wp-image-9824 alignleft\" src=\"https:\/\/proacomunicacion.es\/wp-content\/uploads\/2018\/11\/javier-ferrer-265x300.png\" alt=\"\" width=\"75\" height=\"85\" \/><\/a><\/p>\n<p style=\"text-align: justify;\"><strong>Javier Ferrer<\/strong><br \/>\nDirector of the Financial Communication Department of Proa Comunicaci\u00f3n<\/p>","protected":false},"excerpt":{"rendered":"<p>La econom\u00eda espa\u00f1ola est\u00e1 resistiendo mejor de lo esperado los embates de la desaceleraci\u00f3n global. Es una de las principales conclusiones de la ponencia del economista Emilio Ontiveros, presidente de Analistas Financieros Internacionales (AFI) en un reciente evento sobre Gesti\u00f3n Independiente celebrado en Madrid. Incertidumbres globales Ontiveros comenz\u00f3 aludiendo a los \u00faltimos indicadores que cifran [&hellip;]<\/p>\n","protected":false},"author":28,"featured_media":15541,"comment_status":"closed","ping_status":"closed","sticky":false,"template":"","format":"standard","meta":{"footnotes":""},"categories":[176],"tags":[1526,1119,1527,634,325],"class_list":["post-15539","post","type-post","status-publish","format-standard","has-post-thumbnail","hentry","category-blog","tag-desaceleracion-economica","tag-economia-espanola","tag-incertidumbre-financiera","tag-javier-ferrer-es","tag-la-macroeconomia-europea"],"yoast_head":"<!-- This site is optimized with the Yoast SEO plugin v27.0 - https:\/\/yoast.com\/product\/yoast-seo-wordpress\/ -->\n<title>Espa\u00f1a, mejor situada ante la inminente desaceleraci\u00f3n econ\u00f3mica<\/title>\n<meta name=\"description\" content=\"Javier Ferrer detalla como Espa\u00f1a est\u00e1 m\u00e1s preperada que otros pa\u00edses para la inminente desaceleraci\u00f3n econ\u00f3mica mundial.\" \/>\n<meta name=\"robots\" content=\"index, follow, max-snippet:-1, max-image-preview:large, max-video-preview:-1\" \/>\n<link rel=\"canonical\" href=\"https:\/\/proacomunicacion.es\/en\/spain-better-placed-than-other-countries-in-the-face-of-the-impending-economic-slowdown\/\" \/>\n<meta property=\"og:locale\" content=\"en_GB\" \/>\n<meta property=\"og:type\" content=\"article\" \/>\n<meta property=\"og:title\" content=\"Espa\u00f1a, mejor situada ante la inminente desaceleraci\u00f3n econ\u00f3mica\" \/>\n<meta property=\"og:description\" content=\"Javier Ferrer detalla como Espa\u00f1a est\u00e1 m\u00e1s preperada que otros pa\u00edses para la inminente desaceleraci\u00f3n econ\u00f3mica mundial.\" \/>\n<meta property=\"og:url\" content=\"https:\/\/proacomunicacion.es\/en\/spain-better-placed-than-other-countries-in-the-face-of-the-impending-economic-slowdown\/\" \/>\n<meta property=\"og:site_name\" content=\"PROA Comunicaci\u00f3n\" \/>\n<meta property=\"article:published_time\" content=\"2019-12-02T10:46:50+00:00\" \/>\n<meta property=\"og:image\" content=\"https:\/\/proacomunicacion.es\/wp-content\/uploads\/2025\/08\/Firefly_radio-de-barco-scaled.jpg\" \/>\n\t<meta property=\"og:image:width\" content=\"2560\" \/>\n\t<meta property=\"og:image:height\" content=\"1414\" \/>\n\t<meta property=\"og:image:type\" content=\"image\/jpeg\" \/>\n<meta name=\"author\" content=\"PROA Comunicaci\u00f3n\" \/>\n<meta name=\"twitter:card\" content=\"summary_large_image\" \/>\n<meta name=\"twitter:creator\" content=\"@proacomunica\" \/>\n<meta name=\"twitter:site\" content=\"@proacomunica\" \/>\n<meta name=\"twitter:label1\" content=\"Written by\" \/>\n\t<meta name=\"twitter:data1\" content=\"PROA Comunicaci\u00f3n\" \/>\n\t<meta name=\"twitter:label2\" content=\"Estimated reading time\" \/>\n\t<meta name=\"twitter:data2\" content=\"5 minutes\" \/>\n<script type=\"application\/ld+json\" class=\"yoast-schema-graph\">{\"@context\":\"https:\/\/schema.org\",\"@graph\":[{\"@type\":\"Article\",\"@id\":\"https:\/\/proacomunicacion.es\/espana-mejor-situada-que-otros-paises-ante-la-inminente-desaceleracion-economica\/#article\",\"isPartOf\":{\"@id\":\"https:\/\/proacomunicacion.es\/espana-mejor-situada-que-otros-paises-ante-la-inminente-desaceleracion-economica\/\"},\"author\":{\"name\":\"PROA Comunicaci\u00f3n\",\"@id\":\"https:\/\/proacomunicacion.es\/#\/schema\/person\/f80dc8938ea94e7f8aa1e8dc716d5a60\"},\"headline\":\"Espa\u00f1a, mejor situada que otros pa\u00edses ante la inminente desaceleraci\u00f3n econ\u00f3mica\",\"datePublished\":\"2019-12-02T10:46:50+00:00\",\"mainEntityOfPage\":{\"@id\":\"https:\/\/proacomunicacion.es\/espana-mejor-situada-que-otros-paises-ante-la-inminente-desaceleracion-economica\/\"},\"wordCount\":983,\"publisher\":{\"@id\":\"https:\/\/proacomunicacion.es\/#organization\"},\"image\":{\"@id\":\"https:\/\/proacomunicacion.es\/espana-mejor-situada-que-otros-paises-ante-la-inminente-desaceleracion-economica\/#primaryimage\"},\"thumbnailUrl\":\"\",\"keywords\":[\"desaceleraci\u00f3n econ\u00f3mica\",\"econom\u00eda espa\u00f1ola\",\"incertidumbre financiera\",\"Javier Ferrer\",\"La Macroeconom\u00eda Europea\"],\"articleSection\":[\"Blog\"],\"inLanguage\":\"en-GB\"},{\"@type\":\"WebPage\",\"@id\":\"https:\/\/proacomunicacion.es\/espana-mejor-situada-que-otros-paises-ante-la-inminente-desaceleracion-economica\/\",\"url\":\"https:\/\/proacomunicacion.es\/espana-mejor-situada-que-otros-paises-ante-la-inminente-desaceleracion-economica\/\",\"name\":\"Espa\u00f1a, mejor situada ante la inminente desaceleraci\u00f3n econ\u00f3mica\",\"isPartOf\":{\"@id\":\"https:\/\/proacomunicacion.es\/#website\"},\"primaryImageOfPage\":{\"@id\":\"https:\/\/proacomunicacion.es\/espana-mejor-situada-que-otros-paises-ante-la-inminente-desaceleracion-economica\/#primaryimage\"},\"image\":{\"@id\":\"https:\/\/proacomunicacion.es\/espana-mejor-situada-que-otros-paises-ante-la-inminente-desaceleracion-economica\/#primaryimage\"},\"thumbnailUrl\":\"\",\"datePublished\":\"2019-12-02T10:46:50+00:00\",\"description\":\"Javier Ferrer detalla como Espa\u00f1a est\u00e1 m\u00e1s preperada que otros pa\u00edses para la inminente desaceleraci\u00f3n econ\u00f3mica mundial.\",\"breadcrumb\":{\"@id\":\"https:\/\/proacomunicacion.es\/espana-mejor-situada-que-otros-paises-ante-la-inminente-desaceleracion-economica\/#breadcrumb\"},\"inLanguage\":\"en-GB\",\"potentialAction\":[{\"@type\":\"ReadAction\",\"target\":[\"https:\/\/proacomunicacion.es\/espana-mejor-situada-que-otros-paises-ante-la-inminente-desaceleracion-economica\/\"]}]},{\"@type\":\"ImageObject\",\"inLanguage\":\"en-GB\",\"@id\":\"https:\/\/proacomunicacion.es\/espana-mejor-situada-que-otros-paises-ante-la-inminente-desaceleracion-economica\/#primaryimage\",\"url\":\"\",\"contentUrl\":\"\"},{\"@type\":\"BreadcrumbList\",\"@id\":\"https:\/\/proacomunicacion.es\/espana-mejor-situada-que-otros-paises-ante-la-inminente-desaceleracion-economica\/#breadcrumb\",\"itemListElement\":[{\"@type\":\"ListItem\",\"position\":1,\"name\":\"Portada\",\"item\":\"https:\/\/proacomunicacion.es\/\"},{\"@type\":\"ListItem\",\"position\":2,\"name\":\"Espa\u00f1a, mejor situada que otros pa\u00edses ante la inminente desaceleraci\u00f3n econ\u00f3mica\"}]},{\"@type\":\"WebSite\",\"@id\":\"https:\/\/proacomunicacion.es\/#website\",\"url\":\"https:\/\/proacomunicacion.es\/\",\"name\":\"PROA Comunicaci\u00f3n\",\"description\":\"Agencia de Comunicaci\u00f3n Corporativa en Madrid, Barcelona y Galicia.\",\"publisher\":{\"@id\":\"https:\/\/proacomunicacion.es\/#organization\"},\"alternateName\":\"PROA Comunicaci\u00f3n\",\"potentialAction\":[{\"@type\":\"SearchAction\",\"target\":{\"@type\":\"EntryPoint\",\"urlTemplate\":\"https:\/\/proacomunicacion.es\/?s={search_term_string}\"},\"query-input\":{\"@type\":\"PropertyValueSpecification\",\"valueRequired\":true,\"valueName\":\"search_term_string\"}}],\"inLanguage\":\"en-GB\"},{\"@type\":\"Organization\",\"@id\":\"https:\/\/proacomunicacion.es\/#organization\",\"name\":\"PROA Comunicaci\u00f3n\",\"alternateName\":\"PROA Comunicaci\u00f3n\",\"url\":\"https:\/\/proacomunicacion.es\/\",\"logo\":{\"@type\":\"ImageObject\",\"inLanguage\":\"en-GB\",\"@id\":\"https:\/\/proacomunicacion.es\/#\/schema\/logo\/image\/\",\"url\":\"https:\/\/proacomunicacion.es\/wp-content\/uploads\/2024\/01\/Logo_Light.svg\",\"contentUrl\":\"https:\/\/proacomunicacion.es\/wp-content\/uploads\/2024\/01\/Logo_Light.svg\",\"width\":136,\"height\":33,\"caption\":\"PROA Comunicaci\u00f3n\"},\"image\":{\"@id\":\"https:\/\/proacomunicacion.es\/#\/schema\/logo\/image\/\"},\"sameAs\":[\"https:\/\/x.com\/proacomunica\",\"https:\/\/es.linkedin.com\/company\/proa-comunicacion_2\",\"https:\/\/www.instagram.com\/proacomunica\/\",\"https:\/\/www.youtube.com\/@proacomunicacion\",\"https:\/\/es.wikipedia.org\/wiki\/PROA_Comunicacin\"]},{\"@type\":\"Person\",\"@id\":\"https:\/\/proacomunicacion.es\/#\/schema\/person\/f80dc8938ea94e7f8aa1e8dc716d5a60\",\"name\":\"PROA Comunicaci\u00f3n\",\"image\":{\"@type\":\"ImageObject\",\"inLanguage\":\"en-GB\",\"@id\":\"https:\/\/proacomunicacion.es\/#\/schema\/person\/image\/\",\"url\":\"https:\/\/secure.gravatar.com\/avatar\/394c93c195ff19b00e79d66a42971657a01de9f2740b97148d0f14a1e1a359b7?s=96&r=g\",\"contentUrl\":\"https:\/\/secure.gravatar.com\/avatar\/394c93c195ff19b00e79d66a42971657a01de9f2740b97148d0f14a1e1a359b7?s=96&r=g\",\"caption\":\"PROA Comunicaci\u00f3n\"}}]}<\/script>\n<!-- \/ Yoast SEO plugin. -->","yoast_head_json":{"title":"Spain, better placed in the face of the impending economic slowdown","description":"Javier Ferrer details how Spain is more prepared than other countries for the impending global economic slowdown.","robots":{"index":"index","follow":"follow","max-snippet":"max-snippet:-1","max-image-preview":"max-image-preview:large","max-video-preview":"max-video-preview:-1"},"canonical":"https:\/\/proacomunicacion.es\/en\/spain-better-placed-than-other-countries-in-the-face-of-the-impending-economic-slowdown\/","og_locale":"en_GB","og_type":"article","og_title":"Espa\u00f1a, mejor situada ante la inminente desaceleraci\u00f3n econ\u00f3mica","og_description":"Javier Ferrer detalla como Espa\u00f1a est\u00e1 m\u00e1s preperada que otros pa\u00edses para la inminente desaceleraci\u00f3n econ\u00f3mica mundial.","og_url":"https:\/\/proacomunicacion.es\/en\/spain-better-placed-than-other-countries-in-the-face-of-the-impending-economic-slowdown\/","og_site_name":"PROA Comunicaci\u00f3n","article_published_time":"2019-12-02T10:46:50+00:00","og_image":[{"width":2560,"height":1414,"url":"https:\/\/proacomunicacion.es\/wp-content\/uploads\/2025\/08\/Firefly_radio-de-barco-scaled.jpg","type":"image\/jpeg"}],"author":"PROA Comunicaci\u00f3n","twitter_card":"summary_large_image","twitter_creator":"@proacomunica","twitter_site":"@proacomunica","twitter_misc":{"Written by":"PROA Comunicaci\u00f3n","Estimated reading time":"5 minutes"},"schema":{"@context":"https:\/\/schema.org","@graph":[{"@type":"Article","@id":"https:\/\/proacomunicacion.es\/espana-mejor-situada-que-otros-paises-ante-la-inminente-desaceleracion-economica\/#article","isPartOf":{"@id":"https:\/\/proacomunicacion.es\/espana-mejor-situada-que-otros-paises-ante-la-inminente-desaceleracion-economica\/"},"author":{"name":"PROA Comunicaci\u00f3n","@id":"https:\/\/proacomunicacion.es\/#\/schema\/person\/f80dc8938ea94e7f8aa1e8dc716d5a60"},"headline":"Espa\u00f1a, mejor situada que otros pa\u00edses ante la inminente desaceleraci\u00f3n econ\u00f3mica","datePublished":"2019-12-02T10:46:50+00:00","mainEntityOfPage":{"@id":"https:\/\/proacomunicacion.es\/espana-mejor-situada-que-otros-paises-ante-la-inminente-desaceleracion-economica\/"},"wordCount":983,"publisher":{"@id":"https:\/\/proacomunicacion.es\/#organization"},"image":{"@id":"https:\/\/proacomunicacion.es\/espana-mejor-situada-que-otros-paises-ante-la-inminente-desaceleracion-economica\/#primaryimage"},"thumbnailUrl":"","keywords":["desaceleraci\u00f3n econ\u00f3mica","econom\u00eda espa\u00f1ola","incertidumbre financiera","Javier Ferrer","La Macroeconom\u00eda Europea"],"articleSection":["Blog"],"inLanguage":"en-GB"},{"@type":"WebPage","@id":"https:\/\/proacomunicacion.es\/espana-mejor-situada-que-otros-paises-ante-la-inminente-desaceleracion-economica\/","url":"https:\/\/proacomunicacion.es\/espana-mejor-situada-que-otros-paises-ante-la-inminente-desaceleracion-economica\/","name":"Spain, better placed in the face of the impending economic slowdown","isPartOf":{"@id":"https:\/\/proacomunicacion.es\/#website"},"primaryImageOfPage":{"@id":"https:\/\/proacomunicacion.es\/espana-mejor-situada-que-otros-paises-ante-la-inminente-desaceleracion-economica\/#primaryimage"},"image":{"@id":"https:\/\/proacomunicacion.es\/espana-mejor-situada-que-otros-paises-ante-la-inminente-desaceleracion-economica\/#primaryimage"},"thumbnailUrl":"","datePublished":"2019-12-02T10:46:50+00:00","description":"Javier Ferrer details how Spain is more prepared than other countries for the impending global economic slowdown.","breadcrumb":{"@id":"https:\/\/proacomunicacion.es\/espana-mejor-situada-que-otros-paises-ante-la-inminente-desaceleracion-economica\/#breadcrumb"},"inLanguage":"en-GB","potentialAction":[{"@type":"ReadAction","target":["https:\/\/proacomunicacion.es\/espana-mejor-situada-que-otros-paises-ante-la-inminente-desaceleracion-economica\/"]}]},{"@type":"ImageObject","inLanguage":"en-GB","@id":"https:\/\/proacomunicacion.es\/espana-mejor-situada-que-otros-paises-ante-la-inminente-desaceleracion-economica\/#primaryimage","url":"","contentUrl":""},{"@type":"BreadcrumbList","@id":"https:\/\/proacomunicacion.es\/espana-mejor-situada-que-otros-paises-ante-la-inminente-desaceleracion-economica\/#breadcrumb","itemListElement":[{"@type":"ListItem","position":1,"name":"Portada","item":"https:\/\/proacomunicacion.es\/"},{"@type":"ListItem","position":2,"name":"Espa\u00f1a, mejor situada que otros pa\u00edses ante la inminente desaceleraci\u00f3n econ\u00f3mica"}]},{"@type":"WebSite","@id":"https:\/\/proacomunicacion.es\/#website","url":"https:\/\/proacomunicacion.es\/","name":"PROA Communication","description":"Corporate Communications Agency in Madrid, Barcelona and Galicia.","publisher":{"@id":"https:\/\/proacomunicacion.es\/#organization"},"alternateName":"PROA Comunicaci\u00f3n","potentialAction":[{"@type":"SearchAction","target":{"@type":"EntryPoint","urlTemplate":"https:\/\/proacomunicacion.es\/?s={search_term_string}"},"query-input":{"@type":"PropertyValueSpecification","valueRequired":true,"valueName":"search_term_string"}}],"inLanguage":"en-GB"},{"@type":"Organization","@id":"https:\/\/proacomunicacion.es\/#organization","name":"PROA Communication","alternateName":"PROA Comunicaci\u00f3n","url":"https:\/\/proacomunicacion.es\/","logo":{"@type":"ImageObject","inLanguage":"en-GB","@id":"https:\/\/proacomunicacion.es\/#\/schema\/logo\/image\/","url":"https:\/\/proacomunicacion.es\/wp-content\/uploads\/2024\/01\/Logo_Light.svg","contentUrl":"https:\/\/proacomunicacion.es\/wp-content\/uploads\/2024\/01\/Logo_Light.svg","width":136,"height":33,"caption":"PROA Comunicaci\u00f3n"},"image":{"@id":"https:\/\/proacomunicacion.es\/#\/schema\/logo\/image\/"},"sameAs":["https:\/\/x.com\/proacomunica","https:\/\/es.linkedin.com\/company\/proa-comunicacion_2","https:\/\/www.instagram.com\/proacomunica\/","https:\/\/www.youtube.com\/@proacomunicacion","https:\/\/es.wikipedia.org\/wiki\/PROA_Comunicacin"]},{"@type":"Person","@id":"https:\/\/proacomunicacion.es\/#\/schema\/person\/f80dc8938ea94e7f8aa1e8dc716d5a60","name":"PROA Communication","image":{"@type":"ImageObject","inLanguage":"en-GB","@id":"https:\/\/proacomunicacion.es\/#\/schema\/person\/image\/","url":"https:\/\/secure.gravatar.com\/avatar\/394c93c195ff19b00e79d66a42971657a01de9f2740b97148d0f14a1e1a359b7?s=96&r=g","contentUrl":"https:\/\/secure.gravatar.com\/avatar\/394c93c195ff19b00e79d66a42971657a01de9f2740b97148d0f14a1e1a359b7?s=96&r=g","caption":"PROA Comunicaci\u00f3n"}}]}},"_links":{"self":[{"href":"https:\/\/proacomunicacion.es\/en\/wp-json\/wp\/v2\/posts\/15539","targetHints":{"allow":["GET"]}}],"collection":[{"href":"https:\/\/proacomunicacion.es\/en\/wp-json\/wp\/v2\/posts"}],"about":[{"href":"https:\/\/proacomunicacion.es\/en\/wp-json\/wp\/v2\/types\/post"}],"author":[{"embeddable":true,"href":"https:\/\/proacomunicacion.es\/en\/wp-json\/wp\/v2\/users\/28"}],"replies":[{"embeddable":true,"href":"https:\/\/proacomunicacion.es\/en\/wp-json\/wp\/v2\/comments?post=15539"}],"version-history":[{"count":0,"href":"https:\/\/proacomunicacion.es\/en\/wp-json\/wp\/v2\/posts\/15539\/revisions"}],"wp:featuredmedia":[{"embeddable":true,"href":"https:\/\/proacomunicacion.es\/en\/wp-json\/"}],"wp:attachment":[{"href":"https:\/\/proacomunicacion.es\/en\/wp-json\/wp\/v2\/media?parent=15539"}],"wp:term":[{"taxonomy":"category","embeddable":true,"href":"https:\/\/proacomunicacion.es\/en\/wp-json\/wp\/v2\/categories?post=15539"},{"taxonomy":"post_tag","embeddable":true,"href":"https:\/\/proacomunicacion.es\/en\/wp-json\/wp\/v2\/tags?post=15539"}],"curies":[{"name":"wp","href":"https:\/\/api.w.org\/{rel}","templated":true}]}}