{"id":16031,"date":"2020-01-14T12:00:12","date_gmt":"2020-01-14T11:00:12","guid":{"rendered":"https:\/\/proacomunicacion.es\/?p=16031"},"modified":"2020-01-14T12:00:12","modified_gmt":"2020-01-14T11:00:12","slug":"proa-comunicacion-has-joined-as-a-woman-forward-foundation-patron","status":"publish","type":"post","link":"https:\/\/proacomunicacion.es\/en\/proa-comunicacion-has-joined-as-a-woman-forward-foundation-patron\/","title":{"rendered":"Proa Comunicaci\u00f3n joins as new patron of Woman Forward Foundation"},"content":{"rendered":"<p>Proa Comunicaci\u00f3n, which has been supporting different projects and initiatives of the <a href=\"https:\/\/womanforward.org\/\">Woman Forward Foundation<\/a>has joined as a patron of this institution that seeks to increase the participation of women in the decision-making areas of the economic sphere, focusing on the relationship that this has with the defense of democratic values and universal human rights such as equality.Since its creation, Proa Comunicaci\u00f3n has promoted some of its projects, as well as activities, trainings and events, among them the <a href=\"https:\/\/proacomunicacion.es\/en\/news-2\/lucia-casanueva-managing-partner-of-proa-comunicacion-presents-theresa-zabell-with-the-woman-forward-award\/\">Woman Forward Awards to \"Corporate Governance and Gender Diversity\".<\/a>among whose sponsors was Proa Comunicaci\u00f3n, which participated in Theresa Zabell's award ceremony.<\/p>\n<p>The Woman Forward Foundation, chaired by Miriam Izquierdo, brings men and women committed to civil society and willing to join forces to promote women's leadership, increasing the participation of women in the sphere of power. For this reason, this institution aims to be a unifying voice for all those who wish to join in practical and inclusive initiatives on the complicated road to parity and the creation of a better, more equitable and competitive society, capable of offering equal opportunities and promoting the development of people without gender limits.<\/p>","protected":false},"excerpt":{"rendered":"<p>Proa Comunicaci\u00f3n, which has been supporting different projects and initiatives of the Woman Forward Foundation, has joined as a patron of this institution that seeks to increase the participation of women in the decision-making areas of the economic sphere, focusing on the relationship that this has with the defense of democratic values and universal human [&hellip;]<\/p>\n","protected":false},"author":28,"featured_media":16050,"comment_status":"closed","ping_status":"closed","sticky":false,"template":"","format":"standard","meta":{"footnotes":""},"categories":[1],"tags":[1674,1675,1222,1676,202,1677],"class_list":["post-16031","post","type-post","status-publish","format-standard","has-post-thumbnail","hentry","category-actualidad-proa","tag-associations","tag-foundations","tag-groups","tag-patron","tag-proa-comunicacion-en","tag-woman-forward-foundation"],"yoast_head":"<!-- This site is optimized with the Yoast SEO plugin v27.0 - https:\/\/yoast.com\/product\/yoast-seo-wordpress\/ -->\n<title>Proa Comunicaci\u00f3n joins as new patron of Woman Forward Foundation - PROA Comunicaci\u00f3n<\/title>\n<meta name=\"description\" content=\"Proa Comunicaci\u00f3n has joined as a Woman Foward Foundation patron, supporting different projects and initiatives.\" \/>\n<meta name=\"robots\" content=\"index, follow, max-snippet:-1, max-image-preview:large, max-video-preview:-1\" \/>\n<link rel=\"canonical\" href=\"https:\/\/proacomunicacion.es\/en\/proa-comunicacion-has-joined-as-a-woman-forward-foundation-patron\/\" \/>\n<meta property=\"og:locale\" content=\"en_GB\" \/>\n<meta property=\"og:type\" content=\"article\" \/>\n<meta property=\"og:title\" content=\"Proa Comunicaci\u00f3n joins as new patron of Woman Forward Foundation - PROA Comunicaci\u00f3n\" \/>\n<meta property=\"og:description\" content=\"Proa Comunicaci\u00f3n has joined as a Woman Foward Foundation patron, supporting different projects and initiatives.\" \/>\n<meta property=\"og:url\" content=\"https:\/\/proacomunicacion.es\/en\/proa-comunicacion-has-joined-as-a-woman-forward-foundation-patron\/\" \/>\n<meta property=\"og:site_name\" content=\"PROA Comunicaci\u00f3n\" \/>\n<meta property=\"article:published_time\" content=\"2020-01-14T11:00:12+00:00\" \/>\n<meta property=\"og:image\" content=\"https:\/\/proacomunicacion.es\/wp-content\/uploads\/2025\/08\/Firefly_radio-de-barco-scaled.jpg\" \/>\n\t<meta property=\"og:image:width\" content=\"2560\" \/>\n\t<meta property=\"og:image:height\" content=\"1414\" \/>\n\t<meta property=\"og:image:type\" content=\"image\/jpeg\" \/>\n<meta name=\"author\" content=\"PROA Comunicaci\u00f3n\" \/>\n<meta name=\"twitter:card\" content=\"summary_large_image\" \/>\n<meta name=\"twitter:creator\" content=\"@proacomunica\" \/>\n<meta name=\"twitter:site\" content=\"@proacomunica\" \/>\n<meta name=\"twitter:label1\" content=\"Written by\" \/>\n\t<meta name=\"twitter:data1\" content=\"PROA Comunicaci\u00f3n\" \/>\n\t<meta name=\"twitter:label2\" content=\"Estimated reading time\" \/>\n\t<meta name=\"twitter:data2\" content=\"1 minute\" \/>\n<script type=\"application\/ld+json\" class=\"yoast-schema-graph\">{\"@context\":\"https:\/\/schema.org\",\"@graph\":[{\"@type\":\"Article\",\"@id\":\"https:\/\/proacomunicacion.es\/proa-comunicacion-has-joined-as-a-woman-forward-foundation-patron\/#article\",\"isPartOf\":{\"@id\":\"https:\/\/proacomunicacion.es\/proa-comunicacion-has-joined-as-a-woman-forward-foundation-patron\/\"},\"author\":{\"name\":\"PROA Comunicaci\u00f3n\",\"@id\":\"https:\/\/proacomunicacion.es\/#\/schema\/person\/f80dc8938ea94e7f8aa1e8dc716d5a60\"},\"headline\":\"Proa Comunicaci\u00f3n joins as new patron of Woman Forward Foundation\",\"datePublished\":\"2020-01-14T11:00:12+00:00\",\"mainEntityOfPage\":{\"@id\":\"https:\/\/proacomunicacion.es\/proa-comunicacion-has-joined-as-a-woman-forward-foundation-patron\/\"},\"wordCount\":207,\"publisher\":{\"@id\":\"https:\/\/proacomunicacion.es\/#organization\"},\"image\":{\"@id\":\"https:\/\/proacomunicacion.es\/proa-comunicacion-has-joined-as-a-woman-forward-foundation-patron\/#primaryimage\"},\"thumbnailUrl\":\"\",\"keywords\":[\"associations\",\"foundations\",\"Groups\",\"patron\",\"Proa Comunicaci\u00f3n\",\"Woman Forward Foundation\"],\"articleSection\":[\"Actualidad\"],\"inLanguage\":\"en-GB\"},{\"@type\":\"WebPage\",\"@id\":\"https:\/\/proacomunicacion.es\/proa-comunicacion-has-joined-as-a-woman-forward-foundation-patron\/\",\"url\":\"https:\/\/proacomunicacion.es\/proa-comunicacion-has-joined-as-a-woman-forward-foundation-patron\/\",\"name\":\"Proa Comunicaci\u00f3n joins as new patron of Woman Forward Foundation - PROA Comunicaci\u00f3n\",\"isPartOf\":{\"@id\":\"https:\/\/proacomunicacion.es\/#website\"},\"primaryImageOfPage\":{\"@id\":\"https:\/\/proacomunicacion.es\/proa-comunicacion-has-joined-as-a-woman-forward-foundation-patron\/#primaryimage\"},\"image\":{\"@id\":\"https:\/\/proacomunicacion.es\/proa-comunicacion-has-joined-as-a-woman-forward-foundation-patron\/#primaryimage\"},\"thumbnailUrl\":\"\",\"datePublished\":\"2020-01-14T11:00:12+00:00\",\"description\":\"Proa Comunicaci\u00f3n has joined as a Woman Foward Foundation patron, supporting different projects and initiatives.\",\"breadcrumb\":{\"@id\":\"https:\/\/proacomunicacion.es\/proa-comunicacion-has-joined-as-a-woman-forward-foundation-patron\/#breadcrumb\"},\"inLanguage\":\"en-GB\",\"potentialAction\":[{\"@type\":\"ReadAction\",\"target\":[\"https:\/\/proacomunicacion.es\/proa-comunicacion-has-joined-as-a-woman-forward-foundation-patron\/\"]}]},{\"@type\":\"ImageObject\",\"inLanguage\":\"en-GB\",\"@id\":\"https:\/\/proacomunicacion.es\/proa-comunicacion-has-joined-as-a-woman-forward-foundation-patron\/#primaryimage\",\"url\":\"\",\"contentUrl\":\"\"},{\"@type\":\"BreadcrumbList\",\"@id\":\"https:\/\/proacomunicacion.es\/proa-comunicacion-has-joined-as-a-woman-forward-foundation-patron\/#breadcrumb\",\"itemListElement\":[{\"@type\":\"ListItem\",\"position\":1,\"name\":\"Portada\",\"item\":\"https:\/\/proacomunicacion.es\/\"},{\"@type\":\"ListItem\",\"position\":2,\"name\":\"Proa Comunicaci\u00f3n joins as new patron of Woman Forward Foundation\"}]},{\"@type\":\"WebSite\",\"@id\":\"https:\/\/proacomunicacion.es\/#website\",\"url\":\"https:\/\/proacomunicacion.es\/\",\"name\":\"PROA Comunicaci\u00f3n\",\"description\":\"Agencia de Comunicaci\u00f3n Corporativa en Madrid, Barcelona y Galicia.\",\"publisher\":{\"@id\":\"https:\/\/proacomunicacion.es\/#organization\"},\"alternateName\":\"PROA Comunicaci\u00f3n\",\"potentialAction\":[{\"@type\":\"SearchAction\",\"target\":{\"@type\":\"EntryPoint\",\"urlTemplate\":\"https:\/\/proacomunicacion.es\/?s={search_term_string}\"},\"query-input\":{\"@type\":\"PropertyValueSpecification\",\"valueRequired\":true,\"valueName\":\"search_term_string\"}}],\"inLanguage\":\"en-GB\"},{\"@type\":\"Organization\",\"@id\":\"https:\/\/proacomunicacion.es\/#organization\",\"name\":\"PROA Comunicaci\u00f3n\",\"alternateName\":\"PROA Comunicaci\u00f3n\",\"url\":\"https:\/\/proacomunicacion.es\/\",\"logo\":{\"@type\":\"ImageObject\",\"inLanguage\":\"en-GB\",\"@id\":\"https:\/\/proacomunicacion.es\/#\/schema\/logo\/image\/\",\"url\":\"https:\/\/proacomunicacion.es\/wp-content\/uploads\/2024\/01\/Logo_Light.svg\",\"contentUrl\":\"https:\/\/proacomunicacion.es\/wp-content\/uploads\/2024\/01\/Logo_Light.svg\",\"width\":136,\"height\":33,\"caption\":\"PROA Comunicaci\u00f3n\"},\"image\":{\"@id\":\"https:\/\/proacomunicacion.es\/#\/schema\/logo\/image\/\"},\"sameAs\":[\"https:\/\/x.com\/proacomunica\",\"https:\/\/es.linkedin.com\/company\/proa-comunicacion_2\",\"https:\/\/www.instagram.com\/proacomunica\/\",\"https:\/\/www.youtube.com\/@proacomunicacion\",\"https:\/\/es.wikipedia.org\/wiki\/PROA_Comunicacin\"]},{\"@type\":\"Person\",\"@id\":\"https:\/\/proacomunicacion.es\/#\/schema\/person\/f80dc8938ea94e7f8aa1e8dc716d5a60\",\"name\":\"PROA Comunicaci\u00f3n\",\"image\":{\"@type\":\"ImageObject\",\"inLanguage\":\"en-GB\",\"@id\":\"https:\/\/proacomunicacion.es\/#\/schema\/person\/image\/\",\"url\":\"https:\/\/secure.gravatar.com\/avatar\/394c93c195ff19b00e79d66a42971657a01de9f2740b97148d0f14a1e1a359b7?s=96&r=g\",\"contentUrl\":\"https:\/\/secure.gravatar.com\/avatar\/394c93c195ff19b00e79d66a42971657a01de9f2740b97148d0f14a1e1a359b7?s=96&r=g\",\"caption\":\"PROA Comunicaci\u00f3n\"}}]}<\/script>\n<!-- \/ Yoast SEO plugin. -->","yoast_head_json":{"title":"Proa Comunicaci\u00f3n joins as new patron of Woman Forward Foundation - PROA Comunicaci\u00f3n","description":"Proa Comunicaci\u00f3n has joined as a Woman Foward Foundation patron, supporting different projects and initiatives.","robots":{"index":"index","follow":"follow","max-snippet":"max-snippet:-1","max-image-preview":"max-image-preview:large","max-video-preview":"max-video-preview:-1"},"canonical":"https:\/\/proacomunicacion.es\/en\/proa-comunicacion-has-joined-as-a-woman-forward-foundation-patron\/","og_locale":"en_GB","og_type":"article","og_title":"Proa Comunicaci\u00f3n joins as new patron of Woman Forward Foundation - PROA Comunicaci\u00f3n","og_description":"Proa Comunicaci\u00f3n has joined as a Woman Foward Foundation patron, supporting different projects and initiatives.","og_url":"https:\/\/proacomunicacion.es\/en\/proa-comunicacion-has-joined-as-a-woman-forward-foundation-patron\/","og_site_name":"PROA Comunicaci\u00f3n","article_published_time":"2020-01-14T11:00:12+00:00","og_image":[{"width":2560,"height":1414,"url":"https:\/\/proacomunicacion.es\/wp-content\/uploads\/2025\/08\/Firefly_radio-de-barco-scaled.jpg","type":"image\/jpeg"}],"author":"PROA Comunicaci\u00f3n","twitter_card":"summary_large_image","twitter_creator":"@proacomunica","twitter_site":"@proacomunica","twitter_misc":{"Written by":"PROA Comunicaci\u00f3n","Estimated reading time":"1 minute"},"schema":{"@context":"https:\/\/schema.org","@graph":[{"@type":"Article","@id":"https:\/\/proacomunicacion.es\/proa-comunicacion-has-joined-as-a-woman-forward-foundation-patron\/#article","isPartOf":{"@id":"https:\/\/proacomunicacion.es\/proa-comunicacion-has-joined-as-a-woman-forward-foundation-patron\/"},"author":{"name":"PROA Comunicaci\u00f3n","@id":"https:\/\/proacomunicacion.es\/#\/schema\/person\/f80dc8938ea94e7f8aa1e8dc716d5a60"},"headline":"Proa Comunicaci\u00f3n joins as new patron of Woman Forward Foundation","datePublished":"2020-01-14T11:00:12+00:00","mainEntityOfPage":{"@id":"https:\/\/proacomunicacion.es\/proa-comunicacion-has-joined-as-a-woman-forward-foundation-patron\/"},"wordCount":207,"publisher":{"@id":"https:\/\/proacomunicacion.es\/#organization"},"image":{"@id":"https:\/\/proacomunicacion.es\/proa-comunicacion-has-joined-as-a-woman-forward-foundation-patron\/#primaryimage"},"thumbnailUrl":"","keywords":["associations","foundations","Groups","patron","Proa Comunicaci\u00f3n","Woman Forward Foundation"],"articleSection":["Actualidad"],"inLanguage":"en-GB"},{"@type":"WebPage","@id":"https:\/\/proacomunicacion.es\/proa-comunicacion-has-joined-as-a-woman-forward-foundation-patron\/","url":"https:\/\/proacomunicacion.es\/proa-comunicacion-has-joined-as-a-woman-forward-foundation-patron\/","name":"Proa Comunicaci\u00f3n joins as new patron of Woman Forward Foundation - PROA Comunicaci\u00f3n","isPartOf":{"@id":"https:\/\/proacomunicacion.es\/#website"},"primaryImageOfPage":{"@id":"https:\/\/proacomunicacion.es\/proa-comunicacion-has-joined-as-a-woman-forward-foundation-patron\/#primaryimage"},"image":{"@id":"https:\/\/proacomunicacion.es\/proa-comunicacion-has-joined-as-a-woman-forward-foundation-patron\/#primaryimage"},"thumbnailUrl":"","datePublished":"2020-01-14T11:00:12+00:00","description":"Proa Comunicaci\u00f3n has joined as a Woman Foward Foundation patron, supporting different projects and initiatives.","breadcrumb":{"@id":"https:\/\/proacomunicacion.es\/proa-comunicacion-has-joined-as-a-woman-forward-foundation-patron\/#breadcrumb"},"inLanguage":"en-GB","potentialAction":[{"@type":"ReadAction","target":["https:\/\/proacomunicacion.es\/proa-comunicacion-has-joined-as-a-woman-forward-foundation-patron\/"]}]},{"@type":"ImageObject","inLanguage":"en-GB","@id":"https:\/\/proacomunicacion.es\/proa-comunicacion-has-joined-as-a-woman-forward-foundation-patron\/#primaryimage","url":"","contentUrl":""},{"@type":"BreadcrumbList","@id":"https:\/\/proacomunicacion.es\/proa-comunicacion-has-joined-as-a-woman-forward-foundation-patron\/#breadcrumb","itemListElement":[{"@type":"ListItem","position":1,"name":"Portada","item":"https:\/\/proacomunicacion.es\/"},{"@type":"ListItem","position":2,"name":"Proa Comunicaci\u00f3n joins as new patron of Woman Forward Foundation"}]},{"@type":"WebSite","@id":"https:\/\/proacomunicacion.es\/#website","url":"https:\/\/proacomunicacion.es\/","name":"PROA Communication","description":"Corporate Communications Agency in Madrid, Barcelona and Galicia.","publisher":{"@id":"https:\/\/proacomunicacion.es\/#organization"},"alternateName":"PROA Comunicaci\u00f3n","potentialAction":[{"@type":"SearchAction","target":{"@type":"EntryPoint","urlTemplate":"https:\/\/proacomunicacion.es\/?s={search_term_string}"},"query-input":{"@type":"PropertyValueSpecification","valueRequired":true,"valueName":"search_term_string"}}],"inLanguage":"en-GB"},{"@type":"Organization","@id":"https:\/\/proacomunicacion.es\/#organization","name":"PROA Communication","alternateName":"PROA Comunicaci\u00f3n","url":"https:\/\/proacomunicacion.es\/","logo":{"@type":"ImageObject","inLanguage":"en-GB","@id":"https:\/\/proacomunicacion.es\/#\/schema\/logo\/image\/","url":"https:\/\/proacomunicacion.es\/wp-content\/uploads\/2024\/01\/Logo_Light.svg","contentUrl":"https:\/\/proacomunicacion.es\/wp-content\/uploads\/2024\/01\/Logo_Light.svg","width":136,"height":33,"caption":"PROA Comunicaci\u00f3n"},"image":{"@id":"https:\/\/proacomunicacion.es\/#\/schema\/logo\/image\/"},"sameAs":["https:\/\/x.com\/proacomunica","https:\/\/es.linkedin.com\/company\/proa-comunicacion_2","https:\/\/www.instagram.com\/proacomunica\/","https:\/\/www.youtube.com\/@proacomunicacion","https:\/\/es.wikipedia.org\/wiki\/PROA_Comunicacin"]},{"@type":"Person","@id":"https:\/\/proacomunicacion.es\/#\/schema\/person\/f80dc8938ea94e7f8aa1e8dc716d5a60","name":"PROA Communication","image":{"@type":"ImageObject","inLanguage":"en-GB","@id":"https:\/\/proacomunicacion.es\/#\/schema\/person\/image\/","url":"https:\/\/secure.gravatar.com\/avatar\/394c93c195ff19b00e79d66a42971657a01de9f2740b97148d0f14a1e1a359b7?s=96&r=g","contentUrl":"https:\/\/secure.gravatar.com\/avatar\/394c93c195ff19b00e79d66a42971657a01de9f2740b97148d0f14a1e1a359b7?s=96&r=g","caption":"PROA Comunicaci\u00f3n"}}]}},"_links":{"self":[{"href":"https:\/\/proacomunicacion.es\/en\/wp-json\/wp\/v2\/posts\/16031","targetHints":{"allow":["GET"]}}],"collection":[{"href":"https:\/\/proacomunicacion.es\/en\/wp-json\/wp\/v2\/posts"}],"about":[{"href":"https:\/\/proacomunicacion.es\/en\/wp-json\/wp\/v2\/types\/post"}],"author":[{"embeddable":true,"href":"https:\/\/proacomunicacion.es\/en\/wp-json\/wp\/v2\/users\/28"}],"replies":[{"embeddable":true,"href":"https:\/\/proacomunicacion.es\/en\/wp-json\/wp\/v2\/comments?post=16031"}],"version-history":[{"count":0,"href":"https:\/\/proacomunicacion.es\/en\/wp-json\/wp\/v2\/posts\/16031\/revisions"}],"wp:featuredmedia":[{"embeddable":true,"href":"https:\/\/proacomunicacion.es\/en\/wp-json\/"}],"wp:attachment":[{"href":"https:\/\/proacomunicacion.es\/en\/wp-json\/wp\/v2\/media?parent=16031"}],"wp:term":[{"taxonomy":"category","embeddable":true,"href":"https:\/\/proacomunicacion.es\/en\/wp-json\/wp\/v2\/categories?post=16031"},{"taxonomy":"post_tag","embeddable":true,"href":"https:\/\/proacomunicacion.es\/en\/wp-json\/wp\/v2\/tags?post=16031"}],"curies":[{"name":"wp","href":"https:\/\/api.w.org\/{rel}","templated":true}]}}