{"id":16376,"date":"2020-02-06T09:55:31","date_gmt":"2020-02-06T08:55:31","guid":{"rendered":"https:\/\/proacomunicacion.es\/?p=16376"},"modified":"2020-02-06T09:55:31","modified_gmt":"2020-02-06T08:55:31","slug":"claire-global-trusts-in-proa-comunicacion-2","status":"publish","type":"post","link":"https:\/\/proacomunicacion.es\/en\/claire-global-confia-en-proa-comunicacion\/","title":{"rendered":"Claire Global trusts in Proa Comunicaci\u00f3n"},"content":{"rendered":"<p style=\"text-align: justify;\"><a href=\"https:\/\/www.claire.global\/\">Claire Global<\/a>a <em>marketplace <\/em>international agri-food companies, has entrusted the development and management of its communication strategy to Proa Comunicaci\u00f3n. Driven by a <em>software<\/em> pioneer in the sector and based on artificial intelligence and <em>machine learning<\/em>Claire Global responds to the need to connect, buy and sell products around the world more quickly and easily through the use of predictive technologies.<\/p>\n<p style=\"text-align: justify;\">Claire Global, which is free for users to register, is a B2B tool that operates as an international broker. In addition to facilitating access to direct markets for buyers and sellers, it breaks down language barriers by serving as a sales guide. To this end, the platform acts on its own initiative, matching offers with requests made by users from all over the world in real time.<\/p>\n<p style=\"text-align: justify;\">The <em>marketplace<\/em> is developed in Spain and the profile of the users ranges from the large <em>players <\/em>The event brings together leading companies in the food industry from around the world to understand and meet the needs of all stakeholders involved in the food buying and selling process.<\/p>\n<p style=\"text-align: justify;\">More from <strong>150 companies from 20 different countries are already part of the Claire Global community.<\/strong>Although it has only been operational since the beginning of the year, the first international transactions have already been carried out, thus feeding the platform with data which, through further processing, will enrich the service provided to users.<\/p>\n<p style=\"text-align: justify;\">Claire Global is powered by Meat to trade and food, a trading company based in Spain that specialises in products such as beef, pork, poultry and fish, and exports mainly to Asia, Africa and EU countries. Claire Global has been developed by BigML, a leading company in the development of software based on artificial intelligence.<\/p>\n<p style=\"text-align: justify;\"><strong>How does it work?<\/strong><\/p>\n<p style=\"text-align: justify;\">Buyers and sellers in the food sector are registered as users in the <em>marketplace<\/em>through an API that connects to a global database. After this connection, users are verified in real time through an automatic process.<\/p>\n<p style=\"text-align: justify;\">Once the reliability of the companies has been verified, users can make purchases and sales through a product wall that is updated every five days at the most. This is intended to make transactions on the platform more dynamic.<\/p>","protected":false},"excerpt":{"rendered":"<p>Claire Global, un marketplace internacional para compa\u00f1\u00edas agroalimentarias, ha confiado la elaboraci\u00f3n y gesti\u00f3n de su estrategia de comunicaci\u00f3n a Proa Comunicaci\u00f3n. Impulsado con un software pionero en el sector y basado en inteligencia artificial y machine learning, Claire Global responde a la necesidad de conectar, comprar y vender productos en todo el mundo de [&hellip;]<\/p>\n","protected":false},"author":28,"featured_media":19218,"comment_status":"closed","ping_status":"closed","sticky":false,"template":"","format":"standard","meta":{"footnotes":""},"categories":[131],"tags":[1724,1725],"class_list":["post-16376","post","type-post","status-publish","format-standard","has-post-thumbnail","hentry","category-noticias","tag-claire-global","tag-marketplace"],"yoast_head":"<!-- This site is optimized with the Yoast SEO plugin v27.0 - https:\/\/yoast.com\/product\/yoast-seo-wordpress\/ -->\n<title>Claire Global conf\u00eda en Proa Comunicaci\u00f3n - PROA Comunicaci\u00f3n<\/title>\n<meta name=\"robots\" content=\"index, follow, max-snippet:-1, max-image-preview:large, max-video-preview:-1\" \/>\n<link rel=\"canonical\" href=\"https:\/\/proacomunicacion.es\/en\/claire-global-trusts-in-proa-comunicacion-2\/\" \/>\n<meta property=\"og:locale\" content=\"en_GB\" \/>\n<meta property=\"og:type\" content=\"article\" \/>\n<meta property=\"og:title\" content=\"Claire Global conf\u00eda en Proa Comunicaci\u00f3n - PROA Comunicaci\u00f3n\" \/>\n<meta property=\"og:description\" content=\"Claire Global, un marketplace internacional para compa\u00f1\u00edas agroalimentarias, ha confiado la elaboraci\u00f3n y gesti\u00f3n de su estrategia de comunicaci\u00f3n a Proa Comunicaci\u00f3n. Impulsado con un software pionero en el sector y basado en inteligencia artificial y machine learning, Claire Global responde a la necesidad de conectar, comprar y vender productos en todo el mundo de [&hellip;]\" \/>\n<meta property=\"og:url\" content=\"https:\/\/proacomunicacion.es\/en\/claire-global-trusts-in-proa-comunicacion-2\/\" \/>\n<meta property=\"og:site_name\" content=\"PROA Comunicaci\u00f3n\" \/>\n<meta property=\"article:published_time\" content=\"2020-02-06T08:55:31+00:00\" \/>\n<meta property=\"og:image\" content=\"https:\/\/proacomunicacion.es\/wp-content\/uploads\/2025\/08\/Firefly_radio-de-barco-scaled.jpg\" \/>\n\t<meta property=\"og:image:width\" content=\"2560\" \/>\n\t<meta property=\"og:image:height\" content=\"1414\" \/>\n\t<meta property=\"og:image:type\" content=\"image\/jpeg\" \/>\n<meta name=\"author\" content=\"PROA Comunicaci\u00f3n\" \/>\n<meta name=\"twitter:card\" content=\"summary_large_image\" \/>\n<meta name=\"twitter:creator\" content=\"@proacomunica\" \/>\n<meta name=\"twitter:site\" content=\"@proacomunica\" \/>\n<meta name=\"twitter:label1\" content=\"Written by\" \/>\n\t<meta name=\"twitter:data1\" content=\"PROA Comunicaci\u00f3n\" \/>\n\t<meta name=\"twitter:label2\" content=\"Estimated reading time\" \/>\n\t<meta name=\"twitter:data2\" content=\"2 minutes\" \/>\n<script type=\"application\/ld+json\" class=\"yoast-schema-graph\">{\"@context\":\"https:\/\/schema.org\",\"@graph\":[{\"@type\":\"Article\",\"@id\":\"https:\/\/proacomunicacion.es\/claire-global-confia-en-proa-comunicacion\/#article\",\"isPartOf\":{\"@id\":\"https:\/\/proacomunicacion.es\/claire-global-confia-en-proa-comunicacion\/\"},\"author\":{\"name\":\"PROA Comunicaci\u00f3n\",\"@id\":\"https:\/\/proacomunicacion.es\/#\/schema\/person\/f80dc8938ea94e7f8aa1e8dc716d5a60\"},\"headline\":\"Claire Global conf\u00eda en Proa Comunicaci\u00f3n\",\"datePublished\":\"2020-02-06T08:55:31+00:00\",\"mainEntityOfPage\":{\"@id\":\"https:\/\/proacomunicacion.es\/claire-global-confia-en-proa-comunicacion\/\"},\"wordCount\":454,\"publisher\":{\"@id\":\"https:\/\/proacomunicacion.es\/#organization\"},\"image\":{\"@id\":\"https:\/\/proacomunicacion.es\/claire-global-confia-en-proa-comunicacion\/#primaryimage\"},\"thumbnailUrl\":\"\",\"keywords\":[\"claire global\",\"marketplace\"],\"articleSection\":[\"Noticias\"],\"inLanguage\":\"en-GB\"},{\"@type\":\"WebPage\",\"@id\":\"https:\/\/proacomunicacion.es\/claire-global-confia-en-proa-comunicacion\/\",\"url\":\"https:\/\/proacomunicacion.es\/claire-global-confia-en-proa-comunicacion\/\",\"name\":\"Claire Global conf\u00eda en Proa Comunicaci\u00f3n - PROA Comunicaci\u00f3n\",\"isPartOf\":{\"@id\":\"https:\/\/proacomunicacion.es\/#website\"},\"primaryImageOfPage\":{\"@id\":\"https:\/\/proacomunicacion.es\/claire-global-confia-en-proa-comunicacion\/#primaryimage\"},\"image\":{\"@id\":\"https:\/\/proacomunicacion.es\/claire-global-confia-en-proa-comunicacion\/#primaryimage\"},\"thumbnailUrl\":\"\",\"datePublished\":\"2020-02-06T08:55:31+00:00\",\"breadcrumb\":{\"@id\":\"https:\/\/proacomunicacion.es\/claire-global-confia-en-proa-comunicacion\/#breadcrumb\"},\"inLanguage\":\"en-GB\",\"potentialAction\":[{\"@type\":\"ReadAction\",\"target\":[\"https:\/\/proacomunicacion.es\/claire-global-confia-en-proa-comunicacion\/\"]}]},{\"@type\":\"ImageObject\",\"inLanguage\":\"en-GB\",\"@id\":\"https:\/\/proacomunicacion.es\/claire-global-confia-en-proa-comunicacion\/#primaryimage\",\"url\":\"\",\"contentUrl\":\"\"},{\"@type\":\"BreadcrumbList\",\"@id\":\"https:\/\/proacomunicacion.es\/claire-global-confia-en-proa-comunicacion\/#breadcrumb\",\"itemListElement\":[{\"@type\":\"ListItem\",\"position\":1,\"name\":\"Portada\",\"item\":\"https:\/\/proacomunicacion.es\/\"},{\"@type\":\"ListItem\",\"position\":2,\"name\":\"Claire Global conf\u00eda en Proa Comunicaci\u00f3n\"}]},{\"@type\":\"WebSite\",\"@id\":\"https:\/\/proacomunicacion.es\/#website\",\"url\":\"https:\/\/proacomunicacion.es\/\",\"name\":\"PROA Comunicaci\u00f3n\",\"description\":\"Agencia de Comunicaci\u00f3n Corporativa en Madrid, Barcelona y Galicia.\",\"publisher\":{\"@id\":\"https:\/\/proacomunicacion.es\/#organization\"},\"alternateName\":\"PROA Comunicaci\u00f3n\",\"potentialAction\":[{\"@type\":\"SearchAction\",\"target\":{\"@type\":\"EntryPoint\",\"urlTemplate\":\"https:\/\/proacomunicacion.es\/?s={search_term_string}\"},\"query-input\":{\"@type\":\"PropertyValueSpecification\",\"valueRequired\":true,\"valueName\":\"search_term_string\"}}],\"inLanguage\":\"en-GB\"},{\"@type\":\"Organization\",\"@id\":\"https:\/\/proacomunicacion.es\/#organization\",\"name\":\"PROA Comunicaci\u00f3n\",\"alternateName\":\"PROA Comunicaci\u00f3n\",\"url\":\"https:\/\/proacomunicacion.es\/\",\"logo\":{\"@type\":\"ImageObject\",\"inLanguage\":\"en-GB\",\"@id\":\"https:\/\/proacomunicacion.es\/#\/schema\/logo\/image\/\",\"url\":\"https:\/\/proacomunicacion.es\/wp-content\/uploads\/2024\/01\/Logo_Light.svg\",\"contentUrl\":\"https:\/\/proacomunicacion.es\/wp-content\/uploads\/2024\/01\/Logo_Light.svg\",\"width\":136,\"height\":33,\"caption\":\"PROA Comunicaci\u00f3n\"},\"image\":{\"@id\":\"https:\/\/proacomunicacion.es\/#\/schema\/logo\/image\/\"},\"sameAs\":[\"https:\/\/x.com\/proacomunica\",\"https:\/\/es.linkedin.com\/company\/proa-comunicacion_2\",\"https:\/\/www.instagram.com\/proacomunica\/\",\"https:\/\/www.youtube.com\/@proacomunicacion\",\"https:\/\/es.wikipedia.org\/wiki\/PROA_Comunicacin\"]},{\"@type\":\"Person\",\"@id\":\"https:\/\/proacomunicacion.es\/#\/schema\/person\/f80dc8938ea94e7f8aa1e8dc716d5a60\",\"name\":\"PROA Comunicaci\u00f3n\",\"image\":{\"@type\":\"ImageObject\",\"inLanguage\":\"en-GB\",\"@id\":\"https:\/\/proacomunicacion.es\/#\/schema\/person\/image\/\",\"url\":\"https:\/\/secure.gravatar.com\/avatar\/394c93c195ff19b00e79d66a42971657a01de9f2740b97148d0f14a1e1a359b7?s=96&r=g\",\"contentUrl\":\"https:\/\/secure.gravatar.com\/avatar\/394c93c195ff19b00e79d66a42971657a01de9f2740b97148d0f14a1e1a359b7?s=96&r=g\",\"caption\":\"PROA Comunicaci\u00f3n\"}}]}<\/script>\n<!-- \/ Yoast SEO plugin. -->","yoast_head_json":{"title":"Claire Global trusts in Proa Comunicaci\u00f3n - PROA Comunicaci\u00f3n","robots":{"index":"index","follow":"follow","max-snippet":"max-snippet:-1","max-image-preview":"max-image-preview:large","max-video-preview":"max-video-preview:-1"},"canonical":"https:\/\/proacomunicacion.es\/en\/claire-global-trusts-in-proa-comunicacion-2\/","og_locale":"en_GB","og_type":"article","og_title":"Claire Global conf\u00eda en Proa Comunicaci\u00f3n - PROA Comunicaci\u00f3n","og_description":"Claire Global, un marketplace internacional para compa\u00f1\u00edas agroalimentarias, ha confiado la elaboraci\u00f3n y gesti\u00f3n de su estrategia de comunicaci\u00f3n a Proa Comunicaci\u00f3n. Impulsado con un software pionero en el sector y basado en inteligencia artificial y machine learning, Claire Global responde a la necesidad de conectar, comprar y vender productos en todo el mundo de [&hellip;]","og_url":"https:\/\/proacomunicacion.es\/en\/claire-global-trusts-in-proa-comunicacion-2\/","og_site_name":"PROA Comunicaci\u00f3n","article_published_time":"2020-02-06T08:55:31+00:00","og_image":[{"width":2560,"height":1414,"url":"https:\/\/proacomunicacion.es\/wp-content\/uploads\/2025\/08\/Firefly_radio-de-barco-scaled.jpg","type":"image\/jpeg"}],"author":"PROA Comunicaci\u00f3n","twitter_card":"summary_large_image","twitter_creator":"@proacomunica","twitter_site":"@proacomunica","twitter_misc":{"Written by":"PROA Comunicaci\u00f3n","Estimated reading time":"2 minutes"},"schema":{"@context":"https:\/\/schema.org","@graph":[{"@type":"Article","@id":"https:\/\/proacomunicacion.es\/claire-global-confia-en-proa-comunicacion\/#article","isPartOf":{"@id":"https:\/\/proacomunicacion.es\/claire-global-confia-en-proa-comunicacion\/"},"author":{"name":"PROA Comunicaci\u00f3n","@id":"https:\/\/proacomunicacion.es\/#\/schema\/person\/f80dc8938ea94e7f8aa1e8dc716d5a60"},"headline":"Claire Global conf\u00eda en Proa Comunicaci\u00f3n","datePublished":"2020-02-06T08:55:31+00:00","mainEntityOfPage":{"@id":"https:\/\/proacomunicacion.es\/claire-global-confia-en-proa-comunicacion\/"},"wordCount":454,"publisher":{"@id":"https:\/\/proacomunicacion.es\/#organization"},"image":{"@id":"https:\/\/proacomunicacion.es\/claire-global-confia-en-proa-comunicacion\/#primaryimage"},"thumbnailUrl":"","keywords":["claire global","marketplace"],"articleSection":["Noticias"],"inLanguage":"en-GB"},{"@type":"WebPage","@id":"https:\/\/proacomunicacion.es\/claire-global-confia-en-proa-comunicacion\/","url":"https:\/\/proacomunicacion.es\/claire-global-confia-en-proa-comunicacion\/","name":"Claire Global trusts in Proa Comunicaci\u00f3n - PROA Comunicaci\u00f3n","isPartOf":{"@id":"https:\/\/proacomunicacion.es\/#website"},"primaryImageOfPage":{"@id":"https:\/\/proacomunicacion.es\/claire-global-confia-en-proa-comunicacion\/#primaryimage"},"image":{"@id":"https:\/\/proacomunicacion.es\/claire-global-confia-en-proa-comunicacion\/#primaryimage"},"thumbnailUrl":"","datePublished":"2020-02-06T08:55:31+00:00","breadcrumb":{"@id":"https:\/\/proacomunicacion.es\/claire-global-confia-en-proa-comunicacion\/#breadcrumb"},"inLanguage":"en-GB","potentialAction":[{"@type":"ReadAction","target":["https:\/\/proacomunicacion.es\/claire-global-confia-en-proa-comunicacion\/"]}]},{"@type":"ImageObject","inLanguage":"en-GB","@id":"https:\/\/proacomunicacion.es\/claire-global-confia-en-proa-comunicacion\/#primaryimage","url":"","contentUrl":""},{"@type":"BreadcrumbList","@id":"https:\/\/proacomunicacion.es\/claire-global-confia-en-proa-comunicacion\/#breadcrumb","itemListElement":[{"@type":"ListItem","position":1,"name":"Portada","item":"https:\/\/proacomunicacion.es\/"},{"@type":"ListItem","position":2,"name":"Claire Global conf\u00eda en Proa Comunicaci\u00f3n"}]},{"@type":"WebSite","@id":"https:\/\/proacomunicacion.es\/#website","url":"https:\/\/proacomunicacion.es\/","name":"PROA Communication","description":"Corporate Communications Agency in Madrid, Barcelona and Galicia.","publisher":{"@id":"https:\/\/proacomunicacion.es\/#organization"},"alternateName":"PROA Comunicaci\u00f3n","potentialAction":[{"@type":"SearchAction","target":{"@type":"EntryPoint","urlTemplate":"https:\/\/proacomunicacion.es\/?s={search_term_string}"},"query-input":{"@type":"PropertyValueSpecification","valueRequired":true,"valueName":"search_term_string"}}],"inLanguage":"en-GB"},{"@type":"Organization","@id":"https:\/\/proacomunicacion.es\/#organization","name":"PROA Communication","alternateName":"PROA Comunicaci\u00f3n","url":"https:\/\/proacomunicacion.es\/","logo":{"@type":"ImageObject","inLanguage":"en-GB","@id":"https:\/\/proacomunicacion.es\/#\/schema\/logo\/image\/","url":"https:\/\/proacomunicacion.es\/wp-content\/uploads\/2024\/01\/Logo_Light.svg","contentUrl":"https:\/\/proacomunicacion.es\/wp-content\/uploads\/2024\/01\/Logo_Light.svg","width":136,"height":33,"caption":"PROA Comunicaci\u00f3n"},"image":{"@id":"https:\/\/proacomunicacion.es\/#\/schema\/logo\/image\/"},"sameAs":["https:\/\/x.com\/proacomunica","https:\/\/es.linkedin.com\/company\/proa-comunicacion_2","https:\/\/www.instagram.com\/proacomunica\/","https:\/\/www.youtube.com\/@proacomunicacion","https:\/\/es.wikipedia.org\/wiki\/PROA_Comunicacin"]},{"@type":"Person","@id":"https:\/\/proacomunicacion.es\/#\/schema\/person\/f80dc8938ea94e7f8aa1e8dc716d5a60","name":"PROA Communication","image":{"@type":"ImageObject","inLanguage":"en-GB","@id":"https:\/\/proacomunicacion.es\/#\/schema\/person\/image\/","url":"https:\/\/secure.gravatar.com\/avatar\/394c93c195ff19b00e79d66a42971657a01de9f2740b97148d0f14a1e1a359b7?s=96&r=g","contentUrl":"https:\/\/secure.gravatar.com\/avatar\/394c93c195ff19b00e79d66a42971657a01de9f2740b97148d0f14a1e1a359b7?s=96&r=g","caption":"PROA Comunicaci\u00f3n"}}]}},"_links":{"self":[{"href":"https:\/\/proacomunicacion.es\/en\/wp-json\/wp\/v2\/posts\/16376","targetHints":{"allow":["GET"]}}],"collection":[{"href":"https:\/\/proacomunicacion.es\/en\/wp-json\/wp\/v2\/posts"}],"about":[{"href":"https:\/\/proacomunicacion.es\/en\/wp-json\/wp\/v2\/types\/post"}],"author":[{"embeddable":true,"href":"https:\/\/proacomunicacion.es\/en\/wp-json\/wp\/v2\/users\/28"}],"replies":[{"embeddable":true,"href":"https:\/\/proacomunicacion.es\/en\/wp-json\/wp\/v2\/comments?post=16376"}],"version-history":[{"count":0,"href":"https:\/\/proacomunicacion.es\/en\/wp-json\/wp\/v2\/posts\/16376\/revisions"}],"wp:featuredmedia":[{"embeddable":true,"href":"https:\/\/proacomunicacion.es\/en\/wp-json\/"}],"wp:attachment":[{"href":"https:\/\/proacomunicacion.es\/en\/wp-json\/wp\/v2\/media?parent=16376"}],"wp:term":[{"taxonomy":"category","embeddable":true,"href":"https:\/\/proacomunicacion.es\/en\/wp-json\/wp\/v2\/categories?post=16376"},{"taxonomy":"post_tag","embeddable":true,"href":"https:\/\/proacomunicacion.es\/en\/wp-json\/wp\/v2\/tags?post=16376"}],"curies":[{"name":"wp","href":"https:\/\/api.w.org\/{rel}","templated":true}]}}