{"id":16909,"date":"2020-03-05T12:06:17","date_gmt":"2020-03-05T11:06:17","guid":{"rendered":"https:\/\/proacomunicacion.es\/?p=16909"},"modified":"2020-03-05T12:06:17","modified_gmt":"2020-03-05T11:06:17","slug":"degussa-a-communication-success-story-as-it-celebrates-its-fifth-anniversary","status":"publish","type":"post","link":"https:\/\/proacomunicacion.es\/en\/degussa-un-caso-de-exito-en-comunicacion-al-cumplir-su-quinto-aniversario\/","title":{"rendered":"Degussa, a communication success story on its fifth anniversary in Spain"},"content":{"rendered":"<p style=\"text-align: justify;\"><strong>Luc\u00eda Casanueva<\/strong>partner-founder of Proa Comunicaci\u00f3n, interviews with <strong>Tom\u00e1s Epeldegu<\/strong>i, general manager of Degussa in Spain, a benchmark company in Europe in the trading of physical investment gold, which celebrates its fifth anniversary this year. In the video, they analyse how the communication campaign developed by Proa Comunicaci\u00f3n has had a positive impact on the company's income statement and growth in Spain.<\/p>\n<p><iframe src=\"https:\/\/www.youtube.com\/embed\/uFuxdllF8LI\" width=\"960\" height=\"515\" frameborder=\"0\" allowfullscreen=\"allowfullscreen\"><span data-mce-type=\"bookmark\" style=\"display: inline-block; width: 0px; overflow: hidden; line-height: 0;\" class=\"mce_SELRES_start\"><\/span><\/iframe><\/p>","protected":false},"excerpt":{"rendered":"<p>Luc\u00eda Casanueva, socia-fundadora de Proa Comunicaci\u00f3n, entrevista a Tom\u00e1s Epeldegui, director general de Degussa en Espa\u00f1a, empresa de referencia en Europa en el comercio de oro f\u00edsico de inversi\u00f3n que cumple este a\u00f1o su quinto aniversario. En el v\u00eddeo, analizan c\u00f3mo la campa\u00f1a de comunicaci\u00f3n desarrollada por Proa Comunicaci\u00f3n ha impactado positivamente en la cuenta [&hellip;]<\/p>\n","protected":false},"author":28,"featured_media":16910,"comment_status":"closed","ping_status":"closed","sticky":false,"template":"","format":"standard","meta":{"footnotes":""},"categories":[176],"tags":[67,164],"class_list":["post-16909","post","type-post","status-publish","format-standard","has-post-thumbnail","hentry","category-blog","tag-comunicacion","tag-degussa"],"yoast_head":"<!-- This site is optimized with the Yoast SEO plugin v27.0 - https:\/\/yoast.com\/product\/yoast-seo-wordpress\/ -->\n<title>Degussa, un caso de \u00e9xito en comunicaci\u00f3n al cumplir su quinto aniversario en Espa\u00f1a - PROA Comunicaci\u00f3n<\/title>\n<meta name=\"description\" content=\"Luc\u00eda Casanueva, socia-fundadora de Proa Comunicaci\u00f3n, entrevista a Tom\u00e1s Epeldegui, director general de Degussa en Espa\u00f1a, empresa de referencia en Europa en el comercio de oro f\u00edsico de inversi\u00f3n que cumple este a\u00f1o su quinto aniversario. En el v\u00eddeo, analizan c\u00f3mo la campa\u00f1a de comunicaci\u00f3n desarrollada por Proa Comunicaci\u00f3n ha impactado positivamente en la cuenta de resultados y en el crecimiento de la compa\u00f1\u00eda en nuestro pa\u00eds.\" \/>\n<meta name=\"robots\" content=\"index, follow, max-snippet:-1, max-image-preview:large, max-video-preview:-1\" \/>\n<link rel=\"canonical\" href=\"https:\/\/proacomunicacion.es\/en\/degussa-a-communication-success-story-as-it-celebrates-its-fifth-anniversary\/\" \/>\n<meta property=\"og:locale\" content=\"en_GB\" \/>\n<meta property=\"og:type\" content=\"article\" \/>\n<meta property=\"og:title\" content=\"Degussa, un caso de \u00e9xito en comunicaci\u00f3n al cumplir su quinto aniversario en Espa\u00f1a - PROA Comunicaci\u00f3n\" \/>\n<meta property=\"og:description\" content=\"Luc\u00eda Casanueva, socia-fundadora de Proa Comunicaci\u00f3n, entrevista a Tom\u00e1s Epeldegui, director general de Degussa en Espa\u00f1a, empresa de referencia en Europa en el comercio de oro f\u00edsico de inversi\u00f3n que cumple este a\u00f1o su quinto aniversario. En el v\u00eddeo, analizan c\u00f3mo la campa\u00f1a de comunicaci\u00f3n desarrollada por Proa Comunicaci\u00f3n ha impactado positivamente en la cuenta de resultados y en el crecimiento de la compa\u00f1\u00eda en nuestro pa\u00eds.\" \/>\n<meta property=\"og:url\" content=\"https:\/\/proacomunicacion.es\/en\/degussa-a-communication-success-story-as-it-celebrates-its-fifth-anniversary\/\" \/>\n<meta property=\"og:site_name\" content=\"PROA Comunicaci\u00f3n\" \/>\n<meta property=\"article:published_time\" content=\"2020-03-05T11:06:17+00:00\" \/>\n<meta property=\"og:image\" content=\"https:\/\/proacomunicacion.es\/wp-content\/uploads\/2025\/08\/Firefly_radio-de-barco-scaled.jpg\" \/>\n\t<meta property=\"og:image:width\" content=\"2560\" \/>\n\t<meta property=\"og:image:height\" content=\"1414\" \/>\n\t<meta property=\"og:image:type\" content=\"image\/jpeg\" \/>\n<meta name=\"author\" content=\"PROA Comunicaci\u00f3n\" \/>\n<meta name=\"twitter:card\" content=\"summary_large_image\" \/>\n<meta name=\"twitter:creator\" content=\"@proacomunica\" \/>\n<meta name=\"twitter:site\" content=\"@proacomunica\" \/>\n<meta name=\"twitter:label1\" content=\"Written by\" \/>\n\t<meta name=\"twitter:data1\" content=\"PROA Comunicaci\u00f3n\" \/>\n<script type=\"application\/ld+json\" class=\"yoast-schema-graph\">{\"@context\":\"https:\/\/schema.org\",\"@graph\":[{\"@type\":\"Article\",\"@id\":\"https:\/\/proacomunicacion.es\/degussa-un-caso-de-exito-en-comunicacion-al-cumplir-su-quinto-aniversario\/#article\",\"isPartOf\":{\"@id\":\"https:\/\/proacomunicacion.es\/degussa-un-caso-de-exito-en-comunicacion-al-cumplir-su-quinto-aniversario\/\"},\"author\":{\"name\":\"PROA Comunicaci\u00f3n\",\"@id\":\"https:\/\/proacomunicacion.es\/#\/schema\/person\/f80dc8938ea94e7f8aa1e8dc716d5a60\"},\"headline\":\"Degussa, un caso de \u00e9xito en comunicaci\u00f3n al cumplir su quinto aniversario en Espa\u00f1a\",\"datePublished\":\"2020-03-05T11:06:17+00:00\",\"mainEntityOfPage\":{\"@id\":\"https:\/\/proacomunicacion.es\/degussa-un-caso-de-exito-en-comunicacion-al-cumplir-su-quinto-aniversario\/\"},\"wordCount\":97,\"publisher\":{\"@id\":\"https:\/\/proacomunicacion.es\/#organization\"},\"image\":{\"@id\":\"https:\/\/proacomunicacion.es\/degussa-un-caso-de-exito-en-comunicacion-al-cumplir-su-quinto-aniversario\/#primaryimage\"},\"thumbnailUrl\":\"\",\"keywords\":[\"comunicacion\",\"Degussa\"],\"articleSection\":[\"Blog\"],\"inLanguage\":\"en-GB\"},{\"@type\":\"WebPage\",\"@id\":\"https:\/\/proacomunicacion.es\/degussa-un-caso-de-exito-en-comunicacion-al-cumplir-su-quinto-aniversario\/\",\"url\":\"https:\/\/proacomunicacion.es\/degussa-un-caso-de-exito-en-comunicacion-al-cumplir-su-quinto-aniversario\/\",\"name\":\"Degussa, un caso de \u00e9xito en comunicaci\u00f3n al cumplir su quinto aniversario en Espa\u00f1a - PROA Comunicaci\u00f3n\",\"isPartOf\":{\"@id\":\"https:\/\/proacomunicacion.es\/#website\"},\"primaryImageOfPage\":{\"@id\":\"https:\/\/proacomunicacion.es\/degussa-un-caso-de-exito-en-comunicacion-al-cumplir-su-quinto-aniversario\/#primaryimage\"},\"image\":{\"@id\":\"https:\/\/proacomunicacion.es\/degussa-un-caso-de-exito-en-comunicacion-al-cumplir-su-quinto-aniversario\/#primaryimage\"},\"thumbnailUrl\":\"\",\"datePublished\":\"2020-03-05T11:06:17+00:00\",\"description\":\"Luc\u00eda Casanueva, socia-fundadora de Proa Comunicaci\u00f3n, entrevista a Tom\u00e1s Epeldegui, director general de Degussa en Espa\u00f1a, empresa de referencia en Europa en el comercio de oro f\u00edsico de inversi\u00f3n que cumple este a\u00f1o su quinto aniversario. En el v\u00eddeo, analizan c\u00f3mo la campa\u00f1a de comunicaci\u00f3n desarrollada por Proa Comunicaci\u00f3n ha impactado positivamente en la cuenta de resultados y en el crecimiento de la compa\u00f1\u00eda en nuestro pa\u00eds.\",\"breadcrumb\":{\"@id\":\"https:\/\/proacomunicacion.es\/degussa-un-caso-de-exito-en-comunicacion-al-cumplir-su-quinto-aniversario\/#breadcrumb\"},\"inLanguage\":\"en-GB\",\"potentialAction\":[{\"@type\":\"ReadAction\",\"target\":[\"https:\/\/proacomunicacion.es\/degussa-un-caso-de-exito-en-comunicacion-al-cumplir-su-quinto-aniversario\/\"]}]},{\"@type\":\"ImageObject\",\"inLanguage\":\"en-GB\",\"@id\":\"https:\/\/proacomunicacion.es\/degussa-un-caso-de-exito-en-comunicacion-al-cumplir-su-quinto-aniversario\/#primaryimage\",\"url\":\"\",\"contentUrl\":\"\"},{\"@type\":\"BreadcrumbList\",\"@id\":\"https:\/\/proacomunicacion.es\/degussa-un-caso-de-exito-en-comunicacion-al-cumplir-su-quinto-aniversario\/#breadcrumb\",\"itemListElement\":[{\"@type\":\"ListItem\",\"position\":1,\"name\":\"Portada\",\"item\":\"https:\/\/proacomunicacion.es\/\"},{\"@type\":\"ListItem\",\"position\":2,\"name\":\"Degussa, un caso de \u00e9xito en comunicaci\u00f3n al cumplir su quinto aniversario en Espa\u00f1a\"}]},{\"@type\":\"WebSite\",\"@id\":\"https:\/\/proacomunicacion.es\/#website\",\"url\":\"https:\/\/proacomunicacion.es\/\",\"name\":\"PROA Comunicaci\u00f3n\",\"description\":\"Agencia de Comunicaci\u00f3n Corporativa en Madrid, Barcelona y Galicia.\",\"publisher\":{\"@id\":\"https:\/\/proacomunicacion.es\/#organization\"},\"alternateName\":\"PROA Comunicaci\u00f3n\",\"potentialAction\":[{\"@type\":\"SearchAction\",\"target\":{\"@type\":\"EntryPoint\",\"urlTemplate\":\"https:\/\/proacomunicacion.es\/?s={search_term_string}\"},\"query-input\":{\"@type\":\"PropertyValueSpecification\",\"valueRequired\":true,\"valueName\":\"search_term_string\"}}],\"inLanguage\":\"en-GB\"},{\"@type\":\"Organization\",\"@id\":\"https:\/\/proacomunicacion.es\/#organization\",\"name\":\"PROA Comunicaci\u00f3n\",\"alternateName\":\"PROA Comunicaci\u00f3n\",\"url\":\"https:\/\/proacomunicacion.es\/\",\"logo\":{\"@type\":\"ImageObject\",\"inLanguage\":\"en-GB\",\"@id\":\"https:\/\/proacomunicacion.es\/#\/schema\/logo\/image\/\",\"url\":\"https:\/\/proacomunicacion.es\/wp-content\/uploads\/2024\/01\/Logo_Light.svg\",\"contentUrl\":\"https:\/\/proacomunicacion.es\/wp-content\/uploads\/2024\/01\/Logo_Light.svg\",\"width\":136,\"height\":33,\"caption\":\"PROA Comunicaci\u00f3n\"},\"image\":{\"@id\":\"https:\/\/proacomunicacion.es\/#\/schema\/logo\/image\/\"},\"sameAs\":[\"https:\/\/x.com\/proacomunica\",\"https:\/\/es.linkedin.com\/company\/proa-comunicacion_2\",\"https:\/\/www.instagram.com\/proacomunica\/\",\"https:\/\/www.youtube.com\/@proacomunicacion\",\"https:\/\/es.wikipedia.org\/wiki\/PROA_Comunicacin\"]},{\"@type\":\"Person\",\"@id\":\"https:\/\/proacomunicacion.es\/#\/schema\/person\/f80dc8938ea94e7f8aa1e8dc716d5a60\",\"name\":\"PROA Comunicaci\u00f3n\",\"image\":{\"@type\":\"ImageObject\",\"inLanguage\":\"en-GB\",\"@id\":\"https:\/\/proacomunicacion.es\/#\/schema\/person\/image\/\",\"url\":\"https:\/\/secure.gravatar.com\/avatar\/394c93c195ff19b00e79d66a42971657a01de9f2740b97148d0f14a1e1a359b7?s=96&r=g\",\"contentUrl\":\"https:\/\/secure.gravatar.com\/avatar\/394c93c195ff19b00e79d66a42971657a01de9f2740b97148d0f14a1e1a359b7?s=96&r=g\",\"caption\":\"PROA Comunicaci\u00f3n\"}}]}<\/script>\n<!-- \/ Yoast SEO plugin. -->","yoast_head_json":{"title":"Degussa, a communication success story on its fifth anniversary in Spain - PROA Comunicaci\u00f3n","description":"Luc\u00eda Casanueva, founding partner of Proa Comunicaci\u00f3n, interviews Tom\u00e1s Epeldegui, CEO of Degussa in Spain, a benchmark company in Europe in the trading of physical investment gold, which celebrates its fifth anniversary this year. In the video, they analyse how the communication campaign developed by Proa Comunicaci\u00f3n has had a positive impact on the company's income statement and growth in our country.","robots":{"index":"index","follow":"follow","max-snippet":"max-snippet:-1","max-image-preview":"max-image-preview:large","max-video-preview":"max-video-preview:-1"},"canonical":"https:\/\/proacomunicacion.es\/en\/degussa-a-communication-success-story-as-it-celebrates-its-fifth-anniversary\/","og_locale":"en_GB","og_type":"article","og_title":"Degussa, un caso de \u00e9xito en comunicaci\u00f3n al cumplir su quinto aniversario en Espa\u00f1a - PROA Comunicaci\u00f3n","og_description":"Luc\u00eda Casanueva, socia-fundadora de Proa Comunicaci\u00f3n, entrevista a Tom\u00e1s Epeldegui, director general de Degussa en Espa\u00f1a, empresa de referencia en Europa en el comercio de oro f\u00edsico de inversi\u00f3n que cumple este a\u00f1o su quinto aniversario. En el v\u00eddeo, analizan c\u00f3mo la campa\u00f1a de comunicaci\u00f3n desarrollada por Proa Comunicaci\u00f3n ha impactado positivamente en la cuenta de resultados y en el crecimiento de la compa\u00f1\u00eda en nuestro pa\u00eds.","og_url":"https:\/\/proacomunicacion.es\/en\/degussa-a-communication-success-story-as-it-celebrates-its-fifth-anniversary\/","og_site_name":"PROA Comunicaci\u00f3n","article_published_time":"2020-03-05T11:06:17+00:00","og_image":[{"width":2560,"height":1414,"url":"https:\/\/proacomunicacion.es\/wp-content\/uploads\/2025\/08\/Firefly_radio-de-barco-scaled.jpg","type":"image\/jpeg"}],"author":"PROA Comunicaci\u00f3n","twitter_card":"summary_large_image","twitter_creator":"@proacomunica","twitter_site":"@proacomunica","twitter_misc":{"Written by":"PROA Comunicaci\u00f3n"},"schema":{"@context":"https:\/\/schema.org","@graph":[{"@type":"Article","@id":"https:\/\/proacomunicacion.es\/degussa-un-caso-de-exito-en-comunicacion-al-cumplir-su-quinto-aniversario\/#article","isPartOf":{"@id":"https:\/\/proacomunicacion.es\/degussa-un-caso-de-exito-en-comunicacion-al-cumplir-su-quinto-aniversario\/"},"author":{"name":"PROA Comunicaci\u00f3n","@id":"https:\/\/proacomunicacion.es\/#\/schema\/person\/f80dc8938ea94e7f8aa1e8dc716d5a60"},"headline":"Degussa, un caso de \u00e9xito en comunicaci\u00f3n al cumplir su quinto aniversario en Espa\u00f1a","datePublished":"2020-03-05T11:06:17+00:00","mainEntityOfPage":{"@id":"https:\/\/proacomunicacion.es\/degussa-un-caso-de-exito-en-comunicacion-al-cumplir-su-quinto-aniversario\/"},"wordCount":97,"publisher":{"@id":"https:\/\/proacomunicacion.es\/#organization"},"image":{"@id":"https:\/\/proacomunicacion.es\/degussa-un-caso-de-exito-en-comunicacion-al-cumplir-su-quinto-aniversario\/#primaryimage"},"thumbnailUrl":"","keywords":["comunicacion","Degussa"],"articleSection":["Blog"],"inLanguage":"en-GB"},{"@type":"WebPage","@id":"https:\/\/proacomunicacion.es\/degussa-un-caso-de-exito-en-comunicacion-al-cumplir-su-quinto-aniversario\/","url":"https:\/\/proacomunicacion.es\/degussa-un-caso-de-exito-en-comunicacion-al-cumplir-su-quinto-aniversario\/","name":"Degussa, a communication success story on its fifth anniversary in Spain - PROA Comunicaci\u00f3n","isPartOf":{"@id":"https:\/\/proacomunicacion.es\/#website"},"primaryImageOfPage":{"@id":"https:\/\/proacomunicacion.es\/degussa-un-caso-de-exito-en-comunicacion-al-cumplir-su-quinto-aniversario\/#primaryimage"},"image":{"@id":"https:\/\/proacomunicacion.es\/degussa-un-caso-de-exito-en-comunicacion-al-cumplir-su-quinto-aniversario\/#primaryimage"},"thumbnailUrl":"","datePublished":"2020-03-05T11:06:17+00:00","description":"Luc\u00eda Casanueva, founding partner of Proa Comunicaci\u00f3n, interviews Tom\u00e1s Epeldegui, CEO of Degussa in Spain, a benchmark company in Europe in the trading of physical investment gold, which celebrates its fifth anniversary this year. In the video, they analyse how the communication campaign developed by Proa Comunicaci\u00f3n has had a positive impact on the company's income statement and growth in our country.","breadcrumb":{"@id":"https:\/\/proacomunicacion.es\/degussa-un-caso-de-exito-en-comunicacion-al-cumplir-su-quinto-aniversario\/#breadcrumb"},"inLanguage":"en-GB","potentialAction":[{"@type":"ReadAction","target":["https:\/\/proacomunicacion.es\/degussa-un-caso-de-exito-en-comunicacion-al-cumplir-su-quinto-aniversario\/"]}]},{"@type":"ImageObject","inLanguage":"en-GB","@id":"https:\/\/proacomunicacion.es\/degussa-un-caso-de-exito-en-comunicacion-al-cumplir-su-quinto-aniversario\/#primaryimage","url":"","contentUrl":""},{"@type":"BreadcrumbList","@id":"https:\/\/proacomunicacion.es\/degussa-un-caso-de-exito-en-comunicacion-al-cumplir-su-quinto-aniversario\/#breadcrumb","itemListElement":[{"@type":"ListItem","position":1,"name":"Portada","item":"https:\/\/proacomunicacion.es\/"},{"@type":"ListItem","position":2,"name":"Degussa, un caso de \u00e9xito en comunicaci\u00f3n al cumplir su quinto aniversario en Espa\u00f1a"}]},{"@type":"WebSite","@id":"https:\/\/proacomunicacion.es\/#website","url":"https:\/\/proacomunicacion.es\/","name":"PROA Communication","description":"Corporate Communications Agency in Madrid, Barcelona and Galicia.","publisher":{"@id":"https:\/\/proacomunicacion.es\/#organization"},"alternateName":"PROA Comunicaci\u00f3n","potentialAction":[{"@type":"SearchAction","target":{"@type":"EntryPoint","urlTemplate":"https:\/\/proacomunicacion.es\/?s={search_term_string}"},"query-input":{"@type":"PropertyValueSpecification","valueRequired":true,"valueName":"search_term_string"}}],"inLanguage":"en-GB"},{"@type":"Organization","@id":"https:\/\/proacomunicacion.es\/#organization","name":"PROA Communication","alternateName":"PROA Comunicaci\u00f3n","url":"https:\/\/proacomunicacion.es\/","logo":{"@type":"ImageObject","inLanguage":"en-GB","@id":"https:\/\/proacomunicacion.es\/#\/schema\/logo\/image\/","url":"https:\/\/proacomunicacion.es\/wp-content\/uploads\/2024\/01\/Logo_Light.svg","contentUrl":"https:\/\/proacomunicacion.es\/wp-content\/uploads\/2024\/01\/Logo_Light.svg","width":136,"height":33,"caption":"PROA Comunicaci\u00f3n"},"image":{"@id":"https:\/\/proacomunicacion.es\/#\/schema\/logo\/image\/"},"sameAs":["https:\/\/x.com\/proacomunica","https:\/\/es.linkedin.com\/company\/proa-comunicacion_2","https:\/\/www.instagram.com\/proacomunica\/","https:\/\/www.youtube.com\/@proacomunicacion","https:\/\/es.wikipedia.org\/wiki\/PROA_Comunicacin"]},{"@type":"Person","@id":"https:\/\/proacomunicacion.es\/#\/schema\/person\/f80dc8938ea94e7f8aa1e8dc716d5a60","name":"PROA Communication","image":{"@type":"ImageObject","inLanguage":"en-GB","@id":"https:\/\/proacomunicacion.es\/#\/schema\/person\/image\/","url":"https:\/\/secure.gravatar.com\/avatar\/394c93c195ff19b00e79d66a42971657a01de9f2740b97148d0f14a1e1a359b7?s=96&r=g","contentUrl":"https:\/\/secure.gravatar.com\/avatar\/394c93c195ff19b00e79d66a42971657a01de9f2740b97148d0f14a1e1a359b7?s=96&r=g","caption":"PROA Comunicaci\u00f3n"}}]}},"_links":{"self":[{"href":"https:\/\/proacomunicacion.es\/en\/wp-json\/wp\/v2\/posts\/16909","targetHints":{"allow":["GET"]}}],"collection":[{"href":"https:\/\/proacomunicacion.es\/en\/wp-json\/wp\/v2\/posts"}],"about":[{"href":"https:\/\/proacomunicacion.es\/en\/wp-json\/wp\/v2\/types\/post"}],"author":[{"embeddable":true,"href":"https:\/\/proacomunicacion.es\/en\/wp-json\/wp\/v2\/users\/28"}],"replies":[{"embeddable":true,"href":"https:\/\/proacomunicacion.es\/en\/wp-json\/wp\/v2\/comments?post=16909"}],"version-history":[{"count":0,"href":"https:\/\/proacomunicacion.es\/en\/wp-json\/wp\/v2\/posts\/16909\/revisions"}],"wp:featuredmedia":[{"embeddable":true,"href":"https:\/\/proacomunicacion.es\/en\/wp-json\/"}],"wp:attachment":[{"href":"https:\/\/proacomunicacion.es\/en\/wp-json\/wp\/v2\/media?parent=16909"}],"wp:term":[{"taxonomy":"category","embeddable":true,"href":"https:\/\/proacomunicacion.es\/en\/wp-json\/wp\/v2\/categories?post=16909"},{"taxonomy":"post_tag","embeddable":true,"href":"https:\/\/proacomunicacion.es\/en\/wp-json\/wp\/v2\/tags?post=16909"}],"curies":[{"name":"wp","href":"https:\/\/api.w.org\/{rel}","templated":true}]}}