{"id":17111,"date":"2020-03-19T10:08:43","date_gmt":"2020-03-19T09:08:43","guid":{"rendered":"https:\/\/proacomunicacion.es\/?p=17111"},"modified":"2020-03-19T10:08:43","modified_gmt":"2020-03-19T09:08:43","slug":"the-power-of-communication-in-times-of-trust-crisis","status":"publish","type":"post","link":"https:\/\/proacomunicacion.es\/en\/el-poder-de-la-comunicacion-en-momentos-crisis-de-confianza\/","title":{"rendered":"The power of communication in times of crisis of confidence"},"content":{"rendered":"<p style=\"text-align: justify;\">In these days of uncertainty and physical separation, corporate communication is more important than ever. Companies have a responsibility to their employees, but also to their customers, suppliers, public administrations, the media or the financial markets, because in addition to ensuring their security, the way in which they are managed<strong> This situation may be decisive for its survival as a corporation. <\/strong><\/p>\n<p style=\"text-align: justify;\">The power of leadership comes into play. Whether on video, live, by message or in print, the voice of the leader is important. This is a traumatic situation that generates panic through fear and reminds us of the negative effects of other difficult times. This fear generates paralysis, which directly affects creativity and our ability to make decisions. <strong>The head of the company <\/strong>(CEO, general manager or even the director of communication).<strong> must be aware that it is facing a crisis of confidence, and crises of confidence must be fought with confidence.<\/strong>. <strong>It is up to him to help and keep his team and the rest of the public together.<\/strong><\/p>\n<p style=\"text-align: justify;\">In this sense, communicating measures to manage the COVID-19 crisis will help companies to minimise the negative impact of the crisis. Communication at this time should be based on four pillars: <strong>honesty, transparency, accountability and consistency<\/strong>. This means <strong>tell the truth, do not hide the facts, do not blame others and do what is being said and say what is being done.<\/strong>.<\/p>\n<ul style=\"text-align: justify;\">\n<li>Employees need to hear about any news that affects them from their leaders and never through other means (rumours, social networks, media...) This is the best way to keep their trust in your organisation.<\/li>\n<li>They need to know what has happened and how it is directly affecting the business, as a good understanding of the circumstances will help to understand some decisions, even if they are difficult. Communication should facilitate understanding.<\/li>\n<li>It is important to communicate what is being done to solve the problem and what the roadmap will be during this time.<\/li>\n<li>In the event of dismissals, whether temporary or permanent, the main judicial milestones will be passed on to the different audiences.<\/li>\n<li>Employees must feel listened to and recognised in their commitment. If we listen, they listen to us. If we listen, we generate bonds and trust. At this point, it is worth highlighting the importance of empathy and not leaving aside the human factor. We are talking about people.<\/li>\n<li>Abandon the tendency to keep a low profile. We live in the age of connectivity and leaders must take advantage of this to maintain a constant, fluid and regular presence with all stakeholders even if there are no major developments. It is a good time to use video, because it helps to get messages across as intended and is proven to attract more attention and improve retention at a reasonable length.<\/li>\n<li>Remind them that this is a temporary situation.<\/li>\n<\/ul>\n<p style=\"text-align: justify;\">The <strong>communication<\/strong> is now becoming a <strong>powerful tool<\/strong> that will help keep employees calm, motivated and engaged.<\/p>\n<p>&nbsp;<\/p>\n<hr \/>\n<p><a class=\"lightbox-added alignleft\" href=\"https:\/\/proacomunicacion.es\/wp-content\/uploads\/2020\/03\/VALVA.jpg\"><img decoding=\"async\" class=\"alignnone wp-image-17021 size-thumbnail\" src=\"https:\/\/proacomunicacion.es\/wp-content\/uploads\/2020\/03\/VALVA-80x80.jpg\" alt=\"\" width=\"80\" height=\"80\" \/><\/a><strong>Valvanuz Serna Ruiz<\/strong><br \/>\nManaging Partner of Proa Comunicaci\u00f3n<\/p>","protected":false},"excerpt":{"rendered":"<p>En estos d\u00edas de incertidumbre y ya de separaci\u00f3n f\u00edsica, la comunicaci\u00f3n en las corporaciones es m\u00e1s importante que nunca. Las compa\u00f1\u00edas tienen una responsabilidad con sus empleados, pero tambi\u00e9n con sus clientes, proveedores, las administraciones p\u00fablicas, los medios de comunicaci\u00f3n o los mercados financieros, porque adem\u00e1s de garantizar su seguridad, la forma en la [&hellip;]<\/p>\n","protected":false},"author":28,"featured_media":17113,"comment_status":"closed","ping_status":"closed","sticky":false,"template":"","format":"standard","meta":{"footnotes":""},"categories":[176],"tags":[67,42,344,81,287,1788],"class_list":["post-17111","post","type-post","status-publish","format-standard","has-post-thumbnail","hentry","category-blog","tag-comunicacion","tag-comunicacion-de-crisis","tag-comunicacion-empresarial","tag-confianza","tag-covid-2019-es","tag-empleados"],"yoast_head":"<!-- This site is optimized with the Yoast SEO plugin v27.0 - https:\/\/yoast.com\/product\/yoast-seo-wordpress\/ -->\n<title>El poder de la comunicaci\u00f3n en momentos de crisis de confianza - PROA Comunicaci\u00f3n<\/title>\n<meta name=\"description\" content=\"Las compa\u00f1\u00edas tienen una responsabilidad con sus empleados, pero tambi\u00e9n con sus clientes, proveedores, las administraciones p\u00fablicas, los medios de comunicaci\u00f3n o los mercados financieros, porque adem\u00e1s de garantizar su seguridad, la forma en la que se gestione esta situaci\u00f3n puede ser determinante para su supervivencia como corporaci\u00f3n.\" \/>\n<meta name=\"robots\" content=\"index, follow, max-snippet:-1, max-image-preview:large, max-video-preview:-1\" \/>\n<link rel=\"canonical\" href=\"https:\/\/proacomunicacion.es\/en\/the-power-of-communication-in-times-of-trust-crisis\/\" \/>\n<meta property=\"og:locale\" content=\"en_GB\" \/>\n<meta property=\"og:type\" content=\"article\" \/>\n<meta property=\"og:title\" content=\"El poder de la comunicaci\u00f3n en momentos de crisis de confianza - PROA Comunicaci\u00f3n\" \/>\n<meta property=\"og:description\" content=\"Las compa\u00f1\u00edas tienen una responsabilidad con sus empleados, pero tambi\u00e9n con sus clientes, proveedores, las administraciones p\u00fablicas, los medios de comunicaci\u00f3n o los mercados financieros, porque adem\u00e1s de garantizar su seguridad, la forma en la que se gestione esta situaci\u00f3n puede ser determinante para su supervivencia como corporaci\u00f3n.\" \/>\n<meta property=\"og:url\" content=\"https:\/\/proacomunicacion.es\/en\/the-power-of-communication-in-times-of-trust-crisis\/\" \/>\n<meta property=\"og:site_name\" content=\"PROA Comunicaci\u00f3n\" \/>\n<meta property=\"article:published_time\" content=\"2020-03-19T09:08:43+00:00\" \/>\n<meta property=\"og:image\" content=\"https:\/\/proacomunicacion.es\/wp-content\/uploads\/2025\/08\/Firefly_radio-de-barco-scaled.jpg\" \/>\n\t<meta property=\"og:image:width\" content=\"2560\" \/>\n\t<meta property=\"og:image:height\" content=\"1414\" \/>\n\t<meta property=\"og:image:type\" content=\"image\/jpeg\" \/>\n<meta name=\"author\" content=\"PROA Comunicaci\u00f3n\" \/>\n<meta name=\"twitter:card\" content=\"summary_large_image\" \/>\n<meta name=\"twitter:creator\" content=\"@proacomunica\" \/>\n<meta name=\"twitter:site\" content=\"@proacomunica\" \/>\n<meta name=\"twitter:label1\" content=\"Written by\" \/>\n\t<meta name=\"twitter:data1\" content=\"PROA Comunicaci\u00f3n\" \/>\n\t<meta name=\"twitter:label2\" content=\"Estimated reading time\" \/>\n\t<meta name=\"twitter:data2\" content=\"3 minutes\" \/>\n<script type=\"application\/ld+json\" class=\"yoast-schema-graph\">{\"@context\":\"https:\/\/schema.org\",\"@graph\":[{\"@type\":\"Article\",\"@id\":\"https:\/\/proacomunicacion.es\/el-poder-de-la-comunicacion-en-momentos-crisis-de-confianza\/#article\",\"isPartOf\":{\"@id\":\"https:\/\/proacomunicacion.es\/el-poder-de-la-comunicacion-en-momentos-crisis-de-confianza\/\"},\"author\":{\"name\":\"PROA Comunicaci\u00f3n\",\"@id\":\"https:\/\/proacomunicacion.es\/#\/schema\/person\/f80dc8938ea94e7f8aa1e8dc716d5a60\"},\"headline\":\"El poder de la comunicaci\u00f3n en momentos de crisis de confianza\",\"datePublished\":\"2020-03-19T09:08:43+00:00\",\"mainEntityOfPage\":{\"@id\":\"https:\/\/proacomunicacion.es\/el-poder-de-la-comunicacion-en-momentos-crisis-de-confianza\/\"},\"wordCount\":580,\"publisher\":{\"@id\":\"https:\/\/proacomunicacion.es\/#organization\"},\"image\":{\"@id\":\"https:\/\/proacomunicacion.es\/el-poder-de-la-comunicacion-en-momentos-crisis-de-confianza\/#primaryimage\"},\"thumbnailUrl\":\"\",\"keywords\":[\"comunicacion\",\"Comunicaci\u00f3n de crisis\",\"comunicaci\u00f3n empresarial\",\"confianza\",\"covid 2019\",\"empleados\"],\"articleSection\":[\"Blog\"],\"inLanguage\":\"en-GB\"},{\"@type\":\"WebPage\",\"@id\":\"https:\/\/proacomunicacion.es\/el-poder-de-la-comunicacion-en-momentos-crisis-de-confianza\/\",\"url\":\"https:\/\/proacomunicacion.es\/el-poder-de-la-comunicacion-en-momentos-crisis-de-confianza\/\",\"name\":\"El poder de la comunicaci\u00f3n en momentos de crisis de confianza - PROA Comunicaci\u00f3n\",\"isPartOf\":{\"@id\":\"https:\/\/proacomunicacion.es\/#website\"},\"primaryImageOfPage\":{\"@id\":\"https:\/\/proacomunicacion.es\/el-poder-de-la-comunicacion-en-momentos-crisis-de-confianza\/#primaryimage\"},\"image\":{\"@id\":\"https:\/\/proacomunicacion.es\/el-poder-de-la-comunicacion-en-momentos-crisis-de-confianza\/#primaryimage\"},\"thumbnailUrl\":\"\",\"datePublished\":\"2020-03-19T09:08:43+00:00\",\"description\":\"Las compa\u00f1\u00edas tienen una responsabilidad con sus empleados, pero tambi\u00e9n con sus clientes, proveedores, las administraciones p\u00fablicas, los medios de comunicaci\u00f3n o los mercados financieros, porque adem\u00e1s de garantizar su seguridad, la forma en la que se gestione esta situaci\u00f3n puede ser determinante para su supervivencia como corporaci\u00f3n.\",\"breadcrumb\":{\"@id\":\"https:\/\/proacomunicacion.es\/el-poder-de-la-comunicacion-en-momentos-crisis-de-confianza\/#breadcrumb\"},\"inLanguage\":\"en-GB\",\"potentialAction\":[{\"@type\":\"ReadAction\",\"target\":[\"https:\/\/proacomunicacion.es\/el-poder-de-la-comunicacion-en-momentos-crisis-de-confianza\/\"]}]},{\"@type\":\"ImageObject\",\"inLanguage\":\"en-GB\",\"@id\":\"https:\/\/proacomunicacion.es\/el-poder-de-la-comunicacion-en-momentos-crisis-de-confianza\/#primaryimage\",\"url\":\"\",\"contentUrl\":\"\"},{\"@type\":\"BreadcrumbList\",\"@id\":\"https:\/\/proacomunicacion.es\/el-poder-de-la-comunicacion-en-momentos-crisis-de-confianza\/#breadcrumb\",\"itemListElement\":[{\"@type\":\"ListItem\",\"position\":1,\"name\":\"Portada\",\"item\":\"https:\/\/proacomunicacion.es\/\"},{\"@type\":\"ListItem\",\"position\":2,\"name\":\"El poder de la comunicaci\u00f3n en momentos de crisis de confianza\"}]},{\"@type\":\"WebSite\",\"@id\":\"https:\/\/proacomunicacion.es\/#website\",\"url\":\"https:\/\/proacomunicacion.es\/\",\"name\":\"PROA Comunicaci\u00f3n\",\"description\":\"Agencia de Comunicaci\u00f3n Corporativa en Madrid, Barcelona y Galicia.\",\"publisher\":{\"@id\":\"https:\/\/proacomunicacion.es\/#organization\"},\"alternateName\":\"PROA Comunicaci\u00f3n\",\"potentialAction\":[{\"@type\":\"SearchAction\",\"target\":{\"@type\":\"EntryPoint\",\"urlTemplate\":\"https:\/\/proacomunicacion.es\/?s={search_term_string}\"},\"query-input\":{\"@type\":\"PropertyValueSpecification\",\"valueRequired\":true,\"valueName\":\"search_term_string\"}}],\"inLanguage\":\"en-GB\"},{\"@type\":\"Organization\",\"@id\":\"https:\/\/proacomunicacion.es\/#organization\",\"name\":\"PROA Comunicaci\u00f3n\",\"alternateName\":\"PROA Comunicaci\u00f3n\",\"url\":\"https:\/\/proacomunicacion.es\/\",\"logo\":{\"@type\":\"ImageObject\",\"inLanguage\":\"en-GB\",\"@id\":\"https:\/\/proacomunicacion.es\/#\/schema\/logo\/image\/\",\"url\":\"https:\/\/proacomunicacion.es\/wp-content\/uploads\/2024\/01\/Logo_Light.svg\",\"contentUrl\":\"https:\/\/proacomunicacion.es\/wp-content\/uploads\/2024\/01\/Logo_Light.svg\",\"width\":136,\"height\":33,\"caption\":\"PROA Comunicaci\u00f3n\"},\"image\":{\"@id\":\"https:\/\/proacomunicacion.es\/#\/schema\/logo\/image\/\"},\"sameAs\":[\"https:\/\/x.com\/proacomunica\",\"https:\/\/es.linkedin.com\/company\/proa-comunicacion_2\",\"https:\/\/www.instagram.com\/proacomunica\/\",\"https:\/\/www.youtube.com\/@proacomunicacion\",\"https:\/\/es.wikipedia.org\/wiki\/PROA_Comunicacin\"]},{\"@type\":\"Person\",\"@id\":\"https:\/\/proacomunicacion.es\/#\/schema\/person\/f80dc8938ea94e7f8aa1e8dc716d5a60\",\"name\":\"PROA Comunicaci\u00f3n\",\"image\":{\"@type\":\"ImageObject\",\"inLanguage\":\"en-GB\",\"@id\":\"https:\/\/proacomunicacion.es\/#\/schema\/person\/image\/\",\"url\":\"https:\/\/secure.gravatar.com\/avatar\/394c93c195ff19b00e79d66a42971657a01de9f2740b97148d0f14a1e1a359b7?s=96&r=g\",\"contentUrl\":\"https:\/\/secure.gravatar.com\/avatar\/394c93c195ff19b00e79d66a42971657a01de9f2740b97148d0f14a1e1a359b7?s=96&r=g\",\"caption\":\"PROA Comunicaci\u00f3n\"}}]}<\/script>\n<!-- \/ Yoast SEO plugin. -->","yoast_head_json":{"title":"The power of communication in times of crisis of trust - PROA Comunicaci\u00f3n","description":"Companies have a responsibility to their employees, but also to their customers, suppliers, public administrations, the media and the financial markets, because in addition to guaranteeing their security, the way in which this situation is managed can be decisive for their survival as a corporation.","robots":{"index":"index","follow":"follow","max-snippet":"max-snippet:-1","max-image-preview":"max-image-preview:large","max-video-preview":"max-video-preview:-1"},"canonical":"https:\/\/proacomunicacion.es\/en\/the-power-of-communication-in-times-of-trust-crisis\/","og_locale":"en_GB","og_type":"article","og_title":"El poder de la comunicaci\u00f3n en momentos de crisis de confianza - PROA Comunicaci\u00f3n","og_description":"Las compa\u00f1\u00edas tienen una responsabilidad con sus empleados, pero tambi\u00e9n con sus clientes, proveedores, las administraciones p\u00fablicas, los medios de comunicaci\u00f3n o los mercados financieros, porque adem\u00e1s de garantizar su seguridad, la forma en la que se gestione esta situaci\u00f3n puede ser determinante para su supervivencia como corporaci\u00f3n.","og_url":"https:\/\/proacomunicacion.es\/en\/the-power-of-communication-in-times-of-trust-crisis\/","og_site_name":"PROA Comunicaci\u00f3n","article_published_time":"2020-03-19T09:08:43+00:00","og_image":[{"width":2560,"height":1414,"url":"https:\/\/proacomunicacion.es\/wp-content\/uploads\/2025\/08\/Firefly_radio-de-barco-scaled.jpg","type":"image\/jpeg"}],"author":"PROA Comunicaci\u00f3n","twitter_card":"summary_large_image","twitter_creator":"@proacomunica","twitter_site":"@proacomunica","twitter_misc":{"Written by":"PROA Comunicaci\u00f3n","Estimated reading time":"3 minutes"},"schema":{"@context":"https:\/\/schema.org","@graph":[{"@type":"Article","@id":"https:\/\/proacomunicacion.es\/el-poder-de-la-comunicacion-en-momentos-crisis-de-confianza\/#article","isPartOf":{"@id":"https:\/\/proacomunicacion.es\/el-poder-de-la-comunicacion-en-momentos-crisis-de-confianza\/"},"author":{"name":"PROA Comunicaci\u00f3n","@id":"https:\/\/proacomunicacion.es\/#\/schema\/person\/f80dc8938ea94e7f8aa1e8dc716d5a60"},"headline":"El poder de la comunicaci\u00f3n en momentos de crisis de confianza","datePublished":"2020-03-19T09:08:43+00:00","mainEntityOfPage":{"@id":"https:\/\/proacomunicacion.es\/el-poder-de-la-comunicacion-en-momentos-crisis-de-confianza\/"},"wordCount":580,"publisher":{"@id":"https:\/\/proacomunicacion.es\/#organization"},"image":{"@id":"https:\/\/proacomunicacion.es\/el-poder-de-la-comunicacion-en-momentos-crisis-de-confianza\/#primaryimage"},"thumbnailUrl":"","keywords":["comunicacion","Comunicaci\u00f3n de crisis","comunicaci\u00f3n empresarial","confianza","covid 2019","empleados"],"articleSection":["Blog"],"inLanguage":"en-GB"},{"@type":"WebPage","@id":"https:\/\/proacomunicacion.es\/el-poder-de-la-comunicacion-en-momentos-crisis-de-confianza\/","url":"https:\/\/proacomunicacion.es\/el-poder-de-la-comunicacion-en-momentos-crisis-de-confianza\/","name":"The power of communication in times of crisis of trust - PROA Comunicaci\u00f3n","isPartOf":{"@id":"https:\/\/proacomunicacion.es\/#website"},"primaryImageOfPage":{"@id":"https:\/\/proacomunicacion.es\/el-poder-de-la-comunicacion-en-momentos-crisis-de-confianza\/#primaryimage"},"image":{"@id":"https:\/\/proacomunicacion.es\/el-poder-de-la-comunicacion-en-momentos-crisis-de-confianza\/#primaryimage"},"thumbnailUrl":"","datePublished":"2020-03-19T09:08:43+00:00","description":"Companies have a responsibility to their employees, but also to their customers, suppliers, public administrations, the media and the financial markets, because in addition to guaranteeing their security, the way in which this situation is managed can be decisive for their survival as a corporation.","breadcrumb":{"@id":"https:\/\/proacomunicacion.es\/el-poder-de-la-comunicacion-en-momentos-crisis-de-confianza\/#breadcrumb"},"inLanguage":"en-GB","potentialAction":[{"@type":"ReadAction","target":["https:\/\/proacomunicacion.es\/el-poder-de-la-comunicacion-en-momentos-crisis-de-confianza\/"]}]},{"@type":"ImageObject","inLanguage":"en-GB","@id":"https:\/\/proacomunicacion.es\/el-poder-de-la-comunicacion-en-momentos-crisis-de-confianza\/#primaryimage","url":"","contentUrl":""},{"@type":"BreadcrumbList","@id":"https:\/\/proacomunicacion.es\/el-poder-de-la-comunicacion-en-momentos-crisis-de-confianza\/#breadcrumb","itemListElement":[{"@type":"ListItem","position":1,"name":"Portada","item":"https:\/\/proacomunicacion.es\/"},{"@type":"ListItem","position":2,"name":"El poder de la comunicaci\u00f3n en momentos de crisis de confianza"}]},{"@type":"WebSite","@id":"https:\/\/proacomunicacion.es\/#website","url":"https:\/\/proacomunicacion.es\/","name":"PROA Communication","description":"Corporate Communications Agency in Madrid, Barcelona and Galicia.","publisher":{"@id":"https:\/\/proacomunicacion.es\/#organization"},"alternateName":"PROA Comunicaci\u00f3n","potentialAction":[{"@type":"SearchAction","target":{"@type":"EntryPoint","urlTemplate":"https:\/\/proacomunicacion.es\/?s={search_term_string}"},"query-input":{"@type":"PropertyValueSpecification","valueRequired":true,"valueName":"search_term_string"}}],"inLanguage":"en-GB"},{"@type":"Organization","@id":"https:\/\/proacomunicacion.es\/#organization","name":"PROA Communication","alternateName":"PROA Comunicaci\u00f3n","url":"https:\/\/proacomunicacion.es\/","logo":{"@type":"ImageObject","inLanguage":"en-GB","@id":"https:\/\/proacomunicacion.es\/#\/schema\/logo\/image\/","url":"https:\/\/proacomunicacion.es\/wp-content\/uploads\/2024\/01\/Logo_Light.svg","contentUrl":"https:\/\/proacomunicacion.es\/wp-content\/uploads\/2024\/01\/Logo_Light.svg","width":136,"height":33,"caption":"PROA Comunicaci\u00f3n"},"image":{"@id":"https:\/\/proacomunicacion.es\/#\/schema\/logo\/image\/"},"sameAs":["https:\/\/x.com\/proacomunica","https:\/\/es.linkedin.com\/company\/proa-comunicacion_2","https:\/\/www.instagram.com\/proacomunica\/","https:\/\/www.youtube.com\/@proacomunicacion","https:\/\/es.wikipedia.org\/wiki\/PROA_Comunicacin"]},{"@type":"Person","@id":"https:\/\/proacomunicacion.es\/#\/schema\/person\/f80dc8938ea94e7f8aa1e8dc716d5a60","name":"PROA Communication","image":{"@type":"ImageObject","inLanguage":"en-GB","@id":"https:\/\/proacomunicacion.es\/#\/schema\/person\/image\/","url":"https:\/\/secure.gravatar.com\/avatar\/394c93c195ff19b00e79d66a42971657a01de9f2740b97148d0f14a1e1a359b7?s=96&r=g","contentUrl":"https:\/\/secure.gravatar.com\/avatar\/394c93c195ff19b00e79d66a42971657a01de9f2740b97148d0f14a1e1a359b7?s=96&r=g","caption":"PROA Comunicaci\u00f3n"}}]}},"_links":{"self":[{"href":"https:\/\/proacomunicacion.es\/en\/wp-json\/wp\/v2\/posts\/17111","targetHints":{"allow":["GET"]}}],"collection":[{"href":"https:\/\/proacomunicacion.es\/en\/wp-json\/wp\/v2\/posts"}],"about":[{"href":"https:\/\/proacomunicacion.es\/en\/wp-json\/wp\/v2\/types\/post"}],"author":[{"embeddable":true,"href":"https:\/\/proacomunicacion.es\/en\/wp-json\/wp\/v2\/users\/28"}],"replies":[{"embeddable":true,"href":"https:\/\/proacomunicacion.es\/en\/wp-json\/wp\/v2\/comments?post=17111"}],"version-history":[{"count":0,"href":"https:\/\/proacomunicacion.es\/en\/wp-json\/wp\/v2\/posts\/17111\/revisions"}],"wp:featuredmedia":[{"embeddable":true,"href":"https:\/\/proacomunicacion.es\/en\/wp-json\/"}],"wp:attachment":[{"href":"https:\/\/proacomunicacion.es\/en\/wp-json\/wp\/v2\/media?parent=17111"}],"wp:term":[{"taxonomy":"category","embeddable":true,"href":"https:\/\/proacomunicacion.es\/en\/wp-json\/wp\/v2\/categories?post=17111"},{"taxonomy":"post_tag","embeddable":true,"href":"https:\/\/proacomunicacion.es\/en\/wp-json\/wp\/v2\/tags?post=17111"}],"curies":[{"name":"wp","href":"https:\/\/api.w.org\/{rel}","templated":true}]}}