{"id":17213,"date":"2020-03-24T15:20:27","date_gmt":"2020-03-24T14:20:27","guid":{"rendered":"https:\/\/proacomunicacion.es\/?p=17213"},"modified":"2020-03-24T15:20:27","modified_gmt":"2020-03-24T14:20:27","slug":"home-confinement-2","status":"publish","type":"post","link":"https:\/\/proacomunicacion.es\/en\/la-reclusion-en-casa\/","title":{"rendered":"Home confinement"},"content":{"rendered":"<p style=\"text-align: justify;\">It is a large virus that when I talk or cough it drops to the ground at only one metre twenty. It is a single-stranded ribonucleic acid virus, and it has the spine-shaped glycoprotein that recognises the cells of the lung alveoli and uses them to replicate, stays on surfaces for a while and if we touch them we load our hands with virus; that protein dissolves with soap.  The best thing is that it doesn't stay in the body. It now affects 3 per cent or 17 people per million. Every year the flu infects<strong> ten thousand per million<\/strong>. The Spanish flu of 1918 infected one in twenty people.  The 50% of those infected with the current virus will have no symptoms and may be unknowingly contagious.<\/p>\n<p style=\"text-align: justify;\">All this is to say that the virus is not in the air, that we can avoid it because it is on surfaces, that we keep the five feet of personal proximity and wash our hands with soap because there is no better virucide than it, and none cheaper.<\/p>\n<p style=\"text-align: justify;\">House confinement <strong>tests our identity<\/strong> because we are a body made to move as much as possible and that is now restricted.<\/p>\n<p style=\"text-align: justify;\">We are social mammals, our mind has a displaced part of it inhabiting the world around us, the world itself being a part of our mind that is now shrinking and limiting.<\/p>\n<p style=\"text-align: justify;\">Confinement also limits who we are; made up of group relations, we are connected by night through dreams and by day with the environment.  An important part of our identity is what we do, what we spend our time on, and now we can't do what we always do.<\/p>\n<p style=\"text-align: justify;\"><strong>All this is held back in confinement and causes stress.<\/strong>. If we confine an animal in the wild, after a while it will show signs, if it is a dog, its hair will fall out with somatic disorders afterwards.<\/p>\n<p style=\"text-align: justify;\">If we do not move very often from middle age onwards, we will experience joint discomfort, because, although it may not seem like it, osteoarthritis, like atheroma plaques, starts very early. Exercise can improve and slow down inflammatory processes by producing anti-inflammatory cytokines. If sedentary life persists for a while, these cytokines will pass to the brain and alter some of its structures, resulting in depression and anxiety. If we have mild hypertension it will go up without us noticing it. If we don't move our abdominals we will get constipation. We will sleep badly as we abandon healthy habits. This means that we must move our bodies every hour, physical exercise increases cerebral and joint irrigation, improves our mood by the production of dopamine and enkephalins, so it must be fundamental.<\/p>\n<p style=\"text-align: justify;\">Light meals with a 60% of fruit and vegetables, dairy products and nuts, almonds, pistachios and walnuts, which, together with that are sedatives and provide us with vitamin D that our skin will not be able to synthesise at home due to the lack of sun. As we do not move our muscles enough, we will lose muscle mass, sarcopenia, which leads to the need to eat meat, proteins and other foods that we all know contain them to prevent the loss of muscle mass.<\/p>\n<p style=\"text-align: justify;\">We should not continue to eat as if we were active, but rather in small quantities, improving breakfast as the main meal, because it is the least fattening. For breakfasts, I recommend blending a variety of fruits in a blender and adding two or three pre-ground nuts. I give a lot of information on this subject in my book <strong><em>Mediterranean diet and physical exercise<\/em><\/strong>.<\/p>\n<p style=\"text-align: justify;\">Having a group constitution it is crucial to be connected to our friends, colleagues, family and with very little television to keep us up to date with the dead, we know we can infect and be infected, it is enough.<\/p>\n<p style=\"text-align: justify;\">Our body needs<strong> food and almost constant daily exercise to nourish the mind<\/strong>.<\/p>\n<p style=\"text-align: justify;\">It needs a variety of stimuli as nourishment. Every day, it reads Don Quixote, travel books, humorous novels, history and professional subjects. On the other hand, <strong>our mental life is being healed, enriched and<\/strong>because the media have stopped their devastating work of presenting us with little characters in all areas, to show us what enriches, stimulates and capitalises our minds with people of real value and merit: soldiers, policemen, health workers, professionals in other areas who keep Spain running, setting an example of what they have real value for. And the crisis shows us some politicians who only care about their own interests and that we citizens are worth nothing to them, capable of lying, of interrupting the task of national salvation in which we are engaged in order to continue their demolishing, disruptive work, of fragmenting the unity we need.<\/p>\n<p style=\"text-align: justify;\">The <strong>music is a staple<\/strong>Classical music, if possible and according to taste, is what continues to move us through time. A saeta, flamenco, Spanish song, opera, as well as classics such as Mozart, Albeniz or Rodrigo.<\/p>\n<p style=\"text-align: justify;\">Unfortunately, for years our society has been removing a fundamental element from free and pay television programming: the <strong>humour<\/strong>. We have a disruptive humour, with bad humour and most of it politicised or as a support for power. We have been deprived of musical films, films with humour, with intelligent dialogue, with plots accessible to those of us who are neither violent nor attracted by the catastrophes that modern special effects present us with. But it would be a good recipe to be able to watch films with human themes, as I say, humour, musicals, historical films, anything that stimulates healthy emotions. Even our children have deformed, strange cartoons with no possibility of identification with their characters.<\/p>\n<p style=\"text-align: justify;\">The <strong>televised appearances by our military<\/strong>They are doing us a lot of good, because they present us with honesty and good work, because our fragile trust in politicians who, since a hundred years of that respiratory virus, like this one, the now and provisionally weighted and valued as scientists, already knew that pandemics would come and will come with periodic pandemics.<\/p>\n<p style=\"text-align: justify;\">I conclude by saying that to keep the body healthy <strong>we need culture and the arts<\/strong>. We have all the museums and libraries open, and discipline and concentration on daily tasks and physical exercise. But we know that the mind needs to become obsessive in times of crisis, and focus on a schedule similar to the one we had. It is a foundation of what we call mental hygiene.<\/p>\n<hr \/>\n<p style=\"text-align: justify;\"><a class=\"lightbox-added alignleft\" href=\"https:\/\/proacomunicacion.es\/wp-content\/uploads\/2019\/07\/piedrabuena.png\"><img decoding=\"async\" class=\"alignnone wp-image-13407 size-thumbnail\" src=\"https:\/\/proacomunicacion.es\/wp-content\/uploads\/2019\/07\/piedrabuena-80x80.png\" alt=\"\" width=\"80\" height=\"80\" \/><\/a><strong>Jos\u00e9 Antonio Rodr\u00edguez Piedrabuena\u00a0<\/strong><br \/>\nSpecialist in Psychiatry and Psychoanalysis. Specialist in management training, group and couple therapies.<\/p>","protected":false},"excerpt":{"rendered":"<p>Es un virus grande que cuando hablo o toso\u00a0 se cae al suelo a solo un metro veinte. Es virus de\u00a0 acido ribonucleico de una sola cadena, y tiene la glicoprote\u00edna en forma de espina que reconoce las c\u00e9lulas de los alveolos pulmonares \u00a0y las utiliza para replicarse, se mantiene sobre superficies un tiempo y [&hellip;]<\/p>\n","protected":false},"author":28,"featured_media":17216,"comment_status":"closed","ping_status":"closed","sticky":false,"template":"","format":"standard","meta":{"footnotes":""},"categories":[176],"tags":[286,298,1803,1804],"class_list":["post-17213","post","type-post","status-publish","format-standard","has-post-thumbnail","hentry","category-blog","tag-coronavirus","tag-covid19-en","tag-dr-piedrabuena","tag-reclusion"],"yoast_head":"<!-- This site is optimized with the Yoast SEO plugin v27.0 - https:\/\/yoast.com\/product\/yoast-seo-wordpress\/ -->\n<title>La reclusi\u00f3n en casa - PROA Comunicaci\u00f3n<\/title>\n<meta name=\"description\" content=\"La reclusi\u00f3n en las casas pone a prueba nuestra identidad porque somos un cuerpo hecho para moverse todo lo posible y que ahora est\u00e1 restringido.\" \/>\n<meta name=\"robots\" content=\"index, follow, max-snippet:-1, max-image-preview:large, max-video-preview:-1\" \/>\n<link rel=\"canonical\" href=\"https:\/\/proacomunicacion.es\/en\/home-confinement-2\/\" \/>\n<meta property=\"og:locale\" content=\"en_GB\" \/>\n<meta property=\"og:type\" content=\"article\" \/>\n<meta property=\"og:title\" content=\"La reclusi\u00f3n en casa - PROA Comunicaci\u00f3n\" \/>\n<meta property=\"og:description\" content=\"La reclusi\u00f3n en las casas pone a prueba nuestra identidad porque somos un cuerpo hecho para moverse todo lo posible y que ahora est\u00e1 restringido.\" \/>\n<meta property=\"og:url\" content=\"https:\/\/proacomunicacion.es\/en\/home-confinement-2\/\" \/>\n<meta property=\"og:site_name\" content=\"PROA Comunicaci\u00f3n\" \/>\n<meta property=\"article:published_time\" content=\"2020-03-24T14:20:27+00:00\" \/>\n<meta property=\"og:image\" content=\"https:\/\/proacomunicacion.es\/wp-content\/uploads\/2025\/08\/Firefly_radio-de-barco-scaled.jpg\" \/>\n\t<meta property=\"og:image:width\" content=\"2560\" \/>\n\t<meta property=\"og:image:height\" content=\"1414\" \/>\n\t<meta property=\"og:image:type\" content=\"image\/jpeg\" \/>\n<meta name=\"author\" content=\"PROA Comunicaci\u00f3n\" \/>\n<meta name=\"twitter:card\" content=\"summary_large_image\" \/>\n<meta name=\"twitter:creator\" content=\"@proacomunica\" \/>\n<meta name=\"twitter:site\" content=\"@proacomunica\" \/>\n<meta name=\"twitter:label1\" content=\"Written by\" \/>\n\t<meta name=\"twitter:data1\" content=\"PROA Comunicaci\u00f3n\" \/>\n\t<meta name=\"twitter:label2\" content=\"Estimated reading time\" \/>\n\t<meta name=\"twitter:data2\" content=\"6 minutes\" \/>\n<script type=\"application\/ld+json\" class=\"yoast-schema-graph\">{\"@context\":\"https:\/\/schema.org\",\"@graph\":[{\"@type\":\"Article\",\"@id\":\"https:\/\/proacomunicacion.es\/la-reclusion-en-casa\/#article\",\"isPartOf\":{\"@id\":\"https:\/\/proacomunicacion.es\/la-reclusion-en-casa\/\"},\"author\":{\"name\":\"PROA Comunicaci\u00f3n\",\"@id\":\"https:\/\/proacomunicacion.es\/#\/schema\/person\/f80dc8938ea94e7f8aa1e8dc716d5a60\"},\"headline\":\"La reclusi\u00f3n en casa\",\"datePublished\":\"2020-03-24T14:20:27+00:00\",\"mainEntityOfPage\":{\"@id\":\"https:\/\/proacomunicacion.es\/la-reclusion-en-casa\/\"},\"wordCount\":1161,\"publisher\":{\"@id\":\"https:\/\/proacomunicacion.es\/#organization\"},\"image\":{\"@id\":\"https:\/\/proacomunicacion.es\/la-reclusion-en-casa\/#primaryimage\"},\"thumbnailUrl\":\"\",\"keywords\":[\"coronavirus\",\"COVID19\",\"Dr. Piedrabuena\",\"Reclusi\u00f3n\"],\"articleSection\":[\"Blog\"],\"inLanguage\":\"en-GB\"},{\"@type\":\"WebPage\",\"@id\":\"https:\/\/proacomunicacion.es\/la-reclusion-en-casa\/\",\"url\":\"https:\/\/proacomunicacion.es\/la-reclusion-en-casa\/\",\"name\":\"La reclusi\u00f3n en casa - PROA Comunicaci\u00f3n\",\"isPartOf\":{\"@id\":\"https:\/\/proacomunicacion.es\/#website\"},\"primaryImageOfPage\":{\"@id\":\"https:\/\/proacomunicacion.es\/la-reclusion-en-casa\/#primaryimage\"},\"image\":{\"@id\":\"https:\/\/proacomunicacion.es\/la-reclusion-en-casa\/#primaryimage\"},\"thumbnailUrl\":\"\",\"datePublished\":\"2020-03-24T14:20:27+00:00\",\"description\":\"La reclusi\u00f3n en las casas pone a prueba nuestra identidad porque somos un cuerpo hecho para moverse todo lo posible y que ahora est\u00e1 restringido.\",\"breadcrumb\":{\"@id\":\"https:\/\/proacomunicacion.es\/la-reclusion-en-casa\/#breadcrumb\"},\"inLanguage\":\"en-GB\",\"potentialAction\":[{\"@type\":\"ReadAction\",\"target\":[\"https:\/\/proacomunicacion.es\/la-reclusion-en-casa\/\"]}]},{\"@type\":\"ImageObject\",\"inLanguage\":\"en-GB\",\"@id\":\"https:\/\/proacomunicacion.es\/la-reclusion-en-casa\/#primaryimage\",\"url\":\"\",\"contentUrl\":\"\"},{\"@type\":\"BreadcrumbList\",\"@id\":\"https:\/\/proacomunicacion.es\/la-reclusion-en-casa\/#breadcrumb\",\"itemListElement\":[{\"@type\":\"ListItem\",\"position\":1,\"name\":\"Portada\",\"item\":\"https:\/\/proacomunicacion.es\/\"},{\"@type\":\"ListItem\",\"position\":2,\"name\":\"La reclusi\u00f3n en casa\"}]},{\"@type\":\"WebSite\",\"@id\":\"https:\/\/proacomunicacion.es\/#website\",\"url\":\"https:\/\/proacomunicacion.es\/\",\"name\":\"PROA Comunicaci\u00f3n\",\"description\":\"Agencia de Comunicaci\u00f3n Corporativa en Madrid, Barcelona y Galicia.\",\"publisher\":{\"@id\":\"https:\/\/proacomunicacion.es\/#organization\"},\"alternateName\":\"PROA Comunicaci\u00f3n\",\"potentialAction\":[{\"@type\":\"SearchAction\",\"target\":{\"@type\":\"EntryPoint\",\"urlTemplate\":\"https:\/\/proacomunicacion.es\/?s={search_term_string}\"},\"query-input\":{\"@type\":\"PropertyValueSpecification\",\"valueRequired\":true,\"valueName\":\"search_term_string\"}}],\"inLanguage\":\"en-GB\"},{\"@type\":\"Organization\",\"@id\":\"https:\/\/proacomunicacion.es\/#organization\",\"name\":\"PROA Comunicaci\u00f3n\",\"alternateName\":\"PROA Comunicaci\u00f3n\",\"url\":\"https:\/\/proacomunicacion.es\/\",\"logo\":{\"@type\":\"ImageObject\",\"inLanguage\":\"en-GB\",\"@id\":\"https:\/\/proacomunicacion.es\/#\/schema\/logo\/image\/\",\"url\":\"https:\/\/proacomunicacion.es\/wp-content\/uploads\/2024\/01\/Logo_Light.svg\",\"contentUrl\":\"https:\/\/proacomunicacion.es\/wp-content\/uploads\/2024\/01\/Logo_Light.svg\",\"width\":136,\"height\":33,\"caption\":\"PROA Comunicaci\u00f3n\"},\"image\":{\"@id\":\"https:\/\/proacomunicacion.es\/#\/schema\/logo\/image\/\"},\"sameAs\":[\"https:\/\/x.com\/proacomunica\",\"https:\/\/es.linkedin.com\/company\/proa-comunicacion_2\",\"https:\/\/www.instagram.com\/proacomunica\/\",\"https:\/\/www.youtube.com\/@proacomunicacion\",\"https:\/\/es.wikipedia.org\/wiki\/PROA_Comunicacin\"]},{\"@type\":\"Person\",\"@id\":\"https:\/\/proacomunicacion.es\/#\/schema\/person\/f80dc8938ea94e7f8aa1e8dc716d5a60\",\"name\":\"PROA Comunicaci\u00f3n\",\"image\":{\"@type\":\"ImageObject\",\"inLanguage\":\"en-GB\",\"@id\":\"https:\/\/proacomunicacion.es\/#\/schema\/person\/image\/\",\"url\":\"https:\/\/secure.gravatar.com\/avatar\/394c93c195ff19b00e79d66a42971657a01de9f2740b97148d0f14a1e1a359b7?s=96&r=g\",\"contentUrl\":\"https:\/\/secure.gravatar.com\/avatar\/394c93c195ff19b00e79d66a42971657a01de9f2740b97148d0f14a1e1a359b7?s=96&r=g\",\"caption\":\"PROA Comunicaci\u00f3n\"}}]}<\/script>\n<!-- \/ Yoast SEO plugin. -->","yoast_head_json":{"title":"Home confinement - PROA Comunicaci\u00f3n","description":"House confinement puts our identity to the test because we are a body made to move as much as possible and that is now restricted.","robots":{"index":"index","follow":"follow","max-snippet":"max-snippet:-1","max-image-preview":"max-image-preview:large","max-video-preview":"max-video-preview:-1"},"canonical":"https:\/\/proacomunicacion.es\/en\/home-confinement-2\/","og_locale":"en_GB","og_type":"article","og_title":"La reclusi\u00f3n en casa - PROA Comunicaci\u00f3n","og_description":"La reclusi\u00f3n en las casas pone a prueba nuestra identidad porque somos un cuerpo hecho para moverse todo lo posible y que ahora est\u00e1 restringido.","og_url":"https:\/\/proacomunicacion.es\/en\/home-confinement-2\/","og_site_name":"PROA Comunicaci\u00f3n","article_published_time":"2020-03-24T14:20:27+00:00","og_image":[{"width":2560,"height":1414,"url":"https:\/\/proacomunicacion.es\/wp-content\/uploads\/2025\/08\/Firefly_radio-de-barco-scaled.jpg","type":"image\/jpeg"}],"author":"PROA Comunicaci\u00f3n","twitter_card":"summary_large_image","twitter_creator":"@proacomunica","twitter_site":"@proacomunica","twitter_misc":{"Written by":"PROA Comunicaci\u00f3n","Estimated reading time":"6 minutes"},"schema":{"@context":"https:\/\/schema.org","@graph":[{"@type":"Article","@id":"https:\/\/proacomunicacion.es\/la-reclusion-en-casa\/#article","isPartOf":{"@id":"https:\/\/proacomunicacion.es\/la-reclusion-en-casa\/"},"author":{"name":"PROA Comunicaci\u00f3n","@id":"https:\/\/proacomunicacion.es\/#\/schema\/person\/f80dc8938ea94e7f8aa1e8dc716d5a60"},"headline":"La reclusi\u00f3n en casa","datePublished":"2020-03-24T14:20:27+00:00","mainEntityOfPage":{"@id":"https:\/\/proacomunicacion.es\/la-reclusion-en-casa\/"},"wordCount":1161,"publisher":{"@id":"https:\/\/proacomunicacion.es\/#organization"},"image":{"@id":"https:\/\/proacomunicacion.es\/la-reclusion-en-casa\/#primaryimage"},"thumbnailUrl":"","keywords":["coronavirus","COVID19","Dr. Piedrabuena","Reclusi\u00f3n"],"articleSection":["Blog"],"inLanguage":"en-GB"},{"@type":"WebPage","@id":"https:\/\/proacomunicacion.es\/la-reclusion-en-casa\/","url":"https:\/\/proacomunicacion.es\/la-reclusion-en-casa\/","name":"Home confinement - PROA Comunicaci\u00f3n","isPartOf":{"@id":"https:\/\/proacomunicacion.es\/#website"},"primaryImageOfPage":{"@id":"https:\/\/proacomunicacion.es\/la-reclusion-en-casa\/#primaryimage"},"image":{"@id":"https:\/\/proacomunicacion.es\/la-reclusion-en-casa\/#primaryimage"},"thumbnailUrl":"","datePublished":"2020-03-24T14:20:27+00:00","description":"House confinement puts our identity to the test because we are a body made to move as much as possible and that is now restricted.","breadcrumb":{"@id":"https:\/\/proacomunicacion.es\/la-reclusion-en-casa\/#breadcrumb"},"inLanguage":"en-GB","potentialAction":[{"@type":"ReadAction","target":["https:\/\/proacomunicacion.es\/la-reclusion-en-casa\/"]}]},{"@type":"ImageObject","inLanguage":"en-GB","@id":"https:\/\/proacomunicacion.es\/la-reclusion-en-casa\/#primaryimage","url":"","contentUrl":""},{"@type":"BreadcrumbList","@id":"https:\/\/proacomunicacion.es\/la-reclusion-en-casa\/#breadcrumb","itemListElement":[{"@type":"ListItem","position":1,"name":"Portada","item":"https:\/\/proacomunicacion.es\/"},{"@type":"ListItem","position":2,"name":"La reclusi\u00f3n en casa"}]},{"@type":"WebSite","@id":"https:\/\/proacomunicacion.es\/#website","url":"https:\/\/proacomunicacion.es\/","name":"PROA Communication","description":"Corporate Communications Agency in Madrid, Barcelona and Galicia.","publisher":{"@id":"https:\/\/proacomunicacion.es\/#organization"},"alternateName":"PROA Comunicaci\u00f3n","potentialAction":[{"@type":"SearchAction","target":{"@type":"EntryPoint","urlTemplate":"https:\/\/proacomunicacion.es\/?s={search_term_string}"},"query-input":{"@type":"PropertyValueSpecification","valueRequired":true,"valueName":"search_term_string"}}],"inLanguage":"en-GB"},{"@type":"Organization","@id":"https:\/\/proacomunicacion.es\/#organization","name":"PROA Communication","alternateName":"PROA Comunicaci\u00f3n","url":"https:\/\/proacomunicacion.es\/","logo":{"@type":"ImageObject","inLanguage":"en-GB","@id":"https:\/\/proacomunicacion.es\/#\/schema\/logo\/image\/","url":"https:\/\/proacomunicacion.es\/wp-content\/uploads\/2024\/01\/Logo_Light.svg","contentUrl":"https:\/\/proacomunicacion.es\/wp-content\/uploads\/2024\/01\/Logo_Light.svg","width":136,"height":33,"caption":"PROA Comunicaci\u00f3n"},"image":{"@id":"https:\/\/proacomunicacion.es\/#\/schema\/logo\/image\/"},"sameAs":["https:\/\/x.com\/proacomunica","https:\/\/es.linkedin.com\/company\/proa-comunicacion_2","https:\/\/www.instagram.com\/proacomunica\/","https:\/\/www.youtube.com\/@proacomunicacion","https:\/\/es.wikipedia.org\/wiki\/PROA_Comunicacin"]},{"@type":"Person","@id":"https:\/\/proacomunicacion.es\/#\/schema\/person\/f80dc8938ea94e7f8aa1e8dc716d5a60","name":"PROA Communication","image":{"@type":"ImageObject","inLanguage":"en-GB","@id":"https:\/\/proacomunicacion.es\/#\/schema\/person\/image\/","url":"https:\/\/secure.gravatar.com\/avatar\/394c93c195ff19b00e79d66a42971657a01de9f2740b97148d0f14a1e1a359b7?s=96&r=g","contentUrl":"https:\/\/secure.gravatar.com\/avatar\/394c93c195ff19b00e79d66a42971657a01de9f2740b97148d0f14a1e1a359b7?s=96&r=g","caption":"PROA Comunicaci\u00f3n"}}]}},"_links":{"self":[{"href":"https:\/\/proacomunicacion.es\/en\/wp-json\/wp\/v2\/posts\/17213","targetHints":{"allow":["GET"]}}],"collection":[{"href":"https:\/\/proacomunicacion.es\/en\/wp-json\/wp\/v2\/posts"}],"about":[{"href":"https:\/\/proacomunicacion.es\/en\/wp-json\/wp\/v2\/types\/post"}],"author":[{"embeddable":true,"href":"https:\/\/proacomunicacion.es\/en\/wp-json\/wp\/v2\/users\/28"}],"replies":[{"embeddable":true,"href":"https:\/\/proacomunicacion.es\/en\/wp-json\/wp\/v2\/comments?post=17213"}],"version-history":[{"count":0,"href":"https:\/\/proacomunicacion.es\/en\/wp-json\/wp\/v2\/posts\/17213\/revisions"}],"wp:featuredmedia":[{"embeddable":true,"href":"https:\/\/proacomunicacion.es\/en\/wp-json\/"}],"wp:attachment":[{"href":"https:\/\/proacomunicacion.es\/en\/wp-json\/wp\/v2\/media?parent=17213"}],"wp:term":[{"taxonomy":"category","embeddable":true,"href":"https:\/\/proacomunicacion.es\/en\/wp-json\/wp\/v2\/categories?post=17213"},{"taxonomy":"post_tag","embeddable":true,"href":"https:\/\/proacomunicacion.es\/en\/wp-json\/wp\/v2\/tags?post=17213"}],"curies":[{"name":"wp","href":"https:\/\/api.w.org\/{rel}","templated":true}]}}