{"id":17525,"date":"2020-04-07T10:03:28","date_gmt":"2020-04-07T08:03:28","guid":{"rendered":"https:\/\/proacomunicacion.es\/?p=17525"},"modified":"2020-04-07T10:03:28","modified_gmt":"2020-04-07T08:03:28","slug":"political-communication-in-times-of-incommunication","status":"publish","type":"post","link":"https:\/\/proacomunicacion.es\/en\/comunicacion-politica-en-tiempos-de-incomunicacion\/","title":{"rendered":"Political communication in times of incommunication"},"content":{"rendered":"<p style=\"text-align: justify;\">Information, over-information, but, above all, disinformation are inexhaustible sources of sudden and uncritical reflections. Moreover, in a period of physical confinement, where disruption is not only social and economic, but also sentimental, opinions flow with the speed of single-mindedness and the lack of rigour of contrasted analysis. For this reason, and in the face of the variable mist of events and at a time when public activity is not at its best as a result of the process of professionalisation of politics, halfway between narcissism and adanism, it is advisable to establish some necessary concepts about political communication in times of national calamity.<\/p>\n<p style=\"text-align: justify;\">The first reflection regarding the response paradigm and reaction times is that <strong>Public administrations were not prepared for a disaster of this magnitude.<\/strong> and of this magnitude. Political communication had become routinised under the parameters of social and economic normality, with the incorporation of a certain goofy aestheticism closely tied to the physical image. Aesthetics have displaced political ethics and, as a consequence, the disseminators and propagators of political parties have focused on the inanity of plasticism as opposed to the focus of ideas. There is no doubt that the new political leaders have to be holders of certain standards of beauty and physical poise, beyond their professional training and experience.<\/p>\n<p style=\"text-align: justify;\">In fact, we old-school politicians suffer from the syndrome of the empty political niche and tend to disdain the new users of this battered art of politics as vacuous. On the other hand, there are still scrupulous communication professionals who make their living only by giving their opinions on the movement of politicians' hands or the assertiveness of their expressions, without having the slightest knowledge of political concepts and ideas. Mediocrity does not only graze in the field of politics unfortunately.<\/p>\n<p style=\"text-align: justify;\">Secondly, the government has started from a correct principle of providing information through ministers and technicians, an aspect that should not be criticised in principle. Moreover, <strong>in states of isolation and closure, there can be no information blackout.<\/strong>The first is that uncertainty, anxiety and sanity will be lost. However, the implementation of this strategy suffers, in my opinion, from three very serious errors: firstly, the material feeling of improvisation, lack of coordination, lack of knowledge and insecurity conveyed by certain ministers; the overlaying of a protective shield in the form of officials and technicians to dilute political responsibility; and, finally, the programmed control of media questions which constitutes a democratic anomaly, all the more so when transparency is presumed.<\/p>\n<p style=\"text-align: justify;\">The third analysis focuses on the phases of the crisis, distinguishing three major milestones in a good communication strategy, which have gone unnoticed by the government: the entry phase and the beginning of the health crisis, the current phase of the crisis' pugnacious development and, lastly, the phase of the crisis' exit. With regard to the entry phase, the political communication was an accumulation of errors ranging from denial of the seriousness of the crisis to minimisation of the risks associated with it. In this phase, logically, the government knows that it has lost, not only in terms of crisis management but also in terms of <strong>political crisis communication<\/strong>. Since he has lost it, he has reacted mendaciously by the treacherous procedure of setting the blame accelerator in motion with his political rival.<\/p>\n<p style=\"text-align: justify;\">When defence in politics becomes an attack on the enemy, there is no defence at all. What is more, the official discourse is based on two categorically false assertions, which are blurring self-responsibility: on the one hand, that the health crisis has been symmetrical throughout the world and, on the other, that there was no option whatsoever to anticipate the problem, criticising the opposition in what has been called, with little intellectual success, \"hindsight bias\". Well, at this sad hour the pandemic is not symmetrical (Spain is the country with the most deaths per million inhabitants in the world), nor can it be said that there was no mistake, as the Minister of the Interior has blatantly asserted. Politics is the art of anticipation, for better or worse, and unfortunately, what is expected of politicians is \"anticipatory bias\". For the rest, the only possible asymmetry is that of the reasoning of the President of the Government himself, who, while untruthfully stating that the pandemic is symmetrical internationally, without intellectual modesty, claims, on the other hand, that it is asymmetrical between Autonomous Communities. These easily intellectually attackable fallacies serve to create a morbid network of political confrontation at the service of gregarious and tribal merchants of argumentation.<\/p>\n<p style=\"text-align: justify;\">In the present situation, <strong>the communication strategy is based on the insistence of technical messages<\/strong> and in some media outlets' following or following of the official doctrine. They act as a distraction from responsibility and create an imaginary spectre of collective pain that is also intended to function as a factor that discredits responsibility. Publicity turned into propaganda, discourse turned into an alibi. In this exercise, they try to identify government and society, taking over the strength and resistance of civil society, the same society that they denigrate with some of their recent economic policy decisions. They want to pass themselves off as society, when they are government, and therefore holders of duties and prerogatives that must be properly exercised.<\/p>\n<p style=\"text-align: justify;\">Knowing that the crisis has overtaken the government, it is easy to see, unless they have not learned from their mistakes, that the communication strategy in the wake of the crisis will continue to consist of dispersing responsibility to both the present and the past, and of shaping an emotional conglomerate of which they intend to form part as one more piece of a society that has been and is in a position of resistance and ethics far above that of their executive. To this end, they will call into action the entire media trumpet corps and even some pseudo-cultural brood, which, by the way, has not been seen in general during the crisis. They know that they are playing for power and will therefore spare no effort to advance along this path. Spain will come out of this crisis badly wounded. Too much. Let us do our best to heal the wounds and not to burst them.<\/p>\n<hr \/>\n<p><strong>Mario Garc\u00e9s<\/strong><\/p>\n<p style=\"text-align: justify;\">Deputy Spokesperson of the Popular Parliamentary Group in the Congress of Deputies. Economic Coordinator of the Popular Parliamentary Group. PP Member of Parliament for Huesca. Former Undersecretary of the Ministry of Public Works and former Secretary of State for Social Services and Equality.<\/p>\n<p style=\"text-align: justify;\">State Comptroller and Auditor. State Treasury Inspector. Academician. Writer.<\/p>","protected":false},"excerpt":{"rendered":"<p>La informaci\u00f3n, la sobreinformaci\u00f3n, pero, ante todo, la desinformaci\u00f3n son fuentes inagotables de reflexiones repentinas y acr\u00edticas. A mayor abundamiento, en una etapa de confinamiento f\u00edsico, donde la disrupci\u00f3n no es solo social y econ\u00f3mica, sino tambi\u00e9n sentimental, fluyen las opiniones con la rapidez del pensamiento \u00fanico y con la falta de rigor del an\u00e1lisis [&hellip;]<\/p>\n","protected":false},"author":28,"featured_media":17526,"comment_status":"closed","ping_status":"closed","sticky":false,"template":"","format":"standard","meta":{"footnotes":""},"categories":[176],"tags":[42,45,1860,390,214],"class_list":["post-17525","post","type-post","status-publish","format-standard","has-post-thumbnail","hentry","category-blog","tag-comunicacion-de-crisis","tag-comunicacion-politica","tag-congreso-de-los-diputados","tag-mario-garces","tag-partido-popular"],"yoast_head":"<!-- This site is optimized with the Yoast SEO plugin v27.0 - https:\/\/yoast.com\/product\/yoast-seo-wordpress\/ -->\n<title>Comunicaci\u00f3n pol\u00edtica en tiempos de incomunicaci\u00f3n - PROA Comunicaci\u00f3n<\/title>\n<meta name=\"robots\" content=\"index, follow, max-snippet:-1, max-image-preview:large, max-video-preview:-1\" \/>\n<link rel=\"canonical\" href=\"https:\/\/proacomunicacion.es\/en\/political-communication-in-times-of-incommunication\/\" \/>\n<meta property=\"og:locale\" content=\"en_GB\" \/>\n<meta property=\"og:type\" content=\"article\" \/>\n<meta property=\"og:title\" content=\"Comunicaci\u00f3n pol\u00edtica en tiempos de incomunicaci\u00f3n - PROA Comunicaci\u00f3n\" \/>\n<meta property=\"og:description\" content=\"La informaci\u00f3n, la sobreinformaci\u00f3n, pero, ante todo, la desinformaci\u00f3n son fuentes inagotables de reflexiones repentinas y acr\u00edticas. A mayor abundamiento, en una etapa de confinamiento f\u00edsico, donde la disrupci\u00f3n no es solo social y econ\u00f3mica, sino tambi\u00e9n sentimental, fluyen las opiniones con la rapidez del pensamiento \u00fanico y con la falta de rigor del an\u00e1lisis [&hellip;]\" \/>\n<meta property=\"og:url\" content=\"https:\/\/proacomunicacion.es\/en\/political-communication-in-times-of-incommunication\/\" \/>\n<meta property=\"og:site_name\" content=\"PROA Comunicaci\u00f3n\" \/>\n<meta property=\"article:published_time\" content=\"2020-04-07T08:03:28+00:00\" \/>\n<meta property=\"og:image\" content=\"https:\/\/proacomunicacion.es\/wp-content\/uploads\/2025\/08\/Firefly_radio-de-barco-scaled.jpg\" \/>\n\t<meta property=\"og:image:width\" content=\"2560\" \/>\n\t<meta property=\"og:image:height\" content=\"1414\" \/>\n\t<meta property=\"og:image:type\" content=\"image\/jpeg\" \/>\n<meta name=\"author\" content=\"PROA Comunicaci\u00f3n\" \/>\n<meta name=\"twitter:card\" content=\"summary_large_image\" \/>\n<meta name=\"twitter:creator\" content=\"@proacomunica\" \/>\n<meta name=\"twitter:site\" content=\"@proacomunica\" \/>\n<meta name=\"twitter:label1\" content=\"Written by\" \/>\n\t<meta name=\"twitter:data1\" content=\"PROA Comunicaci\u00f3n\" \/>\n\t<meta name=\"twitter:label2\" content=\"Estimated reading time\" \/>\n\t<meta name=\"twitter:data2\" content=\"6 minutes\" \/>\n<script type=\"application\/ld+json\" class=\"yoast-schema-graph\">{\"@context\":\"https:\/\/schema.org\",\"@graph\":[{\"@type\":\"Article\",\"@id\":\"https:\/\/proacomunicacion.es\/comunicacion-politica-en-tiempos-de-incomunicacion\/#article\",\"isPartOf\":{\"@id\":\"https:\/\/proacomunicacion.es\/comunicacion-politica-en-tiempos-de-incomunicacion\/\"},\"author\":{\"name\":\"PROA Comunicaci\u00f3n\",\"@id\":\"https:\/\/proacomunicacion.es\/#\/schema\/person\/f80dc8938ea94e7f8aa1e8dc716d5a60\"},\"headline\":\"Comunicaci\u00f3n pol\u00edtica en tiempos de incomunicaci\u00f3n\",\"datePublished\":\"2020-04-07T08:03:28+00:00\",\"mainEntityOfPage\":{\"@id\":\"https:\/\/proacomunicacion.es\/comunicacion-politica-en-tiempos-de-incomunicacion\/\"},\"wordCount\":1304,\"publisher\":{\"@id\":\"https:\/\/proacomunicacion.es\/#organization\"},\"image\":{\"@id\":\"https:\/\/proacomunicacion.es\/comunicacion-politica-en-tiempos-de-incomunicacion\/#primaryimage\"},\"thumbnailUrl\":\"\",\"keywords\":[\"Comunicaci\u00f3n de crisis\",\"comunicaci\u00f3n pol\u00edtica\",\"Congreso de los Diputados\",\"Mario Garc\u00e9s\",\"partido popular\"],\"articleSection\":[\"Blog\"],\"inLanguage\":\"en-GB\"},{\"@type\":\"WebPage\",\"@id\":\"https:\/\/proacomunicacion.es\/comunicacion-politica-en-tiempos-de-incomunicacion\/\",\"url\":\"https:\/\/proacomunicacion.es\/comunicacion-politica-en-tiempos-de-incomunicacion\/\",\"name\":\"Comunicaci\u00f3n pol\u00edtica en tiempos de incomunicaci\u00f3n - PROA Comunicaci\u00f3n\",\"isPartOf\":{\"@id\":\"https:\/\/proacomunicacion.es\/#website\"},\"primaryImageOfPage\":{\"@id\":\"https:\/\/proacomunicacion.es\/comunicacion-politica-en-tiempos-de-incomunicacion\/#primaryimage\"},\"image\":{\"@id\":\"https:\/\/proacomunicacion.es\/comunicacion-politica-en-tiempos-de-incomunicacion\/#primaryimage\"},\"thumbnailUrl\":\"\",\"datePublished\":\"2020-04-07T08:03:28+00:00\",\"breadcrumb\":{\"@id\":\"https:\/\/proacomunicacion.es\/comunicacion-politica-en-tiempos-de-incomunicacion\/#breadcrumb\"},\"inLanguage\":\"en-GB\",\"potentialAction\":[{\"@type\":\"ReadAction\",\"target\":[\"https:\/\/proacomunicacion.es\/comunicacion-politica-en-tiempos-de-incomunicacion\/\"]}]},{\"@type\":\"ImageObject\",\"inLanguage\":\"en-GB\",\"@id\":\"https:\/\/proacomunicacion.es\/comunicacion-politica-en-tiempos-de-incomunicacion\/#primaryimage\",\"url\":\"\",\"contentUrl\":\"\"},{\"@type\":\"BreadcrumbList\",\"@id\":\"https:\/\/proacomunicacion.es\/comunicacion-politica-en-tiempos-de-incomunicacion\/#breadcrumb\",\"itemListElement\":[{\"@type\":\"ListItem\",\"position\":1,\"name\":\"Portada\",\"item\":\"https:\/\/proacomunicacion.es\/\"},{\"@type\":\"ListItem\",\"position\":2,\"name\":\"Comunicaci\u00f3n pol\u00edtica en tiempos de incomunicaci\u00f3n\"}]},{\"@type\":\"WebSite\",\"@id\":\"https:\/\/proacomunicacion.es\/#website\",\"url\":\"https:\/\/proacomunicacion.es\/\",\"name\":\"PROA Comunicaci\u00f3n\",\"description\":\"Agencia de Comunicaci\u00f3n Corporativa en Madrid, Barcelona y Galicia.\",\"publisher\":{\"@id\":\"https:\/\/proacomunicacion.es\/#organization\"},\"alternateName\":\"PROA Comunicaci\u00f3n\",\"potentialAction\":[{\"@type\":\"SearchAction\",\"target\":{\"@type\":\"EntryPoint\",\"urlTemplate\":\"https:\/\/proacomunicacion.es\/?s={search_term_string}\"},\"query-input\":{\"@type\":\"PropertyValueSpecification\",\"valueRequired\":true,\"valueName\":\"search_term_string\"}}],\"inLanguage\":\"en-GB\"},{\"@type\":\"Organization\",\"@id\":\"https:\/\/proacomunicacion.es\/#organization\",\"name\":\"PROA Comunicaci\u00f3n\",\"alternateName\":\"PROA Comunicaci\u00f3n\",\"url\":\"https:\/\/proacomunicacion.es\/\",\"logo\":{\"@type\":\"ImageObject\",\"inLanguage\":\"en-GB\",\"@id\":\"https:\/\/proacomunicacion.es\/#\/schema\/logo\/image\/\",\"url\":\"https:\/\/proacomunicacion.es\/wp-content\/uploads\/2024\/01\/Logo_Light.svg\",\"contentUrl\":\"https:\/\/proacomunicacion.es\/wp-content\/uploads\/2024\/01\/Logo_Light.svg\",\"width\":136,\"height\":33,\"caption\":\"PROA Comunicaci\u00f3n\"},\"image\":{\"@id\":\"https:\/\/proacomunicacion.es\/#\/schema\/logo\/image\/\"},\"sameAs\":[\"https:\/\/x.com\/proacomunica\",\"https:\/\/es.linkedin.com\/company\/proa-comunicacion_2\",\"https:\/\/www.instagram.com\/proacomunica\/\",\"https:\/\/www.youtube.com\/@proacomunicacion\",\"https:\/\/es.wikipedia.org\/wiki\/PROA_Comunicacin\"]},{\"@type\":\"Person\",\"@id\":\"https:\/\/proacomunicacion.es\/#\/schema\/person\/f80dc8938ea94e7f8aa1e8dc716d5a60\",\"name\":\"PROA Comunicaci\u00f3n\",\"image\":{\"@type\":\"ImageObject\",\"inLanguage\":\"en-GB\",\"@id\":\"https:\/\/proacomunicacion.es\/#\/schema\/person\/image\/\",\"url\":\"https:\/\/secure.gravatar.com\/avatar\/394c93c195ff19b00e79d66a42971657a01de9f2740b97148d0f14a1e1a359b7?s=96&r=g\",\"contentUrl\":\"https:\/\/secure.gravatar.com\/avatar\/394c93c195ff19b00e79d66a42971657a01de9f2740b97148d0f14a1e1a359b7?s=96&r=g\",\"caption\":\"PROA Comunicaci\u00f3n\"}}]}<\/script>\n<!-- \/ Yoast SEO plugin. -->","yoast_head_json":{"title":"Political communication in times of incommunication - PROA Comunicaci\u00f3n","robots":{"index":"index","follow":"follow","max-snippet":"max-snippet:-1","max-image-preview":"max-image-preview:large","max-video-preview":"max-video-preview:-1"},"canonical":"https:\/\/proacomunicacion.es\/en\/political-communication-in-times-of-incommunication\/","og_locale":"en_GB","og_type":"article","og_title":"Comunicaci\u00f3n pol\u00edtica en tiempos de incomunicaci\u00f3n - PROA Comunicaci\u00f3n","og_description":"La informaci\u00f3n, la sobreinformaci\u00f3n, pero, ante todo, la desinformaci\u00f3n son fuentes inagotables de reflexiones repentinas y acr\u00edticas. A mayor abundamiento, en una etapa de confinamiento f\u00edsico, donde la disrupci\u00f3n no es solo social y econ\u00f3mica, sino tambi\u00e9n sentimental, fluyen las opiniones con la rapidez del pensamiento \u00fanico y con la falta de rigor del an\u00e1lisis [&hellip;]","og_url":"https:\/\/proacomunicacion.es\/en\/political-communication-in-times-of-incommunication\/","og_site_name":"PROA Comunicaci\u00f3n","article_published_time":"2020-04-07T08:03:28+00:00","og_image":[{"width":2560,"height":1414,"url":"https:\/\/proacomunicacion.es\/wp-content\/uploads\/2025\/08\/Firefly_radio-de-barco-scaled.jpg","type":"image\/jpeg"}],"author":"PROA Comunicaci\u00f3n","twitter_card":"summary_large_image","twitter_creator":"@proacomunica","twitter_site":"@proacomunica","twitter_misc":{"Written by":"PROA Comunicaci\u00f3n","Estimated reading time":"6 minutes"},"schema":{"@context":"https:\/\/schema.org","@graph":[{"@type":"Article","@id":"https:\/\/proacomunicacion.es\/comunicacion-politica-en-tiempos-de-incomunicacion\/#article","isPartOf":{"@id":"https:\/\/proacomunicacion.es\/comunicacion-politica-en-tiempos-de-incomunicacion\/"},"author":{"name":"PROA Comunicaci\u00f3n","@id":"https:\/\/proacomunicacion.es\/#\/schema\/person\/f80dc8938ea94e7f8aa1e8dc716d5a60"},"headline":"Comunicaci\u00f3n pol\u00edtica en tiempos de incomunicaci\u00f3n","datePublished":"2020-04-07T08:03:28+00:00","mainEntityOfPage":{"@id":"https:\/\/proacomunicacion.es\/comunicacion-politica-en-tiempos-de-incomunicacion\/"},"wordCount":1304,"publisher":{"@id":"https:\/\/proacomunicacion.es\/#organization"},"image":{"@id":"https:\/\/proacomunicacion.es\/comunicacion-politica-en-tiempos-de-incomunicacion\/#primaryimage"},"thumbnailUrl":"","keywords":["Comunicaci\u00f3n de crisis","comunicaci\u00f3n pol\u00edtica","Congreso de los Diputados","Mario Garc\u00e9s","partido popular"],"articleSection":["Blog"],"inLanguage":"en-GB"},{"@type":"WebPage","@id":"https:\/\/proacomunicacion.es\/comunicacion-politica-en-tiempos-de-incomunicacion\/","url":"https:\/\/proacomunicacion.es\/comunicacion-politica-en-tiempos-de-incomunicacion\/","name":"Political communication in times of incommunication - PROA Comunicaci\u00f3n","isPartOf":{"@id":"https:\/\/proacomunicacion.es\/#website"},"primaryImageOfPage":{"@id":"https:\/\/proacomunicacion.es\/comunicacion-politica-en-tiempos-de-incomunicacion\/#primaryimage"},"image":{"@id":"https:\/\/proacomunicacion.es\/comunicacion-politica-en-tiempos-de-incomunicacion\/#primaryimage"},"thumbnailUrl":"","datePublished":"2020-04-07T08:03:28+00:00","breadcrumb":{"@id":"https:\/\/proacomunicacion.es\/comunicacion-politica-en-tiempos-de-incomunicacion\/#breadcrumb"},"inLanguage":"en-GB","potentialAction":[{"@type":"ReadAction","target":["https:\/\/proacomunicacion.es\/comunicacion-politica-en-tiempos-de-incomunicacion\/"]}]},{"@type":"ImageObject","inLanguage":"en-GB","@id":"https:\/\/proacomunicacion.es\/comunicacion-politica-en-tiempos-de-incomunicacion\/#primaryimage","url":"","contentUrl":""},{"@type":"BreadcrumbList","@id":"https:\/\/proacomunicacion.es\/comunicacion-politica-en-tiempos-de-incomunicacion\/#breadcrumb","itemListElement":[{"@type":"ListItem","position":1,"name":"Portada","item":"https:\/\/proacomunicacion.es\/"},{"@type":"ListItem","position":2,"name":"Comunicaci\u00f3n pol\u00edtica en tiempos de incomunicaci\u00f3n"}]},{"@type":"WebSite","@id":"https:\/\/proacomunicacion.es\/#website","url":"https:\/\/proacomunicacion.es\/","name":"PROA Communication","description":"Corporate Communications Agency in Madrid, Barcelona and Galicia.","publisher":{"@id":"https:\/\/proacomunicacion.es\/#organization"},"alternateName":"PROA Comunicaci\u00f3n","potentialAction":[{"@type":"SearchAction","target":{"@type":"EntryPoint","urlTemplate":"https:\/\/proacomunicacion.es\/?s={search_term_string}"},"query-input":{"@type":"PropertyValueSpecification","valueRequired":true,"valueName":"search_term_string"}}],"inLanguage":"en-GB"},{"@type":"Organization","@id":"https:\/\/proacomunicacion.es\/#organization","name":"PROA Communication","alternateName":"PROA Comunicaci\u00f3n","url":"https:\/\/proacomunicacion.es\/","logo":{"@type":"ImageObject","inLanguage":"en-GB","@id":"https:\/\/proacomunicacion.es\/#\/schema\/logo\/image\/","url":"https:\/\/proacomunicacion.es\/wp-content\/uploads\/2024\/01\/Logo_Light.svg","contentUrl":"https:\/\/proacomunicacion.es\/wp-content\/uploads\/2024\/01\/Logo_Light.svg","width":136,"height":33,"caption":"PROA Comunicaci\u00f3n"},"image":{"@id":"https:\/\/proacomunicacion.es\/#\/schema\/logo\/image\/"},"sameAs":["https:\/\/x.com\/proacomunica","https:\/\/es.linkedin.com\/company\/proa-comunicacion_2","https:\/\/www.instagram.com\/proacomunica\/","https:\/\/www.youtube.com\/@proacomunicacion","https:\/\/es.wikipedia.org\/wiki\/PROA_Comunicacin"]},{"@type":"Person","@id":"https:\/\/proacomunicacion.es\/#\/schema\/person\/f80dc8938ea94e7f8aa1e8dc716d5a60","name":"PROA Communication","image":{"@type":"ImageObject","inLanguage":"en-GB","@id":"https:\/\/proacomunicacion.es\/#\/schema\/person\/image\/","url":"https:\/\/secure.gravatar.com\/avatar\/394c93c195ff19b00e79d66a42971657a01de9f2740b97148d0f14a1e1a359b7?s=96&r=g","contentUrl":"https:\/\/secure.gravatar.com\/avatar\/394c93c195ff19b00e79d66a42971657a01de9f2740b97148d0f14a1e1a359b7?s=96&r=g","caption":"PROA Comunicaci\u00f3n"}}]}},"_links":{"self":[{"href":"https:\/\/proacomunicacion.es\/en\/wp-json\/wp\/v2\/posts\/17525","targetHints":{"allow":["GET"]}}],"collection":[{"href":"https:\/\/proacomunicacion.es\/en\/wp-json\/wp\/v2\/posts"}],"about":[{"href":"https:\/\/proacomunicacion.es\/en\/wp-json\/wp\/v2\/types\/post"}],"author":[{"embeddable":true,"href":"https:\/\/proacomunicacion.es\/en\/wp-json\/wp\/v2\/users\/28"}],"replies":[{"embeddable":true,"href":"https:\/\/proacomunicacion.es\/en\/wp-json\/wp\/v2\/comments?post=17525"}],"version-history":[{"count":0,"href":"https:\/\/proacomunicacion.es\/en\/wp-json\/wp\/v2\/posts\/17525\/revisions"}],"wp:featuredmedia":[{"embeddable":true,"href":"https:\/\/proacomunicacion.es\/en\/wp-json\/"}],"wp:attachment":[{"href":"https:\/\/proacomunicacion.es\/en\/wp-json\/wp\/v2\/media?parent=17525"}],"wp:term":[{"taxonomy":"category","embeddable":true,"href":"https:\/\/proacomunicacion.es\/en\/wp-json\/wp\/v2\/categories?post=17525"},{"taxonomy":"post_tag","embeddable":true,"href":"https:\/\/proacomunicacion.es\/en\/wp-json\/wp\/v2\/tags?post=17525"}],"curies":[{"name":"wp","href":"https:\/\/api.w.org\/{rel}","templated":true}]}}