{"id":17629,"date":"2020-04-15T19:33:55","date_gmt":"2020-04-15T17:33:55","guid":{"rendered":"https:\/\/proacomunicacion.es\/?p=17629"},"modified":"2020-04-15T19:33:55","modified_gmt":"2020-04-15T17:33:55","slug":"from-confinement-to-spain-2-0","status":"publish","type":"post","link":"https:\/\/proacomunicacion.es\/en\/del-confinamiento-a-la-espana-2-0\/","title":{"rendered":"From Confinement to Spain 2.0"},"content":{"rendered":"<p style=\"text-align: justify;\">In pre-confinement Spain, the digitisation of our economic and social reality was being worked on, but without rhythm. The apostles of the physical still found an echo for their arguments, especially in a community where socialisation is an essential part of the character.<\/p>\n<p style=\"text-align: justify;\">In just a few days we have learned that pandemics can repeat themselves and that in times of confinement, long live bandwidth. That is why the process of digital transformation of this country is going to accelerate in such a way that the construction of a Spain 2.0 is going to be done at a speed that we would not have reached otherwise.<\/p>\n<p style=\"text-align: justify;\">The <strong>telework<\/strong> is the first thing that companies and public administrations need to re-evaluate. Before the lock-in, remote working was seen as a way of facilitating work-life balance. Today it is the best way to keep the business up and running in the face of unforeseen events.<\/p>\n<p style=\"text-align: justify;\">If you want to design a good remote working scheme, the most practical way is to extend as far as possible the <strong>obligation to implement contingency and business continuity plans<\/strong>even if you are not a critical company for society. When an organisation undergoes such a test, it quickly sees where the critical points and deficits are. It is time to give up the laziness of setting up these committees for things that never happen, because we can see that they do. We already know that a bus driver cannot telework or that a nuclear power plant cannot shut down because the core melts, but, beyond the obvious, there is a huge amount of work to be done to precipitate change.<\/p>\n<p style=\"text-align: justify;\">This is the case of our <strong>education system<\/strong>. The open debate on what to do with the 2019-20 school year is a consequence of the fact that the digitalisation of education is in its infancy at all levels, including business schools. We lack everything: educational material built in online language, which has nothing to do with a repository of documents to be printed, there is a lack of tools for teachers and students, and, above all, there is a lack of practice. One does not go to bed analogue on the Sunday of freedom and get up digital on the Monday of confinement.<\/p>\n<p style=\"text-align: justify;\">If the administrations and schools had made a contingency plan, they would have everything mapped out. The teachers who reject the virtual world and the students who don't make it due to lack of tidiness, lack of internet connection, or both. It is easy to imagine a flat with two adults and one or two children, it is the most common, but how many of these homes have three or four computers so that everyone can telework and follow the classes? Each neighbourhood has its own reality, not to extend the zoom to the urban world and to empty Spain.<\/p>\n<p style=\"text-align: justify;\">The bosses of the public education system, not forgetting the judiciary and their files, must urgently contact their colleagues at the Tax Agency, which as always and every April 1st has launched its income tax campaign, thanks to the fact that it is completely digitalised. What's more, many other procedures of the dear taxpayer with the Administration operate on the platform built by the Treasury.<\/p>\n<p style=\"text-align: justify;\"><strong>In the area of private enterprise, inequality is enormous.<\/strong>. There are companies that have discovered with bitterness that if they had prepared themselves, if they knew their customers better and were able to address them, they would not have had zero turnover for four weeks. Don't cry, get down to work now, because the critical point will not be that your company goes digital, it is the customer who has been diving into the networks for weeks and has lost sight of you.<\/p>\n<p style=\"text-align: justify;\">What is working best in times of burrowing are those businesses that have embraced digital, whether by force or conviction. This is the case of the banks and the media, two sectors in full digital transformation and which are operating from their homes, or the telecoms. One day the enormous value of Telef\u00f3nica's commitment to fibre optics to provide bandwidth will be recognised. That infrastructure is what makes it possible for everything else to work.<\/p>\n<p style=\"text-align: justify;\">The telecoms, energy companies and banks and their means of payment are the ones that make a peaceful enclosure possible. These and others add up to what populism identifies with the demonised Ibex, which they avoid acknowledging its contribution to the reconstruction of this country and which will be key to the new Spain 2.0.<\/p>\n<hr \/>\n<p style=\"text-align: justify;\"><strong>Aurelio Medel<\/strong><\/p>\n<p style=\"text-align: justify;\">PhD in Information Sciences and lecturer at the Complutense University of Madrid.<\/p>\n<p style=\"text-align: justify;\">He has dedicated half of his professional life to economic journalism (Expansi\u00f3n, Diario 16, Cinco D\u00edas and ABC) and the other half to communications at Banco Santander, where he was Director of Corporate Communications.<\/p>","protected":false},"excerpt":{"rendered":"<p>En la Espa\u00f1a del preconfinamiento se estaba trabajando en la digitalizaci\u00f3n de nuestra realidad econ\u00f3mica y social, pero sin ritmo. Los ap\u00f3stoles de lo f\u00edsico a\u00fan encontraban eco a sus argumentos y m\u00e1s en una comunidad donde la socializaci\u00f3n forma parte esencial del car\u00e1cter. En pocos d\u00edas hemos aprendido que las pandemias pueden repetirse y [&hellip;]<\/p>\n","protected":false},"author":28,"featured_media":17630,"comment_status":"closed","ping_status":"closed","sticky":false,"template":"","format":"standard","meta":{"footnotes":""},"categories":[176],"tags":[1876,695,216,286,298,353],"class_list":["post-17629","post","type-post","status-publish","format-standard","has-post-thumbnail","hentry","category-blog","tag-aurelio-medel","tag-banca","tag-banco-santander","tag-coronavirus","tag-covid19-en","tag-digitalizacion"],"yoast_head":"<!-- This site is optimized with the Yoast SEO plugin v27.0 - https:\/\/yoast.com\/product\/yoast-seo-wordpress\/ -->\n<title>Del confinamiento a la Espa\u00f1a 2.0 - PROA Comunicaci\u00f3n<\/title>\n<meta name=\"robots\" content=\"index, follow, max-snippet:-1, max-image-preview:large, max-video-preview:-1\" \/>\n<link rel=\"canonical\" href=\"https:\/\/proacomunicacion.es\/en\/from-confinement-to-spain-2-0\/\" \/>\n<meta property=\"og:locale\" content=\"en_GB\" \/>\n<meta property=\"og:type\" content=\"article\" \/>\n<meta property=\"og:title\" content=\"Del confinamiento a la Espa\u00f1a 2.0 - PROA Comunicaci\u00f3n\" \/>\n<meta property=\"og:description\" content=\"En la Espa\u00f1a del preconfinamiento se estaba trabajando en la digitalizaci\u00f3n de nuestra realidad econ\u00f3mica y social, pero sin ritmo. Los ap\u00f3stoles de lo f\u00edsico a\u00fan encontraban eco a sus argumentos y m\u00e1s en una comunidad donde la socializaci\u00f3n forma parte esencial del car\u00e1cter. En pocos d\u00edas hemos aprendido que las pandemias pueden repetirse y [&hellip;]\" \/>\n<meta property=\"og:url\" content=\"https:\/\/proacomunicacion.es\/en\/from-confinement-to-spain-2-0\/\" \/>\n<meta property=\"og:site_name\" content=\"PROA Comunicaci\u00f3n\" \/>\n<meta property=\"article:published_time\" content=\"2020-04-15T17:33:55+00:00\" \/>\n<meta property=\"og:image\" content=\"https:\/\/proacomunicacion.es\/wp-content\/uploads\/2025\/08\/Firefly_radio-de-barco-scaled.jpg\" \/>\n\t<meta property=\"og:image:width\" content=\"2560\" \/>\n\t<meta property=\"og:image:height\" content=\"1414\" \/>\n\t<meta property=\"og:image:type\" content=\"image\/jpeg\" \/>\n<meta name=\"author\" content=\"PROA Comunicaci\u00f3n\" \/>\n<meta name=\"twitter:card\" content=\"summary_large_image\" \/>\n<meta name=\"twitter:creator\" content=\"@proacomunica\" \/>\n<meta name=\"twitter:site\" content=\"@proacomunica\" \/>\n<meta name=\"twitter:label1\" content=\"Written by\" \/>\n\t<meta name=\"twitter:data1\" content=\"PROA Comunicaci\u00f3n\" \/>\n\t<meta name=\"twitter:label2\" content=\"Estimated reading time\" \/>\n\t<meta name=\"twitter:data2\" content=\"4 minutes\" \/>\n<script type=\"application\/ld+json\" class=\"yoast-schema-graph\">{\"@context\":\"https:\/\/schema.org\",\"@graph\":[{\"@type\":\"Article\",\"@id\":\"https:\/\/proacomunicacion.es\/del-confinamiento-a-la-espana-2-0\/#article\",\"isPartOf\":{\"@id\":\"https:\/\/proacomunicacion.es\/del-confinamiento-a-la-espana-2-0\/\"},\"author\":{\"name\":\"PROA Comunicaci\u00f3n\",\"@id\":\"https:\/\/proacomunicacion.es\/#\/schema\/person\/f80dc8938ea94e7f8aa1e8dc716d5a60\"},\"headline\":\"Del confinamiento a la Espa\u00f1a 2.0\",\"datePublished\":\"2020-04-15T17:33:55+00:00\",\"mainEntityOfPage\":{\"@id\":\"https:\/\/proacomunicacion.es\/del-confinamiento-a-la-espana-2-0\/\"},\"wordCount\":872,\"publisher\":{\"@id\":\"https:\/\/proacomunicacion.es\/#organization\"},\"image\":{\"@id\":\"https:\/\/proacomunicacion.es\/del-confinamiento-a-la-espana-2-0\/#primaryimage\"},\"thumbnailUrl\":\"\",\"keywords\":[\"Aurelio Medel\",\"banca\",\"banco santander\",\"coronavirus\",\"COVID19\",\"digitalizaci\u00f3n\"],\"articleSection\":[\"Blog\"],\"inLanguage\":\"en-GB\"},{\"@type\":\"WebPage\",\"@id\":\"https:\/\/proacomunicacion.es\/del-confinamiento-a-la-espana-2-0\/\",\"url\":\"https:\/\/proacomunicacion.es\/del-confinamiento-a-la-espana-2-0\/\",\"name\":\"Del confinamiento a la Espa\u00f1a 2.0 - PROA Comunicaci\u00f3n\",\"isPartOf\":{\"@id\":\"https:\/\/proacomunicacion.es\/#website\"},\"primaryImageOfPage\":{\"@id\":\"https:\/\/proacomunicacion.es\/del-confinamiento-a-la-espana-2-0\/#primaryimage\"},\"image\":{\"@id\":\"https:\/\/proacomunicacion.es\/del-confinamiento-a-la-espana-2-0\/#primaryimage\"},\"thumbnailUrl\":\"\",\"datePublished\":\"2020-04-15T17:33:55+00:00\",\"breadcrumb\":{\"@id\":\"https:\/\/proacomunicacion.es\/del-confinamiento-a-la-espana-2-0\/#breadcrumb\"},\"inLanguage\":\"en-GB\",\"potentialAction\":[{\"@type\":\"ReadAction\",\"target\":[\"https:\/\/proacomunicacion.es\/del-confinamiento-a-la-espana-2-0\/\"]}]},{\"@type\":\"ImageObject\",\"inLanguage\":\"en-GB\",\"@id\":\"https:\/\/proacomunicacion.es\/del-confinamiento-a-la-espana-2-0\/#primaryimage\",\"url\":\"\",\"contentUrl\":\"\"},{\"@type\":\"BreadcrumbList\",\"@id\":\"https:\/\/proacomunicacion.es\/del-confinamiento-a-la-espana-2-0\/#breadcrumb\",\"itemListElement\":[{\"@type\":\"ListItem\",\"position\":1,\"name\":\"Portada\",\"item\":\"https:\/\/proacomunicacion.es\/\"},{\"@type\":\"ListItem\",\"position\":2,\"name\":\"Del confinamiento a la Espa\u00f1a 2.0\"}]},{\"@type\":\"WebSite\",\"@id\":\"https:\/\/proacomunicacion.es\/#website\",\"url\":\"https:\/\/proacomunicacion.es\/\",\"name\":\"PROA Comunicaci\u00f3n\",\"description\":\"Agencia de Comunicaci\u00f3n Corporativa en Madrid, Barcelona y Galicia.\",\"publisher\":{\"@id\":\"https:\/\/proacomunicacion.es\/#organization\"},\"alternateName\":\"PROA Comunicaci\u00f3n\",\"potentialAction\":[{\"@type\":\"SearchAction\",\"target\":{\"@type\":\"EntryPoint\",\"urlTemplate\":\"https:\/\/proacomunicacion.es\/?s={search_term_string}\"},\"query-input\":{\"@type\":\"PropertyValueSpecification\",\"valueRequired\":true,\"valueName\":\"search_term_string\"}}],\"inLanguage\":\"en-GB\"},{\"@type\":\"Organization\",\"@id\":\"https:\/\/proacomunicacion.es\/#organization\",\"name\":\"PROA Comunicaci\u00f3n\",\"alternateName\":\"PROA Comunicaci\u00f3n\",\"url\":\"https:\/\/proacomunicacion.es\/\",\"logo\":{\"@type\":\"ImageObject\",\"inLanguage\":\"en-GB\",\"@id\":\"https:\/\/proacomunicacion.es\/#\/schema\/logo\/image\/\",\"url\":\"https:\/\/proacomunicacion.es\/wp-content\/uploads\/2024\/01\/Logo_Light.svg\",\"contentUrl\":\"https:\/\/proacomunicacion.es\/wp-content\/uploads\/2024\/01\/Logo_Light.svg\",\"width\":136,\"height\":33,\"caption\":\"PROA Comunicaci\u00f3n\"},\"image\":{\"@id\":\"https:\/\/proacomunicacion.es\/#\/schema\/logo\/image\/\"},\"sameAs\":[\"https:\/\/x.com\/proacomunica\",\"https:\/\/es.linkedin.com\/company\/proa-comunicacion_2\",\"https:\/\/www.instagram.com\/proacomunica\/\",\"https:\/\/www.youtube.com\/@proacomunicacion\",\"https:\/\/es.wikipedia.org\/wiki\/PROA_Comunicacin\"]},{\"@type\":\"Person\",\"@id\":\"https:\/\/proacomunicacion.es\/#\/schema\/person\/f80dc8938ea94e7f8aa1e8dc716d5a60\",\"name\":\"PROA Comunicaci\u00f3n\",\"image\":{\"@type\":\"ImageObject\",\"inLanguage\":\"en-GB\",\"@id\":\"https:\/\/proacomunicacion.es\/#\/schema\/person\/image\/\",\"url\":\"https:\/\/secure.gravatar.com\/avatar\/394c93c195ff19b00e79d66a42971657a01de9f2740b97148d0f14a1e1a359b7?s=96&r=g\",\"contentUrl\":\"https:\/\/secure.gravatar.com\/avatar\/394c93c195ff19b00e79d66a42971657a01de9f2740b97148d0f14a1e1a359b7?s=96&r=g\",\"caption\":\"PROA Comunicaci\u00f3n\"}}]}<\/script>\n<!-- \/ Yoast SEO plugin. -->","yoast_head_json":{"title":"From confinement to Spain 2.0 - PROA Comunicaci\u00f3n","robots":{"index":"index","follow":"follow","max-snippet":"max-snippet:-1","max-image-preview":"max-image-preview:large","max-video-preview":"max-video-preview:-1"},"canonical":"https:\/\/proacomunicacion.es\/en\/from-confinement-to-spain-2-0\/","og_locale":"en_GB","og_type":"article","og_title":"Del confinamiento a la Espa\u00f1a 2.0 - PROA Comunicaci\u00f3n","og_description":"En la Espa\u00f1a del preconfinamiento se estaba trabajando en la digitalizaci\u00f3n de nuestra realidad econ\u00f3mica y social, pero sin ritmo. Los ap\u00f3stoles de lo f\u00edsico a\u00fan encontraban eco a sus argumentos y m\u00e1s en una comunidad donde la socializaci\u00f3n forma parte esencial del car\u00e1cter. En pocos d\u00edas hemos aprendido que las pandemias pueden repetirse y [&hellip;]","og_url":"https:\/\/proacomunicacion.es\/en\/from-confinement-to-spain-2-0\/","og_site_name":"PROA Comunicaci\u00f3n","article_published_time":"2020-04-15T17:33:55+00:00","og_image":[{"width":2560,"height":1414,"url":"https:\/\/proacomunicacion.es\/wp-content\/uploads\/2025\/08\/Firefly_radio-de-barco-scaled.jpg","type":"image\/jpeg"}],"author":"PROA Comunicaci\u00f3n","twitter_card":"summary_large_image","twitter_creator":"@proacomunica","twitter_site":"@proacomunica","twitter_misc":{"Written by":"PROA Comunicaci\u00f3n","Estimated reading time":"4 minutes"},"schema":{"@context":"https:\/\/schema.org","@graph":[{"@type":"Article","@id":"https:\/\/proacomunicacion.es\/del-confinamiento-a-la-espana-2-0\/#article","isPartOf":{"@id":"https:\/\/proacomunicacion.es\/del-confinamiento-a-la-espana-2-0\/"},"author":{"name":"PROA Comunicaci\u00f3n","@id":"https:\/\/proacomunicacion.es\/#\/schema\/person\/f80dc8938ea94e7f8aa1e8dc716d5a60"},"headline":"Del confinamiento a la Espa\u00f1a 2.0","datePublished":"2020-04-15T17:33:55+00:00","mainEntityOfPage":{"@id":"https:\/\/proacomunicacion.es\/del-confinamiento-a-la-espana-2-0\/"},"wordCount":872,"publisher":{"@id":"https:\/\/proacomunicacion.es\/#organization"},"image":{"@id":"https:\/\/proacomunicacion.es\/del-confinamiento-a-la-espana-2-0\/#primaryimage"},"thumbnailUrl":"","keywords":["Aurelio Medel","banca","banco santander","coronavirus","COVID19","digitalizaci\u00f3n"],"articleSection":["Blog"],"inLanguage":"en-GB"},{"@type":"WebPage","@id":"https:\/\/proacomunicacion.es\/del-confinamiento-a-la-espana-2-0\/","url":"https:\/\/proacomunicacion.es\/del-confinamiento-a-la-espana-2-0\/","name":"From confinement to Spain 2.0 - PROA Comunicaci\u00f3n","isPartOf":{"@id":"https:\/\/proacomunicacion.es\/#website"},"primaryImageOfPage":{"@id":"https:\/\/proacomunicacion.es\/del-confinamiento-a-la-espana-2-0\/#primaryimage"},"image":{"@id":"https:\/\/proacomunicacion.es\/del-confinamiento-a-la-espana-2-0\/#primaryimage"},"thumbnailUrl":"","datePublished":"2020-04-15T17:33:55+00:00","breadcrumb":{"@id":"https:\/\/proacomunicacion.es\/del-confinamiento-a-la-espana-2-0\/#breadcrumb"},"inLanguage":"en-GB","potentialAction":[{"@type":"ReadAction","target":["https:\/\/proacomunicacion.es\/del-confinamiento-a-la-espana-2-0\/"]}]},{"@type":"ImageObject","inLanguage":"en-GB","@id":"https:\/\/proacomunicacion.es\/del-confinamiento-a-la-espana-2-0\/#primaryimage","url":"","contentUrl":""},{"@type":"BreadcrumbList","@id":"https:\/\/proacomunicacion.es\/del-confinamiento-a-la-espana-2-0\/#breadcrumb","itemListElement":[{"@type":"ListItem","position":1,"name":"Portada","item":"https:\/\/proacomunicacion.es\/"},{"@type":"ListItem","position":2,"name":"Del confinamiento a la Espa\u00f1a 2.0"}]},{"@type":"WebSite","@id":"https:\/\/proacomunicacion.es\/#website","url":"https:\/\/proacomunicacion.es\/","name":"PROA Communication","description":"Corporate Communications Agency in Madrid, Barcelona and Galicia.","publisher":{"@id":"https:\/\/proacomunicacion.es\/#organization"},"alternateName":"PROA Comunicaci\u00f3n","potentialAction":[{"@type":"SearchAction","target":{"@type":"EntryPoint","urlTemplate":"https:\/\/proacomunicacion.es\/?s={search_term_string}"},"query-input":{"@type":"PropertyValueSpecification","valueRequired":true,"valueName":"search_term_string"}}],"inLanguage":"en-GB"},{"@type":"Organization","@id":"https:\/\/proacomunicacion.es\/#organization","name":"PROA Communication","alternateName":"PROA Comunicaci\u00f3n","url":"https:\/\/proacomunicacion.es\/","logo":{"@type":"ImageObject","inLanguage":"en-GB","@id":"https:\/\/proacomunicacion.es\/#\/schema\/logo\/image\/","url":"https:\/\/proacomunicacion.es\/wp-content\/uploads\/2024\/01\/Logo_Light.svg","contentUrl":"https:\/\/proacomunicacion.es\/wp-content\/uploads\/2024\/01\/Logo_Light.svg","width":136,"height":33,"caption":"PROA Comunicaci\u00f3n"},"image":{"@id":"https:\/\/proacomunicacion.es\/#\/schema\/logo\/image\/"},"sameAs":["https:\/\/x.com\/proacomunica","https:\/\/es.linkedin.com\/company\/proa-comunicacion_2","https:\/\/www.instagram.com\/proacomunica\/","https:\/\/www.youtube.com\/@proacomunicacion","https:\/\/es.wikipedia.org\/wiki\/PROA_Comunicacin"]},{"@type":"Person","@id":"https:\/\/proacomunicacion.es\/#\/schema\/person\/f80dc8938ea94e7f8aa1e8dc716d5a60","name":"PROA Communication","image":{"@type":"ImageObject","inLanguage":"en-GB","@id":"https:\/\/proacomunicacion.es\/#\/schema\/person\/image\/","url":"https:\/\/secure.gravatar.com\/avatar\/394c93c195ff19b00e79d66a42971657a01de9f2740b97148d0f14a1e1a359b7?s=96&r=g","contentUrl":"https:\/\/secure.gravatar.com\/avatar\/394c93c195ff19b00e79d66a42971657a01de9f2740b97148d0f14a1e1a359b7?s=96&r=g","caption":"PROA Comunicaci\u00f3n"}}]}},"_links":{"self":[{"href":"https:\/\/proacomunicacion.es\/en\/wp-json\/wp\/v2\/posts\/17629","targetHints":{"allow":["GET"]}}],"collection":[{"href":"https:\/\/proacomunicacion.es\/en\/wp-json\/wp\/v2\/posts"}],"about":[{"href":"https:\/\/proacomunicacion.es\/en\/wp-json\/wp\/v2\/types\/post"}],"author":[{"embeddable":true,"href":"https:\/\/proacomunicacion.es\/en\/wp-json\/wp\/v2\/users\/28"}],"replies":[{"embeddable":true,"href":"https:\/\/proacomunicacion.es\/en\/wp-json\/wp\/v2\/comments?post=17629"}],"version-history":[{"count":0,"href":"https:\/\/proacomunicacion.es\/en\/wp-json\/wp\/v2\/posts\/17629\/revisions"}],"wp:featuredmedia":[{"embeddable":true,"href":"https:\/\/proacomunicacion.es\/en\/wp-json\/"}],"wp:attachment":[{"href":"https:\/\/proacomunicacion.es\/en\/wp-json\/wp\/v2\/media?parent=17629"}],"wp:term":[{"taxonomy":"category","embeddable":true,"href":"https:\/\/proacomunicacion.es\/en\/wp-json\/wp\/v2\/categories?post=17629"},{"taxonomy":"post_tag","embeddable":true,"href":"https:\/\/proacomunicacion.es\/en\/wp-json\/wp\/v2\/tags?post=17629"}],"curies":[{"name":"wp","href":"https:\/\/api.w.org\/{rel}","templated":true}]}}