{"id":17827,"date":"2020-04-29T09:34:25","date_gmt":"2020-04-29T07:34:25","guid":{"rendered":"https:\/\/proacomunicacion.es\/?p=17827"},"modified":"2020-04-29T09:34:25","modified_gmt":"2020-04-29T07:34:25","slug":"communication-in-times-of-coronavirus","status":"publish","type":"post","link":"https:\/\/proacomunicacion.es\/en\/comunicacion-en-tiempos-de-coronavirus\/","title":{"rendered":"Communication in times of coronavirus"},"content":{"rendered":"<p style=\"text-align: justify;\">The coronavirus crisis is changing the way we relate to each other, including between corporate communications professionals and journalists.<\/p>\n<p style=\"text-align: justify;\">Press conferences in which journalists met with members of a company's or public body's communications office allowed for a greater exchange of information and the establishment of a climate of trust between them.<\/p>\n<p style=\"text-align: justify;\">Over the years I have learnt that, always, at a press conference, even if it is about a minor or unimportant matter, <strong>it is possible to extract information or contacts that were not available at the outset.<\/strong>A statement from someone unexpected; a piece of information I didn't know about; or the possibility of meeting a person who could be useful to me in the future to elaborate some information. We miss those press conferences in which we journalists tried to put the convenor on the spot, <strong>to extract a demonstration that could be used to make a powerful headline<\/strong>. One only has to look at the press conferences organised by the government today to understand that it is difficult to force a news statement out of them. <strong>There is practically no possibility to cross-examine, to insist on a certain question.<\/strong>.<\/p>\n<p style=\"text-align: justify;\">The interviews or private meetings that the editors of a media outlet could have with representatives of companies or an administration through the intermediation of a communications professional also seem distant now. Now, <strong>communication is mainly by telephone or email<\/strong>or through platforms that connect us to each other in person. And it is likely that this format, even if the number of coronavirus infections and deaths is decreasing, will continue in the future.<\/p>\n<p style=\"text-align: justify;\"><strong>The coronavirus has not changed the essence of journalism.<\/strong>and neither does that of corporate communication. But the current formats for meetings between journalists and their sources reduce the climate of trust. This makes it difficult for journalists to get a story out, and also for press offices to communicate. If I used to receive 500 e-mails a day, now, since the outbreak of the coronavirus crisis, I receive 1,000 or more. And I delete most of them. I am aware that behind these e-mails there is someone who has put a lot of effort into drafting the communiqu\u00e9 and sending it to my e-mail, even though they don't know me at all and this is the first time they have done so. Moreover, these days, many of these messages tell of a donation, an action by a company aimed, within its means, at contributing to the fight against the pandemic. But it is impossible for me to open them all, let alone read them; if I did, I wouldn't have time for anything else.<\/p>\n<p style=\"text-align: justify;\">The essence of journalism remains the same, to publish news. <strong>We are living in a historic moment and journalists must seize it.<\/strong>. But sending a torrent of communiqu\u00e9s left, right and centre is of no use. I understand that it is difficult for communication offices to make the company's management see that, however important they think it is what they want to communicate, it is not something that everyone is interested in.<\/p>\n<p style=\"text-align: justify;\">Now is the time to be selective. Want to get a journalist's attention? Do the usual, tell him or her an exclusive story.<\/p>\n<hr \/>\n<p><strong>Alberto Ort\u00edn<\/strong><\/p>\n<p style=\"text-align: justify;\">Graduate in Information Sciences from the Complutense University of Madrid. He has also studied Law and Philosophy at the UNED. He has worked for more than 20 years in the financial press, at Cinco D\u00edas and, for the last five years, at Vozpopuli.com. He has also worked for Canal + and several radio stations in Madrid, among other media. Founder and director, between 2000 and 2003, of the portal Elnie.com, aimed at the immigrant population in Spain.<\/p>","protected":false},"excerpt":{"rendered":"<p>La crisis del coronavirus est\u00e1 cambiando la forma en que nos relacionamos, tambi\u00e9n la existente entre los profesionales de la comunicaci\u00f3n corporativa y los periodistas. Las ruedas de prensa en las que los periodistas coincid\u00edan con los miembros de los gabinetes de comunicaci\u00f3n de una empresa o de un organismo p\u00fablico permit\u00edan un mayor intercambio [&hellip;]<\/p>\n","protected":false},"author":28,"featured_media":17831,"comment_status":"closed","ping_status":"closed","sticky":false,"template":"","format":"standard","meta":{"footnotes":""},"categories":[176],"tags":[1909,286,298,53,39],"class_list":["post-17827","post","type-post","status-publish","format-standard","has-post-thumbnail","hentry","category-blog","tag-alberto-ortin","tag-coronavirus","tag-covid19-en","tag-gobierno","tag-periodismo"],"yoast_head":"<!-- This site is optimized with the Yoast SEO plugin v27.0 - https:\/\/yoast.com\/product\/yoast-seo-wordpress\/ -->\n<title>Comunicaci\u00f3n en tiempos de coronavirus - PROA Comunicaci\u00f3n<\/title>\n<meta name=\"robots\" content=\"index, follow, max-snippet:-1, max-image-preview:large, max-video-preview:-1\" \/>\n<link rel=\"canonical\" href=\"https:\/\/proacomunicacion.es\/en\/communication-in-times-of-coronavirus\/\" \/>\n<meta property=\"og:locale\" content=\"en_GB\" \/>\n<meta property=\"og:type\" content=\"article\" \/>\n<meta property=\"og:title\" content=\"Comunicaci\u00f3n en tiempos de coronavirus - PROA Comunicaci\u00f3n\" \/>\n<meta property=\"og:description\" content=\"La crisis del coronavirus est\u00e1 cambiando la forma en que nos relacionamos, tambi\u00e9n la existente entre los profesionales de la comunicaci\u00f3n corporativa y los periodistas. Las ruedas de prensa en las que los periodistas coincid\u00edan con los miembros de los gabinetes de comunicaci\u00f3n de una empresa o de un organismo p\u00fablico permit\u00edan un mayor intercambio [&hellip;]\" \/>\n<meta property=\"og:url\" content=\"https:\/\/proacomunicacion.es\/en\/communication-in-times-of-coronavirus\/\" \/>\n<meta property=\"og:site_name\" content=\"PROA Comunicaci\u00f3n\" \/>\n<meta property=\"article:published_time\" content=\"2020-04-29T07:34:25+00:00\" \/>\n<meta property=\"og:image\" content=\"https:\/\/proacomunicacion.es\/wp-content\/uploads\/2025\/08\/Firefly_radio-de-barco-scaled.jpg\" \/>\n\t<meta property=\"og:image:width\" content=\"2560\" \/>\n\t<meta property=\"og:image:height\" content=\"1414\" \/>\n\t<meta property=\"og:image:type\" content=\"image\/jpeg\" \/>\n<meta name=\"author\" content=\"PROA Comunicaci\u00f3n\" \/>\n<meta name=\"twitter:card\" content=\"summary_large_image\" \/>\n<meta name=\"twitter:creator\" content=\"@proacomunica\" \/>\n<meta name=\"twitter:site\" content=\"@proacomunica\" \/>\n<meta name=\"twitter:label1\" content=\"Written by\" \/>\n\t<meta name=\"twitter:data1\" content=\"PROA Comunicaci\u00f3n\" \/>\n\t<meta name=\"twitter:label2\" content=\"Estimated reading time\" \/>\n\t<meta name=\"twitter:data2\" content=\"3 minutes\" \/>\n<script type=\"application\/ld+json\" class=\"yoast-schema-graph\">{\"@context\":\"https:\/\/schema.org\",\"@graph\":[{\"@type\":\"Article\",\"@id\":\"https:\/\/proacomunicacion.es\/comunicacion-en-tiempos-de-coronavirus\/#article\",\"isPartOf\":{\"@id\":\"https:\/\/proacomunicacion.es\/comunicacion-en-tiempos-de-coronavirus\/\"},\"author\":{\"name\":\"PROA Comunicaci\u00f3n\",\"@id\":\"https:\/\/proacomunicacion.es\/#\/schema\/person\/f80dc8938ea94e7f8aa1e8dc716d5a60\"},\"headline\":\"Comunicaci\u00f3n en tiempos de coronavirus\",\"datePublished\":\"2020-04-29T07:34:25+00:00\",\"mainEntityOfPage\":{\"@id\":\"https:\/\/proacomunicacion.es\/comunicacion-en-tiempos-de-coronavirus\/\"},\"wordCount\":697,\"publisher\":{\"@id\":\"https:\/\/proacomunicacion.es\/#organization\"},\"image\":{\"@id\":\"https:\/\/proacomunicacion.es\/comunicacion-en-tiempos-de-coronavirus\/#primaryimage\"},\"thumbnailUrl\":\"\",\"keywords\":[\"Alberto Ort\u00edn\",\"coronavirus\",\"COVID19\",\"gobierno\",\"periodismo\"],\"articleSection\":[\"Blog\"],\"inLanguage\":\"en-GB\"},{\"@type\":\"WebPage\",\"@id\":\"https:\/\/proacomunicacion.es\/comunicacion-en-tiempos-de-coronavirus\/\",\"url\":\"https:\/\/proacomunicacion.es\/comunicacion-en-tiempos-de-coronavirus\/\",\"name\":\"Comunicaci\u00f3n en tiempos de coronavirus - PROA Comunicaci\u00f3n\",\"isPartOf\":{\"@id\":\"https:\/\/proacomunicacion.es\/#website\"},\"primaryImageOfPage\":{\"@id\":\"https:\/\/proacomunicacion.es\/comunicacion-en-tiempos-de-coronavirus\/#primaryimage\"},\"image\":{\"@id\":\"https:\/\/proacomunicacion.es\/comunicacion-en-tiempos-de-coronavirus\/#primaryimage\"},\"thumbnailUrl\":\"\",\"datePublished\":\"2020-04-29T07:34:25+00:00\",\"breadcrumb\":{\"@id\":\"https:\/\/proacomunicacion.es\/comunicacion-en-tiempos-de-coronavirus\/#breadcrumb\"},\"inLanguage\":\"en-GB\",\"potentialAction\":[{\"@type\":\"ReadAction\",\"target\":[\"https:\/\/proacomunicacion.es\/comunicacion-en-tiempos-de-coronavirus\/\"]}]},{\"@type\":\"ImageObject\",\"inLanguage\":\"en-GB\",\"@id\":\"https:\/\/proacomunicacion.es\/comunicacion-en-tiempos-de-coronavirus\/#primaryimage\",\"url\":\"\",\"contentUrl\":\"\"},{\"@type\":\"BreadcrumbList\",\"@id\":\"https:\/\/proacomunicacion.es\/comunicacion-en-tiempos-de-coronavirus\/#breadcrumb\",\"itemListElement\":[{\"@type\":\"ListItem\",\"position\":1,\"name\":\"Portada\",\"item\":\"https:\/\/proacomunicacion.es\/\"},{\"@type\":\"ListItem\",\"position\":2,\"name\":\"Comunicaci\u00f3n en tiempos de coronavirus\"}]},{\"@type\":\"WebSite\",\"@id\":\"https:\/\/proacomunicacion.es\/#website\",\"url\":\"https:\/\/proacomunicacion.es\/\",\"name\":\"PROA Comunicaci\u00f3n\",\"description\":\"Agencia de Comunicaci\u00f3n Corporativa en Madrid, Barcelona y Galicia.\",\"publisher\":{\"@id\":\"https:\/\/proacomunicacion.es\/#organization\"},\"alternateName\":\"PROA Comunicaci\u00f3n\",\"potentialAction\":[{\"@type\":\"SearchAction\",\"target\":{\"@type\":\"EntryPoint\",\"urlTemplate\":\"https:\/\/proacomunicacion.es\/?s={search_term_string}\"},\"query-input\":{\"@type\":\"PropertyValueSpecification\",\"valueRequired\":true,\"valueName\":\"search_term_string\"}}],\"inLanguage\":\"en-GB\"},{\"@type\":\"Organization\",\"@id\":\"https:\/\/proacomunicacion.es\/#organization\",\"name\":\"PROA Comunicaci\u00f3n\",\"alternateName\":\"PROA Comunicaci\u00f3n\",\"url\":\"https:\/\/proacomunicacion.es\/\",\"logo\":{\"@type\":\"ImageObject\",\"inLanguage\":\"en-GB\",\"@id\":\"https:\/\/proacomunicacion.es\/#\/schema\/logo\/image\/\",\"url\":\"https:\/\/proacomunicacion.es\/wp-content\/uploads\/2024\/01\/Logo_Light.svg\",\"contentUrl\":\"https:\/\/proacomunicacion.es\/wp-content\/uploads\/2024\/01\/Logo_Light.svg\",\"width\":136,\"height\":33,\"caption\":\"PROA Comunicaci\u00f3n\"},\"image\":{\"@id\":\"https:\/\/proacomunicacion.es\/#\/schema\/logo\/image\/\"},\"sameAs\":[\"https:\/\/x.com\/proacomunica\",\"https:\/\/es.linkedin.com\/company\/proa-comunicacion_2\",\"https:\/\/www.instagram.com\/proacomunica\/\",\"https:\/\/www.youtube.com\/@proacomunicacion\",\"https:\/\/es.wikipedia.org\/wiki\/PROA_Comunicacin\"]},{\"@type\":\"Person\",\"@id\":\"https:\/\/proacomunicacion.es\/#\/schema\/person\/f80dc8938ea94e7f8aa1e8dc716d5a60\",\"name\":\"PROA Comunicaci\u00f3n\",\"image\":{\"@type\":\"ImageObject\",\"inLanguage\":\"en-GB\",\"@id\":\"https:\/\/proacomunicacion.es\/#\/schema\/person\/image\/\",\"url\":\"https:\/\/secure.gravatar.com\/avatar\/394c93c195ff19b00e79d66a42971657a01de9f2740b97148d0f14a1e1a359b7?s=96&r=g\",\"contentUrl\":\"https:\/\/secure.gravatar.com\/avatar\/394c93c195ff19b00e79d66a42971657a01de9f2740b97148d0f14a1e1a359b7?s=96&r=g\",\"caption\":\"PROA Comunicaci\u00f3n\"}}]}<\/script>\n<!-- \/ Yoast SEO plugin. -->","yoast_head_json":{"title":"Communication in times of coronavirus - PROA Comunicaci\u00f3n","robots":{"index":"index","follow":"follow","max-snippet":"max-snippet:-1","max-image-preview":"max-image-preview:large","max-video-preview":"max-video-preview:-1"},"canonical":"https:\/\/proacomunicacion.es\/en\/communication-in-times-of-coronavirus\/","og_locale":"en_GB","og_type":"article","og_title":"Comunicaci\u00f3n en tiempos de coronavirus - PROA Comunicaci\u00f3n","og_description":"La crisis del coronavirus est\u00e1 cambiando la forma en que nos relacionamos, tambi\u00e9n la existente entre los profesionales de la comunicaci\u00f3n corporativa y los periodistas. Las ruedas de prensa en las que los periodistas coincid\u00edan con los miembros de los gabinetes de comunicaci\u00f3n de una empresa o de un organismo p\u00fablico permit\u00edan un mayor intercambio [&hellip;]","og_url":"https:\/\/proacomunicacion.es\/en\/communication-in-times-of-coronavirus\/","og_site_name":"PROA Comunicaci\u00f3n","article_published_time":"2020-04-29T07:34:25+00:00","og_image":[{"width":2560,"height":1414,"url":"https:\/\/proacomunicacion.es\/wp-content\/uploads\/2025\/08\/Firefly_radio-de-barco-scaled.jpg","type":"image\/jpeg"}],"author":"PROA Comunicaci\u00f3n","twitter_card":"summary_large_image","twitter_creator":"@proacomunica","twitter_site":"@proacomunica","twitter_misc":{"Written by":"PROA Comunicaci\u00f3n","Estimated reading time":"3 minutes"},"schema":{"@context":"https:\/\/schema.org","@graph":[{"@type":"Article","@id":"https:\/\/proacomunicacion.es\/comunicacion-en-tiempos-de-coronavirus\/#article","isPartOf":{"@id":"https:\/\/proacomunicacion.es\/comunicacion-en-tiempos-de-coronavirus\/"},"author":{"name":"PROA Comunicaci\u00f3n","@id":"https:\/\/proacomunicacion.es\/#\/schema\/person\/f80dc8938ea94e7f8aa1e8dc716d5a60"},"headline":"Comunicaci\u00f3n en tiempos de coronavirus","datePublished":"2020-04-29T07:34:25+00:00","mainEntityOfPage":{"@id":"https:\/\/proacomunicacion.es\/comunicacion-en-tiempos-de-coronavirus\/"},"wordCount":697,"publisher":{"@id":"https:\/\/proacomunicacion.es\/#organization"},"image":{"@id":"https:\/\/proacomunicacion.es\/comunicacion-en-tiempos-de-coronavirus\/#primaryimage"},"thumbnailUrl":"","keywords":["Alberto Ort\u00edn","coronavirus","COVID19","gobierno","periodismo"],"articleSection":["Blog"],"inLanguage":"en-GB"},{"@type":"WebPage","@id":"https:\/\/proacomunicacion.es\/comunicacion-en-tiempos-de-coronavirus\/","url":"https:\/\/proacomunicacion.es\/comunicacion-en-tiempos-de-coronavirus\/","name":"Communication in times of coronavirus - PROA Comunicaci\u00f3n","isPartOf":{"@id":"https:\/\/proacomunicacion.es\/#website"},"primaryImageOfPage":{"@id":"https:\/\/proacomunicacion.es\/comunicacion-en-tiempos-de-coronavirus\/#primaryimage"},"image":{"@id":"https:\/\/proacomunicacion.es\/comunicacion-en-tiempos-de-coronavirus\/#primaryimage"},"thumbnailUrl":"","datePublished":"2020-04-29T07:34:25+00:00","breadcrumb":{"@id":"https:\/\/proacomunicacion.es\/comunicacion-en-tiempos-de-coronavirus\/#breadcrumb"},"inLanguage":"en-GB","potentialAction":[{"@type":"ReadAction","target":["https:\/\/proacomunicacion.es\/comunicacion-en-tiempos-de-coronavirus\/"]}]},{"@type":"ImageObject","inLanguage":"en-GB","@id":"https:\/\/proacomunicacion.es\/comunicacion-en-tiempos-de-coronavirus\/#primaryimage","url":"","contentUrl":""},{"@type":"BreadcrumbList","@id":"https:\/\/proacomunicacion.es\/comunicacion-en-tiempos-de-coronavirus\/#breadcrumb","itemListElement":[{"@type":"ListItem","position":1,"name":"Portada","item":"https:\/\/proacomunicacion.es\/"},{"@type":"ListItem","position":2,"name":"Comunicaci\u00f3n en tiempos de coronavirus"}]},{"@type":"WebSite","@id":"https:\/\/proacomunicacion.es\/#website","url":"https:\/\/proacomunicacion.es\/","name":"PROA Communication","description":"Corporate Communications Agency in Madrid, Barcelona and Galicia.","publisher":{"@id":"https:\/\/proacomunicacion.es\/#organization"},"alternateName":"PROA Comunicaci\u00f3n","potentialAction":[{"@type":"SearchAction","target":{"@type":"EntryPoint","urlTemplate":"https:\/\/proacomunicacion.es\/?s={search_term_string}"},"query-input":{"@type":"PropertyValueSpecification","valueRequired":true,"valueName":"search_term_string"}}],"inLanguage":"en-GB"},{"@type":"Organization","@id":"https:\/\/proacomunicacion.es\/#organization","name":"PROA Communication","alternateName":"PROA Comunicaci\u00f3n","url":"https:\/\/proacomunicacion.es\/","logo":{"@type":"ImageObject","inLanguage":"en-GB","@id":"https:\/\/proacomunicacion.es\/#\/schema\/logo\/image\/","url":"https:\/\/proacomunicacion.es\/wp-content\/uploads\/2024\/01\/Logo_Light.svg","contentUrl":"https:\/\/proacomunicacion.es\/wp-content\/uploads\/2024\/01\/Logo_Light.svg","width":136,"height":33,"caption":"PROA Comunicaci\u00f3n"},"image":{"@id":"https:\/\/proacomunicacion.es\/#\/schema\/logo\/image\/"},"sameAs":["https:\/\/x.com\/proacomunica","https:\/\/es.linkedin.com\/company\/proa-comunicacion_2","https:\/\/www.instagram.com\/proacomunica\/","https:\/\/www.youtube.com\/@proacomunicacion","https:\/\/es.wikipedia.org\/wiki\/PROA_Comunicacin"]},{"@type":"Person","@id":"https:\/\/proacomunicacion.es\/#\/schema\/person\/f80dc8938ea94e7f8aa1e8dc716d5a60","name":"PROA Communication","image":{"@type":"ImageObject","inLanguage":"en-GB","@id":"https:\/\/proacomunicacion.es\/#\/schema\/person\/image\/","url":"https:\/\/secure.gravatar.com\/avatar\/394c93c195ff19b00e79d66a42971657a01de9f2740b97148d0f14a1e1a359b7?s=96&r=g","contentUrl":"https:\/\/secure.gravatar.com\/avatar\/394c93c195ff19b00e79d66a42971657a01de9f2740b97148d0f14a1e1a359b7?s=96&r=g","caption":"PROA Comunicaci\u00f3n"}}]}},"_links":{"self":[{"href":"https:\/\/proacomunicacion.es\/en\/wp-json\/wp\/v2\/posts\/17827","targetHints":{"allow":["GET"]}}],"collection":[{"href":"https:\/\/proacomunicacion.es\/en\/wp-json\/wp\/v2\/posts"}],"about":[{"href":"https:\/\/proacomunicacion.es\/en\/wp-json\/wp\/v2\/types\/post"}],"author":[{"embeddable":true,"href":"https:\/\/proacomunicacion.es\/en\/wp-json\/wp\/v2\/users\/28"}],"replies":[{"embeddable":true,"href":"https:\/\/proacomunicacion.es\/en\/wp-json\/wp\/v2\/comments?post=17827"}],"version-history":[{"count":0,"href":"https:\/\/proacomunicacion.es\/en\/wp-json\/wp\/v2\/posts\/17827\/revisions"}],"wp:featuredmedia":[{"embeddable":true,"href":"https:\/\/proacomunicacion.es\/en\/wp-json\/"}],"wp:attachment":[{"href":"https:\/\/proacomunicacion.es\/en\/wp-json\/wp\/v2\/media?parent=17827"}],"wp:term":[{"taxonomy":"category","embeddable":true,"href":"https:\/\/proacomunicacion.es\/en\/wp-json\/wp\/v2\/categories?post=17827"},{"taxonomy":"post_tag","embeddable":true,"href":"https:\/\/proacomunicacion.es\/en\/wp-json\/wp\/v2\/tags?post=17827"}],"curies":[{"name":"wp","href":"https:\/\/api.w.org\/{rel}","templated":true}]}}