{"id":17861,"date":"2020-04-29T17:20:38","date_gmt":"2020-04-29T15:20:38","guid":{"rendered":"https:\/\/proacomunicacion.es\/?p=17861"},"modified":"2020-04-29T17:20:38","modified_gmt":"2020-04-29T15:20:38","slug":"fernando-sanchez-drago-journalism-is-dead-in-spain","status":"publish","type":"post","link":"https:\/\/proacomunicacion.es\/en\/fernando-sanchez-drago-el-periodismo-en-espana-ha-muerto\/","title":{"rendered":"Fernando S\u00e1nchez Drag\u00f3: \"Journalism in Spain is dead\"."},"content":{"rendered":"<p style=\"text-align: justify;\">Luc\u00eda Casanueva, managing partner of PROA Comunicaci\u00f3n, interviews the popular writer Fernando S\u00e1nchez Drag\u00f3 in a new edition of the PROA Comunicaci\u00f3n videos. At 83 years old, he has embarked on a new stage in a personal digital project entitled <a href=\"https:\/\/laretaguardia.com\/\">The Rearguard<\/a>, which already has more than 70,000 readers. In relation to this new digital facet, he also rectifies about Twitter and declares that he \u201chas become a fan\u201d of this social network.<\/p>\n<p style=\"text-align: justify;\">In addition to detailing the challenges facing La Retarguadia, he explains his point of view on the situation of journalism in Spain, stating categorically that \u00abjournalism in Spain is dead\u00bb.<\/p>\n<p style=\"text-align: justify;\">Finally, he also gives details of his new book which, due to the current situation, has yet to be published.<\/p>\n<p><iframe src=\"https:\/\/www.youtube.com\/embed\/C7FnERhhHd8\" width=\"960\" height=\"505\" frameborder=\"0\" allowfullscreen=\"allowfullscreen\"><span data-mce-type=\"bookmark\" style=\"display: inline-block; width: 0px; overflow: hidden; line-height: 0;\" class=\"mce_SELRES_start\"><\/span><\/iframe><\/p>","protected":false},"excerpt":{"rendered":"<p>Luc\u00eda Casanueva, socia directora de PROA Comunicaci\u00f3n, entrevista al popular escritor Fernando S\u00e1nchez Drag\u00f3 en una nueva edici\u00f3n de los v\u00eddeos de PROA Comunicaci\u00f3n. Con 83 a\u00f1os ha iniciado una nueva etapa en un proyecto personal digital titulado La Retaguardia, que ya cuenta con m\u00e1s de 70.000 lectores. En relaci\u00f3n a esa nueva faceta digital, [&hellip;]<\/p>\n","protected":false},"author":28,"featured_media":17868,"comment_status":"closed","ping_status":"closed","sticky":false,"template":"","format":"standard","meta":{"footnotes":""},"categories":[176],"tags":[],"class_list":["post-17861","post","type-post","status-publish","format-standard","has-post-thumbnail","hentry","category-blog"],"yoast_head":"<!-- This site is optimized with the Yoast SEO plugin v27.0 - https:\/\/yoast.com\/product\/yoast-seo-wordpress\/ -->\n<title>Fernando S\u00e1nchez Drag\u00f3: &quot;El periodismo en Espa\u00f1a ha muerto&quot; - PROA Comunicaci\u00f3n<\/title>\n<meta name=\"robots\" content=\"index, follow, max-snippet:-1, max-image-preview:large, max-video-preview:-1\" \/>\n<link rel=\"canonical\" href=\"https:\/\/proacomunicacion.es\/en\/fernando-sanchez-drago-journalism-is-dead-in-spain\/\" \/>\n<meta property=\"og:locale\" content=\"en_GB\" \/>\n<meta property=\"og:type\" content=\"article\" \/>\n<meta property=\"og:title\" content=\"Fernando S\u00e1nchez Drag\u00f3: &quot;El periodismo en Espa\u00f1a ha muerto&quot; - PROA Comunicaci\u00f3n\" \/>\n<meta property=\"og:description\" content=\"Luc\u00eda Casanueva, socia directora de PROA Comunicaci\u00f3n, entrevista al popular escritor Fernando S\u00e1nchez Drag\u00f3 en una nueva edici\u00f3n de los v\u00eddeos de PROA Comunicaci\u00f3n. Con 83 a\u00f1os ha iniciado una nueva etapa en un proyecto personal digital titulado La Retaguardia, que ya cuenta con m\u00e1s de 70.000 lectores. En relaci\u00f3n a esa nueva faceta digital, [&hellip;]\" \/>\n<meta property=\"og:url\" content=\"https:\/\/proacomunicacion.es\/en\/fernando-sanchez-drago-journalism-is-dead-in-spain\/\" \/>\n<meta property=\"og:site_name\" content=\"PROA Comunicaci\u00f3n\" \/>\n<meta property=\"article:published_time\" content=\"2020-04-29T15:20:38+00:00\" \/>\n<meta property=\"og:image\" content=\"https:\/\/proacomunicacion.es\/wp-content\/uploads\/2025\/08\/Firefly_radio-de-barco-scaled.jpg\" \/>\n\t<meta property=\"og:image:width\" content=\"2560\" \/>\n\t<meta property=\"og:image:height\" content=\"1414\" \/>\n\t<meta property=\"og:image:type\" content=\"image\/jpeg\" \/>\n<meta name=\"author\" content=\"PROA Comunicaci\u00f3n\" \/>\n<meta name=\"twitter:card\" content=\"summary_large_image\" \/>\n<meta name=\"twitter:creator\" content=\"@proacomunica\" \/>\n<meta name=\"twitter:site\" content=\"@proacomunica\" \/>\n<meta name=\"twitter:label1\" content=\"Written by\" \/>\n\t<meta name=\"twitter:data1\" content=\"PROA Comunicaci\u00f3n\" \/>\n\t<meta name=\"twitter:label2\" content=\"Estimated reading time\" \/>\n\t<meta name=\"twitter:data2\" content=\"1 minute\" \/>\n<script type=\"application\/ld+json\" class=\"yoast-schema-graph\">{\"@context\":\"https:\/\/schema.org\",\"@graph\":[{\"@type\":\"Article\",\"@id\":\"https:\/\/proacomunicacion.es\/fernando-sanchez-drago-el-periodismo-en-espana-ha-muerto\/#article\",\"isPartOf\":{\"@id\":\"https:\/\/proacomunicacion.es\/fernando-sanchez-drago-el-periodismo-en-espana-ha-muerto\/\"},\"author\":{\"name\":\"PROA Comunicaci\u00f3n\",\"@id\":\"https:\/\/proacomunicacion.es\/#\/schema\/person\/f80dc8938ea94e7f8aa1e8dc716d5a60\"},\"headline\":\"Fernando S\u00e1nchez Drag\u00f3: \u00abEl periodismo en Espa\u00f1a ha muerto\u00bb\",\"datePublished\":\"2020-04-29T15:20:38+00:00\",\"mainEntityOfPage\":{\"@id\":\"https:\/\/proacomunicacion.es\/fernando-sanchez-drago-el-periodismo-en-espana-ha-muerto\/\"},\"wordCount\":148,\"publisher\":{\"@id\":\"https:\/\/proacomunicacion.es\/#organization\"},\"image\":{\"@id\":\"https:\/\/proacomunicacion.es\/fernando-sanchez-drago-el-periodismo-en-espana-ha-muerto\/#primaryimage\"},\"thumbnailUrl\":\"\",\"articleSection\":[\"Blog\"],\"inLanguage\":\"en-GB\"},{\"@type\":\"WebPage\",\"@id\":\"https:\/\/proacomunicacion.es\/fernando-sanchez-drago-el-periodismo-en-espana-ha-muerto\/\",\"url\":\"https:\/\/proacomunicacion.es\/fernando-sanchez-drago-el-periodismo-en-espana-ha-muerto\/\",\"name\":\"Fernando S\u00e1nchez Drag\u00f3: \\\"El periodismo en Espa\u00f1a ha muerto\\\" - PROA Comunicaci\u00f3n\",\"isPartOf\":{\"@id\":\"https:\/\/proacomunicacion.es\/#website\"},\"primaryImageOfPage\":{\"@id\":\"https:\/\/proacomunicacion.es\/fernando-sanchez-drago-el-periodismo-en-espana-ha-muerto\/#primaryimage\"},\"image\":{\"@id\":\"https:\/\/proacomunicacion.es\/fernando-sanchez-drago-el-periodismo-en-espana-ha-muerto\/#primaryimage\"},\"thumbnailUrl\":\"\",\"datePublished\":\"2020-04-29T15:20:38+00:00\",\"breadcrumb\":{\"@id\":\"https:\/\/proacomunicacion.es\/fernando-sanchez-drago-el-periodismo-en-espana-ha-muerto\/#breadcrumb\"},\"inLanguage\":\"en-GB\",\"potentialAction\":[{\"@type\":\"ReadAction\",\"target\":[\"https:\/\/proacomunicacion.es\/fernando-sanchez-drago-el-periodismo-en-espana-ha-muerto\/\"]}]},{\"@type\":\"ImageObject\",\"inLanguage\":\"en-GB\",\"@id\":\"https:\/\/proacomunicacion.es\/fernando-sanchez-drago-el-periodismo-en-espana-ha-muerto\/#primaryimage\",\"url\":\"\",\"contentUrl\":\"\"},{\"@type\":\"BreadcrumbList\",\"@id\":\"https:\/\/proacomunicacion.es\/fernando-sanchez-drago-el-periodismo-en-espana-ha-muerto\/#breadcrumb\",\"itemListElement\":[{\"@type\":\"ListItem\",\"position\":1,\"name\":\"Portada\",\"item\":\"https:\/\/proacomunicacion.es\/\"},{\"@type\":\"ListItem\",\"position\":2,\"name\":\"Fernando S\u00e1nchez Drag\u00f3: \u00abEl periodismo en Espa\u00f1a ha muerto\u00bb\"}]},{\"@type\":\"WebSite\",\"@id\":\"https:\/\/proacomunicacion.es\/#website\",\"url\":\"https:\/\/proacomunicacion.es\/\",\"name\":\"PROA Comunicaci\u00f3n\",\"description\":\"Agencia de Comunicaci\u00f3n Corporativa en Madrid, Barcelona y Galicia.\",\"publisher\":{\"@id\":\"https:\/\/proacomunicacion.es\/#organization\"},\"alternateName\":\"PROA Comunicaci\u00f3n\",\"potentialAction\":[{\"@type\":\"SearchAction\",\"target\":{\"@type\":\"EntryPoint\",\"urlTemplate\":\"https:\/\/proacomunicacion.es\/?s={search_term_string}\"},\"query-input\":{\"@type\":\"PropertyValueSpecification\",\"valueRequired\":true,\"valueName\":\"search_term_string\"}}],\"inLanguage\":\"en-GB\"},{\"@type\":\"Organization\",\"@id\":\"https:\/\/proacomunicacion.es\/#organization\",\"name\":\"PROA Comunicaci\u00f3n\",\"alternateName\":\"PROA Comunicaci\u00f3n\",\"url\":\"https:\/\/proacomunicacion.es\/\",\"logo\":{\"@type\":\"ImageObject\",\"inLanguage\":\"en-GB\",\"@id\":\"https:\/\/proacomunicacion.es\/#\/schema\/logo\/image\/\",\"url\":\"https:\/\/proacomunicacion.es\/wp-content\/uploads\/2024\/01\/Logo_Light.svg\",\"contentUrl\":\"https:\/\/proacomunicacion.es\/wp-content\/uploads\/2024\/01\/Logo_Light.svg\",\"width\":136,\"height\":33,\"caption\":\"PROA Comunicaci\u00f3n\"},\"image\":{\"@id\":\"https:\/\/proacomunicacion.es\/#\/schema\/logo\/image\/\"},\"sameAs\":[\"https:\/\/x.com\/proacomunica\",\"https:\/\/es.linkedin.com\/company\/proa-comunicacion_2\",\"https:\/\/www.instagram.com\/proacomunica\/\",\"https:\/\/www.youtube.com\/@proacomunicacion\",\"https:\/\/es.wikipedia.org\/wiki\/PROA_Comunicacin\"]},{\"@type\":\"Person\",\"@id\":\"https:\/\/proacomunicacion.es\/#\/schema\/person\/f80dc8938ea94e7f8aa1e8dc716d5a60\",\"name\":\"PROA Comunicaci\u00f3n\",\"image\":{\"@type\":\"ImageObject\",\"inLanguage\":\"en-GB\",\"@id\":\"https:\/\/proacomunicacion.es\/#\/schema\/person\/image\/\",\"url\":\"https:\/\/secure.gravatar.com\/avatar\/394c93c195ff19b00e79d66a42971657a01de9f2740b97148d0f14a1e1a359b7?s=96&r=g\",\"contentUrl\":\"https:\/\/secure.gravatar.com\/avatar\/394c93c195ff19b00e79d66a42971657a01de9f2740b97148d0f14a1e1a359b7?s=96&r=g\",\"caption\":\"PROA Comunicaci\u00f3n\"}}]}<\/script>\n<!-- \/ Yoast SEO plugin. -->","yoast_head_json":{"title":"Fernando S\u00e1nchez Drag\u00f3: \"Journalism in Spain is dead\" - PROA Comunicaci\u00f3n","robots":{"index":"index","follow":"follow","max-snippet":"max-snippet:-1","max-image-preview":"max-image-preview:large","max-video-preview":"max-video-preview:-1"},"canonical":"https:\/\/proacomunicacion.es\/en\/fernando-sanchez-drago-journalism-is-dead-in-spain\/","og_locale":"en_GB","og_type":"article","og_title":"Fernando S\u00e1nchez Drag\u00f3: \"El periodismo en Espa\u00f1a ha muerto\" - PROA Comunicaci\u00f3n","og_description":"Luc\u00eda Casanueva, socia directora de PROA Comunicaci\u00f3n, entrevista al popular escritor Fernando S\u00e1nchez Drag\u00f3 en una nueva edici\u00f3n de los v\u00eddeos de PROA Comunicaci\u00f3n. Con 83 a\u00f1os ha iniciado una nueva etapa en un proyecto personal digital titulado La Retaguardia, que ya cuenta con m\u00e1s de 70.000 lectores. En relaci\u00f3n a esa nueva faceta digital, [&hellip;]","og_url":"https:\/\/proacomunicacion.es\/en\/fernando-sanchez-drago-journalism-is-dead-in-spain\/","og_site_name":"PROA Comunicaci\u00f3n","article_published_time":"2020-04-29T15:20:38+00:00","og_image":[{"width":2560,"height":1414,"url":"https:\/\/proacomunicacion.es\/wp-content\/uploads\/2025\/08\/Firefly_radio-de-barco-scaled.jpg","type":"image\/jpeg"}],"author":"PROA Comunicaci\u00f3n","twitter_card":"summary_large_image","twitter_creator":"@proacomunica","twitter_site":"@proacomunica","twitter_misc":{"Written by":"PROA Comunicaci\u00f3n","Estimated reading time":"1 minute"},"schema":{"@context":"https:\/\/schema.org","@graph":[{"@type":"Article","@id":"https:\/\/proacomunicacion.es\/fernando-sanchez-drago-el-periodismo-en-espana-ha-muerto\/#article","isPartOf":{"@id":"https:\/\/proacomunicacion.es\/fernando-sanchez-drago-el-periodismo-en-espana-ha-muerto\/"},"author":{"name":"PROA Comunicaci\u00f3n","@id":"https:\/\/proacomunicacion.es\/#\/schema\/person\/f80dc8938ea94e7f8aa1e8dc716d5a60"},"headline":"Fernando S\u00e1nchez Drag\u00f3: \u00abEl periodismo en Espa\u00f1a ha muerto\u00bb","datePublished":"2020-04-29T15:20:38+00:00","mainEntityOfPage":{"@id":"https:\/\/proacomunicacion.es\/fernando-sanchez-drago-el-periodismo-en-espana-ha-muerto\/"},"wordCount":148,"publisher":{"@id":"https:\/\/proacomunicacion.es\/#organization"},"image":{"@id":"https:\/\/proacomunicacion.es\/fernando-sanchez-drago-el-periodismo-en-espana-ha-muerto\/#primaryimage"},"thumbnailUrl":"","articleSection":["Blog"],"inLanguage":"en-GB"},{"@type":"WebPage","@id":"https:\/\/proacomunicacion.es\/fernando-sanchez-drago-el-periodismo-en-espana-ha-muerto\/","url":"https:\/\/proacomunicacion.es\/fernando-sanchez-drago-el-periodismo-en-espana-ha-muerto\/","name":"Fernando S\u00e1nchez Drag\u00f3: \"Journalism in Spain is dead\" - PROA Comunicaci\u00f3n","isPartOf":{"@id":"https:\/\/proacomunicacion.es\/#website"},"primaryImageOfPage":{"@id":"https:\/\/proacomunicacion.es\/fernando-sanchez-drago-el-periodismo-en-espana-ha-muerto\/#primaryimage"},"image":{"@id":"https:\/\/proacomunicacion.es\/fernando-sanchez-drago-el-periodismo-en-espana-ha-muerto\/#primaryimage"},"thumbnailUrl":"","datePublished":"2020-04-29T15:20:38+00:00","breadcrumb":{"@id":"https:\/\/proacomunicacion.es\/fernando-sanchez-drago-el-periodismo-en-espana-ha-muerto\/#breadcrumb"},"inLanguage":"en-GB","potentialAction":[{"@type":"ReadAction","target":["https:\/\/proacomunicacion.es\/fernando-sanchez-drago-el-periodismo-en-espana-ha-muerto\/"]}]},{"@type":"ImageObject","inLanguage":"en-GB","@id":"https:\/\/proacomunicacion.es\/fernando-sanchez-drago-el-periodismo-en-espana-ha-muerto\/#primaryimage","url":"","contentUrl":""},{"@type":"BreadcrumbList","@id":"https:\/\/proacomunicacion.es\/fernando-sanchez-drago-el-periodismo-en-espana-ha-muerto\/#breadcrumb","itemListElement":[{"@type":"ListItem","position":1,"name":"Portada","item":"https:\/\/proacomunicacion.es\/"},{"@type":"ListItem","position":2,"name":"Fernando S\u00e1nchez Drag\u00f3: \u00abEl periodismo en Espa\u00f1a ha muerto\u00bb"}]},{"@type":"WebSite","@id":"https:\/\/proacomunicacion.es\/#website","url":"https:\/\/proacomunicacion.es\/","name":"PROA Communication","description":"Corporate Communications Agency in Madrid, Barcelona and Galicia.","publisher":{"@id":"https:\/\/proacomunicacion.es\/#organization"},"alternateName":"PROA Comunicaci\u00f3n","potentialAction":[{"@type":"SearchAction","target":{"@type":"EntryPoint","urlTemplate":"https:\/\/proacomunicacion.es\/?s={search_term_string}"},"query-input":{"@type":"PropertyValueSpecification","valueRequired":true,"valueName":"search_term_string"}}],"inLanguage":"en-GB"},{"@type":"Organization","@id":"https:\/\/proacomunicacion.es\/#organization","name":"PROA Communication","alternateName":"PROA Comunicaci\u00f3n","url":"https:\/\/proacomunicacion.es\/","logo":{"@type":"ImageObject","inLanguage":"en-GB","@id":"https:\/\/proacomunicacion.es\/#\/schema\/logo\/image\/","url":"https:\/\/proacomunicacion.es\/wp-content\/uploads\/2024\/01\/Logo_Light.svg","contentUrl":"https:\/\/proacomunicacion.es\/wp-content\/uploads\/2024\/01\/Logo_Light.svg","width":136,"height":33,"caption":"PROA Comunicaci\u00f3n"},"image":{"@id":"https:\/\/proacomunicacion.es\/#\/schema\/logo\/image\/"},"sameAs":["https:\/\/x.com\/proacomunica","https:\/\/es.linkedin.com\/company\/proa-comunicacion_2","https:\/\/www.instagram.com\/proacomunica\/","https:\/\/www.youtube.com\/@proacomunicacion","https:\/\/es.wikipedia.org\/wiki\/PROA_Comunicacin"]},{"@type":"Person","@id":"https:\/\/proacomunicacion.es\/#\/schema\/person\/f80dc8938ea94e7f8aa1e8dc716d5a60","name":"PROA Communication","image":{"@type":"ImageObject","inLanguage":"en-GB","@id":"https:\/\/proacomunicacion.es\/#\/schema\/person\/image\/","url":"https:\/\/secure.gravatar.com\/avatar\/394c93c195ff19b00e79d66a42971657a01de9f2740b97148d0f14a1e1a359b7?s=96&r=g","contentUrl":"https:\/\/secure.gravatar.com\/avatar\/394c93c195ff19b00e79d66a42971657a01de9f2740b97148d0f14a1e1a359b7?s=96&r=g","caption":"PROA Comunicaci\u00f3n"}}]}},"_links":{"self":[{"href":"https:\/\/proacomunicacion.es\/en\/wp-json\/wp\/v2\/posts\/17861","targetHints":{"allow":["GET"]}}],"collection":[{"href":"https:\/\/proacomunicacion.es\/en\/wp-json\/wp\/v2\/posts"}],"about":[{"href":"https:\/\/proacomunicacion.es\/en\/wp-json\/wp\/v2\/types\/post"}],"author":[{"embeddable":true,"href":"https:\/\/proacomunicacion.es\/en\/wp-json\/wp\/v2\/users\/28"}],"replies":[{"embeddable":true,"href":"https:\/\/proacomunicacion.es\/en\/wp-json\/wp\/v2\/comments?post=17861"}],"version-history":[{"count":0,"href":"https:\/\/proacomunicacion.es\/en\/wp-json\/wp\/v2\/posts\/17861\/revisions"}],"wp:featuredmedia":[{"embeddable":true,"href":"https:\/\/proacomunicacion.es\/en\/wp-json\/"}],"wp:attachment":[{"href":"https:\/\/proacomunicacion.es\/en\/wp-json\/wp\/v2\/media?parent=17861"}],"wp:term":[{"taxonomy":"category","embeddable":true,"href":"https:\/\/proacomunicacion.es\/en\/wp-json\/wp\/v2\/categories?post=17861"},{"taxonomy":"post_tag","embeddable":true,"href":"https:\/\/proacomunicacion.es\/en\/wp-json\/wp\/v2\/tags?post=17861"}],"curies":[{"name":"wp","href":"https:\/\/api.w.org\/{rel}","templated":true}]}}