{"id":17991,"date":"2020-05-06T17:03:46","date_gmt":"2020-05-06T15:03:46","guid":{"rendered":"https:\/\/proacomunicacion.es\/?p=17991"},"modified":"2020-05-06T17:03:46","modified_gmt":"2020-05-06T15:03:46","slug":"tomas-pereda-senior-talent-now-has-a-great-opportunity-to-excel-once-again","status":"publish","type":"post","link":"https:\/\/proacomunicacion.es\/en\/tomas-pereda-el-talento-senior-tiene-ahora-una-gran-oportunidad-para-volver-a-destacar\/","title":{"rendered":"Tom\u00e1s Pereda: \"Senior talent now has a great opportunity to stand out again\"."},"content":{"rendered":"<p style=\"text-align: justify;\">Tom\u00e1s Pereda, HR Senior Advisor, participated in a new PROA Comunicaci\u00f3n video in which he highlighted the value of senior talent in relation to the difficult situation we are experiencing, \"it now has a great opportunity to stand out again\". In addition to highlighting the opportunities of this situation and the importance of intergenerational teams, he has exposed the demographic problem in Spain, and has expressed his opinion on the structural shortage of talent and cultural change in organisations.<\/p>\n<p><iframe src=\"https:\/\/www.youtube.com\/embed\/zpRew-1SlYo\" width=\"910\" height=\"545\" frameborder=\"0\" allowfullscreen=\"allowfullscreen\"><span data-mce-type=\"bookmark\" style=\"display: inline-block; width: 0px; overflow: hidden; line-height: 0;\" class=\"mce_SELRES_start\"><\/span><\/iframe><\/p>","protected":false},"excerpt":{"rendered":"<p>Tom\u00e1s Pereda, HR Senior Advisor, ha participado en un nuevo v\u00eddeo de PROA Comunicaci\u00f3n en el que ha puesto en valor el talento senior en relaci\u00f3n a la dif\u00edcil situaci\u00f3n que estamos viviendo, \u201ctiene ahora una gran oportunidad para volver a destacar\u201d. Adem\u00e1s de destacar cu\u00e1les son las oportunidades de esta coyuntura y la importancia [&hellip;]<\/p>\n","protected":false},"author":28,"featured_media":17998,"comment_status":"closed","ping_status":"closed","sticky":false,"template":"","format":"standard","meta":{"footnotes":""},"categories":[176],"tags":[],"class_list":["post-17991","post","type-post","status-publish","format-standard","has-post-thumbnail","hentry","category-blog"],"yoast_head":"<!-- This site is optimized with the Yoast SEO plugin v27.0 - https:\/\/yoast.com\/product\/yoast-seo-wordpress\/ -->\n<title>Tom\u00e1s Pereda: \u201cEl talento senior tiene ahora una gran oportunidad para volver a destacar\u201d - PROA Comunicaci\u00f3n<\/title>\n<meta name=\"robots\" content=\"index, follow, max-snippet:-1, max-image-preview:large, max-video-preview:-1\" \/>\n<link rel=\"canonical\" href=\"https:\/\/proacomunicacion.es\/en\/tomas-pereda-senior-talent-now-has-a-great-opportunity-to-excel-once-again\/\" \/>\n<meta property=\"og:locale\" content=\"en_GB\" \/>\n<meta property=\"og:type\" content=\"article\" \/>\n<meta property=\"og:title\" content=\"Tom\u00e1s Pereda: \u201cEl talento senior tiene ahora una gran oportunidad para volver a destacar\u201d - PROA Comunicaci\u00f3n\" \/>\n<meta property=\"og:description\" content=\"Tom\u00e1s Pereda, HR Senior Advisor, ha participado en un nuevo v\u00eddeo de PROA Comunicaci\u00f3n en el que ha puesto en valor el talento senior en relaci\u00f3n a la dif\u00edcil situaci\u00f3n que estamos viviendo, \u201ctiene ahora una gran oportunidad para volver a destacar\u201d. Adem\u00e1s de destacar cu\u00e1les son las oportunidades de esta coyuntura y la importancia [&hellip;]\" \/>\n<meta property=\"og:url\" content=\"https:\/\/proacomunicacion.es\/en\/tomas-pereda-senior-talent-now-has-a-great-opportunity-to-excel-once-again\/\" \/>\n<meta property=\"og:site_name\" content=\"PROA Comunicaci\u00f3n\" \/>\n<meta property=\"article:published_time\" content=\"2020-05-06T15:03:46+00:00\" \/>\n<meta property=\"og:image\" content=\"https:\/\/proacomunicacion.es\/wp-content\/uploads\/2025\/08\/Firefly_radio-de-barco-scaled.jpg\" \/>\n\t<meta property=\"og:image:width\" content=\"2560\" \/>\n\t<meta property=\"og:image:height\" content=\"1414\" \/>\n\t<meta property=\"og:image:type\" content=\"image\/jpeg\" \/>\n<meta name=\"author\" content=\"PROA Comunicaci\u00f3n\" \/>\n<meta name=\"twitter:card\" content=\"summary_large_image\" \/>\n<meta name=\"twitter:creator\" content=\"@proacomunica\" \/>\n<meta name=\"twitter:site\" content=\"@proacomunica\" \/>\n<meta name=\"twitter:label1\" content=\"Written by\" \/>\n\t<meta name=\"twitter:data1\" content=\"PROA Comunicaci\u00f3n\" \/>\n<script type=\"application\/ld+json\" class=\"yoast-schema-graph\">{\"@context\":\"https:\/\/schema.org\",\"@graph\":[{\"@type\":\"Article\",\"@id\":\"https:\/\/proacomunicacion.es\/tomas-pereda-el-talento-senior-tiene-ahora-una-gran-oportunidad-para-volver-a-destacar\/#article\",\"isPartOf\":{\"@id\":\"https:\/\/proacomunicacion.es\/tomas-pereda-el-talento-senior-tiene-ahora-una-gran-oportunidad-para-volver-a-destacar\/\"},\"author\":{\"name\":\"PROA Comunicaci\u00f3n\",\"@id\":\"https:\/\/proacomunicacion.es\/#\/schema\/person\/f80dc8938ea94e7f8aa1e8dc716d5a60\"},\"headline\":\"Tom\u00e1s Pereda: \u201cEl talento senior tiene ahora una gran oportunidad para volver a destacar\u201d\",\"datePublished\":\"2020-05-06T15:03:46+00:00\",\"mainEntityOfPage\":{\"@id\":\"https:\/\/proacomunicacion.es\/tomas-pereda-el-talento-senior-tiene-ahora-una-gran-oportunidad-para-volver-a-destacar\/\"},\"wordCount\":107,\"publisher\":{\"@id\":\"https:\/\/proacomunicacion.es\/#organization\"},\"image\":{\"@id\":\"https:\/\/proacomunicacion.es\/tomas-pereda-el-talento-senior-tiene-ahora-una-gran-oportunidad-para-volver-a-destacar\/#primaryimage\"},\"thumbnailUrl\":\"\",\"articleSection\":[\"Blog\"],\"inLanguage\":\"en-GB\"},{\"@type\":\"WebPage\",\"@id\":\"https:\/\/proacomunicacion.es\/tomas-pereda-el-talento-senior-tiene-ahora-una-gran-oportunidad-para-volver-a-destacar\/\",\"url\":\"https:\/\/proacomunicacion.es\/tomas-pereda-el-talento-senior-tiene-ahora-una-gran-oportunidad-para-volver-a-destacar\/\",\"name\":\"Tom\u00e1s Pereda: \u201cEl talento senior tiene ahora una gran oportunidad para volver a destacar\u201d - PROA Comunicaci\u00f3n\",\"isPartOf\":{\"@id\":\"https:\/\/proacomunicacion.es\/#website\"},\"primaryImageOfPage\":{\"@id\":\"https:\/\/proacomunicacion.es\/tomas-pereda-el-talento-senior-tiene-ahora-una-gran-oportunidad-para-volver-a-destacar\/#primaryimage\"},\"image\":{\"@id\":\"https:\/\/proacomunicacion.es\/tomas-pereda-el-talento-senior-tiene-ahora-una-gran-oportunidad-para-volver-a-destacar\/#primaryimage\"},\"thumbnailUrl\":\"\",\"datePublished\":\"2020-05-06T15:03:46+00:00\",\"breadcrumb\":{\"@id\":\"https:\/\/proacomunicacion.es\/tomas-pereda-el-talento-senior-tiene-ahora-una-gran-oportunidad-para-volver-a-destacar\/#breadcrumb\"},\"inLanguage\":\"en-GB\",\"potentialAction\":[{\"@type\":\"ReadAction\",\"target\":[\"https:\/\/proacomunicacion.es\/tomas-pereda-el-talento-senior-tiene-ahora-una-gran-oportunidad-para-volver-a-destacar\/\"]}]},{\"@type\":\"ImageObject\",\"inLanguage\":\"en-GB\",\"@id\":\"https:\/\/proacomunicacion.es\/tomas-pereda-el-talento-senior-tiene-ahora-una-gran-oportunidad-para-volver-a-destacar\/#primaryimage\",\"url\":\"\",\"contentUrl\":\"\"},{\"@type\":\"BreadcrumbList\",\"@id\":\"https:\/\/proacomunicacion.es\/tomas-pereda-el-talento-senior-tiene-ahora-una-gran-oportunidad-para-volver-a-destacar\/#breadcrumb\",\"itemListElement\":[{\"@type\":\"ListItem\",\"position\":1,\"name\":\"Portada\",\"item\":\"https:\/\/proacomunicacion.es\/\"},{\"@type\":\"ListItem\",\"position\":2,\"name\":\"Tom\u00e1s Pereda: \u201cEl talento senior tiene ahora una gran oportunidad para volver a destacar\u201d\"}]},{\"@type\":\"WebSite\",\"@id\":\"https:\/\/proacomunicacion.es\/#website\",\"url\":\"https:\/\/proacomunicacion.es\/\",\"name\":\"PROA Comunicaci\u00f3n\",\"description\":\"Agencia de Comunicaci\u00f3n Corporativa en Madrid, Barcelona y Galicia.\",\"publisher\":{\"@id\":\"https:\/\/proacomunicacion.es\/#organization\"},\"alternateName\":\"PROA Comunicaci\u00f3n\",\"potentialAction\":[{\"@type\":\"SearchAction\",\"target\":{\"@type\":\"EntryPoint\",\"urlTemplate\":\"https:\/\/proacomunicacion.es\/?s={search_term_string}\"},\"query-input\":{\"@type\":\"PropertyValueSpecification\",\"valueRequired\":true,\"valueName\":\"search_term_string\"}}],\"inLanguage\":\"en-GB\"},{\"@type\":\"Organization\",\"@id\":\"https:\/\/proacomunicacion.es\/#organization\",\"name\":\"PROA Comunicaci\u00f3n\",\"alternateName\":\"PROA Comunicaci\u00f3n\",\"url\":\"https:\/\/proacomunicacion.es\/\",\"logo\":{\"@type\":\"ImageObject\",\"inLanguage\":\"en-GB\",\"@id\":\"https:\/\/proacomunicacion.es\/#\/schema\/logo\/image\/\",\"url\":\"https:\/\/proacomunicacion.es\/wp-content\/uploads\/2024\/01\/Logo_Light.svg\",\"contentUrl\":\"https:\/\/proacomunicacion.es\/wp-content\/uploads\/2024\/01\/Logo_Light.svg\",\"width\":136,\"height\":33,\"caption\":\"PROA Comunicaci\u00f3n\"},\"image\":{\"@id\":\"https:\/\/proacomunicacion.es\/#\/schema\/logo\/image\/\"},\"sameAs\":[\"https:\/\/x.com\/proacomunica\",\"https:\/\/es.linkedin.com\/company\/proa-comunicacion_2\",\"https:\/\/www.instagram.com\/proacomunica\/\",\"https:\/\/www.youtube.com\/@proacomunicacion\",\"https:\/\/es.wikipedia.org\/wiki\/PROA_Comunicacin\"]},{\"@type\":\"Person\",\"@id\":\"https:\/\/proacomunicacion.es\/#\/schema\/person\/f80dc8938ea94e7f8aa1e8dc716d5a60\",\"name\":\"PROA Comunicaci\u00f3n\",\"image\":{\"@type\":\"ImageObject\",\"inLanguage\":\"en-GB\",\"@id\":\"https:\/\/proacomunicacion.es\/#\/schema\/person\/image\/\",\"url\":\"https:\/\/secure.gravatar.com\/avatar\/394c93c195ff19b00e79d66a42971657a01de9f2740b97148d0f14a1e1a359b7?s=96&r=g\",\"contentUrl\":\"https:\/\/secure.gravatar.com\/avatar\/394c93c195ff19b00e79d66a42971657a01de9f2740b97148d0f14a1e1a359b7?s=96&r=g\",\"caption\":\"PROA Comunicaci\u00f3n\"}}]}<\/script>\n<!-- \/ Yoast SEO plugin. -->","yoast_head_json":{"title":"Tom\u00e1s Pereda: \"Senior talent now has a great opportunity to stand out again\" - PROA Comunicaci\u00f3n","robots":{"index":"index","follow":"follow","max-snippet":"max-snippet:-1","max-image-preview":"max-image-preview:large","max-video-preview":"max-video-preview:-1"},"canonical":"https:\/\/proacomunicacion.es\/en\/tomas-pereda-senior-talent-now-has-a-great-opportunity-to-excel-once-again\/","og_locale":"en_GB","og_type":"article","og_title":"Tom\u00e1s Pereda: \u201cEl talento senior tiene ahora una gran oportunidad para volver a destacar\u201d - PROA Comunicaci\u00f3n","og_description":"Tom\u00e1s Pereda, HR Senior Advisor, ha participado en un nuevo v\u00eddeo de PROA Comunicaci\u00f3n en el que ha puesto en valor el talento senior en relaci\u00f3n a la dif\u00edcil situaci\u00f3n que estamos viviendo, \u201ctiene ahora una gran oportunidad para volver a destacar\u201d. Adem\u00e1s de destacar cu\u00e1les son las oportunidades de esta coyuntura y la importancia [&hellip;]","og_url":"https:\/\/proacomunicacion.es\/en\/tomas-pereda-senior-talent-now-has-a-great-opportunity-to-excel-once-again\/","og_site_name":"PROA Comunicaci\u00f3n","article_published_time":"2020-05-06T15:03:46+00:00","og_image":[{"width":2560,"height":1414,"url":"https:\/\/proacomunicacion.es\/wp-content\/uploads\/2025\/08\/Firefly_radio-de-barco-scaled.jpg","type":"image\/jpeg"}],"author":"PROA Comunicaci\u00f3n","twitter_card":"summary_large_image","twitter_creator":"@proacomunica","twitter_site":"@proacomunica","twitter_misc":{"Written by":"PROA Comunicaci\u00f3n"},"schema":{"@context":"https:\/\/schema.org","@graph":[{"@type":"Article","@id":"https:\/\/proacomunicacion.es\/tomas-pereda-el-talento-senior-tiene-ahora-una-gran-oportunidad-para-volver-a-destacar\/#article","isPartOf":{"@id":"https:\/\/proacomunicacion.es\/tomas-pereda-el-talento-senior-tiene-ahora-una-gran-oportunidad-para-volver-a-destacar\/"},"author":{"name":"PROA Comunicaci\u00f3n","@id":"https:\/\/proacomunicacion.es\/#\/schema\/person\/f80dc8938ea94e7f8aa1e8dc716d5a60"},"headline":"Tom\u00e1s Pereda: \u201cEl talento senior tiene ahora una gran oportunidad para volver a destacar\u201d","datePublished":"2020-05-06T15:03:46+00:00","mainEntityOfPage":{"@id":"https:\/\/proacomunicacion.es\/tomas-pereda-el-talento-senior-tiene-ahora-una-gran-oportunidad-para-volver-a-destacar\/"},"wordCount":107,"publisher":{"@id":"https:\/\/proacomunicacion.es\/#organization"},"image":{"@id":"https:\/\/proacomunicacion.es\/tomas-pereda-el-talento-senior-tiene-ahora-una-gran-oportunidad-para-volver-a-destacar\/#primaryimage"},"thumbnailUrl":"","articleSection":["Blog"],"inLanguage":"en-GB"},{"@type":"WebPage","@id":"https:\/\/proacomunicacion.es\/tomas-pereda-el-talento-senior-tiene-ahora-una-gran-oportunidad-para-volver-a-destacar\/","url":"https:\/\/proacomunicacion.es\/tomas-pereda-el-talento-senior-tiene-ahora-una-gran-oportunidad-para-volver-a-destacar\/","name":"Tom\u00e1s Pereda: \"Senior talent now has a great opportunity to stand out again\" - PROA Comunicaci\u00f3n","isPartOf":{"@id":"https:\/\/proacomunicacion.es\/#website"},"primaryImageOfPage":{"@id":"https:\/\/proacomunicacion.es\/tomas-pereda-el-talento-senior-tiene-ahora-una-gran-oportunidad-para-volver-a-destacar\/#primaryimage"},"image":{"@id":"https:\/\/proacomunicacion.es\/tomas-pereda-el-talento-senior-tiene-ahora-una-gran-oportunidad-para-volver-a-destacar\/#primaryimage"},"thumbnailUrl":"","datePublished":"2020-05-06T15:03:46+00:00","breadcrumb":{"@id":"https:\/\/proacomunicacion.es\/tomas-pereda-el-talento-senior-tiene-ahora-una-gran-oportunidad-para-volver-a-destacar\/#breadcrumb"},"inLanguage":"en-GB","potentialAction":[{"@type":"ReadAction","target":["https:\/\/proacomunicacion.es\/tomas-pereda-el-talento-senior-tiene-ahora-una-gran-oportunidad-para-volver-a-destacar\/"]}]},{"@type":"ImageObject","inLanguage":"en-GB","@id":"https:\/\/proacomunicacion.es\/tomas-pereda-el-talento-senior-tiene-ahora-una-gran-oportunidad-para-volver-a-destacar\/#primaryimage","url":"","contentUrl":""},{"@type":"BreadcrumbList","@id":"https:\/\/proacomunicacion.es\/tomas-pereda-el-talento-senior-tiene-ahora-una-gran-oportunidad-para-volver-a-destacar\/#breadcrumb","itemListElement":[{"@type":"ListItem","position":1,"name":"Portada","item":"https:\/\/proacomunicacion.es\/"},{"@type":"ListItem","position":2,"name":"Tom\u00e1s Pereda: \u201cEl talento senior tiene ahora una gran oportunidad para volver a destacar\u201d"}]},{"@type":"WebSite","@id":"https:\/\/proacomunicacion.es\/#website","url":"https:\/\/proacomunicacion.es\/","name":"PROA Communication","description":"Corporate Communications Agency in Madrid, Barcelona and Galicia.","publisher":{"@id":"https:\/\/proacomunicacion.es\/#organization"},"alternateName":"PROA Comunicaci\u00f3n","potentialAction":[{"@type":"SearchAction","target":{"@type":"EntryPoint","urlTemplate":"https:\/\/proacomunicacion.es\/?s={search_term_string}"},"query-input":{"@type":"PropertyValueSpecification","valueRequired":true,"valueName":"search_term_string"}}],"inLanguage":"en-GB"},{"@type":"Organization","@id":"https:\/\/proacomunicacion.es\/#organization","name":"PROA Communication","alternateName":"PROA Comunicaci\u00f3n","url":"https:\/\/proacomunicacion.es\/","logo":{"@type":"ImageObject","inLanguage":"en-GB","@id":"https:\/\/proacomunicacion.es\/#\/schema\/logo\/image\/","url":"https:\/\/proacomunicacion.es\/wp-content\/uploads\/2024\/01\/Logo_Light.svg","contentUrl":"https:\/\/proacomunicacion.es\/wp-content\/uploads\/2024\/01\/Logo_Light.svg","width":136,"height":33,"caption":"PROA Comunicaci\u00f3n"},"image":{"@id":"https:\/\/proacomunicacion.es\/#\/schema\/logo\/image\/"},"sameAs":["https:\/\/x.com\/proacomunica","https:\/\/es.linkedin.com\/company\/proa-comunicacion_2","https:\/\/www.instagram.com\/proacomunica\/","https:\/\/www.youtube.com\/@proacomunicacion","https:\/\/es.wikipedia.org\/wiki\/PROA_Comunicacin"]},{"@type":"Person","@id":"https:\/\/proacomunicacion.es\/#\/schema\/person\/f80dc8938ea94e7f8aa1e8dc716d5a60","name":"PROA Communication","image":{"@type":"ImageObject","inLanguage":"en-GB","@id":"https:\/\/proacomunicacion.es\/#\/schema\/person\/image\/","url":"https:\/\/secure.gravatar.com\/avatar\/394c93c195ff19b00e79d66a42971657a01de9f2740b97148d0f14a1e1a359b7?s=96&r=g","contentUrl":"https:\/\/secure.gravatar.com\/avatar\/394c93c195ff19b00e79d66a42971657a01de9f2740b97148d0f14a1e1a359b7?s=96&r=g","caption":"PROA Comunicaci\u00f3n"}}]}},"_links":{"self":[{"href":"https:\/\/proacomunicacion.es\/en\/wp-json\/wp\/v2\/posts\/17991","targetHints":{"allow":["GET"]}}],"collection":[{"href":"https:\/\/proacomunicacion.es\/en\/wp-json\/wp\/v2\/posts"}],"about":[{"href":"https:\/\/proacomunicacion.es\/en\/wp-json\/wp\/v2\/types\/post"}],"author":[{"embeddable":true,"href":"https:\/\/proacomunicacion.es\/en\/wp-json\/wp\/v2\/users\/28"}],"replies":[{"embeddable":true,"href":"https:\/\/proacomunicacion.es\/en\/wp-json\/wp\/v2\/comments?post=17991"}],"version-history":[{"count":0,"href":"https:\/\/proacomunicacion.es\/en\/wp-json\/wp\/v2\/posts\/17991\/revisions"}],"wp:featuredmedia":[{"embeddable":true,"href":"https:\/\/proacomunicacion.es\/en\/wp-json\/"}],"wp:attachment":[{"href":"https:\/\/proacomunicacion.es\/en\/wp-json\/wp\/v2\/media?parent=17991"}],"wp:term":[{"taxonomy":"category","embeddable":true,"href":"https:\/\/proacomunicacion.es\/en\/wp-json\/wp\/v2\/categories?post=17991"},{"taxonomy":"post_tag","embeddable":true,"href":"https:\/\/proacomunicacion.es\/en\/wp-json\/wp\/v2\/tags?post=17991"}],"curies":[{"name":"wp","href":"https:\/\/api.w.org\/{rel}","templated":true}]}}