{"id":18044,"date":"2020-05-08T13:05:27","date_gmt":"2020-05-08T11:05:27","guid":{"rendered":"https:\/\/proacomunicacion.es\/?p=18044"},"modified":"2020-05-08T13:05:27","modified_gmt":"2020-05-08T11:05:27","slug":"proa-comunicacion-develops-the-marques-del-atrio-groups-online-store","status":"publish","type":"post","link":"https:\/\/proacomunicacion.es\/en\/proa-comunicacion-develops-the-marques-del-atrio-groups-online-store\/","title":{"rendered":"PROA develops the Marqu\u00e9s del Atrio Group's online store"},"content":{"rendered":"<p style=\"text-align: justify;\">PROA Comunicaci\u00f3n has developed the online shop of the Marqu\u00e9s del Atrio Group, a winery group from La Rioja owned by the Rivero family. Thanks to this development, completed in less than a week, the group's corporate website allows them to sell their wines directly to all consumers. Thus, the wines of Bodegas Marqu\u00e9s del Atrio and Bodegas Faustino Rivero Ulecia, which comprise up to five different wine regions, can be purchased worldwide by accessing\u00a0<a href=\"http:\/\/www.grupomarquesdelatrio.com\/tienda\">www.grupomarquesdelatrio.com\/tienda<\/a>.<\/p>\n<p style=\"text-align: justify;\">Chema Belsu\u00e9 and \u00c1lvaro Ramos, in charge of the digital communication and web development team of PROA Comunicaci\u00f3n, have developed the technical and visual part of the store, allowing the ecommerce users to configure the wine cases allowing to combine types, brands, regions, maturation, etc. \"With the development we wanted to differentiate ourselves by offering the users the possibility to personalize the orders to the maximum according to their preferences\", highlights Chema Belsu\u00e9, web developer of PROA Comunicaci\u00f3n.<\/p>\n<p style=\"text-align: justify;\">In addition to the ability to customize orders, the store's landing offers a number of recommendations to provide users with iconic group packs. \"Although users value personalization, there is also a segment that has digitized their consumption habits as a result of this situation\", says \u00c1lvaro Ramos, consultant of PROA Comunicaci\u00f3n, who adds that \"for this profile it was also important to maintain the possibility of the traditional ecommerce of wine sales that offer pre-made packs and recommendations of the winery group\".<\/p>\n<p><a href=\"https:\/\/proacomunicacion.es\/wp-content\/uploads\/2020\/05\/2.jpg\"><img fetchpriority=\"high\" decoding=\"async\" class=\"alignnone size-full wp-image-18000\" src=\"https:\/\/proacomunicacion.es\/wp-content\/uploads\/2020\/05\/2.jpg\" alt=\"\" width=\"1000\" height=\"606\" \/><\/a><\/p>\n<p style=\"text-align: justify;\">In addition to the multi-award winning Marqu\u00e9s del Atrio Crianza and Faustino Rivero Ulecia Crianza, which represent two of the most iconic references from their respective wineries, wines such as the Marqu\u00e9s del Atrio Edici\u00f3n Limitada 2016, a wine aged and stored in the cellar of which less than 30,000 bottles were bottled, or the Finca el Rubio, made up of 9,999 bottles of tradition, feeling and, above all, roots, stand out.<\/p>\n<p style=\"text-align: justify;\">Among the more than 40 wines which the group has made available to consumers in its new online shop, the popular single-variety wines of Faustino Rivero Ulecia also stand out, which renewed their image in 2019 with new Burgundy-style bottles. Precisely, a burgundy style that at the beginning of this 2020 was homogenising the entire DOCa Rioja range of Faustino Rivero Ulecia in homage to the brand's 50th anniversary.<\/p>\n<p><a href=\"https:\/\/proacomunicacion.es\/wp-content\/uploads\/2020\/05\/1.jpg\"><img decoding=\"async\" class=\"alignnone size-large wp-image-18001\" src=\"https:\/\/proacomunicacion.es\/wp-content\/uploads\/2020\/05\/1-1030x579.jpg\" alt=\"\" width=\"1030\" height=\"579\" \/><\/a><\/p>\n<p style=\"text-align: justify;\">After the new branding strategy -developed by PROA Communication- that the winery group experienced in 2019, the new corporate website needed a specific space to sell the wines. \"We have always been firm promoters of online sales\", states Jorge Rivero, the fifth generation of the Marqu\u00e9s del Atrio Group, who added that \"home consumption is becoming very important at this stage, and we wanted to offer consumers a new alternative\".<\/p>\n<hr \/>\n<p><strong>Chema Belsu\u00e9 &amp; \u00c1lvaro Ramos<\/strong><\/p>\n<p>Consultants of the Digital Communication and Web Development team of PROA Comunicaci\u00f3n<\/p>","protected":false},"excerpt":{"rendered":"<p>PROA Comunicaci\u00f3n has developed the online shop of the Marqu\u00e9s del Atrio Group, a winery group from La Rioja owned by the Rivero family. Thanks to this development, completed in less than a week, the group&#8217;s corporate website allows them to sell their wines directly to all consumers. Thus, the wines of Bodegas Marqu\u00e9s del [&hellip;]<\/p>\n","protected":false},"author":28,"featured_media":19612,"comment_status":"closed","ping_status":"closed","sticky":false,"template":"","format":"standard","meta":{"footnotes":""},"categories":[1],"tags":[1933,409,1840,886,1934,1057,1935,202,1845],"class_list":["post-18044","post","type-post","status-publish","format-standard","has-post-thumbnail","hentry","category-actualidad-proa","tag-alvaro-ramos-en","tag-digital-en","tag-digital-communications","tag-digital-strategy","tag-grupo-marques-del-atrio-en","tag-online-en","tag-online-shop-en","tag-proa-comunicacion-en","tag-wineries"],"yoast_head":"<!-- This site is optimized with the Yoast SEO plugin v27.0 - https:\/\/yoast.com\/product\/yoast-seo-wordpress\/ -->\n<title>PROA develops the Marqu\u00e9s del Atrio Group&#039;s online store - PROA Comunicaci\u00f3n<\/title>\n<meta name=\"robots\" content=\"index, follow, max-snippet:-1, max-image-preview:large, max-video-preview:-1\" \/>\n<link rel=\"canonical\" href=\"https:\/\/proacomunicacion.es\/en\/proa-comunicacion-develops-the-marques-del-atrio-groups-online-store\/\" \/>\n<meta property=\"og:locale\" content=\"en_GB\" \/>\n<meta property=\"og:type\" content=\"article\" \/>\n<meta property=\"og:title\" content=\"PROA develops the Marqu\u00e9s del Atrio Group&#039;s online store - PROA Comunicaci\u00f3n\" \/>\n<meta property=\"og:description\" content=\"PROA Comunicaci\u00f3n has developed the online shop of the Marqu\u00e9s del Atrio Group, a winery group from La Rioja owned by the Rivero family. Thanks to this development, completed in less than a week, the group&#8217;s corporate website allows them to sell their wines directly to all consumers. Thus, the wines of Bodegas Marqu\u00e9s del [&hellip;]\" \/>\n<meta property=\"og:url\" content=\"https:\/\/proacomunicacion.es\/en\/proa-comunicacion-develops-the-marques-del-atrio-groups-online-store\/\" \/>\n<meta property=\"og:site_name\" content=\"PROA Comunicaci\u00f3n\" \/>\n<meta property=\"article:published_time\" content=\"2020-05-08T11:05:27+00:00\" \/>\n<meta property=\"og:image\" content=\"https:\/\/proacomunicacion.es\/wp-content\/uploads\/2025\/08\/Firefly_radio-de-barco-scaled.jpg\" \/>\n\t<meta property=\"og:image:width\" content=\"2560\" \/>\n\t<meta property=\"og:image:height\" content=\"1414\" \/>\n\t<meta property=\"og:image:type\" content=\"image\/jpeg\" \/>\n<meta name=\"author\" content=\"PROA Comunicaci\u00f3n\" \/>\n<meta name=\"twitter:card\" content=\"summary_large_image\" \/>\n<meta name=\"twitter:creator\" content=\"@proacomunica\" \/>\n<meta name=\"twitter:site\" content=\"@proacomunica\" \/>\n<meta name=\"twitter:label1\" content=\"Written by\" \/>\n\t<meta name=\"twitter:data1\" content=\"PROA Comunicaci\u00f3n\" \/>\n\t<meta name=\"twitter:label2\" content=\"Estimated reading time\" \/>\n\t<meta name=\"twitter:data2\" content=\"2 minutes\" \/>\n<script type=\"application\/ld+json\" class=\"yoast-schema-graph\">{\"@context\":\"https:\/\/schema.org\",\"@graph\":[{\"@type\":\"Article\",\"@id\":\"https:\/\/proacomunicacion.es\/proa-comunicacion-develops-the-marques-del-atrio-groups-online-store\/#article\",\"isPartOf\":{\"@id\":\"https:\/\/proacomunicacion.es\/proa-comunicacion-develops-the-marques-del-atrio-groups-online-store\/\"},\"author\":{\"name\":\"PROA Comunicaci\u00f3n\",\"@id\":\"https:\/\/proacomunicacion.es\/#\/schema\/person\/f80dc8938ea94e7f8aa1e8dc716d5a60\"},\"headline\":\"PROA develops the Marqu\u00e9s del Atrio Group&#8217;s online store\",\"datePublished\":\"2020-05-08T11:05:27+00:00\",\"mainEntityOfPage\":{\"@id\":\"https:\/\/proacomunicacion.es\/proa-comunicacion-develops-the-marques-del-atrio-groups-online-store\/\"},\"wordCount\":485,\"publisher\":{\"@id\":\"https:\/\/proacomunicacion.es\/#organization\"},\"image\":{\"@id\":\"https:\/\/proacomunicacion.es\/proa-comunicacion-develops-the-marques-del-atrio-groups-online-store\/#primaryimage\"},\"thumbnailUrl\":\"\",\"keywords\":[\"\u00c1lvaro Ramos\",\"digital\",\"digital communications\",\"digital strategy\",\"grupo marqu\u00e9s del atrio\",\"Online\",\"online shop\",\"Proa Comunicaci\u00f3n\",\"wineries\"],\"articleSection\":[\"Actualidad\"],\"inLanguage\":\"en-GB\"},{\"@type\":\"WebPage\",\"@id\":\"https:\/\/proacomunicacion.es\/proa-comunicacion-develops-the-marques-del-atrio-groups-online-store\/\",\"url\":\"https:\/\/proacomunicacion.es\/proa-comunicacion-develops-the-marques-del-atrio-groups-online-store\/\",\"name\":\"PROA develops the Marqu\u00e9s del Atrio Group's online store - PROA Comunicaci\u00f3n\",\"isPartOf\":{\"@id\":\"https:\/\/proacomunicacion.es\/#website\"},\"primaryImageOfPage\":{\"@id\":\"https:\/\/proacomunicacion.es\/proa-comunicacion-develops-the-marques-del-atrio-groups-online-store\/#primaryimage\"},\"image\":{\"@id\":\"https:\/\/proacomunicacion.es\/proa-comunicacion-develops-the-marques-del-atrio-groups-online-store\/#primaryimage\"},\"thumbnailUrl\":\"\",\"datePublished\":\"2020-05-08T11:05:27+00:00\",\"breadcrumb\":{\"@id\":\"https:\/\/proacomunicacion.es\/proa-comunicacion-develops-the-marques-del-atrio-groups-online-store\/#breadcrumb\"},\"inLanguage\":\"en-GB\",\"potentialAction\":[{\"@type\":\"ReadAction\",\"target\":[\"https:\/\/proacomunicacion.es\/proa-comunicacion-develops-the-marques-del-atrio-groups-online-store\/\"]}]},{\"@type\":\"ImageObject\",\"inLanguage\":\"en-GB\",\"@id\":\"https:\/\/proacomunicacion.es\/proa-comunicacion-develops-the-marques-del-atrio-groups-online-store\/#primaryimage\",\"url\":\"\",\"contentUrl\":\"\"},{\"@type\":\"BreadcrumbList\",\"@id\":\"https:\/\/proacomunicacion.es\/proa-comunicacion-develops-the-marques-del-atrio-groups-online-store\/#breadcrumb\",\"itemListElement\":[{\"@type\":\"ListItem\",\"position\":1,\"name\":\"Portada\",\"item\":\"https:\/\/proacomunicacion.es\/\"},{\"@type\":\"ListItem\",\"position\":2,\"name\":\"PROA develops the Marqu\u00e9s del Atrio Group&#8217;s online store\"}]},{\"@type\":\"WebSite\",\"@id\":\"https:\/\/proacomunicacion.es\/#website\",\"url\":\"https:\/\/proacomunicacion.es\/\",\"name\":\"PROA Comunicaci\u00f3n\",\"description\":\"Agencia de Comunicaci\u00f3n Corporativa en Madrid, Barcelona y Galicia.\",\"publisher\":{\"@id\":\"https:\/\/proacomunicacion.es\/#organization\"},\"alternateName\":\"PROA Comunicaci\u00f3n\",\"potentialAction\":[{\"@type\":\"SearchAction\",\"target\":{\"@type\":\"EntryPoint\",\"urlTemplate\":\"https:\/\/proacomunicacion.es\/?s={search_term_string}\"},\"query-input\":{\"@type\":\"PropertyValueSpecification\",\"valueRequired\":true,\"valueName\":\"search_term_string\"}}],\"inLanguage\":\"en-GB\"},{\"@type\":\"Organization\",\"@id\":\"https:\/\/proacomunicacion.es\/#organization\",\"name\":\"PROA Comunicaci\u00f3n\",\"alternateName\":\"PROA Comunicaci\u00f3n\",\"url\":\"https:\/\/proacomunicacion.es\/\",\"logo\":{\"@type\":\"ImageObject\",\"inLanguage\":\"en-GB\",\"@id\":\"https:\/\/proacomunicacion.es\/#\/schema\/logo\/image\/\",\"url\":\"https:\/\/proacomunicacion.es\/wp-content\/uploads\/2024\/01\/Logo_Light.svg\",\"contentUrl\":\"https:\/\/proacomunicacion.es\/wp-content\/uploads\/2024\/01\/Logo_Light.svg\",\"width\":136,\"height\":33,\"caption\":\"PROA Comunicaci\u00f3n\"},\"image\":{\"@id\":\"https:\/\/proacomunicacion.es\/#\/schema\/logo\/image\/\"},\"sameAs\":[\"https:\/\/x.com\/proacomunica\",\"https:\/\/es.linkedin.com\/company\/proa-comunicacion_2\",\"https:\/\/www.instagram.com\/proacomunica\/\",\"https:\/\/www.youtube.com\/@proacomunicacion\",\"https:\/\/es.wikipedia.org\/wiki\/PROA_Comunicacin\"]},{\"@type\":\"Person\",\"@id\":\"https:\/\/proacomunicacion.es\/#\/schema\/person\/f80dc8938ea94e7f8aa1e8dc716d5a60\",\"name\":\"PROA Comunicaci\u00f3n\",\"image\":{\"@type\":\"ImageObject\",\"inLanguage\":\"en-GB\",\"@id\":\"https:\/\/proacomunicacion.es\/#\/schema\/person\/image\/\",\"url\":\"https:\/\/secure.gravatar.com\/avatar\/394c93c195ff19b00e79d66a42971657a01de9f2740b97148d0f14a1e1a359b7?s=96&r=g\",\"contentUrl\":\"https:\/\/secure.gravatar.com\/avatar\/394c93c195ff19b00e79d66a42971657a01de9f2740b97148d0f14a1e1a359b7?s=96&r=g\",\"caption\":\"PROA Comunicaci\u00f3n\"}}]}<\/script>\n<!-- \/ Yoast SEO plugin. -->","yoast_head_json":{"title":"PROA develops the Marqu\u00e9s del Atrio Group's online store - PROA Comunicaci\u00f3n","robots":{"index":"index","follow":"follow","max-snippet":"max-snippet:-1","max-image-preview":"max-image-preview:large","max-video-preview":"max-video-preview:-1"},"canonical":"https:\/\/proacomunicacion.es\/en\/proa-comunicacion-develops-the-marques-del-atrio-groups-online-store\/","og_locale":"en_GB","og_type":"article","og_title":"PROA develops the Marqu\u00e9s del Atrio Group's online store - PROA Comunicaci\u00f3n","og_description":"PROA Comunicaci\u00f3n has developed the online shop of the Marqu\u00e9s del Atrio Group, a winery group from La Rioja owned by the Rivero family. Thanks to this development, completed in less than a week, the group&#8217;s corporate website allows them to sell their wines directly to all consumers. Thus, the wines of Bodegas Marqu\u00e9s del [&hellip;]","og_url":"https:\/\/proacomunicacion.es\/en\/proa-comunicacion-develops-the-marques-del-atrio-groups-online-store\/","og_site_name":"PROA Comunicaci\u00f3n","article_published_time":"2020-05-08T11:05:27+00:00","og_image":[{"width":2560,"height":1414,"url":"https:\/\/proacomunicacion.es\/wp-content\/uploads\/2025\/08\/Firefly_radio-de-barco-scaled.jpg","type":"image\/jpeg"}],"author":"PROA Comunicaci\u00f3n","twitter_card":"summary_large_image","twitter_creator":"@proacomunica","twitter_site":"@proacomunica","twitter_misc":{"Written by":"PROA Comunicaci\u00f3n","Estimated reading time":"2 minutes"},"schema":{"@context":"https:\/\/schema.org","@graph":[{"@type":"Article","@id":"https:\/\/proacomunicacion.es\/proa-comunicacion-develops-the-marques-del-atrio-groups-online-store\/#article","isPartOf":{"@id":"https:\/\/proacomunicacion.es\/proa-comunicacion-develops-the-marques-del-atrio-groups-online-store\/"},"author":{"name":"PROA Comunicaci\u00f3n","@id":"https:\/\/proacomunicacion.es\/#\/schema\/person\/f80dc8938ea94e7f8aa1e8dc716d5a60"},"headline":"PROA develops the Marqu\u00e9s del Atrio Group&#8217;s online store","datePublished":"2020-05-08T11:05:27+00:00","mainEntityOfPage":{"@id":"https:\/\/proacomunicacion.es\/proa-comunicacion-develops-the-marques-del-atrio-groups-online-store\/"},"wordCount":485,"publisher":{"@id":"https:\/\/proacomunicacion.es\/#organization"},"image":{"@id":"https:\/\/proacomunicacion.es\/proa-comunicacion-develops-the-marques-del-atrio-groups-online-store\/#primaryimage"},"thumbnailUrl":"","keywords":["\u00c1lvaro Ramos","digital","digital communications","digital strategy","grupo marqu\u00e9s del atrio","Online","online shop","Proa Comunicaci\u00f3n","wineries"],"articleSection":["Actualidad"],"inLanguage":"en-GB"},{"@type":"WebPage","@id":"https:\/\/proacomunicacion.es\/proa-comunicacion-develops-the-marques-del-atrio-groups-online-store\/","url":"https:\/\/proacomunicacion.es\/proa-comunicacion-develops-the-marques-del-atrio-groups-online-store\/","name":"PROA develops the Marqu\u00e9s del Atrio Group's online store - PROA Comunicaci\u00f3n","isPartOf":{"@id":"https:\/\/proacomunicacion.es\/#website"},"primaryImageOfPage":{"@id":"https:\/\/proacomunicacion.es\/proa-comunicacion-develops-the-marques-del-atrio-groups-online-store\/#primaryimage"},"image":{"@id":"https:\/\/proacomunicacion.es\/proa-comunicacion-develops-the-marques-del-atrio-groups-online-store\/#primaryimage"},"thumbnailUrl":"","datePublished":"2020-05-08T11:05:27+00:00","breadcrumb":{"@id":"https:\/\/proacomunicacion.es\/proa-comunicacion-develops-the-marques-del-atrio-groups-online-store\/#breadcrumb"},"inLanguage":"en-GB","potentialAction":[{"@type":"ReadAction","target":["https:\/\/proacomunicacion.es\/proa-comunicacion-develops-the-marques-del-atrio-groups-online-store\/"]}]},{"@type":"ImageObject","inLanguage":"en-GB","@id":"https:\/\/proacomunicacion.es\/proa-comunicacion-develops-the-marques-del-atrio-groups-online-store\/#primaryimage","url":"","contentUrl":""},{"@type":"BreadcrumbList","@id":"https:\/\/proacomunicacion.es\/proa-comunicacion-develops-the-marques-del-atrio-groups-online-store\/#breadcrumb","itemListElement":[{"@type":"ListItem","position":1,"name":"Portada","item":"https:\/\/proacomunicacion.es\/"},{"@type":"ListItem","position":2,"name":"PROA develops the Marqu\u00e9s del Atrio Group&#8217;s online store"}]},{"@type":"WebSite","@id":"https:\/\/proacomunicacion.es\/#website","url":"https:\/\/proacomunicacion.es\/","name":"PROA Communication","description":"Corporate Communications Agency in Madrid, Barcelona and Galicia.","publisher":{"@id":"https:\/\/proacomunicacion.es\/#organization"},"alternateName":"PROA Comunicaci\u00f3n","potentialAction":[{"@type":"SearchAction","target":{"@type":"EntryPoint","urlTemplate":"https:\/\/proacomunicacion.es\/?s={search_term_string}"},"query-input":{"@type":"PropertyValueSpecification","valueRequired":true,"valueName":"search_term_string"}}],"inLanguage":"en-GB"},{"@type":"Organization","@id":"https:\/\/proacomunicacion.es\/#organization","name":"PROA Communication","alternateName":"PROA Comunicaci\u00f3n","url":"https:\/\/proacomunicacion.es\/","logo":{"@type":"ImageObject","inLanguage":"en-GB","@id":"https:\/\/proacomunicacion.es\/#\/schema\/logo\/image\/","url":"https:\/\/proacomunicacion.es\/wp-content\/uploads\/2024\/01\/Logo_Light.svg","contentUrl":"https:\/\/proacomunicacion.es\/wp-content\/uploads\/2024\/01\/Logo_Light.svg","width":136,"height":33,"caption":"PROA Comunicaci\u00f3n"},"image":{"@id":"https:\/\/proacomunicacion.es\/#\/schema\/logo\/image\/"},"sameAs":["https:\/\/x.com\/proacomunica","https:\/\/es.linkedin.com\/company\/proa-comunicacion_2","https:\/\/www.instagram.com\/proacomunica\/","https:\/\/www.youtube.com\/@proacomunicacion","https:\/\/es.wikipedia.org\/wiki\/PROA_Comunicacin"]},{"@type":"Person","@id":"https:\/\/proacomunicacion.es\/#\/schema\/person\/f80dc8938ea94e7f8aa1e8dc716d5a60","name":"PROA Communication","image":{"@type":"ImageObject","inLanguage":"en-GB","@id":"https:\/\/proacomunicacion.es\/#\/schema\/person\/image\/","url":"https:\/\/secure.gravatar.com\/avatar\/394c93c195ff19b00e79d66a42971657a01de9f2740b97148d0f14a1e1a359b7?s=96&r=g","contentUrl":"https:\/\/secure.gravatar.com\/avatar\/394c93c195ff19b00e79d66a42971657a01de9f2740b97148d0f14a1e1a359b7?s=96&r=g","caption":"PROA Comunicaci\u00f3n"}}]}},"_links":{"self":[{"href":"https:\/\/proacomunicacion.es\/en\/wp-json\/wp\/v2\/posts\/18044","targetHints":{"allow":["GET"]}}],"collection":[{"href":"https:\/\/proacomunicacion.es\/en\/wp-json\/wp\/v2\/posts"}],"about":[{"href":"https:\/\/proacomunicacion.es\/en\/wp-json\/wp\/v2\/types\/post"}],"author":[{"embeddable":true,"href":"https:\/\/proacomunicacion.es\/en\/wp-json\/wp\/v2\/users\/28"}],"replies":[{"embeddable":true,"href":"https:\/\/proacomunicacion.es\/en\/wp-json\/wp\/v2\/comments?post=18044"}],"version-history":[{"count":0,"href":"https:\/\/proacomunicacion.es\/en\/wp-json\/wp\/v2\/posts\/18044\/revisions"}],"wp:featuredmedia":[{"embeddable":true,"href":"https:\/\/proacomunicacion.es\/en\/wp-json\/"}],"wp:attachment":[{"href":"https:\/\/proacomunicacion.es\/en\/wp-json\/wp\/v2\/media?parent=18044"}],"wp:term":[{"taxonomy":"category","embeddable":true,"href":"https:\/\/proacomunicacion.es\/en\/wp-json\/wp\/v2\/categories?post=18044"},{"taxonomy":"post_tag","embeddable":true,"href":"https:\/\/proacomunicacion.es\/en\/wp-json\/wp\/v2\/tags?post=18044"}],"curies":[{"name":"wp","href":"https:\/\/api.w.org\/{rel}","templated":true}]}}