{"id":18096,"date":"2020-05-13T08:32:41","date_gmt":"2020-05-13T06:32:41","guid":{"rendered":"https:\/\/proacomunicacion.es\/?p=18096"},"modified":"2020-05-13T08:32:41","modified_gmt":"2020-05-13T06:32:41","slug":"innovation-is-no-longer-an-option-2","status":"publish","type":"post","link":"https:\/\/proacomunicacion.es\/en\/la-innovacion-ya-no-es-una-opcion\/","title":{"rendered":"Innovation is no longer an option"},"content":{"rendered":"<h4 style=\"text-align: justify;\">Just as the industrial economy was marked by the expansion of markets, the incorporation of new spaces and the mass of workers, the post-COVID-19 'new situation' points to digital transformation and innovation.<\/h4>\n<h4 style=\"text-align: justify;\">Although there is no predefined plan or magic recipes, communication is a strategic and transversal factor in the innovation and digital transformation processes that underpin the survival and growth of companies.<\/h4>\n<p style=\"text-align: justify;\">While society looks to scientific and technological research for answers to the reality imposed by the COVID-19 pandemic, business is searching for its own answers in the sea of doubt of the 'new normal'. These contradictory words define the situation we are facing, obviously complex and unfamiliar, where business has a central role to play in economic development and, consequently, in social welfare.<\/p>\n<p style=\"text-align: justify;\">Just as the distribution and logistics sector has adapted to consumer behaviour, the other sectors must do the same and adapt their communication plans to their new needs. <strong>The 'new normal' anticipates economic risks that have more to do with citizens' expectations than with the slowdown in economic activity itself.<\/strong>. We are therefore faced with the perception of risk as a key element in understanding social trends. In this context, the quality of communication as a strategic and transversal factor is intuited.<\/p>\n<p style=\"text-align: justify;\"><strong>Communication is a strategic business factor in the face of the 'new normal', where innovation is no longer an option, but a pressing necessity.<\/strong>. We must contribute to the implementation of a culture of innovation and, in particular, communication professionals must explore new tools that allow us to exchange information and knowledge with our audiences.<\/p>\n<p style=\"text-align: justify;\"><strong>Communicators are a fundamental part of organisational innovation in companies and institutions.<\/strong>. We can incorporate other audiences into the communication plan, connecting employees, customers, regulators,\u00a0<em>stakeholders<\/em>The media, among others. The best communication, therefore, requires planning actions and conceptualising who we are addressing in order to target and collect information. <strong>Communication is essential to involve the company's audiences in its activity.<\/strong>. This implies maintaining an active listening strategy, as risk communication must be two-way if it is to be effective. Obviously, such communication must be established with openness and honesty, in order to build trust and credibility.<\/p>\n<p style=\"text-align: justify;\">In this area, <strong>we, as professionals, identify rapidly changing social trends and highlight aspects such as the visibility of production close to the consumer.<\/strong>. We help to anticipate scenarios in times of uncertainty that can put business activity on the media agenda.<strong> All this without neglecting internal communication, as the company is responsible to its employees as a source of truthful and correct information of interest, even to become a reference against disinformation and hoaxes.<\/strong>.<\/p>\n<p style=\"text-align: justify;\"><strong>The pandemic has made it necessary for journalists and other media professionals to translate complex and variable knowledge into plain language, intelligible to the lay public.<\/strong>. Just as there are specialised journalists who report on advances in science to satisfy an audience that demands more objective information and more in-depth treatment, there are specialised professionals who incorporate it into the business organisation as an essential asset. One of the company's organisational solutions is to develop an effective communication strategy or formulas that incorporate it as a key asset along with simplifying processes and taking advantage of the environment and proximity.<\/p>\n<p style=\"text-align: justify;\">Nowadays, there are many reasons for a proactive communication policy, which is more efficient if it incorporates active, two-way listening as a fundamental tool in its policies. For this purpose, <strong>it is necessary to follow social networks as active channels where elements that shape perception are identified.<\/strong>.<\/p>\n<p style=\"text-align: justify;\">Communication in the 'new normal' is like an insurance policy: a fixed cost that prevents further costs.<\/p>\n<h4 style=\"text-align: justify;\"><strong>This text may be reproduced provided that PROA Comunicaci\u00f3n is credited as the original source.<\/strong><\/h4>\n<hr \/>\n<p><a href=\"https:\/\/www.linkedin.com\/in\/fernando-torrecilla-molina-68700146\/\"><strong>Fernando Torrecilla<\/strong><\/a><\/p>\n<p style=\"text-align: justify;\">Journalist specialising in science, technology and innovation and doctorate in journalism from the <a href=\"https:\/\/www.uc3m.es\/Home\">Carlos III University of Madrid<\/a>. Experience as a communication advisor in the Ministries of <a href=\"https:\/\/www.mineco.gob.es\/\">Economy<\/a>, <a href=\"https:\/\/www.mincotur.gob.es\/en-us\/Paginas\/index.aspx\">Industry<\/a> y <a href=\"https:\/\/www.mineco.gob.es\/\">Competitiveness<\/a> and later in the <a href=\"https:\/\/www.ciencia.gob.es\/portal\/site\/MICINN\/\">Science, Innovation and Universities<\/a>. Previously, he was Director of International Communications and Outreach (<em>public outreach<\/em>) in the <a href=\"http:\/\/www.ciuden.es\/index.php\/es\/\">Energy City Foundation<\/a>where he assumed responsibility for the social perception of the Compostilla Project in the eyes of the <a href=\"https:\/\/ec.europa.eu\/info\/index_es\">European Commission<\/a> to develop CO2 capture, transport and storage technology in Spain. During this period he was responsible for Communication at the Spanish CO2 Platform. For 6 years he coordinated the Master in Journalism and Communication of Science, Technology and the Environment at the <a href=\"https:\/\/www.uc3m.es\/Home\">Carlos III University of Madrid<\/a>. Prior to that, he worked in the communications departments of the <a href=\"https:\/\/www.ceoe.es\/es\">Spanish Confederation of Business Organisations (CEOE)<\/a>, <a href=\"https:\/\/www.repsol.es\/es\/index.cshtml\">Repsol<\/a> YPF and <a href=\"http:\/\/www.icotmemad.es\/\">Consejo Superior de Titulados Mercantiles y Empresariales de Espa\u00f1a (Higher Council of Commercial and Business Graduates of Spain)<\/a>.<\/p>","protected":false},"excerpt":{"rendered":"<p>As\u00ed como la econom\u00eda industrial estuvo marcada por la expansi\u00f3n de los mercados, la incorporaci\u00f3n de nuevos espacios y de la masa trabajadora, la \u2018nueva situaci\u00f3n\u2019 post COVID-19 apunta a la transformaci\u00f3n digital y la innovaci\u00f3n. Aunque no hay plan predefinido ni recetas m\u00e1gicas, la comunicaci\u00f3n es un factor estrat\u00e9gico y transversal en los procesos [&hellip;]<\/p>\n","protected":false},"author":28,"featured_media":18088,"comment_status":"closed","ping_status":"closed","sticky":false,"template":"","format":"standard","meta":{"footnotes":""},"categories":[176],"tags":[343,67,286,298,331,307,1936],"class_list":["post-18096","post","type-post","status-publish","format-standard","has-post-thumbnail","hentry","category-blog","tag-companias","tag-comunicacion","tag-coronavirus","tag-covid19-en","tag-empresas","tag-estrategia-de-comunicacion","tag-fernando-torrecilla"],"yoast_head":"<!-- This site is optimized with the Yoast SEO plugin v27.0 - https:\/\/yoast.com\/product\/yoast-seo-wordpress\/ -->\n<title>La innovaci\u00f3n ya no es una opci\u00f3n - PROA Comunicaci\u00f3n<\/title>\n<meta name=\"robots\" content=\"index, follow, max-snippet:-1, max-image-preview:large, max-video-preview:-1\" \/>\n<link rel=\"canonical\" href=\"https:\/\/proacomunicacion.es\/en\/innovation-is-no-longer-an-option-2\/\" \/>\n<meta property=\"og:locale\" content=\"en_GB\" \/>\n<meta property=\"og:type\" content=\"article\" \/>\n<meta property=\"og:title\" content=\"La innovaci\u00f3n ya no es una opci\u00f3n - PROA Comunicaci\u00f3n\" \/>\n<meta property=\"og:description\" content=\"As\u00ed como la econom\u00eda industrial estuvo marcada por la expansi\u00f3n de los mercados, la incorporaci\u00f3n de nuevos espacios y de la masa trabajadora, la \u2018nueva situaci\u00f3n\u2019 post COVID-19 apunta a la transformaci\u00f3n digital y la innovaci\u00f3n. Aunque no hay plan predefinido ni recetas m\u00e1gicas, la comunicaci\u00f3n es un factor estrat\u00e9gico y transversal en los procesos [&hellip;]\" \/>\n<meta property=\"og:url\" content=\"https:\/\/proacomunicacion.es\/en\/innovation-is-no-longer-an-option-2\/\" \/>\n<meta property=\"og:site_name\" content=\"PROA Comunicaci\u00f3n\" \/>\n<meta property=\"article:published_time\" content=\"2020-05-13T06:32:41+00:00\" \/>\n<meta property=\"og:image\" content=\"https:\/\/proacomunicacion.es\/wp-content\/uploads\/2025\/08\/Firefly_radio-de-barco-scaled.jpg\" \/>\n\t<meta property=\"og:image:width\" content=\"2560\" \/>\n\t<meta property=\"og:image:height\" content=\"1414\" \/>\n\t<meta property=\"og:image:type\" content=\"image\/jpeg\" \/>\n<meta name=\"author\" content=\"PROA Comunicaci\u00f3n\" \/>\n<meta name=\"twitter:card\" content=\"summary_large_image\" \/>\n<meta name=\"twitter:creator\" content=\"@proacomunica\" \/>\n<meta name=\"twitter:site\" content=\"@proacomunica\" \/>\n<meta name=\"twitter:label1\" content=\"Written by\" \/>\n\t<meta name=\"twitter:data1\" content=\"PROA Comunicaci\u00f3n\" \/>\n\t<meta name=\"twitter:label2\" content=\"Estimated reading time\" \/>\n\t<meta name=\"twitter:data2\" content=\"5 minutes\" \/>\n<script type=\"application\/ld+json\" class=\"yoast-schema-graph\">{\"@context\":\"https:\/\/schema.org\",\"@graph\":[{\"@type\":\"Article\",\"@id\":\"https:\/\/proacomunicacion.es\/la-innovacion-ya-no-es-una-opcion\/#article\",\"isPartOf\":{\"@id\":\"https:\/\/proacomunicacion.es\/la-innovacion-ya-no-es-una-opcion\/\"},\"author\":{\"name\":\"PROA Comunicaci\u00f3n\",\"@id\":\"https:\/\/proacomunicacion.es\/#\/schema\/person\/f80dc8938ea94e7f8aa1e8dc716d5a60\"},\"headline\":\"La innovaci\u00f3n ya no es una opci\u00f3n\",\"datePublished\":\"2020-05-13T06:32:41+00:00\",\"mainEntityOfPage\":{\"@id\":\"https:\/\/proacomunicacion.es\/la-innovacion-ya-no-es-una-opcion\/\"},\"wordCount\":934,\"publisher\":{\"@id\":\"https:\/\/proacomunicacion.es\/#organization\"},\"image\":{\"@id\":\"https:\/\/proacomunicacion.es\/la-innovacion-ya-no-es-una-opcion\/#primaryimage\"},\"thumbnailUrl\":\"\",\"keywords\":[\"compa\u00f1\u00edas\",\"comunicacion\",\"coronavirus\",\"COVID19\",\"empresas\",\"estrategia de comunicaci\u00f3n\",\"Fernando Torrecilla\"],\"articleSection\":[\"Blog\"],\"inLanguage\":\"en-GB\"},{\"@type\":\"WebPage\",\"@id\":\"https:\/\/proacomunicacion.es\/la-innovacion-ya-no-es-una-opcion\/\",\"url\":\"https:\/\/proacomunicacion.es\/la-innovacion-ya-no-es-una-opcion\/\",\"name\":\"La innovaci\u00f3n ya no es una opci\u00f3n - PROA Comunicaci\u00f3n\",\"isPartOf\":{\"@id\":\"https:\/\/proacomunicacion.es\/#website\"},\"primaryImageOfPage\":{\"@id\":\"https:\/\/proacomunicacion.es\/la-innovacion-ya-no-es-una-opcion\/#primaryimage\"},\"image\":{\"@id\":\"https:\/\/proacomunicacion.es\/la-innovacion-ya-no-es-una-opcion\/#primaryimage\"},\"thumbnailUrl\":\"\",\"datePublished\":\"2020-05-13T06:32:41+00:00\",\"breadcrumb\":{\"@id\":\"https:\/\/proacomunicacion.es\/la-innovacion-ya-no-es-una-opcion\/#breadcrumb\"},\"inLanguage\":\"en-GB\",\"potentialAction\":[{\"@type\":\"ReadAction\",\"target\":[\"https:\/\/proacomunicacion.es\/la-innovacion-ya-no-es-una-opcion\/\"]}]},{\"@type\":\"ImageObject\",\"inLanguage\":\"en-GB\",\"@id\":\"https:\/\/proacomunicacion.es\/la-innovacion-ya-no-es-una-opcion\/#primaryimage\",\"url\":\"\",\"contentUrl\":\"\"},{\"@type\":\"BreadcrumbList\",\"@id\":\"https:\/\/proacomunicacion.es\/la-innovacion-ya-no-es-una-opcion\/#breadcrumb\",\"itemListElement\":[{\"@type\":\"ListItem\",\"position\":1,\"name\":\"Portada\",\"item\":\"https:\/\/proacomunicacion.es\/\"},{\"@type\":\"ListItem\",\"position\":2,\"name\":\"La innovaci\u00f3n ya no es una opci\u00f3n\"}]},{\"@type\":\"WebSite\",\"@id\":\"https:\/\/proacomunicacion.es\/#website\",\"url\":\"https:\/\/proacomunicacion.es\/\",\"name\":\"PROA Comunicaci\u00f3n\",\"description\":\"Agencia de Comunicaci\u00f3n Corporativa en Madrid, Barcelona y Galicia.\",\"publisher\":{\"@id\":\"https:\/\/proacomunicacion.es\/#organization\"},\"alternateName\":\"PROA Comunicaci\u00f3n\",\"potentialAction\":[{\"@type\":\"SearchAction\",\"target\":{\"@type\":\"EntryPoint\",\"urlTemplate\":\"https:\/\/proacomunicacion.es\/?s={search_term_string}\"},\"query-input\":{\"@type\":\"PropertyValueSpecification\",\"valueRequired\":true,\"valueName\":\"search_term_string\"}}],\"inLanguage\":\"en-GB\"},{\"@type\":\"Organization\",\"@id\":\"https:\/\/proacomunicacion.es\/#organization\",\"name\":\"PROA Comunicaci\u00f3n\",\"alternateName\":\"PROA Comunicaci\u00f3n\",\"url\":\"https:\/\/proacomunicacion.es\/\",\"logo\":{\"@type\":\"ImageObject\",\"inLanguage\":\"en-GB\",\"@id\":\"https:\/\/proacomunicacion.es\/#\/schema\/logo\/image\/\",\"url\":\"https:\/\/proacomunicacion.es\/wp-content\/uploads\/2024\/01\/Logo_Light.svg\",\"contentUrl\":\"https:\/\/proacomunicacion.es\/wp-content\/uploads\/2024\/01\/Logo_Light.svg\",\"width\":136,\"height\":33,\"caption\":\"PROA Comunicaci\u00f3n\"},\"image\":{\"@id\":\"https:\/\/proacomunicacion.es\/#\/schema\/logo\/image\/\"},\"sameAs\":[\"https:\/\/x.com\/proacomunica\",\"https:\/\/es.linkedin.com\/company\/proa-comunicacion_2\",\"https:\/\/www.instagram.com\/proacomunica\/\",\"https:\/\/www.youtube.com\/@proacomunicacion\",\"https:\/\/es.wikipedia.org\/wiki\/PROA_Comunicacin\"]},{\"@type\":\"Person\",\"@id\":\"https:\/\/proacomunicacion.es\/#\/schema\/person\/f80dc8938ea94e7f8aa1e8dc716d5a60\",\"name\":\"PROA Comunicaci\u00f3n\",\"image\":{\"@type\":\"ImageObject\",\"inLanguage\":\"en-GB\",\"@id\":\"https:\/\/proacomunicacion.es\/#\/schema\/person\/image\/\",\"url\":\"https:\/\/secure.gravatar.com\/avatar\/394c93c195ff19b00e79d66a42971657a01de9f2740b97148d0f14a1e1a359b7?s=96&r=g\",\"contentUrl\":\"https:\/\/secure.gravatar.com\/avatar\/394c93c195ff19b00e79d66a42971657a01de9f2740b97148d0f14a1e1a359b7?s=96&r=g\",\"caption\":\"PROA Comunicaci\u00f3n\"}}]}<\/script>\n<!-- \/ Yoast SEO plugin. -->","yoast_head_json":{"title":"Innovation is no longer an option - PROA Comunicaci\u00f3n","robots":{"index":"index","follow":"follow","max-snippet":"max-snippet:-1","max-image-preview":"max-image-preview:large","max-video-preview":"max-video-preview:-1"},"canonical":"https:\/\/proacomunicacion.es\/en\/innovation-is-no-longer-an-option-2\/","og_locale":"en_GB","og_type":"article","og_title":"La innovaci\u00f3n ya no es una opci\u00f3n - PROA Comunicaci\u00f3n","og_description":"As\u00ed como la econom\u00eda industrial estuvo marcada por la expansi\u00f3n de los mercados, la incorporaci\u00f3n de nuevos espacios y de la masa trabajadora, la \u2018nueva situaci\u00f3n\u2019 post COVID-19 apunta a la transformaci\u00f3n digital y la innovaci\u00f3n. Aunque no hay plan predefinido ni recetas m\u00e1gicas, la comunicaci\u00f3n es un factor estrat\u00e9gico y transversal en los procesos [&hellip;]","og_url":"https:\/\/proacomunicacion.es\/en\/innovation-is-no-longer-an-option-2\/","og_site_name":"PROA Comunicaci\u00f3n","article_published_time":"2020-05-13T06:32:41+00:00","og_image":[{"width":2560,"height":1414,"url":"https:\/\/proacomunicacion.es\/wp-content\/uploads\/2025\/08\/Firefly_radio-de-barco-scaled.jpg","type":"image\/jpeg"}],"author":"PROA Comunicaci\u00f3n","twitter_card":"summary_large_image","twitter_creator":"@proacomunica","twitter_site":"@proacomunica","twitter_misc":{"Written by":"PROA Comunicaci\u00f3n","Estimated reading time":"5 minutes"},"schema":{"@context":"https:\/\/schema.org","@graph":[{"@type":"Article","@id":"https:\/\/proacomunicacion.es\/la-innovacion-ya-no-es-una-opcion\/#article","isPartOf":{"@id":"https:\/\/proacomunicacion.es\/la-innovacion-ya-no-es-una-opcion\/"},"author":{"name":"PROA Comunicaci\u00f3n","@id":"https:\/\/proacomunicacion.es\/#\/schema\/person\/f80dc8938ea94e7f8aa1e8dc716d5a60"},"headline":"La innovaci\u00f3n ya no es una opci\u00f3n","datePublished":"2020-05-13T06:32:41+00:00","mainEntityOfPage":{"@id":"https:\/\/proacomunicacion.es\/la-innovacion-ya-no-es-una-opcion\/"},"wordCount":934,"publisher":{"@id":"https:\/\/proacomunicacion.es\/#organization"},"image":{"@id":"https:\/\/proacomunicacion.es\/la-innovacion-ya-no-es-una-opcion\/#primaryimage"},"thumbnailUrl":"","keywords":["compa\u00f1\u00edas","comunicacion","coronavirus","COVID19","empresas","estrategia de comunicaci\u00f3n","Fernando Torrecilla"],"articleSection":["Blog"],"inLanguage":"en-GB"},{"@type":"WebPage","@id":"https:\/\/proacomunicacion.es\/la-innovacion-ya-no-es-una-opcion\/","url":"https:\/\/proacomunicacion.es\/la-innovacion-ya-no-es-una-opcion\/","name":"Innovation is no longer an option - PROA Comunicaci\u00f3n","isPartOf":{"@id":"https:\/\/proacomunicacion.es\/#website"},"primaryImageOfPage":{"@id":"https:\/\/proacomunicacion.es\/la-innovacion-ya-no-es-una-opcion\/#primaryimage"},"image":{"@id":"https:\/\/proacomunicacion.es\/la-innovacion-ya-no-es-una-opcion\/#primaryimage"},"thumbnailUrl":"","datePublished":"2020-05-13T06:32:41+00:00","breadcrumb":{"@id":"https:\/\/proacomunicacion.es\/la-innovacion-ya-no-es-una-opcion\/#breadcrumb"},"inLanguage":"en-GB","potentialAction":[{"@type":"ReadAction","target":["https:\/\/proacomunicacion.es\/la-innovacion-ya-no-es-una-opcion\/"]}]},{"@type":"ImageObject","inLanguage":"en-GB","@id":"https:\/\/proacomunicacion.es\/la-innovacion-ya-no-es-una-opcion\/#primaryimage","url":"","contentUrl":""},{"@type":"BreadcrumbList","@id":"https:\/\/proacomunicacion.es\/la-innovacion-ya-no-es-una-opcion\/#breadcrumb","itemListElement":[{"@type":"ListItem","position":1,"name":"Portada","item":"https:\/\/proacomunicacion.es\/"},{"@type":"ListItem","position":2,"name":"La innovaci\u00f3n ya no es una opci\u00f3n"}]},{"@type":"WebSite","@id":"https:\/\/proacomunicacion.es\/#website","url":"https:\/\/proacomunicacion.es\/","name":"PROA Communication","description":"Corporate Communications Agency in Madrid, Barcelona and Galicia.","publisher":{"@id":"https:\/\/proacomunicacion.es\/#organization"},"alternateName":"PROA Comunicaci\u00f3n","potentialAction":[{"@type":"SearchAction","target":{"@type":"EntryPoint","urlTemplate":"https:\/\/proacomunicacion.es\/?s={search_term_string}"},"query-input":{"@type":"PropertyValueSpecification","valueRequired":true,"valueName":"search_term_string"}}],"inLanguage":"en-GB"},{"@type":"Organization","@id":"https:\/\/proacomunicacion.es\/#organization","name":"PROA Communication","alternateName":"PROA Comunicaci\u00f3n","url":"https:\/\/proacomunicacion.es\/","logo":{"@type":"ImageObject","inLanguage":"en-GB","@id":"https:\/\/proacomunicacion.es\/#\/schema\/logo\/image\/","url":"https:\/\/proacomunicacion.es\/wp-content\/uploads\/2024\/01\/Logo_Light.svg","contentUrl":"https:\/\/proacomunicacion.es\/wp-content\/uploads\/2024\/01\/Logo_Light.svg","width":136,"height":33,"caption":"PROA Comunicaci\u00f3n"},"image":{"@id":"https:\/\/proacomunicacion.es\/#\/schema\/logo\/image\/"},"sameAs":["https:\/\/x.com\/proacomunica","https:\/\/es.linkedin.com\/company\/proa-comunicacion_2","https:\/\/www.instagram.com\/proacomunica\/","https:\/\/www.youtube.com\/@proacomunicacion","https:\/\/es.wikipedia.org\/wiki\/PROA_Comunicacin"]},{"@type":"Person","@id":"https:\/\/proacomunicacion.es\/#\/schema\/person\/f80dc8938ea94e7f8aa1e8dc716d5a60","name":"PROA Communication","image":{"@type":"ImageObject","inLanguage":"en-GB","@id":"https:\/\/proacomunicacion.es\/#\/schema\/person\/image\/","url":"https:\/\/secure.gravatar.com\/avatar\/394c93c195ff19b00e79d66a42971657a01de9f2740b97148d0f14a1e1a359b7?s=96&r=g","contentUrl":"https:\/\/secure.gravatar.com\/avatar\/394c93c195ff19b00e79d66a42971657a01de9f2740b97148d0f14a1e1a359b7?s=96&r=g","caption":"PROA Comunicaci\u00f3n"}}]}},"_links":{"self":[{"href":"https:\/\/proacomunicacion.es\/en\/wp-json\/wp\/v2\/posts\/18096","targetHints":{"allow":["GET"]}}],"collection":[{"href":"https:\/\/proacomunicacion.es\/en\/wp-json\/wp\/v2\/posts"}],"about":[{"href":"https:\/\/proacomunicacion.es\/en\/wp-json\/wp\/v2\/types\/post"}],"author":[{"embeddable":true,"href":"https:\/\/proacomunicacion.es\/en\/wp-json\/wp\/v2\/users\/28"}],"replies":[{"embeddable":true,"href":"https:\/\/proacomunicacion.es\/en\/wp-json\/wp\/v2\/comments?post=18096"}],"version-history":[{"count":0,"href":"https:\/\/proacomunicacion.es\/en\/wp-json\/wp\/v2\/posts\/18096\/revisions"}],"wp:featuredmedia":[{"embeddable":true,"href":"https:\/\/proacomunicacion.es\/en\/wp-json\/"}],"wp:attachment":[{"href":"https:\/\/proacomunicacion.es\/en\/wp-json\/wp\/v2\/media?parent=18096"}],"wp:term":[{"taxonomy":"category","embeddable":true,"href":"https:\/\/proacomunicacion.es\/en\/wp-json\/wp\/v2\/categories?post=18096"},{"taxonomy":"post_tag","embeddable":true,"href":"https:\/\/proacomunicacion.es\/en\/wp-json\/wp\/v2\/tags?post=18096"}],"curies":[{"name":"wp","href":"https:\/\/api.w.org\/{rel}","templated":true}]}}