{"id":18470,"date":"2020-05-26T13:27:47","date_gmt":"2020-05-26T11:27:47","guid":{"rendered":"https:\/\/proacomunicacion.es\/?p=18470"},"modified":"2020-05-26T13:27:47","modified_gmt":"2020-05-26T11:27:47","slug":"covid-19-and-the-different-types-of-security-2","status":"publish","type":"post","link":"https:\/\/proacomunicacion.es\/en\/covid-19-y-los-distintos-tipos-de-seguridad\/","title":{"rendered":"Manuel Garc\u00eda Ram\u00edrez <span class=\"dash\">--<\/span> COVID-19 and the different types of security"},"content":{"rendered":"<p style=\"text-align: justify;\">Security is generally thought of as only physical, and in some cases logical if it involves software or technology. But the ultimate target is always people, so there is not only a physical side, but also a logical and emotional one.<\/p>\n<p style=\"text-align: justify;\">In addition, they are connected to each other, as they <strong>when one is in seclusion for a long time one's emotional processes are clearly affected<\/strong>. But the reverse is also true, with examples such as the Nazi extermination camps, Stalin's gulags, and Mao's cultural revolution. Many years before Nazism came to power, anti-Semitic sentiment throughout Prussia was evident.<\/p>\n<p style=\"text-align: justify;\">Although there are many examples, some are happening in Spain. When a minister, a mother of three, says she is better off alone and drunk, would we go to a doctor, knowing that she is or is drunk? Can a Minister of Equality, who is supposed to be at the service of Spaniards, be a drunk?<\/p>\n<p style=\"text-align: justify;\">And it doesn't stop there: her husband, the vice-president of the government, swears or promises the Constitution and the constitutional order, while the next day he says he is a republican. What is the point? What is his ultimate goal?<\/p>\n<p style=\"text-align: justify;\">The Minister of Universities, a pro-independence Castilian by origin, says that his Ministry has no competences. If he is so dignified and moral, why doesn't he resign?<\/p>\n<p style=\"text-align: justify;\">What's wrong with the opposition is that they don't have much to spare either. Can you pass sixteen subjects in four months? What do the former president of the Madrid regional government or the former health minister of this government need fictitious master's degrees for?<\/p>\n<p style=\"text-align: justify;\">A few days ago, they sent me a message justifying the non-passage of Madrid to phase 1, contrary to the criteria of the President of the Community. I saw them as logical and reasonable, but what I did not see as reasonable was that the same people who said this made no mention of the people who had drawn up the report, nor did they publish the lists of the Ministry's mask suppliers. Why?<\/p>\n<p style=\"text-align: justify;\">All these events, and many others, make me uneasy, disorientate me, disorganise me and hinder my normal activity. My mother used to say that: \"works are loves and not good reasons\". Here it seems to be a case of saying one thing and doing another.<\/p>\n<p style=\"text-align: justify;\"><strong>This emotional insecurity will lead to a physical insecurity of unsuspected consequences, as the worst instincts will be unleashed and the known atrocities will be committed.<\/strong><\/p>\n<p style=\"text-align: justify;\">For some years now we have all been familiar with the phenomenon called <em>balconing<\/em>The result was that some people jumped into the pool from floors in the hotels where they were staying. The result was broken arms or legs at best. All this happened because they were going against a law of physics, the law of gravity, by which all bodies are attracted to the earth. If someone intoxicated dares to go against it, they will have to bear the consequences.<\/p>\n<p style=\"text-align: justify;\">On 23 September 1999, the Mars Climate probe crashed on Mars, and the reason was that the programmes it carried were written in the metric decimal system, while the artefacts understood it in pounds and feet. 125 million dollars wasted. The dialogue of the deaf between the Community of Madrid and the Government is similar.<\/p>\n<p style=\"text-align: justify;\">These examples make me think that the bill we will pay will be more than expensive, and not just money.<\/p>\n<p style=\"text-align: justify;\">How can we regain our emotional security? <strong>Avoiding emotional disorganisations, drawing on our traditional values, the tried and tested ones that work like gravity, as well as speaking a single language.<\/strong> It seems to be a time when the end justifies the means.<\/p>\n<p style=\"text-align: justify;\">That is why we should ask and answer ourselves: What if they did it to me? Is it reasonable? Is it possible to say and do anything without responsibility?<\/p>\n<hr \/>\n<p>&nbsp;<\/p>\n<div>\n<p style=\"text-align: justify;\"><a class=\"lightbox-added alignleft\"><img decoding=\"async\" class=\"size-thumbnail alignleft wp-image-20944 size-thumbnail\" src=\"https:\/\/proacomunicacion.es\/en\/manuel-garcia-ramirez\/\" alt=\"\" width=\"80\" height=\"80\" \/><\/a><\/p>\n<p><span style=\"font-family: 'Ogg-Medium'; font-style: normal!important; font-size: 24px; color: #10272e;\">Manuel Garc\u00eda Ram\u00edrez<\/span><br \/>\n<span style=\"font-family: 'OggText-light'; font-size: 15px; font-style: italic; display: block; margin-top: -10px;\">Independent consultant<\/span><\/p>\n<p>&nbsp;<\/p>\n<p>Director of MGR Consultores IT y Seguridad. Former IT Production Manager in Financial Institutions. Director of Security for the <a href=\"https:\/\/www.ucavila.es\/\">Catholic University of Avila<\/a>. Degree in Physical Sciences from the <a href=\"https:\/\/www.ucm.es\/\">Complutense University of Madrid<\/a>.<\/p>\n<h4 style=\"text-align: justify;\"><strong>This text may be reproduced provided that PROA Comunicaci\u00f3n is credited as the original source.<\/strong><\/h4>\n<\/div>","protected":false},"excerpt":{"rendered":"<p>Security is generally thought of as only physical, and in some cases logical if it involves software or technology. But the ultimate target is always people...<\/p>","protected":false},"author":28,"featured_media":20359,"comment_status":"closed","ping_status":"closed","sticky":false,"template":"","format":"standard","meta":{"footnotes":""},"categories":[176],"tags":[286,298,320,1877,1878],"class_list":["post-18470","post","type-post","status-publish","format-standard","has-post-thumbnail","hentry","category-blog","tag-coronavirus","tag-covid19-en","tag-espana","tag-manuel-garcia-ramirez","tag-seguridad"],"yoast_head":"<!-- This site is optimized with the Yoast SEO plugin v27.0 - https:\/\/yoast.com\/product\/yoast-seo-wordpress\/ -->\n<title>Manuel Garc\u00eda Ram\u00edrez \u2014\u2014 COVID-19 y los distintos tipos de seguridad - PROA Comunicaci\u00f3n<\/title>\n<meta name=\"robots\" content=\"index, follow, max-snippet:-1, max-image-preview:large, max-video-preview:-1\" \/>\n<link rel=\"canonical\" href=\"https:\/\/proacomunicacion.es\/en\/covid-19-and-the-different-types-of-security-2\/\" \/>\n<meta property=\"og:locale\" content=\"en_GB\" \/>\n<meta property=\"og:type\" content=\"article\" \/>\n<meta property=\"og:title\" content=\"Manuel Garc\u00eda Ram\u00edrez \u2014\u2014 COVID-19 y los distintos tipos de seguridad - PROA Comunicaci\u00f3n\" \/>\n<meta property=\"og:description\" content=\"Generalmente se piensa que la seguridad es s\u00f3lo f\u00edsica, y en algunos casos l\u00f3gica si afecta a programas o tecnolog\u00eda. Pero siempre el objetivo \u00faltimo son las personas...\" \/>\n<meta property=\"og:url\" content=\"https:\/\/proacomunicacion.es\/en\/covid-19-and-the-different-types-of-security-2\/\" \/>\n<meta property=\"og:site_name\" content=\"PROA Comunicaci\u00f3n\" \/>\n<meta property=\"article:published_time\" content=\"2020-05-26T11:27:47+00:00\" \/>\n<meta property=\"og:image\" content=\"https:\/\/proacomunicacion.es\/wp-content\/uploads\/2025\/08\/Firefly_radio-de-barco-scaled.jpg\" \/>\n\t<meta property=\"og:image:width\" content=\"2560\" \/>\n\t<meta property=\"og:image:height\" content=\"1414\" \/>\n\t<meta property=\"og:image:type\" content=\"image\/jpeg\" \/>\n<meta name=\"author\" content=\"PROA Comunicaci\u00f3n\" \/>\n<meta name=\"twitter:card\" content=\"summary_large_image\" \/>\n<meta name=\"twitter:creator\" content=\"@proacomunica\" \/>\n<meta name=\"twitter:site\" content=\"@proacomunica\" \/>\n<meta name=\"twitter:label1\" content=\"Written by\" \/>\n\t<meta name=\"twitter:data1\" content=\"PROA Comunicaci\u00f3n\" \/>\n\t<meta name=\"twitter:label2\" content=\"Estimated reading time\" \/>\n\t<meta name=\"twitter:data2\" content=\"4 minutes\" \/>\n<script type=\"application\/ld+json\" class=\"yoast-schema-graph\">{\"@context\":\"https:\/\/schema.org\",\"@graph\":[{\"@type\":\"Article\",\"@id\":\"https:\/\/proacomunicacion.es\/covid-19-y-los-distintos-tipos-de-seguridad\/#article\",\"isPartOf\":{\"@id\":\"https:\/\/proacomunicacion.es\/covid-19-y-los-distintos-tipos-de-seguridad\/\"},\"author\":{\"name\":\"PROA Comunicaci\u00f3n\",\"@id\":\"https:\/\/proacomunicacion.es\/#\/schema\/person\/f80dc8938ea94e7f8aa1e8dc716d5a60\"},\"headline\":\"Manuel Garc\u00eda Ram\u00edrez \u2014\u2014 COVID-19 y los distintos tipos de seguridad\",\"datePublished\":\"2020-05-26T11:27:47+00:00\",\"mainEntityOfPage\":{\"@id\":\"https:\/\/proacomunicacion.es\/covid-19-y-los-distintos-tipos-de-seguridad\/\"},\"wordCount\":743,\"publisher\":{\"@id\":\"https:\/\/proacomunicacion.es\/#organization\"},\"image\":{\"@id\":\"https:\/\/proacomunicacion.es\/covid-19-y-los-distintos-tipos-de-seguridad\/#primaryimage\"},\"thumbnailUrl\":\"\",\"keywords\":[\"coronavirus\",\"COVID19\",\"Espa\u00f1a\",\"Manuel Garc\u00eda Ram\u00edrez\",\"Seguridad\"],\"articleSection\":[\"Blog\"],\"inLanguage\":\"en-GB\"},{\"@type\":\"WebPage\",\"@id\":\"https:\/\/proacomunicacion.es\/covid-19-y-los-distintos-tipos-de-seguridad\/\",\"url\":\"https:\/\/proacomunicacion.es\/covid-19-y-los-distintos-tipos-de-seguridad\/\",\"name\":\"Manuel Garc\u00eda Ram\u00edrez \u2014\u2014 COVID-19 y los distintos tipos de seguridad - PROA Comunicaci\u00f3n\",\"isPartOf\":{\"@id\":\"https:\/\/proacomunicacion.es\/#website\"},\"primaryImageOfPage\":{\"@id\":\"https:\/\/proacomunicacion.es\/covid-19-y-los-distintos-tipos-de-seguridad\/#primaryimage\"},\"image\":{\"@id\":\"https:\/\/proacomunicacion.es\/covid-19-y-los-distintos-tipos-de-seguridad\/#primaryimage\"},\"thumbnailUrl\":\"\",\"datePublished\":\"2020-05-26T11:27:47+00:00\",\"breadcrumb\":{\"@id\":\"https:\/\/proacomunicacion.es\/covid-19-y-los-distintos-tipos-de-seguridad\/#breadcrumb\"},\"inLanguage\":\"en-GB\",\"potentialAction\":[{\"@type\":\"ReadAction\",\"target\":[\"https:\/\/proacomunicacion.es\/covid-19-y-los-distintos-tipos-de-seguridad\/\"]}]},{\"@type\":\"ImageObject\",\"inLanguage\":\"en-GB\",\"@id\":\"https:\/\/proacomunicacion.es\/covid-19-y-los-distintos-tipos-de-seguridad\/#primaryimage\",\"url\":\"\",\"contentUrl\":\"\"},{\"@type\":\"BreadcrumbList\",\"@id\":\"https:\/\/proacomunicacion.es\/covid-19-y-los-distintos-tipos-de-seguridad\/#breadcrumb\",\"itemListElement\":[{\"@type\":\"ListItem\",\"position\":1,\"name\":\"Portada\",\"item\":\"https:\/\/proacomunicacion.es\/\"},{\"@type\":\"ListItem\",\"position\":2,\"name\":\"Manuel Garc\u00eda Ram\u00edrez \u2014\u2014 COVID-19 y los distintos tipos de seguridad\"}]},{\"@type\":\"WebSite\",\"@id\":\"https:\/\/proacomunicacion.es\/#website\",\"url\":\"https:\/\/proacomunicacion.es\/\",\"name\":\"PROA Comunicaci\u00f3n\",\"description\":\"Agencia de Comunicaci\u00f3n Corporativa en Madrid, Barcelona y Galicia.\",\"publisher\":{\"@id\":\"https:\/\/proacomunicacion.es\/#organization\"},\"alternateName\":\"PROA Comunicaci\u00f3n\",\"potentialAction\":[{\"@type\":\"SearchAction\",\"target\":{\"@type\":\"EntryPoint\",\"urlTemplate\":\"https:\/\/proacomunicacion.es\/?s={search_term_string}\"},\"query-input\":{\"@type\":\"PropertyValueSpecification\",\"valueRequired\":true,\"valueName\":\"search_term_string\"}}],\"inLanguage\":\"en-GB\"},{\"@type\":\"Organization\",\"@id\":\"https:\/\/proacomunicacion.es\/#organization\",\"name\":\"PROA Comunicaci\u00f3n\",\"alternateName\":\"PROA Comunicaci\u00f3n\",\"url\":\"https:\/\/proacomunicacion.es\/\",\"logo\":{\"@type\":\"ImageObject\",\"inLanguage\":\"en-GB\",\"@id\":\"https:\/\/proacomunicacion.es\/#\/schema\/logo\/image\/\",\"url\":\"https:\/\/proacomunicacion.es\/wp-content\/uploads\/2024\/01\/Logo_Light.svg\",\"contentUrl\":\"https:\/\/proacomunicacion.es\/wp-content\/uploads\/2024\/01\/Logo_Light.svg\",\"width\":136,\"height\":33,\"caption\":\"PROA Comunicaci\u00f3n\"},\"image\":{\"@id\":\"https:\/\/proacomunicacion.es\/#\/schema\/logo\/image\/\"},\"sameAs\":[\"https:\/\/x.com\/proacomunica\",\"https:\/\/es.linkedin.com\/company\/proa-comunicacion_2\",\"https:\/\/www.instagram.com\/proacomunica\/\",\"https:\/\/www.youtube.com\/@proacomunicacion\",\"https:\/\/es.wikipedia.org\/wiki\/PROA_Comunicacin\"]},{\"@type\":\"Person\",\"@id\":\"https:\/\/proacomunicacion.es\/#\/schema\/person\/f80dc8938ea94e7f8aa1e8dc716d5a60\",\"name\":\"PROA Comunicaci\u00f3n\",\"image\":{\"@type\":\"ImageObject\",\"inLanguage\":\"en-GB\",\"@id\":\"https:\/\/proacomunicacion.es\/#\/schema\/person\/image\/\",\"url\":\"https:\/\/secure.gravatar.com\/avatar\/394c93c195ff19b00e79d66a42971657a01de9f2740b97148d0f14a1e1a359b7?s=96&r=g\",\"contentUrl\":\"https:\/\/secure.gravatar.com\/avatar\/394c93c195ff19b00e79d66a42971657a01de9f2740b97148d0f14a1e1a359b7?s=96&r=g\",\"caption\":\"PROA Comunicaci\u00f3n\"}}]}<\/script>\n<!-- \/ Yoast SEO plugin. -->","yoast_head_json":{"title":"Manuel Garc\u00eda Ram\u00edrez -- COVID-19 and the different types of security - PROA Comunicaci\u00f3n","robots":{"index":"index","follow":"follow","max-snippet":"max-snippet:-1","max-image-preview":"max-image-preview:large","max-video-preview":"max-video-preview:-1"},"canonical":"https:\/\/proacomunicacion.es\/en\/covid-19-and-the-different-types-of-security-2\/","og_locale":"en_GB","og_type":"article","og_title":"Manuel Garc\u00eda Ram\u00edrez \u2014\u2014 COVID-19 y los distintos tipos de seguridad - PROA Comunicaci\u00f3n","og_description":"Generalmente se piensa que la seguridad es s\u00f3lo f\u00edsica, y en algunos casos l\u00f3gica si afecta a programas o tecnolog\u00eda. Pero siempre el objetivo \u00faltimo son las personas...","og_url":"https:\/\/proacomunicacion.es\/en\/covid-19-and-the-different-types-of-security-2\/","og_site_name":"PROA Comunicaci\u00f3n","article_published_time":"2020-05-26T11:27:47+00:00","og_image":[{"width":2560,"height":1414,"url":"https:\/\/proacomunicacion.es\/wp-content\/uploads\/2025\/08\/Firefly_radio-de-barco-scaled.jpg","type":"image\/jpeg"}],"author":"PROA Comunicaci\u00f3n","twitter_card":"summary_large_image","twitter_creator":"@proacomunica","twitter_site":"@proacomunica","twitter_misc":{"Written by":"PROA Comunicaci\u00f3n","Estimated reading time":"4 minutes"},"schema":{"@context":"https:\/\/schema.org","@graph":[{"@type":"Article","@id":"https:\/\/proacomunicacion.es\/covid-19-y-los-distintos-tipos-de-seguridad\/#article","isPartOf":{"@id":"https:\/\/proacomunicacion.es\/covid-19-y-los-distintos-tipos-de-seguridad\/"},"author":{"name":"PROA Comunicaci\u00f3n","@id":"https:\/\/proacomunicacion.es\/#\/schema\/person\/f80dc8938ea94e7f8aa1e8dc716d5a60"},"headline":"Manuel Garc\u00eda Ram\u00edrez \u2014\u2014 COVID-19 y los distintos tipos de seguridad","datePublished":"2020-05-26T11:27:47+00:00","mainEntityOfPage":{"@id":"https:\/\/proacomunicacion.es\/covid-19-y-los-distintos-tipos-de-seguridad\/"},"wordCount":743,"publisher":{"@id":"https:\/\/proacomunicacion.es\/#organization"},"image":{"@id":"https:\/\/proacomunicacion.es\/covid-19-y-los-distintos-tipos-de-seguridad\/#primaryimage"},"thumbnailUrl":"","keywords":["coronavirus","COVID19","Espa\u00f1a","Manuel Garc\u00eda Ram\u00edrez","Seguridad"],"articleSection":["Blog"],"inLanguage":"en-GB"},{"@type":"WebPage","@id":"https:\/\/proacomunicacion.es\/covid-19-y-los-distintos-tipos-de-seguridad\/","url":"https:\/\/proacomunicacion.es\/covid-19-y-los-distintos-tipos-de-seguridad\/","name":"Manuel Garc\u00eda Ram\u00edrez -- COVID-19 and the different types of security - PROA Comunicaci\u00f3n","isPartOf":{"@id":"https:\/\/proacomunicacion.es\/#website"},"primaryImageOfPage":{"@id":"https:\/\/proacomunicacion.es\/covid-19-y-los-distintos-tipos-de-seguridad\/#primaryimage"},"image":{"@id":"https:\/\/proacomunicacion.es\/covid-19-y-los-distintos-tipos-de-seguridad\/#primaryimage"},"thumbnailUrl":"","datePublished":"2020-05-26T11:27:47+00:00","breadcrumb":{"@id":"https:\/\/proacomunicacion.es\/covid-19-y-los-distintos-tipos-de-seguridad\/#breadcrumb"},"inLanguage":"en-GB","potentialAction":[{"@type":"ReadAction","target":["https:\/\/proacomunicacion.es\/covid-19-y-los-distintos-tipos-de-seguridad\/"]}]},{"@type":"ImageObject","inLanguage":"en-GB","@id":"https:\/\/proacomunicacion.es\/covid-19-y-los-distintos-tipos-de-seguridad\/#primaryimage","url":"","contentUrl":""},{"@type":"BreadcrumbList","@id":"https:\/\/proacomunicacion.es\/covid-19-y-los-distintos-tipos-de-seguridad\/#breadcrumb","itemListElement":[{"@type":"ListItem","position":1,"name":"Portada","item":"https:\/\/proacomunicacion.es\/"},{"@type":"ListItem","position":2,"name":"Manuel Garc\u00eda Ram\u00edrez \u2014\u2014 COVID-19 y los distintos tipos de seguridad"}]},{"@type":"WebSite","@id":"https:\/\/proacomunicacion.es\/#website","url":"https:\/\/proacomunicacion.es\/","name":"PROA Communication","description":"Corporate Communications Agency in Madrid, Barcelona and Galicia.","publisher":{"@id":"https:\/\/proacomunicacion.es\/#organization"},"alternateName":"PROA Comunicaci\u00f3n","potentialAction":[{"@type":"SearchAction","target":{"@type":"EntryPoint","urlTemplate":"https:\/\/proacomunicacion.es\/?s={search_term_string}"},"query-input":{"@type":"PropertyValueSpecification","valueRequired":true,"valueName":"search_term_string"}}],"inLanguage":"en-GB"},{"@type":"Organization","@id":"https:\/\/proacomunicacion.es\/#organization","name":"PROA Communication","alternateName":"PROA Comunicaci\u00f3n","url":"https:\/\/proacomunicacion.es\/","logo":{"@type":"ImageObject","inLanguage":"en-GB","@id":"https:\/\/proacomunicacion.es\/#\/schema\/logo\/image\/","url":"https:\/\/proacomunicacion.es\/wp-content\/uploads\/2024\/01\/Logo_Light.svg","contentUrl":"https:\/\/proacomunicacion.es\/wp-content\/uploads\/2024\/01\/Logo_Light.svg","width":136,"height":33,"caption":"PROA Comunicaci\u00f3n"},"image":{"@id":"https:\/\/proacomunicacion.es\/#\/schema\/logo\/image\/"},"sameAs":["https:\/\/x.com\/proacomunica","https:\/\/es.linkedin.com\/company\/proa-comunicacion_2","https:\/\/www.instagram.com\/proacomunica\/","https:\/\/www.youtube.com\/@proacomunicacion","https:\/\/es.wikipedia.org\/wiki\/PROA_Comunicacin"]},{"@type":"Person","@id":"https:\/\/proacomunicacion.es\/#\/schema\/person\/f80dc8938ea94e7f8aa1e8dc716d5a60","name":"PROA Communication","image":{"@type":"ImageObject","inLanguage":"en-GB","@id":"https:\/\/proacomunicacion.es\/#\/schema\/person\/image\/","url":"https:\/\/secure.gravatar.com\/avatar\/394c93c195ff19b00e79d66a42971657a01de9f2740b97148d0f14a1e1a359b7?s=96&r=g","contentUrl":"https:\/\/secure.gravatar.com\/avatar\/394c93c195ff19b00e79d66a42971657a01de9f2740b97148d0f14a1e1a359b7?s=96&r=g","caption":"PROA Comunicaci\u00f3n"}}]}},"_links":{"self":[{"href":"https:\/\/proacomunicacion.es\/en\/wp-json\/wp\/v2\/posts\/18470","targetHints":{"allow":["GET"]}}],"collection":[{"href":"https:\/\/proacomunicacion.es\/en\/wp-json\/wp\/v2\/posts"}],"about":[{"href":"https:\/\/proacomunicacion.es\/en\/wp-json\/wp\/v2\/types\/post"}],"author":[{"embeddable":true,"href":"https:\/\/proacomunicacion.es\/en\/wp-json\/wp\/v2\/users\/28"}],"replies":[{"embeddable":true,"href":"https:\/\/proacomunicacion.es\/en\/wp-json\/wp\/v2\/comments?post=18470"}],"version-history":[{"count":0,"href":"https:\/\/proacomunicacion.es\/en\/wp-json\/wp\/v2\/posts\/18470\/revisions"}],"wp:featuredmedia":[{"embeddable":true,"href":"https:\/\/proacomunicacion.es\/en\/wp-json\/"}],"wp:attachment":[{"href":"https:\/\/proacomunicacion.es\/en\/wp-json\/wp\/v2\/media?parent=18470"}],"wp:term":[{"taxonomy":"category","embeddable":true,"href":"https:\/\/proacomunicacion.es\/en\/wp-json\/wp\/v2\/categories?post=18470"},{"taxonomy":"post_tag","embeddable":true,"href":"https:\/\/proacomunicacion.es\/en\/wp-json\/wp\/v2\/tags?post=18470"}],"curies":[{"name":"wp","href":"https:\/\/api.w.org\/{rel}","templated":true}]}}