{"id":21269,"date":"2020-06-24T16:01:02","date_gmt":"2020-06-24T14:01:02","guid":{"rendered":"https:\/\/proacomunicacion.es\/?p=21269"},"modified":"2020-06-24T16:01:02","modified_gmt":"2020-06-24T14:01:02","slug":"gianni-cecchin-technology-will-be-indispensable-for-economic-recovery-2","status":"publish","type":"post","link":"https:\/\/proacomunicacion.es\/en\/gianni-cecchin-la-tecnologia-sera-indispensable-para-la-recuperacion-economica\/","title":{"rendered":"Gianni Cecchin <span class=\"dash\">--<\/span>\"Technology will be indispensable for economic recovery\"."},"content":{"rendered":"<p>Gianni Cecchin, CEO of Verne Technology Group, has participated in a new PROA video. In the interview, he pointed out the indispensable role of technology for economic recovery,<strong> \"although the human factor will be decisive\".<\/strong>. In this sense, he believes that telework is here to stay. He also gave his opinion on the technological needs of companies and the mobility factor.<\/p>\n<p><iframe src=\"https:\/\/www.youtube.com\/embed\/aEP9dktSkUQ\" width=\"910\" height=\"545\" frameborder=\"0\" allowfullscreen=\"allowfullscreen\"><span data-mce-type=\"bookmark\" style=\"display: inline-block; width: 0px; overflow: hidden; line-height: 0;\" class=\"mce_SELRES_start\"><\/span><\/iframe><\/p>","protected":false},"excerpt":{"rendered":"<p>Gianni Cecchin, CEO de Verne Technology Group, ha participado en un nuevo v\u00eddeo de PROA. En la entrevista ha se\u00f1alado como indispensable el rol de la tecnolog\u00eda para la recuperaci\u00f3n econ\u00f3mica, \u201caunque el factor humano ser\u00e1 determinante\u201d. En este sentido, cree que el teletrabajo ha llegado para quedarse. Adem\u00e1s, ha expuesto su opini\u00f3n en relaci\u00f3n [&hellip;]<\/p>\n","protected":false},"author":28,"featured_media":21270,"comment_status":"closed","ping_status":"closed","sticky":false,"template":"","format":"standard","meta":{"footnotes":""},"categories":[176],"tags":[1991],"class_list":["post-21269","post","type-post","status-publish","format-standard","has-post-thumbnail","hentry","category-blog","tag-gianni-cecchin"],"yoast_head":"<!-- This site is optimized with the Yoast SEO plugin v27.0 - https:\/\/yoast.com\/product\/yoast-seo-wordpress\/ -->\n<title>Gianni Cecchin \u2014\u2014\u201cLa tecnolog\u00eda ser\u00e1 indispensable para la recuperaci\u00f3n econ\u00f3mica\u201d - PROA Comunicaci\u00f3n<\/title>\n<meta name=\"robots\" content=\"index, follow, max-snippet:-1, max-image-preview:large, max-video-preview:-1\" \/>\n<link rel=\"canonical\" href=\"https:\/\/proacomunicacion.es\/en\/gianni-cecchin-technology-will-be-indispensable-for-economic-recovery-2\/\" \/>\n<meta property=\"og:locale\" content=\"en_GB\" \/>\n<meta property=\"og:type\" content=\"article\" \/>\n<meta property=\"og:title\" content=\"Gianni Cecchin \u2014\u2014\u201cLa tecnolog\u00eda ser\u00e1 indispensable para la recuperaci\u00f3n econ\u00f3mica\u201d - PROA Comunicaci\u00f3n\" \/>\n<meta property=\"og:description\" content=\"Gianni Cecchin, CEO de Verne Technology Group, ha participado en un nuevo v\u00eddeo de PROA. En la entrevista ha se\u00f1alado como indispensable el rol de la tecnolog\u00eda para la recuperaci\u00f3n econ\u00f3mica, \u201caunque el factor humano ser\u00e1 determinante\u201d. En este sentido, cree que el teletrabajo ha llegado para quedarse. Adem\u00e1s, ha expuesto su opini\u00f3n en relaci\u00f3n [&hellip;]\" \/>\n<meta property=\"og:url\" content=\"https:\/\/proacomunicacion.es\/en\/gianni-cecchin-technology-will-be-indispensable-for-economic-recovery-2\/\" \/>\n<meta property=\"og:site_name\" content=\"PROA Comunicaci\u00f3n\" \/>\n<meta property=\"article:published_time\" content=\"2020-06-24T14:01:02+00:00\" \/>\n<meta property=\"og:image\" content=\"https:\/\/proacomunicacion.es\/wp-content\/uploads\/2025\/08\/Firefly_radio-de-barco-scaled.jpg\" \/>\n\t<meta property=\"og:image:width\" content=\"2560\" \/>\n\t<meta property=\"og:image:height\" content=\"1414\" \/>\n\t<meta property=\"og:image:type\" content=\"image\/jpeg\" \/>\n<meta name=\"author\" content=\"PROA Comunicaci\u00f3n\" \/>\n<meta name=\"twitter:card\" content=\"summary_large_image\" \/>\n<meta name=\"twitter:creator\" content=\"@proacomunica\" \/>\n<meta name=\"twitter:site\" content=\"@proacomunica\" \/>\n<meta name=\"twitter:label1\" content=\"Written by\" \/>\n\t<meta name=\"twitter:data1\" content=\"PROA Comunicaci\u00f3n\" \/>\n<script type=\"application\/ld+json\" class=\"yoast-schema-graph\">{\"@context\":\"https:\/\/schema.org\",\"@graph\":[{\"@type\":\"Article\",\"@id\":\"https:\/\/proacomunicacion.es\/gianni-cecchin-la-tecnologia-sera-indispensable-para-la-recuperacion-economica\/#article\",\"isPartOf\":{\"@id\":\"https:\/\/proacomunicacion.es\/gianni-cecchin-la-tecnologia-sera-indispensable-para-la-recuperacion-economica\/\"},\"author\":{\"name\":\"PROA Comunicaci\u00f3n\",\"@id\":\"https:\/\/proacomunicacion.es\/#\/schema\/person\/f80dc8938ea94e7f8aa1e8dc716d5a60\"},\"headline\":\"Gianni Cecchin \u2014\u2014\u201cLa tecnolog\u00eda ser\u00e1 indispensable para la recuperaci\u00f3n econ\u00f3mica\u201d\",\"datePublished\":\"2020-06-24T14:01:02+00:00\",\"mainEntityOfPage\":{\"@id\":\"https:\/\/proacomunicacion.es\/gianni-cecchin-la-tecnologia-sera-indispensable-para-la-recuperacion-economica\/\"},\"wordCount\":91,\"publisher\":{\"@id\":\"https:\/\/proacomunicacion.es\/#organization\"},\"image\":{\"@id\":\"https:\/\/proacomunicacion.es\/gianni-cecchin-la-tecnologia-sera-indispensable-para-la-recuperacion-economica\/#primaryimage\"},\"thumbnailUrl\":\"\",\"keywords\":[\"gianni cecchin\"],\"articleSection\":[\"Blog\"],\"inLanguage\":\"en-GB\"},{\"@type\":\"WebPage\",\"@id\":\"https:\/\/proacomunicacion.es\/gianni-cecchin-la-tecnologia-sera-indispensable-para-la-recuperacion-economica\/\",\"url\":\"https:\/\/proacomunicacion.es\/gianni-cecchin-la-tecnologia-sera-indispensable-para-la-recuperacion-economica\/\",\"name\":\"Gianni Cecchin \u2014\u2014\u201cLa tecnolog\u00eda ser\u00e1 indispensable para la recuperaci\u00f3n econ\u00f3mica\u201d - PROA Comunicaci\u00f3n\",\"isPartOf\":{\"@id\":\"https:\/\/proacomunicacion.es\/#website\"},\"primaryImageOfPage\":{\"@id\":\"https:\/\/proacomunicacion.es\/gianni-cecchin-la-tecnologia-sera-indispensable-para-la-recuperacion-economica\/#primaryimage\"},\"image\":{\"@id\":\"https:\/\/proacomunicacion.es\/gianni-cecchin-la-tecnologia-sera-indispensable-para-la-recuperacion-economica\/#primaryimage\"},\"thumbnailUrl\":\"\",\"datePublished\":\"2020-06-24T14:01:02+00:00\",\"breadcrumb\":{\"@id\":\"https:\/\/proacomunicacion.es\/gianni-cecchin-la-tecnologia-sera-indispensable-para-la-recuperacion-economica\/#breadcrumb\"},\"inLanguage\":\"en-GB\",\"potentialAction\":[{\"@type\":\"ReadAction\",\"target\":[\"https:\/\/proacomunicacion.es\/gianni-cecchin-la-tecnologia-sera-indispensable-para-la-recuperacion-economica\/\"]}]},{\"@type\":\"ImageObject\",\"inLanguage\":\"en-GB\",\"@id\":\"https:\/\/proacomunicacion.es\/gianni-cecchin-la-tecnologia-sera-indispensable-para-la-recuperacion-economica\/#primaryimage\",\"url\":\"\",\"contentUrl\":\"\"},{\"@type\":\"BreadcrumbList\",\"@id\":\"https:\/\/proacomunicacion.es\/gianni-cecchin-la-tecnologia-sera-indispensable-para-la-recuperacion-economica\/#breadcrumb\",\"itemListElement\":[{\"@type\":\"ListItem\",\"position\":1,\"name\":\"Portada\",\"item\":\"https:\/\/proacomunicacion.es\/\"},{\"@type\":\"ListItem\",\"position\":2,\"name\":\"Gianni Cecchin \u2014\u2014\u201cLa tecnolog\u00eda ser\u00e1 indispensable para la recuperaci\u00f3n econ\u00f3mica\u201d\"}]},{\"@type\":\"WebSite\",\"@id\":\"https:\/\/proacomunicacion.es\/#website\",\"url\":\"https:\/\/proacomunicacion.es\/\",\"name\":\"PROA Comunicaci\u00f3n\",\"description\":\"Agencia de Comunicaci\u00f3n Corporativa en Madrid, Barcelona y Galicia.\",\"publisher\":{\"@id\":\"https:\/\/proacomunicacion.es\/#organization\"},\"alternateName\":\"PROA Comunicaci\u00f3n\",\"potentialAction\":[{\"@type\":\"SearchAction\",\"target\":{\"@type\":\"EntryPoint\",\"urlTemplate\":\"https:\/\/proacomunicacion.es\/?s={search_term_string}\"},\"query-input\":{\"@type\":\"PropertyValueSpecification\",\"valueRequired\":true,\"valueName\":\"search_term_string\"}}],\"inLanguage\":\"en-GB\"},{\"@type\":\"Organization\",\"@id\":\"https:\/\/proacomunicacion.es\/#organization\",\"name\":\"PROA Comunicaci\u00f3n\",\"alternateName\":\"PROA Comunicaci\u00f3n\",\"url\":\"https:\/\/proacomunicacion.es\/\",\"logo\":{\"@type\":\"ImageObject\",\"inLanguage\":\"en-GB\",\"@id\":\"https:\/\/proacomunicacion.es\/#\/schema\/logo\/image\/\",\"url\":\"https:\/\/proacomunicacion.es\/wp-content\/uploads\/2024\/01\/Logo_Light.svg\",\"contentUrl\":\"https:\/\/proacomunicacion.es\/wp-content\/uploads\/2024\/01\/Logo_Light.svg\",\"width\":136,\"height\":33,\"caption\":\"PROA Comunicaci\u00f3n\"},\"image\":{\"@id\":\"https:\/\/proacomunicacion.es\/#\/schema\/logo\/image\/\"},\"sameAs\":[\"https:\/\/x.com\/proacomunica\",\"https:\/\/es.linkedin.com\/company\/proa-comunicacion_2\",\"https:\/\/www.instagram.com\/proacomunica\/\",\"https:\/\/www.youtube.com\/@proacomunicacion\",\"https:\/\/es.wikipedia.org\/wiki\/PROA_Comunicacin\"]},{\"@type\":\"Person\",\"@id\":\"https:\/\/proacomunicacion.es\/#\/schema\/person\/f80dc8938ea94e7f8aa1e8dc716d5a60\",\"name\":\"PROA Comunicaci\u00f3n\",\"image\":{\"@type\":\"ImageObject\",\"inLanguage\":\"en-GB\",\"@id\":\"https:\/\/proacomunicacion.es\/#\/schema\/person\/image\/\",\"url\":\"https:\/\/secure.gravatar.com\/avatar\/394c93c195ff19b00e79d66a42971657a01de9f2740b97148d0f14a1e1a359b7?s=96&r=g\",\"contentUrl\":\"https:\/\/secure.gravatar.com\/avatar\/394c93c195ff19b00e79d66a42971657a01de9f2740b97148d0f14a1e1a359b7?s=96&r=g\",\"caption\":\"PROA Comunicaci\u00f3n\"}}]}<\/script>\n<!-- \/ Yoast SEO plugin. -->","yoast_head_json":{"title":"Gianni Cecchin - \"Technology will be indispensable for economic recovery\" - PROA Communication","robots":{"index":"index","follow":"follow","max-snippet":"max-snippet:-1","max-image-preview":"max-image-preview:large","max-video-preview":"max-video-preview:-1"},"canonical":"https:\/\/proacomunicacion.es\/en\/gianni-cecchin-technology-will-be-indispensable-for-economic-recovery-2\/","og_locale":"en_GB","og_type":"article","og_title":"Gianni Cecchin \u2014\u2014\u201cLa tecnolog\u00eda ser\u00e1 indispensable para la recuperaci\u00f3n econ\u00f3mica\u201d - PROA Comunicaci\u00f3n","og_description":"Gianni Cecchin, CEO de Verne Technology Group, ha participado en un nuevo v\u00eddeo de PROA. En la entrevista ha se\u00f1alado como indispensable el rol de la tecnolog\u00eda para la recuperaci\u00f3n econ\u00f3mica, \u201caunque el factor humano ser\u00e1 determinante\u201d. En este sentido, cree que el teletrabajo ha llegado para quedarse. Adem\u00e1s, ha expuesto su opini\u00f3n en relaci\u00f3n [&hellip;]","og_url":"https:\/\/proacomunicacion.es\/en\/gianni-cecchin-technology-will-be-indispensable-for-economic-recovery-2\/","og_site_name":"PROA Comunicaci\u00f3n","article_published_time":"2020-06-24T14:01:02+00:00","og_image":[{"width":2560,"height":1414,"url":"https:\/\/proacomunicacion.es\/wp-content\/uploads\/2025\/08\/Firefly_radio-de-barco-scaled.jpg","type":"image\/jpeg"}],"author":"PROA Comunicaci\u00f3n","twitter_card":"summary_large_image","twitter_creator":"@proacomunica","twitter_site":"@proacomunica","twitter_misc":{"Written by":"PROA Comunicaci\u00f3n"},"schema":{"@context":"https:\/\/schema.org","@graph":[{"@type":"Article","@id":"https:\/\/proacomunicacion.es\/gianni-cecchin-la-tecnologia-sera-indispensable-para-la-recuperacion-economica\/#article","isPartOf":{"@id":"https:\/\/proacomunicacion.es\/gianni-cecchin-la-tecnologia-sera-indispensable-para-la-recuperacion-economica\/"},"author":{"name":"PROA Comunicaci\u00f3n","@id":"https:\/\/proacomunicacion.es\/#\/schema\/person\/f80dc8938ea94e7f8aa1e8dc716d5a60"},"headline":"Gianni Cecchin \u2014\u2014\u201cLa tecnolog\u00eda ser\u00e1 indispensable para la recuperaci\u00f3n econ\u00f3mica\u201d","datePublished":"2020-06-24T14:01:02+00:00","mainEntityOfPage":{"@id":"https:\/\/proacomunicacion.es\/gianni-cecchin-la-tecnologia-sera-indispensable-para-la-recuperacion-economica\/"},"wordCount":91,"publisher":{"@id":"https:\/\/proacomunicacion.es\/#organization"},"image":{"@id":"https:\/\/proacomunicacion.es\/gianni-cecchin-la-tecnologia-sera-indispensable-para-la-recuperacion-economica\/#primaryimage"},"thumbnailUrl":"","keywords":["gianni cecchin"],"articleSection":["Blog"],"inLanguage":"en-GB"},{"@type":"WebPage","@id":"https:\/\/proacomunicacion.es\/gianni-cecchin-la-tecnologia-sera-indispensable-para-la-recuperacion-economica\/","url":"https:\/\/proacomunicacion.es\/gianni-cecchin-la-tecnologia-sera-indispensable-para-la-recuperacion-economica\/","name":"Gianni Cecchin - \"Technology will be indispensable for economic recovery\" - PROA Communication","isPartOf":{"@id":"https:\/\/proacomunicacion.es\/#website"},"primaryImageOfPage":{"@id":"https:\/\/proacomunicacion.es\/gianni-cecchin-la-tecnologia-sera-indispensable-para-la-recuperacion-economica\/#primaryimage"},"image":{"@id":"https:\/\/proacomunicacion.es\/gianni-cecchin-la-tecnologia-sera-indispensable-para-la-recuperacion-economica\/#primaryimage"},"thumbnailUrl":"","datePublished":"2020-06-24T14:01:02+00:00","breadcrumb":{"@id":"https:\/\/proacomunicacion.es\/gianni-cecchin-la-tecnologia-sera-indispensable-para-la-recuperacion-economica\/#breadcrumb"},"inLanguage":"en-GB","potentialAction":[{"@type":"ReadAction","target":["https:\/\/proacomunicacion.es\/gianni-cecchin-la-tecnologia-sera-indispensable-para-la-recuperacion-economica\/"]}]},{"@type":"ImageObject","inLanguage":"en-GB","@id":"https:\/\/proacomunicacion.es\/gianni-cecchin-la-tecnologia-sera-indispensable-para-la-recuperacion-economica\/#primaryimage","url":"","contentUrl":""},{"@type":"BreadcrumbList","@id":"https:\/\/proacomunicacion.es\/gianni-cecchin-la-tecnologia-sera-indispensable-para-la-recuperacion-economica\/#breadcrumb","itemListElement":[{"@type":"ListItem","position":1,"name":"Portada","item":"https:\/\/proacomunicacion.es\/"},{"@type":"ListItem","position":2,"name":"Gianni Cecchin \u2014\u2014\u201cLa tecnolog\u00eda ser\u00e1 indispensable para la recuperaci\u00f3n econ\u00f3mica\u201d"}]},{"@type":"WebSite","@id":"https:\/\/proacomunicacion.es\/#website","url":"https:\/\/proacomunicacion.es\/","name":"PROA Communication","description":"Corporate Communications Agency in Madrid, Barcelona and Galicia.","publisher":{"@id":"https:\/\/proacomunicacion.es\/#organization"},"alternateName":"PROA Comunicaci\u00f3n","potentialAction":[{"@type":"SearchAction","target":{"@type":"EntryPoint","urlTemplate":"https:\/\/proacomunicacion.es\/?s={search_term_string}"},"query-input":{"@type":"PropertyValueSpecification","valueRequired":true,"valueName":"search_term_string"}}],"inLanguage":"en-GB"},{"@type":"Organization","@id":"https:\/\/proacomunicacion.es\/#organization","name":"PROA Communication","alternateName":"PROA Comunicaci\u00f3n","url":"https:\/\/proacomunicacion.es\/","logo":{"@type":"ImageObject","inLanguage":"en-GB","@id":"https:\/\/proacomunicacion.es\/#\/schema\/logo\/image\/","url":"https:\/\/proacomunicacion.es\/wp-content\/uploads\/2024\/01\/Logo_Light.svg","contentUrl":"https:\/\/proacomunicacion.es\/wp-content\/uploads\/2024\/01\/Logo_Light.svg","width":136,"height":33,"caption":"PROA Comunicaci\u00f3n"},"image":{"@id":"https:\/\/proacomunicacion.es\/#\/schema\/logo\/image\/"},"sameAs":["https:\/\/x.com\/proacomunica","https:\/\/es.linkedin.com\/company\/proa-comunicacion_2","https:\/\/www.instagram.com\/proacomunica\/","https:\/\/www.youtube.com\/@proacomunicacion","https:\/\/es.wikipedia.org\/wiki\/PROA_Comunicacin"]},{"@type":"Person","@id":"https:\/\/proacomunicacion.es\/#\/schema\/person\/f80dc8938ea94e7f8aa1e8dc716d5a60","name":"PROA Communication","image":{"@type":"ImageObject","inLanguage":"en-GB","@id":"https:\/\/proacomunicacion.es\/#\/schema\/person\/image\/","url":"https:\/\/secure.gravatar.com\/avatar\/394c93c195ff19b00e79d66a42971657a01de9f2740b97148d0f14a1e1a359b7?s=96&r=g","contentUrl":"https:\/\/secure.gravatar.com\/avatar\/394c93c195ff19b00e79d66a42971657a01de9f2740b97148d0f14a1e1a359b7?s=96&r=g","caption":"PROA Comunicaci\u00f3n"}}]}},"_links":{"self":[{"href":"https:\/\/proacomunicacion.es\/en\/wp-json\/wp\/v2\/posts\/21269","targetHints":{"allow":["GET"]}}],"collection":[{"href":"https:\/\/proacomunicacion.es\/en\/wp-json\/wp\/v2\/posts"}],"about":[{"href":"https:\/\/proacomunicacion.es\/en\/wp-json\/wp\/v2\/types\/post"}],"author":[{"embeddable":true,"href":"https:\/\/proacomunicacion.es\/en\/wp-json\/wp\/v2\/users\/28"}],"replies":[{"embeddable":true,"href":"https:\/\/proacomunicacion.es\/en\/wp-json\/wp\/v2\/comments?post=21269"}],"version-history":[{"count":0,"href":"https:\/\/proacomunicacion.es\/en\/wp-json\/wp\/v2\/posts\/21269\/revisions"}],"wp:featuredmedia":[{"embeddable":true,"href":"https:\/\/proacomunicacion.es\/en\/wp-json\/"}],"wp:attachment":[{"href":"https:\/\/proacomunicacion.es\/en\/wp-json\/wp\/v2\/media?parent=21269"}],"wp:term":[{"taxonomy":"category","embeddable":true,"href":"https:\/\/proacomunicacion.es\/en\/wp-json\/wp\/v2\/categories?post=21269"},{"taxonomy":"post_tag","embeddable":true,"href":"https:\/\/proacomunicacion.es\/en\/wp-json\/wp\/v2\/tags?post=21269"}],"curies":[{"name":"wp","href":"https:\/\/api.w.org\/{rel}","templated":true}]}}