{"id":21669,"date":"2020-07-24T16:46:37","date_gmt":"2020-07-24T14:46:37","guid":{"rendered":"https:\/\/proacomunicacion.es\/?p=21669"},"modified":"2020-07-24T16:46:37","modified_gmt":"2020-07-24T14:46:37","slug":"the-reconstruction-of-spain-with-ana-pastor","status":"publish","type":"post","link":"https:\/\/proacomunicacion.es\/en\/la-reconstruccion-de-espana-con-ana-pastor\/","title":{"rendered":"Rebuilding Spain, with Ana Pastor"},"content":{"rendered":"<p>Ana Pastor, Vice-President of the Congress of Deputies and spokesperson for the PP in the Commission for Reconstruction, inaugurated the first post-COVID PROA Observatory on Thursday 23 July with a talk on the activity and results of the aforementioned commission, whose documents were voted on the previous day in the Lower House. The event, whose aim, in the words of Luc\u00eda Casanueva, managing partner together with Valvanuz Serna of PROA, was for everyone to take away \"one or two ideas for reflection on how to improve as a society\", was attended by a group of managers, entrepreneurs and representatives of associations from different sectors.<\/p>\n<p>The Vice-President of Congress, who was introduced and accompanied during her presentation by Mario Garc\u00e9s, deputy spokesperson of the PP in the Congress of Deputies, wanted to make it clear that \"the great crises of humanity have always had to do with pathogens\", after pointing out some of the mistakes that the Executive made in the management of the pandemic. Of the agreements reached, she was proud of the 61 proposals that - \"working very hard\", she said - her group managed to include in the health measures document, among which she particularly highlighted the creation of the National Public Health Agency, given that she considered that \"one of the lessons learned from this crisis\" has been that the public health system must be strengthened, an area she knows well, given that she is a doctor by training and was a civil servant by competitive examination in it, as well as later becoming Minister of Health. She also added as important points the employment stability plan for healthcare workers, the technological transformation of the system, the change in the organisational model so that there is a connection between autonomous communities and the reinforcement of the foreign health system. He also stressed that all of this should be provided with \"sufficient resources\".<\/p>\n<p>Regarding the lack of support for the social proposals, the main reason for this was the non-inclusion of subsidised education in the distribution of reconstruction aid. This section was rejected by the House on Wednesday, given that, for different reasons, apart from the PP, Ciudadanos and Vox, parties such as the PNV, JpC, Bildu, CC, Foro, Navarra Suma and CUP also voted against it.<\/p>\n<p>The PP spokeswoman on the Reconstruction Commission - \"a word I don't like, I would have preferred it to be called Recovery\", she said - who argues that in politics one has to be \"moderate in form and forceful in substance\", regretted, on the other hand, not having been able to reach agreements on the measures for economic reactivation. \"There was no way to reach an understanding,\" he said, referring to the rejection by the representatives of the parties in government of tax cuts, fiscal consolidation and the reform of commercial legislation.<\/p>\n<p>Mario Garc\u00e9s went into more detail on the package of measures on the European Union, the other document on which there was agreement. A spirit, that of reaching agreements, which, according to Garc\u00e9s, was a direct request from Pablo Casado, the president of the PP, to his representatives in the Commission. Likewise, he admitted that reaching agreements in the EU section \"was the easiest thing to do\". In this case, he highlighted the acceptance of requests such as a short-term plan for the absorption of community resources or the claim to Spain's historic right over Gibraltar, among others.<\/p>\n<p>The deputy spokesman for the PP in Congress regretted that on this occasion it has not been possible to emulate the Moncloa Pacts of 1977, because, in his opinion, the axis of the Government tends to the left and not to the centre, and because of the lack of pragmatism of many current politicians in comparison with those of the Transition. At the same time, he considered that there is a \"dumbing down\", a \"vulgarisation\" and a \"professionalisation\" of politics, something that is \"a reflection of the society in which we live\".<\/p>\n<p>The speeches aroused a great deal of interest among the audience, who during question time were interested in issues such as the regulation of teleworking, the role of the PP in the remainder of the legislature, the role of civil society and the situation of the political parties.<\/p>\n<p>Both Pastor and Garc\u00e9s answered these questions with a passionate defence of love for Spain, liberalism, constitutional values, pragmatism and the promotion of relations with Latin America.<\/p>\n<p>The PROA Observatories are stable discussion forums with the participation of prominent executives, politicians and professionals. They are born with the vocation of being a laboratory of ideas where a genuine dialogue is fostered to debate current business issues, as well as corporate reputation, brand and public affairs as important elements for the improvement of companies.<\/p>\n<p>Among the personalities who have participated in these meetings are the economist Manuel Conthe; the former Minister of Education, Culture and Sport Jos\u00e9 Ignacio Wert; the writer and priest Pablo D'Ors; the Director of External Communication of Deloitte, Antonio Belmonte; the Director of Communication and Institutional Relations of El Corte Ingl\u00e9s, Jos\u00e9 Luis Gonz\u00e1lez-Besada; the High Commissioner for Marca Espa\u00f1a Carlos Espinosa de los Monteros; the writer and journalist Pilar Urbano; the General Director of Informaci\u00f3n y Control de Publicaciones S.A. (OJD), Manuel Sala; the former president of Red El\u00e9ctrica de Espa\u00f1a Jordi Sevilla, the current mayor of Madrid, Jos\u00e9 Luis Mart\u00ednez-Almeida, the former minister Crist\u00f3bal Montoro and Raimundo Herr\u00e1iz, manager of the Madrid 112 Emergency Coordination Centre during 11M, among others.<\/p>","protected":false},"excerpt":{"rendered":"<p>Ana Pastor, vicepresidenta del Congreso de los Diputados y portavoz del PP en la Comisi\u00f3n para la Reconstrucci\u00f3n, inaugur\u00f3 el jueves 23 de julio el primer Observatorio PROA del pos-COVID con una charla sobre la actividad y los resultados de la citada comisi\u00f3n, cuyos documentos fueron sometidos a votaci\u00f3n el d\u00eda anterior en la C\u00e1mara [&hellip;]<\/p>\n","protected":false},"author":28,"featured_media":21489,"comment_status":"closed","ping_status":"closed","sticky":false,"template":"","format":"standard","meta":{"footnotes":""},"categories":[1],"tags":[],"class_list":["post-21669","post","type-post","status-publish","format-standard","has-post-thumbnail","hentry","category-actualidad-proa"],"yoast_head":"<!-- This site is optimized with the Yoast SEO plugin v27.0 - https:\/\/yoast.com\/product\/yoast-seo-wordpress\/ -->\n<title>La reconstrucci\u00f3n de Espa\u00f1a, con Ana Pastor - PROA Comunicaci\u00f3n<\/title>\n<meta name=\"robots\" content=\"index, follow, max-snippet:-1, max-image-preview:large, max-video-preview:-1\" \/>\n<link rel=\"canonical\" href=\"https:\/\/proacomunicacion.es\/en\/the-reconstruction-of-spain-with-ana-pastor\/\" \/>\n<meta property=\"og:locale\" content=\"en_GB\" \/>\n<meta property=\"og:type\" content=\"article\" \/>\n<meta property=\"og:title\" content=\"La reconstrucci\u00f3n de Espa\u00f1a, con Ana Pastor - PROA Comunicaci\u00f3n\" \/>\n<meta property=\"og:description\" content=\"Ana Pastor, vicepresidenta del Congreso de los Diputados y portavoz del PP en la Comisi\u00f3n para la Reconstrucci\u00f3n, inaugur\u00f3 el jueves 23 de julio el primer Observatorio PROA del pos-COVID con una charla sobre la actividad y los resultados de la citada comisi\u00f3n, cuyos documentos fueron sometidos a votaci\u00f3n el d\u00eda anterior en la C\u00e1mara [&hellip;]\" \/>\n<meta property=\"og:url\" content=\"https:\/\/proacomunicacion.es\/en\/the-reconstruction-of-spain-with-ana-pastor\/\" \/>\n<meta property=\"og:site_name\" content=\"PROA Comunicaci\u00f3n\" \/>\n<meta property=\"article:published_time\" content=\"2020-07-24T14:46:37+00:00\" \/>\n<meta property=\"og:image\" content=\"https:\/\/proacomunicacion.es\/wp-content\/uploads\/2025\/08\/Firefly_radio-de-barco-scaled.jpg\" \/>\n\t<meta property=\"og:image:width\" content=\"2560\" \/>\n\t<meta property=\"og:image:height\" content=\"1414\" \/>\n\t<meta property=\"og:image:type\" content=\"image\/jpeg\" \/>\n<meta name=\"author\" content=\"PROA Comunicaci\u00f3n\" \/>\n<meta name=\"twitter:card\" content=\"summary_large_image\" \/>\n<meta name=\"twitter:creator\" content=\"@proacomunica\" \/>\n<meta name=\"twitter:site\" content=\"@proacomunica\" \/>\n<meta name=\"twitter:label1\" content=\"Written by\" \/>\n\t<meta name=\"twitter:data1\" content=\"PROA Comunicaci\u00f3n\" \/>\n\t<meta name=\"twitter:label2\" content=\"Estimated reading time\" \/>\n\t<meta name=\"twitter:data2\" content=\"5 minutes\" \/>\n<script type=\"application\/ld+json\" class=\"yoast-schema-graph\">{\"@context\":\"https:\/\/schema.org\",\"@graph\":[{\"@type\":\"Article\",\"@id\":\"https:\/\/proacomunicacion.es\/la-reconstruccion-de-espana-con-ana-pastor\/#article\",\"isPartOf\":{\"@id\":\"https:\/\/proacomunicacion.es\/la-reconstruccion-de-espana-con-ana-pastor\/\"},\"author\":{\"name\":\"PROA Comunicaci\u00f3n\",\"@id\":\"https:\/\/proacomunicacion.es\/#\/schema\/person\/f80dc8938ea94e7f8aa1e8dc716d5a60\"},\"headline\":\"La reconstrucci\u00f3n de Espa\u00f1a, con Ana Pastor\",\"datePublished\":\"2020-07-24T14:46:37+00:00\",\"mainEntityOfPage\":{\"@id\":\"https:\/\/proacomunicacion.es\/la-reconstruccion-de-espana-con-ana-pastor\/\"},\"wordCount\":1001,\"publisher\":{\"@id\":\"https:\/\/proacomunicacion.es\/#organization\"},\"image\":{\"@id\":\"https:\/\/proacomunicacion.es\/la-reconstruccion-de-espana-con-ana-pastor\/#primaryimage\"},\"thumbnailUrl\":\"\",\"articleSection\":[\"Actualidad\"],\"inLanguage\":\"en-GB\"},{\"@type\":\"WebPage\",\"@id\":\"https:\/\/proacomunicacion.es\/la-reconstruccion-de-espana-con-ana-pastor\/\",\"url\":\"https:\/\/proacomunicacion.es\/la-reconstruccion-de-espana-con-ana-pastor\/\",\"name\":\"La reconstrucci\u00f3n de Espa\u00f1a, con Ana Pastor - PROA Comunicaci\u00f3n\",\"isPartOf\":{\"@id\":\"https:\/\/proacomunicacion.es\/#website\"},\"primaryImageOfPage\":{\"@id\":\"https:\/\/proacomunicacion.es\/la-reconstruccion-de-espana-con-ana-pastor\/#primaryimage\"},\"image\":{\"@id\":\"https:\/\/proacomunicacion.es\/la-reconstruccion-de-espana-con-ana-pastor\/#primaryimage\"},\"thumbnailUrl\":\"\",\"datePublished\":\"2020-07-24T14:46:37+00:00\",\"breadcrumb\":{\"@id\":\"https:\/\/proacomunicacion.es\/la-reconstruccion-de-espana-con-ana-pastor\/#breadcrumb\"},\"inLanguage\":\"en-GB\",\"potentialAction\":[{\"@type\":\"ReadAction\",\"target\":[\"https:\/\/proacomunicacion.es\/la-reconstruccion-de-espana-con-ana-pastor\/\"]}]},{\"@type\":\"ImageObject\",\"inLanguage\":\"en-GB\",\"@id\":\"https:\/\/proacomunicacion.es\/la-reconstruccion-de-espana-con-ana-pastor\/#primaryimage\",\"url\":\"\",\"contentUrl\":\"\"},{\"@type\":\"BreadcrumbList\",\"@id\":\"https:\/\/proacomunicacion.es\/la-reconstruccion-de-espana-con-ana-pastor\/#breadcrumb\",\"itemListElement\":[{\"@type\":\"ListItem\",\"position\":1,\"name\":\"Portada\",\"item\":\"https:\/\/proacomunicacion.es\/\"},{\"@type\":\"ListItem\",\"position\":2,\"name\":\"La reconstrucci\u00f3n de Espa\u00f1a, con Ana Pastor\"}]},{\"@type\":\"WebSite\",\"@id\":\"https:\/\/proacomunicacion.es\/#website\",\"url\":\"https:\/\/proacomunicacion.es\/\",\"name\":\"PROA Comunicaci\u00f3n\",\"description\":\"Agencia de Comunicaci\u00f3n Corporativa en Madrid, Barcelona y Galicia.\",\"publisher\":{\"@id\":\"https:\/\/proacomunicacion.es\/#organization\"},\"alternateName\":\"PROA Comunicaci\u00f3n\",\"potentialAction\":[{\"@type\":\"SearchAction\",\"target\":{\"@type\":\"EntryPoint\",\"urlTemplate\":\"https:\/\/proacomunicacion.es\/?s={search_term_string}\"},\"query-input\":{\"@type\":\"PropertyValueSpecification\",\"valueRequired\":true,\"valueName\":\"search_term_string\"}}],\"inLanguage\":\"en-GB\"},{\"@type\":\"Organization\",\"@id\":\"https:\/\/proacomunicacion.es\/#organization\",\"name\":\"PROA Comunicaci\u00f3n\",\"alternateName\":\"PROA Comunicaci\u00f3n\",\"url\":\"https:\/\/proacomunicacion.es\/\",\"logo\":{\"@type\":\"ImageObject\",\"inLanguage\":\"en-GB\",\"@id\":\"https:\/\/proacomunicacion.es\/#\/schema\/logo\/image\/\",\"url\":\"https:\/\/proacomunicacion.es\/wp-content\/uploads\/2024\/01\/Logo_Light.svg\",\"contentUrl\":\"https:\/\/proacomunicacion.es\/wp-content\/uploads\/2024\/01\/Logo_Light.svg\",\"width\":136,\"height\":33,\"caption\":\"PROA Comunicaci\u00f3n\"},\"image\":{\"@id\":\"https:\/\/proacomunicacion.es\/#\/schema\/logo\/image\/\"},\"sameAs\":[\"https:\/\/x.com\/proacomunica\",\"https:\/\/es.linkedin.com\/company\/proa-comunicacion_2\",\"https:\/\/www.instagram.com\/proacomunica\/\",\"https:\/\/www.youtube.com\/@proacomunicacion\",\"https:\/\/es.wikipedia.org\/wiki\/PROA_Comunicacin\"]},{\"@type\":\"Person\",\"@id\":\"https:\/\/proacomunicacion.es\/#\/schema\/person\/f80dc8938ea94e7f8aa1e8dc716d5a60\",\"name\":\"PROA Comunicaci\u00f3n\",\"image\":{\"@type\":\"ImageObject\",\"inLanguage\":\"en-GB\",\"@id\":\"https:\/\/proacomunicacion.es\/#\/schema\/person\/image\/\",\"url\":\"https:\/\/secure.gravatar.com\/avatar\/394c93c195ff19b00e79d66a42971657a01de9f2740b97148d0f14a1e1a359b7?s=96&r=g\",\"contentUrl\":\"https:\/\/secure.gravatar.com\/avatar\/394c93c195ff19b00e79d66a42971657a01de9f2740b97148d0f14a1e1a359b7?s=96&r=g\",\"caption\":\"PROA Comunicaci\u00f3n\"}}]}<\/script>\n<!-- \/ Yoast SEO plugin. -->","yoast_head_json":{"title":"Rebuilding Spain, with Ana Pastor - PROA Comunicaci\u00f3n","robots":{"index":"index","follow":"follow","max-snippet":"max-snippet:-1","max-image-preview":"max-image-preview:large","max-video-preview":"max-video-preview:-1"},"canonical":"https:\/\/proacomunicacion.es\/en\/the-reconstruction-of-spain-with-ana-pastor\/","og_locale":"en_GB","og_type":"article","og_title":"La reconstrucci\u00f3n de Espa\u00f1a, con Ana Pastor - PROA Comunicaci\u00f3n","og_description":"Ana Pastor, vicepresidenta del Congreso de los Diputados y portavoz del PP en la Comisi\u00f3n para la Reconstrucci\u00f3n, inaugur\u00f3 el jueves 23 de julio el primer Observatorio PROA del pos-COVID con una charla sobre la actividad y los resultados de la citada comisi\u00f3n, cuyos documentos fueron sometidos a votaci\u00f3n el d\u00eda anterior en la C\u00e1mara [&hellip;]","og_url":"https:\/\/proacomunicacion.es\/en\/the-reconstruction-of-spain-with-ana-pastor\/","og_site_name":"PROA Comunicaci\u00f3n","article_published_time":"2020-07-24T14:46:37+00:00","og_image":[{"width":2560,"height":1414,"url":"https:\/\/proacomunicacion.es\/wp-content\/uploads\/2025\/08\/Firefly_radio-de-barco-scaled.jpg","type":"image\/jpeg"}],"author":"PROA Comunicaci\u00f3n","twitter_card":"summary_large_image","twitter_creator":"@proacomunica","twitter_site":"@proacomunica","twitter_misc":{"Written by":"PROA Comunicaci\u00f3n","Estimated reading time":"5 minutes"},"schema":{"@context":"https:\/\/schema.org","@graph":[{"@type":"Article","@id":"https:\/\/proacomunicacion.es\/la-reconstruccion-de-espana-con-ana-pastor\/#article","isPartOf":{"@id":"https:\/\/proacomunicacion.es\/la-reconstruccion-de-espana-con-ana-pastor\/"},"author":{"name":"PROA Comunicaci\u00f3n","@id":"https:\/\/proacomunicacion.es\/#\/schema\/person\/f80dc8938ea94e7f8aa1e8dc716d5a60"},"headline":"La reconstrucci\u00f3n de Espa\u00f1a, con Ana Pastor","datePublished":"2020-07-24T14:46:37+00:00","mainEntityOfPage":{"@id":"https:\/\/proacomunicacion.es\/la-reconstruccion-de-espana-con-ana-pastor\/"},"wordCount":1001,"publisher":{"@id":"https:\/\/proacomunicacion.es\/#organization"},"image":{"@id":"https:\/\/proacomunicacion.es\/la-reconstruccion-de-espana-con-ana-pastor\/#primaryimage"},"thumbnailUrl":"","articleSection":["Actualidad"],"inLanguage":"en-GB"},{"@type":"WebPage","@id":"https:\/\/proacomunicacion.es\/la-reconstruccion-de-espana-con-ana-pastor\/","url":"https:\/\/proacomunicacion.es\/la-reconstruccion-de-espana-con-ana-pastor\/","name":"Rebuilding Spain, with Ana Pastor - PROA Comunicaci\u00f3n","isPartOf":{"@id":"https:\/\/proacomunicacion.es\/#website"},"primaryImageOfPage":{"@id":"https:\/\/proacomunicacion.es\/la-reconstruccion-de-espana-con-ana-pastor\/#primaryimage"},"image":{"@id":"https:\/\/proacomunicacion.es\/la-reconstruccion-de-espana-con-ana-pastor\/#primaryimage"},"thumbnailUrl":"","datePublished":"2020-07-24T14:46:37+00:00","breadcrumb":{"@id":"https:\/\/proacomunicacion.es\/la-reconstruccion-de-espana-con-ana-pastor\/#breadcrumb"},"inLanguage":"en-GB","potentialAction":[{"@type":"ReadAction","target":["https:\/\/proacomunicacion.es\/la-reconstruccion-de-espana-con-ana-pastor\/"]}]},{"@type":"ImageObject","inLanguage":"en-GB","@id":"https:\/\/proacomunicacion.es\/la-reconstruccion-de-espana-con-ana-pastor\/#primaryimage","url":"","contentUrl":""},{"@type":"BreadcrumbList","@id":"https:\/\/proacomunicacion.es\/la-reconstruccion-de-espana-con-ana-pastor\/#breadcrumb","itemListElement":[{"@type":"ListItem","position":1,"name":"Portada","item":"https:\/\/proacomunicacion.es\/"},{"@type":"ListItem","position":2,"name":"La reconstrucci\u00f3n de Espa\u00f1a, con Ana Pastor"}]},{"@type":"WebSite","@id":"https:\/\/proacomunicacion.es\/#website","url":"https:\/\/proacomunicacion.es\/","name":"PROA Communication","description":"Corporate Communications Agency in Madrid, Barcelona and Galicia.","publisher":{"@id":"https:\/\/proacomunicacion.es\/#organization"},"alternateName":"PROA Comunicaci\u00f3n","potentialAction":[{"@type":"SearchAction","target":{"@type":"EntryPoint","urlTemplate":"https:\/\/proacomunicacion.es\/?s={search_term_string}"},"query-input":{"@type":"PropertyValueSpecification","valueRequired":true,"valueName":"search_term_string"}}],"inLanguage":"en-GB"},{"@type":"Organization","@id":"https:\/\/proacomunicacion.es\/#organization","name":"PROA Communication","alternateName":"PROA Comunicaci\u00f3n","url":"https:\/\/proacomunicacion.es\/","logo":{"@type":"ImageObject","inLanguage":"en-GB","@id":"https:\/\/proacomunicacion.es\/#\/schema\/logo\/image\/","url":"https:\/\/proacomunicacion.es\/wp-content\/uploads\/2024\/01\/Logo_Light.svg","contentUrl":"https:\/\/proacomunicacion.es\/wp-content\/uploads\/2024\/01\/Logo_Light.svg","width":136,"height":33,"caption":"PROA Comunicaci\u00f3n"},"image":{"@id":"https:\/\/proacomunicacion.es\/#\/schema\/logo\/image\/"},"sameAs":["https:\/\/x.com\/proacomunica","https:\/\/es.linkedin.com\/company\/proa-comunicacion_2","https:\/\/www.instagram.com\/proacomunica\/","https:\/\/www.youtube.com\/@proacomunicacion","https:\/\/es.wikipedia.org\/wiki\/PROA_Comunicacin"]},{"@type":"Person","@id":"https:\/\/proacomunicacion.es\/#\/schema\/person\/f80dc8938ea94e7f8aa1e8dc716d5a60","name":"PROA Communication","image":{"@type":"ImageObject","inLanguage":"en-GB","@id":"https:\/\/proacomunicacion.es\/#\/schema\/person\/image\/","url":"https:\/\/secure.gravatar.com\/avatar\/394c93c195ff19b00e79d66a42971657a01de9f2740b97148d0f14a1e1a359b7?s=96&r=g","contentUrl":"https:\/\/secure.gravatar.com\/avatar\/394c93c195ff19b00e79d66a42971657a01de9f2740b97148d0f14a1e1a359b7?s=96&r=g","caption":"PROA Comunicaci\u00f3n"}}]}},"_links":{"self":[{"href":"https:\/\/proacomunicacion.es\/en\/wp-json\/wp\/v2\/posts\/21669","targetHints":{"allow":["GET"]}}],"collection":[{"href":"https:\/\/proacomunicacion.es\/en\/wp-json\/wp\/v2\/posts"}],"about":[{"href":"https:\/\/proacomunicacion.es\/en\/wp-json\/wp\/v2\/types\/post"}],"author":[{"embeddable":true,"href":"https:\/\/proacomunicacion.es\/en\/wp-json\/wp\/v2\/users\/28"}],"replies":[{"embeddable":true,"href":"https:\/\/proacomunicacion.es\/en\/wp-json\/wp\/v2\/comments?post=21669"}],"version-history":[{"count":0,"href":"https:\/\/proacomunicacion.es\/en\/wp-json\/wp\/v2\/posts\/21669\/revisions"}],"wp:featuredmedia":[{"embeddable":true,"href":"https:\/\/proacomunicacion.es\/en\/wp-json\/"}],"wp:attachment":[{"href":"https:\/\/proacomunicacion.es\/en\/wp-json\/wp\/v2\/media?parent=21669"}],"wp:term":[{"taxonomy":"category","embeddable":true,"href":"https:\/\/proacomunicacion.es\/en\/wp-json\/wp\/v2\/categories?post=21669"},{"taxonomy":"post_tag","embeddable":true,"href":"https:\/\/proacomunicacion.es\/en\/wp-json\/wp\/v2\/tags?post=21669"}],"curies":[{"name":"wp","href":"https:\/\/api.w.org\/{rel}","templated":true}]}}