{"id":21956,"date":"2020-10-14T18:42:01","date_gmt":"2020-10-14T16:42:01","guid":{"rendered":"https:\/\/proacomunicacion.es\/?p=21956"},"modified":"2020-10-14T18:42:01","modified_gmt":"2020-10-14T16:42:01","slug":"roman-merino-reinforce-proactive-companies-competitiveness-plan","status":"publish","type":"post","link":"https:\/\/proacomunicacion.es\/en\/roman-merino-reinforce-empresas-proactivas-plan-competitividad\/","title":{"rendered":"Rom\u00e1n Merino <span class=\"dash\">--<\/span> \"Companies need to be proactive and have a competitiveness plan\"."},"content":{"rendered":"<p>Rom\u00e1n Merino, Managing Partner of <strong>REINFORCE ADVISORS GROUP<\/strong>a firm with recognised expertise in people and HR management, analyses what kind of crisis we are in and at what stage of the crisis we are in. He also reflects on how the current lack of certainty affects the present and the future of companies. Finally, he explains how REINFORCE is helping companies.<\/p>\n<p><iframe src=\"https:\/\/www.youtube.com\/embed\/Vw7k1XWmGhs\" width=\"960\" height=\"515\" frameborder=\"0\" allowfullscreen=\"allowfullscreen\"><span data-mce-type=\"bookmark\" style=\"display: inline-block; width: 0px; overflow: hidden; line-height: 0;\" class=\"mce_SELRES_start\"><\/span><span data-mce-type=\"bookmark\" style=\"display: inline-block; width: 0px; overflow: hidden; line-height: 0;\" class=\"mce_SELRES_start\"><\/span><\/iframe><\/p>","protected":false},"excerpt":{"rendered":"<p>Rom\u00e1n Merino, socio director de REINFORCE ADVISORS GROUP, firma con reconocida experiencia en gesti\u00f3n de personas y de RR.HH., analiza en qu\u00e9 clase y en qu\u00e9 fase de la crisis nos encontramos. Tambi\u00e9n reflexiona sobre c\u00f3mo afecta la actual falta de certezas al presente y al futuro de las compa\u00f1\u00edas. Por \u00faltimo, explica la ayuda [&hellip;]<\/p>\n","protected":false},"author":28,"featured_media":21958,"comment_status":"closed","ping_status":"closed","sticky":false,"template":"","format":"standard","meta":{"footnotes":""},"categories":[176],"tags":[2026,2027],"class_list":["post-21956","post","type-post","status-publish","format-standard","has-post-thumbnail","hentry","category-blog","tag-reinforce","tag-roman-merino"],"yoast_head":"<!-- This site is optimized with the Yoast SEO plugin v27.0 - https:\/\/yoast.com\/product\/yoast-seo-wordpress\/ -->\n<title>Rom\u00e1n Merino \u2014\u2014 \u201cLas empresas necesitan ser proactivas y tener un plan de competitividad&quot; - PROA Comunicaci\u00f3n<\/title>\n<meta name=\"robots\" content=\"index, follow, max-snippet:-1, max-image-preview:large, max-video-preview:-1\" \/>\n<link rel=\"canonical\" href=\"https:\/\/proacomunicacion.es\/en\/roman-merino-reinforce-proactive-companies-competitiveness-plan\/\" \/>\n<meta property=\"og:locale\" content=\"en_GB\" \/>\n<meta property=\"og:type\" content=\"article\" \/>\n<meta property=\"og:title\" content=\"Rom\u00e1n Merino \u2014\u2014 \u201cLas empresas necesitan ser proactivas y tener un plan de competitividad&quot; - PROA Comunicaci\u00f3n\" \/>\n<meta property=\"og:description\" content=\"Rom\u00e1n Merino, socio director de REINFORCE ADVISORS GROUP, firma con reconocida experiencia en gesti\u00f3n de personas y de RR.HH., analiza en qu\u00e9 clase y en qu\u00e9 fase de la crisis nos encontramos. Tambi\u00e9n reflexiona sobre c\u00f3mo afecta la actual falta de certezas al presente y al futuro de las compa\u00f1\u00edas. Por \u00faltimo, explica la ayuda [&hellip;]\" \/>\n<meta property=\"og:url\" content=\"https:\/\/proacomunicacion.es\/en\/roman-merino-reinforce-proactive-companies-competitiveness-plan\/\" \/>\n<meta property=\"og:site_name\" content=\"PROA Comunicaci\u00f3n\" \/>\n<meta property=\"article:published_time\" content=\"2020-10-14T16:42:01+00:00\" \/>\n<meta property=\"og:image\" content=\"https:\/\/proacomunicacion.es\/wp-content\/uploads\/2025\/08\/Firefly_radio-de-barco-scaled.jpg\" \/>\n\t<meta property=\"og:image:width\" content=\"2560\" \/>\n\t<meta property=\"og:image:height\" content=\"1414\" \/>\n\t<meta property=\"og:image:type\" content=\"image\/jpeg\" \/>\n<meta name=\"author\" content=\"PROA Comunicaci\u00f3n\" \/>\n<meta name=\"twitter:card\" content=\"summary_large_image\" \/>\n<meta name=\"twitter:creator\" content=\"@proacomunica\" \/>\n<meta name=\"twitter:site\" content=\"@proacomunica\" \/>\n<meta name=\"twitter:label1\" content=\"Written by\" \/>\n\t<meta name=\"twitter:data1\" content=\"PROA Comunicaci\u00f3n\" \/>\n<script type=\"application\/ld+json\" class=\"yoast-schema-graph\">{\"@context\":\"https:\/\/schema.org\",\"@graph\":[{\"@type\":\"Article\",\"@id\":\"https:\/\/proacomunicacion.es\/roman-merino-reinforce-empresas-proactivas-plan-competitividad\/#article\",\"isPartOf\":{\"@id\":\"https:\/\/proacomunicacion.es\/roman-merino-reinforce-empresas-proactivas-plan-competitividad\/\"},\"author\":{\"name\":\"PROA Comunicaci\u00f3n\",\"@id\":\"https:\/\/proacomunicacion.es\/#\/schema\/person\/f80dc8938ea94e7f8aa1e8dc716d5a60\"},\"headline\":\"Rom\u00e1n Merino \u2014\u2014 \u201cLas empresas necesitan ser proactivas y tener un plan de competitividad\u00bb\",\"datePublished\":\"2020-10-14T16:42:01+00:00\",\"mainEntityOfPage\":{\"@id\":\"https:\/\/proacomunicacion.es\/roman-merino-reinforce-empresas-proactivas-plan-competitividad\/\"},\"wordCount\":84,\"publisher\":{\"@id\":\"https:\/\/proacomunicacion.es\/#organization\"},\"image\":{\"@id\":\"https:\/\/proacomunicacion.es\/roman-merino-reinforce-empresas-proactivas-plan-competitividad\/#primaryimage\"},\"thumbnailUrl\":\"\",\"keywords\":[\"reinforce\",\"rom\u00e1n merino\"],\"articleSection\":[\"Blog\"],\"inLanguage\":\"en-GB\"},{\"@type\":\"WebPage\",\"@id\":\"https:\/\/proacomunicacion.es\/roman-merino-reinforce-empresas-proactivas-plan-competitividad\/\",\"url\":\"https:\/\/proacomunicacion.es\/roman-merino-reinforce-empresas-proactivas-plan-competitividad\/\",\"name\":\"Rom\u00e1n Merino \u2014\u2014 \u201cLas empresas necesitan ser proactivas y tener un plan de competitividad\\\" - PROA Comunicaci\u00f3n\",\"isPartOf\":{\"@id\":\"https:\/\/proacomunicacion.es\/#website\"},\"primaryImageOfPage\":{\"@id\":\"https:\/\/proacomunicacion.es\/roman-merino-reinforce-empresas-proactivas-plan-competitividad\/#primaryimage\"},\"image\":{\"@id\":\"https:\/\/proacomunicacion.es\/roman-merino-reinforce-empresas-proactivas-plan-competitividad\/#primaryimage\"},\"thumbnailUrl\":\"\",\"datePublished\":\"2020-10-14T16:42:01+00:00\",\"breadcrumb\":{\"@id\":\"https:\/\/proacomunicacion.es\/roman-merino-reinforce-empresas-proactivas-plan-competitividad\/#breadcrumb\"},\"inLanguage\":\"en-GB\",\"potentialAction\":[{\"@type\":\"ReadAction\",\"target\":[\"https:\/\/proacomunicacion.es\/roman-merino-reinforce-empresas-proactivas-plan-competitividad\/\"]}]},{\"@type\":\"ImageObject\",\"inLanguage\":\"en-GB\",\"@id\":\"https:\/\/proacomunicacion.es\/roman-merino-reinforce-empresas-proactivas-plan-competitividad\/#primaryimage\",\"url\":\"\",\"contentUrl\":\"\"},{\"@type\":\"BreadcrumbList\",\"@id\":\"https:\/\/proacomunicacion.es\/roman-merino-reinforce-empresas-proactivas-plan-competitividad\/#breadcrumb\",\"itemListElement\":[{\"@type\":\"ListItem\",\"position\":1,\"name\":\"Portada\",\"item\":\"https:\/\/proacomunicacion.es\/\"},{\"@type\":\"ListItem\",\"position\":2,\"name\":\"Rom\u00e1n Merino \u2014\u2014 \u201cLas empresas necesitan ser proactivas y tener un plan de competitividad\u00bb\"}]},{\"@type\":\"WebSite\",\"@id\":\"https:\/\/proacomunicacion.es\/#website\",\"url\":\"https:\/\/proacomunicacion.es\/\",\"name\":\"PROA Comunicaci\u00f3n\",\"description\":\"Agencia de Comunicaci\u00f3n Corporativa en Madrid, Barcelona y Galicia.\",\"publisher\":{\"@id\":\"https:\/\/proacomunicacion.es\/#organization\"},\"alternateName\":\"PROA Comunicaci\u00f3n\",\"potentialAction\":[{\"@type\":\"SearchAction\",\"target\":{\"@type\":\"EntryPoint\",\"urlTemplate\":\"https:\/\/proacomunicacion.es\/?s={search_term_string}\"},\"query-input\":{\"@type\":\"PropertyValueSpecification\",\"valueRequired\":true,\"valueName\":\"search_term_string\"}}],\"inLanguage\":\"en-GB\"},{\"@type\":\"Organization\",\"@id\":\"https:\/\/proacomunicacion.es\/#organization\",\"name\":\"PROA Comunicaci\u00f3n\",\"alternateName\":\"PROA Comunicaci\u00f3n\",\"url\":\"https:\/\/proacomunicacion.es\/\",\"logo\":{\"@type\":\"ImageObject\",\"inLanguage\":\"en-GB\",\"@id\":\"https:\/\/proacomunicacion.es\/#\/schema\/logo\/image\/\",\"url\":\"https:\/\/proacomunicacion.es\/wp-content\/uploads\/2024\/01\/Logo_Light.svg\",\"contentUrl\":\"https:\/\/proacomunicacion.es\/wp-content\/uploads\/2024\/01\/Logo_Light.svg\",\"width\":136,\"height\":33,\"caption\":\"PROA Comunicaci\u00f3n\"},\"image\":{\"@id\":\"https:\/\/proacomunicacion.es\/#\/schema\/logo\/image\/\"},\"sameAs\":[\"https:\/\/x.com\/proacomunica\",\"https:\/\/es.linkedin.com\/company\/proa-comunicacion_2\",\"https:\/\/www.instagram.com\/proacomunica\/\",\"https:\/\/www.youtube.com\/@proacomunicacion\",\"https:\/\/es.wikipedia.org\/wiki\/PROA_Comunicacin\"]},{\"@type\":\"Person\",\"@id\":\"https:\/\/proacomunicacion.es\/#\/schema\/person\/f80dc8938ea94e7f8aa1e8dc716d5a60\",\"name\":\"PROA Comunicaci\u00f3n\",\"image\":{\"@type\":\"ImageObject\",\"inLanguage\":\"en-GB\",\"@id\":\"https:\/\/proacomunicacion.es\/#\/schema\/person\/image\/\",\"url\":\"https:\/\/secure.gravatar.com\/avatar\/394c93c195ff19b00e79d66a42971657a01de9f2740b97148d0f14a1e1a359b7?s=96&r=g\",\"contentUrl\":\"https:\/\/secure.gravatar.com\/avatar\/394c93c195ff19b00e79d66a42971657a01de9f2740b97148d0f14a1e1a359b7?s=96&r=g\",\"caption\":\"PROA Comunicaci\u00f3n\"}}]}<\/script>\n<!-- \/ Yoast SEO plugin. -->","yoast_head_json":{"title":"Rom\u00e1n Merino -- \"Companies need to be proactive and have a competitiveness plan\" - PROA Comunicaci\u00f3n","robots":{"index":"index","follow":"follow","max-snippet":"max-snippet:-1","max-image-preview":"max-image-preview:large","max-video-preview":"max-video-preview:-1"},"canonical":"https:\/\/proacomunicacion.es\/en\/roman-merino-reinforce-proactive-companies-competitiveness-plan\/","og_locale":"en_GB","og_type":"article","og_title":"Rom\u00e1n Merino \u2014\u2014 \u201cLas empresas necesitan ser proactivas y tener un plan de competitividad\" - PROA Comunicaci\u00f3n","og_description":"Rom\u00e1n Merino, socio director de REINFORCE ADVISORS GROUP, firma con reconocida experiencia en gesti\u00f3n de personas y de RR.HH., analiza en qu\u00e9 clase y en qu\u00e9 fase de la crisis nos encontramos. Tambi\u00e9n reflexiona sobre c\u00f3mo afecta la actual falta de certezas al presente y al futuro de las compa\u00f1\u00edas. Por \u00faltimo, explica la ayuda [&hellip;]","og_url":"https:\/\/proacomunicacion.es\/en\/roman-merino-reinforce-proactive-companies-competitiveness-plan\/","og_site_name":"PROA Comunicaci\u00f3n","article_published_time":"2020-10-14T16:42:01+00:00","og_image":[{"width":2560,"height":1414,"url":"https:\/\/proacomunicacion.es\/wp-content\/uploads\/2025\/08\/Firefly_radio-de-barco-scaled.jpg","type":"image\/jpeg"}],"author":"PROA Comunicaci\u00f3n","twitter_card":"summary_large_image","twitter_creator":"@proacomunica","twitter_site":"@proacomunica","twitter_misc":{"Written by":"PROA Comunicaci\u00f3n"},"schema":{"@context":"https:\/\/schema.org","@graph":[{"@type":"Article","@id":"https:\/\/proacomunicacion.es\/roman-merino-reinforce-empresas-proactivas-plan-competitividad\/#article","isPartOf":{"@id":"https:\/\/proacomunicacion.es\/roman-merino-reinforce-empresas-proactivas-plan-competitividad\/"},"author":{"name":"PROA Comunicaci\u00f3n","@id":"https:\/\/proacomunicacion.es\/#\/schema\/person\/f80dc8938ea94e7f8aa1e8dc716d5a60"},"headline":"Rom\u00e1n Merino \u2014\u2014 \u201cLas empresas necesitan ser proactivas y tener un plan de competitividad\u00bb","datePublished":"2020-10-14T16:42:01+00:00","mainEntityOfPage":{"@id":"https:\/\/proacomunicacion.es\/roman-merino-reinforce-empresas-proactivas-plan-competitividad\/"},"wordCount":84,"publisher":{"@id":"https:\/\/proacomunicacion.es\/#organization"},"image":{"@id":"https:\/\/proacomunicacion.es\/roman-merino-reinforce-empresas-proactivas-plan-competitividad\/#primaryimage"},"thumbnailUrl":"","keywords":["reinforce","rom\u00e1n merino"],"articleSection":["Blog"],"inLanguage":"en-GB"},{"@type":"WebPage","@id":"https:\/\/proacomunicacion.es\/roman-merino-reinforce-empresas-proactivas-plan-competitividad\/","url":"https:\/\/proacomunicacion.es\/roman-merino-reinforce-empresas-proactivas-plan-competitividad\/","name":"Rom\u00e1n Merino -- \"Companies need to be proactive and have a competitiveness plan\" - PROA Comunicaci\u00f3n","isPartOf":{"@id":"https:\/\/proacomunicacion.es\/#website"},"primaryImageOfPage":{"@id":"https:\/\/proacomunicacion.es\/roman-merino-reinforce-empresas-proactivas-plan-competitividad\/#primaryimage"},"image":{"@id":"https:\/\/proacomunicacion.es\/roman-merino-reinforce-empresas-proactivas-plan-competitividad\/#primaryimage"},"thumbnailUrl":"","datePublished":"2020-10-14T16:42:01+00:00","breadcrumb":{"@id":"https:\/\/proacomunicacion.es\/roman-merino-reinforce-empresas-proactivas-plan-competitividad\/#breadcrumb"},"inLanguage":"en-GB","potentialAction":[{"@type":"ReadAction","target":["https:\/\/proacomunicacion.es\/roman-merino-reinforce-empresas-proactivas-plan-competitividad\/"]}]},{"@type":"ImageObject","inLanguage":"en-GB","@id":"https:\/\/proacomunicacion.es\/roman-merino-reinforce-empresas-proactivas-plan-competitividad\/#primaryimage","url":"","contentUrl":""},{"@type":"BreadcrumbList","@id":"https:\/\/proacomunicacion.es\/roman-merino-reinforce-empresas-proactivas-plan-competitividad\/#breadcrumb","itemListElement":[{"@type":"ListItem","position":1,"name":"Portada","item":"https:\/\/proacomunicacion.es\/"},{"@type":"ListItem","position":2,"name":"Rom\u00e1n Merino \u2014\u2014 \u201cLas empresas necesitan ser proactivas y tener un plan de competitividad\u00bb"}]},{"@type":"WebSite","@id":"https:\/\/proacomunicacion.es\/#website","url":"https:\/\/proacomunicacion.es\/","name":"PROA Communication","description":"Corporate Communications Agency in Madrid, Barcelona and Galicia.","publisher":{"@id":"https:\/\/proacomunicacion.es\/#organization"},"alternateName":"PROA Comunicaci\u00f3n","potentialAction":[{"@type":"SearchAction","target":{"@type":"EntryPoint","urlTemplate":"https:\/\/proacomunicacion.es\/?s={search_term_string}"},"query-input":{"@type":"PropertyValueSpecification","valueRequired":true,"valueName":"search_term_string"}}],"inLanguage":"en-GB"},{"@type":"Organization","@id":"https:\/\/proacomunicacion.es\/#organization","name":"PROA Communication","alternateName":"PROA Comunicaci\u00f3n","url":"https:\/\/proacomunicacion.es\/","logo":{"@type":"ImageObject","inLanguage":"en-GB","@id":"https:\/\/proacomunicacion.es\/#\/schema\/logo\/image\/","url":"https:\/\/proacomunicacion.es\/wp-content\/uploads\/2024\/01\/Logo_Light.svg","contentUrl":"https:\/\/proacomunicacion.es\/wp-content\/uploads\/2024\/01\/Logo_Light.svg","width":136,"height":33,"caption":"PROA Comunicaci\u00f3n"},"image":{"@id":"https:\/\/proacomunicacion.es\/#\/schema\/logo\/image\/"},"sameAs":["https:\/\/x.com\/proacomunica","https:\/\/es.linkedin.com\/company\/proa-comunicacion_2","https:\/\/www.instagram.com\/proacomunica\/","https:\/\/www.youtube.com\/@proacomunicacion","https:\/\/es.wikipedia.org\/wiki\/PROA_Comunicacin"]},{"@type":"Person","@id":"https:\/\/proacomunicacion.es\/#\/schema\/person\/f80dc8938ea94e7f8aa1e8dc716d5a60","name":"PROA Communication","image":{"@type":"ImageObject","inLanguage":"en-GB","@id":"https:\/\/proacomunicacion.es\/#\/schema\/person\/image\/","url":"https:\/\/secure.gravatar.com\/avatar\/394c93c195ff19b00e79d66a42971657a01de9f2740b97148d0f14a1e1a359b7?s=96&r=g","contentUrl":"https:\/\/secure.gravatar.com\/avatar\/394c93c195ff19b00e79d66a42971657a01de9f2740b97148d0f14a1e1a359b7?s=96&r=g","caption":"PROA Comunicaci\u00f3n"}}]}},"_links":{"self":[{"href":"https:\/\/proacomunicacion.es\/en\/wp-json\/wp\/v2\/posts\/21956","targetHints":{"allow":["GET"]}}],"collection":[{"href":"https:\/\/proacomunicacion.es\/en\/wp-json\/wp\/v2\/posts"}],"about":[{"href":"https:\/\/proacomunicacion.es\/en\/wp-json\/wp\/v2\/types\/post"}],"author":[{"embeddable":true,"href":"https:\/\/proacomunicacion.es\/en\/wp-json\/wp\/v2\/users\/28"}],"replies":[{"embeddable":true,"href":"https:\/\/proacomunicacion.es\/en\/wp-json\/wp\/v2\/comments?post=21956"}],"version-history":[{"count":0,"href":"https:\/\/proacomunicacion.es\/en\/wp-json\/wp\/v2\/posts\/21956\/revisions"}],"wp:featuredmedia":[{"embeddable":true,"href":"https:\/\/proacomunicacion.es\/en\/wp-json\/"}],"wp:attachment":[{"href":"https:\/\/proacomunicacion.es\/en\/wp-json\/wp\/v2\/media?parent=21956"}],"wp:term":[{"taxonomy":"category","embeddable":true,"href":"https:\/\/proacomunicacion.es\/en\/wp-json\/wp\/v2\/categories?post=21956"},{"taxonomy":"post_tag","embeddable":true,"href":"https:\/\/proacomunicacion.es\/en\/wp-json\/wp\/v2\/tags?post=21956"}],"curies":[{"name":"wp","href":"https:\/\/api.w.org\/{rel}","templated":true}]}}