{"id":22338,"date":"2020-11-19T12:13:43","date_gmt":"2020-11-19T11:13:43","guid":{"rendered":"https:\/\/proacomunicacion.es\/?p=22338"},"modified":"2020-11-19T12:13:43","modified_gmt":"2020-11-19T11:13:43","slug":"without-good-communication-during-a-crisis-the-problem-is-not-solved","status":"publish","type":"post","link":"https:\/\/proacomunicacion.es\/en\/sin-buena-comunicacion-durante-una-crisis-el-problema-no-se-resuelve\/","title":{"rendered":"Yago de la Cierva <span class=\"dash\">--<\/span> \"Without good communication during a crisis, the problem is not solved\"."},"content":{"rendered":"<p><span style=\"font-size: 16px; line-height: 24px;\"><span style=\"line-height: 18px;\"><strong><a href=\"https:\/\/proacomunicacion.es\/en\/consultores-comunicacion-corporativa\/yago-de-la-cierva\/\">Yago de la Cierva<\/a><\/strong>crisis communications director at <strong>PROA<\/strong>In this new video, he explains the importance of having a strategic crisis communication plan prepared ex ante, highlighting the important role of an external agent, such as consultancy firms, in its implementation.\u00a0<\/span><\/span><\/p>\n<p><iframe title=\"Yago de la Cierva &quot;Without good communication during a crisis, the problem is not solved&quot;.\" width=\"800\" height=\"450\" src=\"https:\/\/www.youtube.com\/embed\/SwQSZh2c6Ak?feature=oembed\" frameborder=\"0\" allow=\"accelerometer; autoplay; clipboard-write; encrypted-media; gyroscope; picture-in-picture; web-share\" allowfullscreen><\/iframe><\/p>\n<h3>This text may be reproduced provided that PROA is credited as the original source.<\/h3>","protected":false},"excerpt":{"rendered":"<p>Yago de la Cierva, director de comunicaci\u00f3n de crisis en PROA, expone en este nuevo v\u00eddeo\u00a0la importancia de tener un plan estrat\u00e9gico en comunicaci\u00f3n de crisis preparado ex ante, resaltando el importante papel de un agente externo, como las consultoras para su mejor implementaci\u00f3n.\u00a0 Cabe la reproducci\u00f3n de este texto siempre que se mencione a [&hellip;]<\/p>\n","protected":false},"author":28,"featured_media":22458,"comment_status":"closed","ping_status":"closed","sticky":false,"template":"","format":"standard","meta":{"footnotes":""},"categories":[176],"tags":[],"class_list":["post-22338","post","type-post","status-publish","format-standard","has-post-thumbnail","hentry","category-blog"],"yoast_head":"<!-- This site is optimized with the Yoast SEO plugin v27.0 - https:\/\/yoast.com\/product\/yoast-seo-wordpress\/ -->\n<title>Yago de la Cierva \u2014\u2014 \u201cSin buena comunicaci\u00f3n durante una crisis, el problema no se resuelve\u201d - PROA Comunicaci\u00f3n<\/title>\n<meta name=\"robots\" content=\"index, follow, max-snippet:-1, max-image-preview:large, max-video-preview:-1\" \/>\n<link rel=\"canonical\" href=\"https:\/\/proacomunicacion.es\/en\/without-good-communication-during-a-crisis-the-problem-is-not-solved\/\" \/>\n<meta property=\"og:locale\" content=\"en_GB\" \/>\n<meta property=\"og:type\" content=\"article\" \/>\n<meta property=\"og:title\" content=\"Yago de la Cierva \u2014\u2014 \u201cSin buena comunicaci\u00f3n durante una crisis, el problema no se resuelve\u201d - PROA Comunicaci\u00f3n\" \/>\n<meta property=\"og:description\" content=\"Yago de la Cierva, director de comunicaci\u00f3n de crisis en PROA, expone en este nuevo v\u00eddeo\u00a0la importancia de tener un plan estrat\u00e9gico en comunicaci\u00f3n de crisis preparado ex ante, resaltando el importante papel de un agente externo, como las consultoras para su mejor implementaci\u00f3n.\u00a0 Cabe la reproducci\u00f3n de este texto siempre que se mencione a [&hellip;]\" \/>\n<meta property=\"og:url\" content=\"https:\/\/proacomunicacion.es\/en\/without-good-communication-during-a-crisis-the-problem-is-not-solved\/\" \/>\n<meta property=\"og:site_name\" content=\"PROA Comunicaci\u00f3n\" \/>\n<meta property=\"article:published_time\" content=\"2020-11-19T11:13:43+00:00\" \/>\n<meta property=\"og:image\" content=\"https:\/\/proacomunicacion.es\/wp-content\/uploads\/2025\/08\/Firefly_radio-de-barco-scaled.jpg\" \/>\n\t<meta property=\"og:image:width\" content=\"2560\" \/>\n\t<meta property=\"og:image:height\" content=\"1414\" \/>\n\t<meta property=\"og:image:type\" content=\"image\/jpeg\" \/>\n<meta name=\"author\" content=\"PROA Comunicaci\u00f3n\" \/>\n<meta name=\"twitter:card\" content=\"summary_large_image\" \/>\n<meta name=\"twitter:creator\" content=\"@proacomunica\" \/>\n<meta name=\"twitter:site\" content=\"@proacomunica\" \/>\n<meta name=\"twitter:label1\" content=\"Written by\" \/>\n\t<meta name=\"twitter:data1\" content=\"PROA Comunicaci\u00f3n\" \/>\n\t<meta name=\"twitter:label2\" content=\"Estimated reading time\" \/>\n\t<meta name=\"twitter:data2\" content=\"1 minute\" \/>\n<script type=\"application\/ld+json\" class=\"yoast-schema-graph\">{\"@context\":\"https:\/\/schema.org\",\"@graph\":[{\"@type\":\"Article\",\"@id\":\"https:\/\/proacomunicacion.es\/sin-buena-comunicacion-durante-una-crisis-el-problema-no-se-resuelve\/#article\",\"isPartOf\":{\"@id\":\"https:\/\/proacomunicacion.es\/sin-buena-comunicacion-durante-una-crisis-el-problema-no-se-resuelve\/\"},\"author\":{\"name\":\"PROA Comunicaci\u00f3n\",\"@id\":\"https:\/\/proacomunicacion.es\/#\/schema\/person\/f80dc8938ea94e7f8aa1e8dc716d5a60\"},\"headline\":\"Yago de la Cierva \u2014\u2014 \u201cSin buena comunicaci\u00f3n durante una crisis, el problema no se resuelve\u201d\",\"datePublished\":\"2020-11-19T11:13:43+00:00\",\"mainEntityOfPage\":{\"@id\":\"https:\/\/proacomunicacion.es\/sin-buena-comunicacion-durante-una-crisis-el-problema-no-se-resuelve\/\"},\"wordCount\":94,\"publisher\":{\"@id\":\"https:\/\/proacomunicacion.es\/#organization\"},\"image\":{\"@id\":\"https:\/\/proacomunicacion.es\/sin-buena-comunicacion-durante-una-crisis-el-problema-no-se-resuelve\/#primaryimage\"},\"thumbnailUrl\":\"\",\"articleSection\":[\"Blog\"],\"inLanguage\":\"en-GB\"},{\"@type\":\"WebPage\",\"@id\":\"https:\/\/proacomunicacion.es\/sin-buena-comunicacion-durante-una-crisis-el-problema-no-se-resuelve\/\",\"url\":\"https:\/\/proacomunicacion.es\/sin-buena-comunicacion-durante-una-crisis-el-problema-no-se-resuelve\/\",\"name\":\"Yago de la Cierva \u2014\u2014 \u201cSin buena comunicaci\u00f3n durante una crisis, el problema no se resuelve\u201d - PROA Comunicaci\u00f3n\",\"isPartOf\":{\"@id\":\"https:\/\/proacomunicacion.es\/#website\"},\"primaryImageOfPage\":{\"@id\":\"https:\/\/proacomunicacion.es\/sin-buena-comunicacion-durante-una-crisis-el-problema-no-se-resuelve\/#primaryimage\"},\"image\":{\"@id\":\"https:\/\/proacomunicacion.es\/sin-buena-comunicacion-durante-una-crisis-el-problema-no-se-resuelve\/#primaryimage\"},\"thumbnailUrl\":\"\",\"datePublished\":\"2020-11-19T11:13:43+00:00\",\"breadcrumb\":{\"@id\":\"https:\/\/proacomunicacion.es\/sin-buena-comunicacion-durante-una-crisis-el-problema-no-se-resuelve\/#breadcrumb\"},\"inLanguage\":\"en-GB\",\"potentialAction\":[{\"@type\":\"ReadAction\",\"target\":[\"https:\/\/proacomunicacion.es\/sin-buena-comunicacion-durante-una-crisis-el-problema-no-se-resuelve\/\"]}]},{\"@type\":\"ImageObject\",\"inLanguage\":\"en-GB\",\"@id\":\"https:\/\/proacomunicacion.es\/sin-buena-comunicacion-durante-una-crisis-el-problema-no-se-resuelve\/#primaryimage\",\"url\":\"\",\"contentUrl\":\"\"},{\"@type\":\"BreadcrumbList\",\"@id\":\"https:\/\/proacomunicacion.es\/sin-buena-comunicacion-durante-una-crisis-el-problema-no-se-resuelve\/#breadcrumb\",\"itemListElement\":[{\"@type\":\"ListItem\",\"position\":1,\"name\":\"Portada\",\"item\":\"https:\/\/proacomunicacion.es\/\"},{\"@type\":\"ListItem\",\"position\":2,\"name\":\"Yago de la Cierva \u2014\u2014 \u201cSin buena comunicaci\u00f3n durante una crisis, el problema no se resuelve\u201d\"}]},{\"@type\":\"WebSite\",\"@id\":\"https:\/\/proacomunicacion.es\/#website\",\"url\":\"https:\/\/proacomunicacion.es\/\",\"name\":\"PROA Comunicaci\u00f3n\",\"description\":\"Agencia de Comunicaci\u00f3n Corporativa en Madrid, Barcelona y Galicia.\",\"publisher\":{\"@id\":\"https:\/\/proacomunicacion.es\/#organization\"},\"alternateName\":\"PROA Comunicaci\u00f3n\",\"potentialAction\":[{\"@type\":\"SearchAction\",\"target\":{\"@type\":\"EntryPoint\",\"urlTemplate\":\"https:\/\/proacomunicacion.es\/?s={search_term_string}\"},\"query-input\":{\"@type\":\"PropertyValueSpecification\",\"valueRequired\":true,\"valueName\":\"search_term_string\"}}],\"inLanguage\":\"en-GB\"},{\"@type\":\"Organization\",\"@id\":\"https:\/\/proacomunicacion.es\/#organization\",\"name\":\"PROA Comunicaci\u00f3n\",\"alternateName\":\"PROA Comunicaci\u00f3n\",\"url\":\"https:\/\/proacomunicacion.es\/\",\"logo\":{\"@type\":\"ImageObject\",\"inLanguage\":\"en-GB\",\"@id\":\"https:\/\/proacomunicacion.es\/#\/schema\/logo\/image\/\",\"url\":\"https:\/\/proacomunicacion.es\/wp-content\/uploads\/2024\/01\/Logo_Light.svg\",\"contentUrl\":\"https:\/\/proacomunicacion.es\/wp-content\/uploads\/2024\/01\/Logo_Light.svg\",\"width\":136,\"height\":33,\"caption\":\"PROA Comunicaci\u00f3n\"},\"image\":{\"@id\":\"https:\/\/proacomunicacion.es\/#\/schema\/logo\/image\/\"},\"sameAs\":[\"https:\/\/x.com\/proacomunica\",\"https:\/\/es.linkedin.com\/company\/proa-comunicacion_2\",\"https:\/\/www.instagram.com\/proacomunica\/\",\"https:\/\/www.youtube.com\/@proacomunicacion\",\"https:\/\/es.wikipedia.org\/wiki\/PROA_Comunicacin\"]},{\"@type\":\"Person\",\"@id\":\"https:\/\/proacomunicacion.es\/#\/schema\/person\/f80dc8938ea94e7f8aa1e8dc716d5a60\",\"name\":\"PROA Comunicaci\u00f3n\",\"image\":{\"@type\":\"ImageObject\",\"inLanguage\":\"en-GB\",\"@id\":\"https:\/\/proacomunicacion.es\/#\/schema\/person\/image\/\",\"url\":\"https:\/\/secure.gravatar.com\/avatar\/394c93c195ff19b00e79d66a42971657a01de9f2740b97148d0f14a1e1a359b7?s=96&r=g\",\"contentUrl\":\"https:\/\/secure.gravatar.com\/avatar\/394c93c195ff19b00e79d66a42971657a01de9f2740b97148d0f14a1e1a359b7?s=96&r=g\",\"caption\":\"PROA Comunicaci\u00f3n\"}}]}<\/script>\n<!-- \/ Yoast SEO plugin. -->","yoast_head_json":{"title":"Yago de la Cierva -- \"Without good communication during a crisis, the problem is not solved\" - PROA Comunicaci\u00f3n","robots":{"index":"index","follow":"follow","max-snippet":"max-snippet:-1","max-image-preview":"max-image-preview:large","max-video-preview":"max-video-preview:-1"},"canonical":"https:\/\/proacomunicacion.es\/en\/without-good-communication-during-a-crisis-the-problem-is-not-solved\/","og_locale":"en_GB","og_type":"article","og_title":"Yago de la Cierva \u2014\u2014 \u201cSin buena comunicaci\u00f3n durante una crisis, el problema no se resuelve\u201d - PROA Comunicaci\u00f3n","og_description":"Yago de la Cierva, director de comunicaci\u00f3n de crisis en PROA, expone en este nuevo v\u00eddeo\u00a0la importancia de tener un plan estrat\u00e9gico en comunicaci\u00f3n de crisis preparado ex ante, resaltando el importante papel de un agente externo, como las consultoras para su mejor implementaci\u00f3n.\u00a0 Cabe la reproducci\u00f3n de este texto siempre que se mencione a [&hellip;]","og_url":"https:\/\/proacomunicacion.es\/en\/without-good-communication-during-a-crisis-the-problem-is-not-solved\/","og_site_name":"PROA Comunicaci\u00f3n","article_published_time":"2020-11-19T11:13:43+00:00","og_image":[{"width":2560,"height":1414,"url":"https:\/\/proacomunicacion.es\/wp-content\/uploads\/2025\/08\/Firefly_radio-de-barco-scaled.jpg","type":"image\/jpeg"}],"author":"PROA Comunicaci\u00f3n","twitter_card":"summary_large_image","twitter_creator":"@proacomunica","twitter_site":"@proacomunica","twitter_misc":{"Written by":"PROA Comunicaci\u00f3n","Estimated reading time":"1 minute"},"schema":{"@context":"https:\/\/schema.org","@graph":[{"@type":"Article","@id":"https:\/\/proacomunicacion.es\/sin-buena-comunicacion-durante-una-crisis-el-problema-no-se-resuelve\/#article","isPartOf":{"@id":"https:\/\/proacomunicacion.es\/sin-buena-comunicacion-durante-una-crisis-el-problema-no-se-resuelve\/"},"author":{"name":"PROA Comunicaci\u00f3n","@id":"https:\/\/proacomunicacion.es\/#\/schema\/person\/f80dc8938ea94e7f8aa1e8dc716d5a60"},"headline":"Yago de la Cierva \u2014\u2014 \u201cSin buena comunicaci\u00f3n durante una crisis, el problema no se resuelve\u201d","datePublished":"2020-11-19T11:13:43+00:00","mainEntityOfPage":{"@id":"https:\/\/proacomunicacion.es\/sin-buena-comunicacion-durante-una-crisis-el-problema-no-se-resuelve\/"},"wordCount":94,"publisher":{"@id":"https:\/\/proacomunicacion.es\/#organization"},"image":{"@id":"https:\/\/proacomunicacion.es\/sin-buena-comunicacion-durante-una-crisis-el-problema-no-se-resuelve\/#primaryimage"},"thumbnailUrl":"","articleSection":["Blog"],"inLanguage":"en-GB"},{"@type":"WebPage","@id":"https:\/\/proacomunicacion.es\/sin-buena-comunicacion-durante-una-crisis-el-problema-no-se-resuelve\/","url":"https:\/\/proacomunicacion.es\/sin-buena-comunicacion-durante-una-crisis-el-problema-no-se-resuelve\/","name":"Yago de la Cierva -- \"Without good communication during a crisis, the problem is not solved\" - PROA Comunicaci\u00f3n","isPartOf":{"@id":"https:\/\/proacomunicacion.es\/#website"},"primaryImageOfPage":{"@id":"https:\/\/proacomunicacion.es\/sin-buena-comunicacion-durante-una-crisis-el-problema-no-se-resuelve\/#primaryimage"},"image":{"@id":"https:\/\/proacomunicacion.es\/sin-buena-comunicacion-durante-una-crisis-el-problema-no-se-resuelve\/#primaryimage"},"thumbnailUrl":"","datePublished":"2020-11-19T11:13:43+00:00","breadcrumb":{"@id":"https:\/\/proacomunicacion.es\/sin-buena-comunicacion-durante-una-crisis-el-problema-no-se-resuelve\/#breadcrumb"},"inLanguage":"en-GB","potentialAction":[{"@type":"ReadAction","target":["https:\/\/proacomunicacion.es\/sin-buena-comunicacion-durante-una-crisis-el-problema-no-se-resuelve\/"]}]},{"@type":"ImageObject","inLanguage":"en-GB","@id":"https:\/\/proacomunicacion.es\/sin-buena-comunicacion-durante-una-crisis-el-problema-no-se-resuelve\/#primaryimage","url":"","contentUrl":""},{"@type":"BreadcrumbList","@id":"https:\/\/proacomunicacion.es\/sin-buena-comunicacion-durante-una-crisis-el-problema-no-se-resuelve\/#breadcrumb","itemListElement":[{"@type":"ListItem","position":1,"name":"Portada","item":"https:\/\/proacomunicacion.es\/"},{"@type":"ListItem","position":2,"name":"Yago de la Cierva \u2014\u2014 \u201cSin buena comunicaci\u00f3n durante una crisis, el problema no se resuelve\u201d"}]},{"@type":"WebSite","@id":"https:\/\/proacomunicacion.es\/#website","url":"https:\/\/proacomunicacion.es\/","name":"PROA Communication","description":"Corporate Communications Agency in Madrid, Barcelona and Galicia.","publisher":{"@id":"https:\/\/proacomunicacion.es\/#organization"},"alternateName":"PROA Comunicaci\u00f3n","potentialAction":[{"@type":"SearchAction","target":{"@type":"EntryPoint","urlTemplate":"https:\/\/proacomunicacion.es\/?s={search_term_string}"},"query-input":{"@type":"PropertyValueSpecification","valueRequired":true,"valueName":"search_term_string"}}],"inLanguage":"en-GB"},{"@type":"Organization","@id":"https:\/\/proacomunicacion.es\/#organization","name":"PROA Communication","alternateName":"PROA Comunicaci\u00f3n","url":"https:\/\/proacomunicacion.es\/","logo":{"@type":"ImageObject","inLanguage":"en-GB","@id":"https:\/\/proacomunicacion.es\/#\/schema\/logo\/image\/","url":"https:\/\/proacomunicacion.es\/wp-content\/uploads\/2024\/01\/Logo_Light.svg","contentUrl":"https:\/\/proacomunicacion.es\/wp-content\/uploads\/2024\/01\/Logo_Light.svg","width":136,"height":33,"caption":"PROA Comunicaci\u00f3n"},"image":{"@id":"https:\/\/proacomunicacion.es\/#\/schema\/logo\/image\/"},"sameAs":["https:\/\/x.com\/proacomunica","https:\/\/es.linkedin.com\/company\/proa-comunicacion_2","https:\/\/www.instagram.com\/proacomunica\/","https:\/\/www.youtube.com\/@proacomunicacion","https:\/\/es.wikipedia.org\/wiki\/PROA_Comunicacin"]},{"@type":"Person","@id":"https:\/\/proacomunicacion.es\/#\/schema\/person\/f80dc8938ea94e7f8aa1e8dc716d5a60","name":"PROA Communication","image":{"@type":"ImageObject","inLanguage":"en-GB","@id":"https:\/\/proacomunicacion.es\/#\/schema\/person\/image\/","url":"https:\/\/secure.gravatar.com\/avatar\/394c93c195ff19b00e79d66a42971657a01de9f2740b97148d0f14a1e1a359b7?s=96&r=g","contentUrl":"https:\/\/secure.gravatar.com\/avatar\/394c93c195ff19b00e79d66a42971657a01de9f2740b97148d0f14a1e1a359b7?s=96&r=g","caption":"PROA Comunicaci\u00f3n"}}]}},"_links":{"self":[{"href":"https:\/\/proacomunicacion.es\/en\/wp-json\/wp\/v2\/posts\/22338","targetHints":{"allow":["GET"]}}],"collection":[{"href":"https:\/\/proacomunicacion.es\/en\/wp-json\/wp\/v2\/posts"}],"about":[{"href":"https:\/\/proacomunicacion.es\/en\/wp-json\/wp\/v2\/types\/post"}],"author":[{"embeddable":true,"href":"https:\/\/proacomunicacion.es\/en\/wp-json\/wp\/v2\/users\/28"}],"replies":[{"embeddable":true,"href":"https:\/\/proacomunicacion.es\/en\/wp-json\/wp\/v2\/comments?post=22338"}],"version-history":[{"count":0,"href":"https:\/\/proacomunicacion.es\/en\/wp-json\/wp\/v2\/posts\/22338\/revisions"}],"wp:featuredmedia":[{"embeddable":true,"href":"https:\/\/proacomunicacion.es\/en\/wp-json\/"}],"wp:attachment":[{"href":"https:\/\/proacomunicacion.es\/en\/wp-json\/wp\/v2\/media?parent=22338"}],"wp:term":[{"taxonomy":"category","embeddable":true,"href":"https:\/\/proacomunicacion.es\/en\/wp-json\/wp\/v2\/categories?post=22338"},{"taxonomy":"post_tag","embeddable":true,"href":"https:\/\/proacomunicacion.es\/en\/wp-json\/wp\/v2\/tags?post=22338"}],"curies":[{"name":"wp","href":"https:\/\/api.w.org\/{rel}","templated":true}]}}