{"id":22758,"date":"2021-01-13T17:36:43","date_gmt":"2021-01-13T16:36:43","guid":{"rendered":"https:\/\/proacomunicacion.es\/?p=22758"},"modified":"2021-01-13T17:36:43","modified_gmt":"2021-01-13T16:36:43","slug":"eduardo-rodriguez-rovira-an-obstinate-vaccination","status":"publish","type":"post","link":"https:\/\/proacomunicacion.es\/en\/eduardo-rodriguez-rovira-una-vacunacion-remolona\/","title":{"rendered":"Eduardo Rodr\u00edguez Rovira <span class=\"dash\">--<\/span> A stubborn vaccination"},"content":{"rendered":"<p>Discouragement sets in when we see that we are not only the developed country with the highest number of deaths per inhabitant due to Covid-19, with the highest rates of economic destruction, the highest unemployment rate and the biggest stock market crash during 2020, but that at the beginning of 2021 we rank low in the number of vaccinations given to our vulnerable population in the first days of their reception. This can no longer be dismissed with circumstantial pretexts, but is a systemic problem affecting public institutions.<\/p>\n<p>Unfortunately, they die <em>two people<\/em> The news of a snow accident continues for days, all efforts are made, even on weekends, to rescue the bodies, which is commendable, and the extraordinary efforts are only stopped when the rescuers' lives are in danger. They die every day <em>several dozen people<\/em> because of this pandemic and we have become accustomed to it as if it were the norm and <strong>it would not be worth the small effort to vaccinate on public holidays.<\/strong> hundreds of high-risk people to prevent many from joining this lethal plague.<\/p>\n<p>It is not surprising that Israel is internationally one of the most effective countries in the vaccination process. Prevention, training, good logistical preparation and political determination are expected of them. Other countries use pretexts to explain delays, including forgetting the lack of refrigerators to store the doses (an unforgivable pretext also used in Spain). A major Western European country has recently started to seek private consultants to ensure logistics, instead of having done so months ago.<\/p>\n<p>But what happens internationally, happens within Spain. The vaccination rate in the first days was 60% in Asturias compared to 5% in Cantabria, to use two neighbouring regions, very similar with two extreme situations. What does Asturias say? That they have vaccinated from the very first moment, even on public holidays, that they planned it with time and that they provided the resources. It is not worth investigating the pretexts that the Director of Public Health in Cantabria may have put forward, but they were not enough to prevent her dismissal this week.<\/p>\n<p>The issue of <strong>resources<\/strong> is interesting. The government boasted that there would be no less than 13,000 vaccination centres (the Health Centres). How effective are these centres if only 139,339 people have been vaccinated in 9 days?<\/p>\n<p>The army has made available to the Communities personnel trained to carry out the vaccinations. Only one Community has declared that it accepts this. The same has been done by the private health sector with many thousands of professionals, including pharmacists, dentists and veterinarians, or by mutual insurance companies or some NGOs with health expertise. Even nursing homes, with well-trained nurses, have offered to do it for free. There should be no problem of delays due to lack of resources. But even ideology is involved in something so simple. The Community of Madrid is criticised for contracting with the Red Cross, for a price of 804.000\u20ac, the service in the Residences with 24 employees, because <strong>it's privatisation!<\/strong> For the same reason, the unions want 15,000 professionals to be hired by the public health system, since colleagues who are not in the system are not worth it, as that would be giving money from the health system to the private sector, as if the nurses hired by the system were free. We thought that the important thing was to vaccinate quickly in order to save lives, not whether the person injecting the vaccine received his or her monthly salary from one place or another. The next thing will be to ban the vaccine because it is privately sourced and there are companies that are profiting from health.<\/p>\n<p>I believe that we are not in a failed state but in a <strong>failed governments<\/strong>. In such an emergency situation as this, the Minister of Health combines his position, which he must consider of little importance in a pandemic, with his party work, at a time when the third wave is emerging with nearly 10,000 infections (by the time this article is published, it will unfortunately be more) and several dozen deaths per day.<\/p>\n<p>I cannot but comment negatively on the absurd situation that some communities have confessed that they do not use all the vaccines, not to save them for the second dose, but to avoid emergency situations, delays or lack of supply. Instead of a central stockpile, 17 small stockpiles. On the other hand, it is a positive sign that criticism of the construction of the Isabel Zendal pandemic hospital, which is already successfully fulfilling its mission, has suddenly died down.<\/p>\n<p>Let's wait and see what will happen at the end of January - it has been officially said that we are \"picking up the pace\" - to calculate after more than a month of vaccine application how long it will take to achieve herd immunity (i.e. the full vaccination, one or two vials depending on the vaccines, of 33 million Spaniards). Bets are welcome.<\/p>\n<h4><strong>This text may be reproduced provided that PROA is credited as the original source.<\/strong><\/h4>\n<hr \/>\n<p>&nbsp;<\/p>\n<div>\n<p style=\"text-align: justify;\"><a class=\"lightbox-added alignleft\" href=\"https:\/\/proacomunicacion.es\/wp-content\/uploads\/2020\/06\/unnamed.jpg\"><img decoding=\"async\" class=\"alignnone wp-image-21050 size-thumbnail\" src=\"https:\/\/proacomunicacion.es\/wp-content\/uploads\/2020\/06\/unnamed-80x80.jpg\" alt=\"\" width=\"80\" height=\"80\" \/><\/a><\/p>\n<p><span style=\"font-family: 'Ogg-Medium'; font-style: normal!important; font-size: 24px; color: #10272e;\">Eduardo Rodr\u00edguez Rovira<\/span><br \/>\n<span style=\"font-family: 'OggText-light'; font-size: 15px; font-style: italic; display: block; margin-top: -10px;\">Honorary President of the Spanish Confederation of Organisations for the Elderly (CEOMA).<\/span><\/p>\n<\/div>","protected":false},"excerpt":{"rendered":"<p>Entra el des\u00e1nimo cuando vemos que no solo somos el pa\u00eds desarrollado de mayor n\u00famero de muertos por habitantes debidos a la Covid-19, con las mayores tasas de destrucci\u00f3n de la econom\u00eda, la mayor tasa de paro y el mayor desplome de Bolsa durante 2020, \u00a0sino que al comienzo de 2021 ocupamos una baja posici\u00f3n [&hellip;]<\/p>\n","protected":false},"author":28,"featured_media":22760,"comment_status":"closed","ping_status":"closed","sticky":false,"template":"","format":"standard","meta":{"footnotes":""},"categories":[176],"tags":[1984,1957,1831],"class_list":["post-22758","post","type-post","status-publish","format-standard","has-post-thumbnail","hentry","category-blog","tag-ceoma","tag-confederacion-espanola-de-organizaciones-de-mayores-es","tag-eduardo-rodriguez-rovira"],"yoast_head":"<!-- This site is optimized with the Yoast SEO plugin v27.0 - https:\/\/yoast.com\/product\/yoast-seo-wordpress\/ -->\n<title>Eduardo Rodr\u00edguez Rovira \u2014\u2014 Una vacunaci\u00f3n remolona - PROA Comunicaci\u00f3n<\/title>\n<meta name=\"robots\" content=\"index, follow, max-snippet:-1, max-image-preview:large, max-video-preview:-1\" \/>\n<link rel=\"canonical\" href=\"https:\/\/proacomunicacion.es\/en\/eduardo-rodriguez-rovira-an-obstinate-vaccination\/\" \/>\n<meta property=\"og:locale\" content=\"en_GB\" \/>\n<meta property=\"og:type\" content=\"article\" \/>\n<meta property=\"og:title\" content=\"Eduardo Rodr\u00edguez Rovira \u2014\u2014 Una vacunaci\u00f3n remolona - PROA Comunicaci\u00f3n\" \/>\n<meta property=\"og:description\" content=\"Entra el des\u00e1nimo cuando vemos que no solo somos el pa\u00eds desarrollado de mayor n\u00famero de muertos por habitantes debidos a la Covid-19, con las mayores tasas de destrucci\u00f3n de la econom\u00eda, la mayor tasa de paro y el mayor desplome de Bolsa durante 2020, \u00a0sino que al comienzo de 2021 ocupamos una baja posici\u00f3n [&hellip;]\" \/>\n<meta property=\"og:url\" content=\"https:\/\/proacomunicacion.es\/en\/eduardo-rodriguez-rovira-an-obstinate-vaccination\/\" \/>\n<meta property=\"og:site_name\" content=\"PROA Comunicaci\u00f3n\" \/>\n<meta property=\"article:published_time\" content=\"2021-01-13T16:36:43+00:00\" \/>\n<meta property=\"og:image\" content=\"https:\/\/proacomunicacion.es\/wp-content\/uploads\/2025\/08\/Firefly_radio-de-barco-scaled.jpg\" \/>\n\t<meta property=\"og:image:width\" content=\"2560\" \/>\n\t<meta property=\"og:image:height\" content=\"1414\" \/>\n\t<meta property=\"og:image:type\" content=\"image\/jpeg\" \/>\n<meta name=\"author\" content=\"PROA Comunicaci\u00f3n\" \/>\n<meta name=\"twitter:card\" content=\"summary_large_image\" \/>\n<meta name=\"twitter:creator\" content=\"@proacomunica\" \/>\n<meta name=\"twitter:site\" content=\"@proacomunica\" \/>\n<meta name=\"twitter:label1\" content=\"Written by\" \/>\n\t<meta name=\"twitter:data1\" content=\"PROA Comunicaci\u00f3n\" \/>\n\t<meta name=\"twitter:label2\" content=\"Estimated reading time\" \/>\n\t<meta name=\"twitter:data2\" content=\"4 minutes\" \/>\n<script type=\"application\/ld+json\" class=\"yoast-schema-graph\">{\"@context\":\"https:\/\/schema.org\",\"@graph\":[{\"@type\":\"Article\",\"@id\":\"https:\/\/proacomunicacion.es\/eduardo-rodriguez-rovira-una-vacunacion-remolona\/#article\",\"isPartOf\":{\"@id\":\"https:\/\/proacomunicacion.es\/eduardo-rodriguez-rovira-una-vacunacion-remolona\/\"},\"author\":{\"name\":\"PROA Comunicaci\u00f3n\",\"@id\":\"https:\/\/proacomunicacion.es\/#\/schema\/person\/f80dc8938ea94e7f8aa1e8dc716d5a60\"},\"headline\":\"Eduardo Rodr\u00edguez Rovira \u2014\u2014 Una vacunaci\u00f3n remolona\",\"datePublished\":\"2021-01-13T16:36:43+00:00\",\"mainEntityOfPage\":{\"@id\":\"https:\/\/proacomunicacion.es\/eduardo-rodriguez-rovira-una-vacunacion-remolona\/\"},\"wordCount\":929,\"publisher\":{\"@id\":\"https:\/\/proacomunicacion.es\/#organization\"},\"image\":{\"@id\":\"https:\/\/proacomunicacion.es\/eduardo-rodriguez-rovira-una-vacunacion-remolona\/#primaryimage\"},\"thumbnailUrl\":\"\",\"keywords\":[\"CEOMA\",\"Confederaci\u00f3n Espa\u00f1ola de Organizaciones de Mayores\",\"Eduardo Rodr\u00edguez Rovira\"],\"articleSection\":[\"Blog\"],\"inLanguage\":\"en-GB\"},{\"@type\":\"WebPage\",\"@id\":\"https:\/\/proacomunicacion.es\/eduardo-rodriguez-rovira-una-vacunacion-remolona\/\",\"url\":\"https:\/\/proacomunicacion.es\/eduardo-rodriguez-rovira-una-vacunacion-remolona\/\",\"name\":\"Eduardo Rodr\u00edguez Rovira \u2014\u2014 Una vacunaci\u00f3n remolona - PROA Comunicaci\u00f3n\",\"isPartOf\":{\"@id\":\"https:\/\/proacomunicacion.es\/#website\"},\"primaryImageOfPage\":{\"@id\":\"https:\/\/proacomunicacion.es\/eduardo-rodriguez-rovira-una-vacunacion-remolona\/#primaryimage\"},\"image\":{\"@id\":\"https:\/\/proacomunicacion.es\/eduardo-rodriguez-rovira-una-vacunacion-remolona\/#primaryimage\"},\"thumbnailUrl\":\"\",\"datePublished\":\"2021-01-13T16:36:43+00:00\",\"breadcrumb\":{\"@id\":\"https:\/\/proacomunicacion.es\/eduardo-rodriguez-rovira-una-vacunacion-remolona\/#breadcrumb\"},\"inLanguage\":\"en-GB\",\"potentialAction\":[{\"@type\":\"ReadAction\",\"target\":[\"https:\/\/proacomunicacion.es\/eduardo-rodriguez-rovira-una-vacunacion-remolona\/\"]}]},{\"@type\":\"ImageObject\",\"inLanguage\":\"en-GB\",\"@id\":\"https:\/\/proacomunicacion.es\/eduardo-rodriguez-rovira-una-vacunacion-remolona\/#primaryimage\",\"url\":\"\",\"contentUrl\":\"\"},{\"@type\":\"BreadcrumbList\",\"@id\":\"https:\/\/proacomunicacion.es\/eduardo-rodriguez-rovira-una-vacunacion-remolona\/#breadcrumb\",\"itemListElement\":[{\"@type\":\"ListItem\",\"position\":1,\"name\":\"Portada\",\"item\":\"https:\/\/proacomunicacion.es\/\"},{\"@type\":\"ListItem\",\"position\":2,\"name\":\"Eduardo Rodr\u00edguez Rovira \u2014\u2014 Una vacunaci\u00f3n remolona\"}]},{\"@type\":\"WebSite\",\"@id\":\"https:\/\/proacomunicacion.es\/#website\",\"url\":\"https:\/\/proacomunicacion.es\/\",\"name\":\"PROA Comunicaci\u00f3n\",\"description\":\"Agencia de Comunicaci\u00f3n Corporativa en Madrid, Barcelona y Galicia.\",\"publisher\":{\"@id\":\"https:\/\/proacomunicacion.es\/#organization\"},\"alternateName\":\"PROA Comunicaci\u00f3n\",\"potentialAction\":[{\"@type\":\"SearchAction\",\"target\":{\"@type\":\"EntryPoint\",\"urlTemplate\":\"https:\/\/proacomunicacion.es\/?s={search_term_string}\"},\"query-input\":{\"@type\":\"PropertyValueSpecification\",\"valueRequired\":true,\"valueName\":\"search_term_string\"}}],\"inLanguage\":\"en-GB\"},{\"@type\":\"Organization\",\"@id\":\"https:\/\/proacomunicacion.es\/#organization\",\"name\":\"PROA Comunicaci\u00f3n\",\"alternateName\":\"PROA Comunicaci\u00f3n\",\"url\":\"https:\/\/proacomunicacion.es\/\",\"logo\":{\"@type\":\"ImageObject\",\"inLanguage\":\"en-GB\",\"@id\":\"https:\/\/proacomunicacion.es\/#\/schema\/logo\/image\/\",\"url\":\"https:\/\/proacomunicacion.es\/wp-content\/uploads\/2024\/01\/Logo_Light.svg\",\"contentUrl\":\"https:\/\/proacomunicacion.es\/wp-content\/uploads\/2024\/01\/Logo_Light.svg\",\"width\":136,\"height\":33,\"caption\":\"PROA Comunicaci\u00f3n\"},\"image\":{\"@id\":\"https:\/\/proacomunicacion.es\/#\/schema\/logo\/image\/\"},\"sameAs\":[\"https:\/\/x.com\/proacomunica\",\"https:\/\/es.linkedin.com\/company\/proa-comunicacion_2\",\"https:\/\/www.instagram.com\/proacomunica\/\",\"https:\/\/www.youtube.com\/@proacomunicacion\",\"https:\/\/es.wikipedia.org\/wiki\/PROA_Comunicacin\"]},{\"@type\":\"Person\",\"@id\":\"https:\/\/proacomunicacion.es\/#\/schema\/person\/f80dc8938ea94e7f8aa1e8dc716d5a60\",\"name\":\"PROA Comunicaci\u00f3n\",\"image\":{\"@type\":\"ImageObject\",\"inLanguage\":\"en-GB\",\"@id\":\"https:\/\/proacomunicacion.es\/#\/schema\/person\/image\/\",\"url\":\"https:\/\/secure.gravatar.com\/avatar\/394c93c195ff19b00e79d66a42971657a01de9f2740b97148d0f14a1e1a359b7?s=96&r=g\",\"contentUrl\":\"https:\/\/secure.gravatar.com\/avatar\/394c93c195ff19b00e79d66a42971657a01de9f2740b97148d0f14a1e1a359b7?s=96&r=g\",\"caption\":\"PROA Comunicaci\u00f3n\"}}]}<\/script>\n<!-- \/ Yoast SEO plugin. -->","yoast_head_json":{"title":"Eduardo Rodr\u00edguez Rovira -- A stubborn vaccination - PROA Comunicaci\u00f3n","robots":{"index":"index","follow":"follow","max-snippet":"max-snippet:-1","max-image-preview":"max-image-preview:large","max-video-preview":"max-video-preview:-1"},"canonical":"https:\/\/proacomunicacion.es\/en\/eduardo-rodriguez-rovira-an-obstinate-vaccination\/","og_locale":"en_GB","og_type":"article","og_title":"Eduardo Rodr\u00edguez Rovira \u2014\u2014 Una vacunaci\u00f3n remolona - PROA Comunicaci\u00f3n","og_description":"Entra el des\u00e1nimo cuando vemos que no solo somos el pa\u00eds desarrollado de mayor n\u00famero de muertos por habitantes debidos a la Covid-19, con las mayores tasas de destrucci\u00f3n de la econom\u00eda, la mayor tasa de paro y el mayor desplome de Bolsa durante 2020, \u00a0sino que al comienzo de 2021 ocupamos una baja posici\u00f3n [&hellip;]","og_url":"https:\/\/proacomunicacion.es\/en\/eduardo-rodriguez-rovira-an-obstinate-vaccination\/","og_site_name":"PROA Comunicaci\u00f3n","article_published_time":"2021-01-13T16:36:43+00:00","og_image":[{"width":2560,"height":1414,"url":"https:\/\/proacomunicacion.es\/wp-content\/uploads\/2025\/08\/Firefly_radio-de-barco-scaled.jpg","type":"image\/jpeg"}],"author":"PROA Comunicaci\u00f3n","twitter_card":"summary_large_image","twitter_creator":"@proacomunica","twitter_site":"@proacomunica","twitter_misc":{"Written by":"PROA Comunicaci\u00f3n","Estimated reading time":"4 minutes"},"schema":{"@context":"https:\/\/schema.org","@graph":[{"@type":"Article","@id":"https:\/\/proacomunicacion.es\/eduardo-rodriguez-rovira-una-vacunacion-remolona\/#article","isPartOf":{"@id":"https:\/\/proacomunicacion.es\/eduardo-rodriguez-rovira-una-vacunacion-remolona\/"},"author":{"name":"PROA Comunicaci\u00f3n","@id":"https:\/\/proacomunicacion.es\/#\/schema\/person\/f80dc8938ea94e7f8aa1e8dc716d5a60"},"headline":"Eduardo Rodr\u00edguez Rovira \u2014\u2014 Una vacunaci\u00f3n remolona","datePublished":"2021-01-13T16:36:43+00:00","mainEntityOfPage":{"@id":"https:\/\/proacomunicacion.es\/eduardo-rodriguez-rovira-una-vacunacion-remolona\/"},"wordCount":929,"publisher":{"@id":"https:\/\/proacomunicacion.es\/#organization"},"image":{"@id":"https:\/\/proacomunicacion.es\/eduardo-rodriguez-rovira-una-vacunacion-remolona\/#primaryimage"},"thumbnailUrl":"","keywords":["CEOMA","Confederaci\u00f3n Espa\u00f1ola de Organizaciones de Mayores","Eduardo Rodr\u00edguez Rovira"],"articleSection":["Blog"],"inLanguage":"en-GB"},{"@type":"WebPage","@id":"https:\/\/proacomunicacion.es\/eduardo-rodriguez-rovira-una-vacunacion-remolona\/","url":"https:\/\/proacomunicacion.es\/eduardo-rodriguez-rovira-una-vacunacion-remolona\/","name":"Eduardo Rodr\u00edguez Rovira -- A stubborn vaccination - PROA Comunicaci\u00f3n","isPartOf":{"@id":"https:\/\/proacomunicacion.es\/#website"},"primaryImageOfPage":{"@id":"https:\/\/proacomunicacion.es\/eduardo-rodriguez-rovira-una-vacunacion-remolona\/#primaryimage"},"image":{"@id":"https:\/\/proacomunicacion.es\/eduardo-rodriguez-rovira-una-vacunacion-remolona\/#primaryimage"},"thumbnailUrl":"","datePublished":"2021-01-13T16:36:43+00:00","breadcrumb":{"@id":"https:\/\/proacomunicacion.es\/eduardo-rodriguez-rovira-una-vacunacion-remolona\/#breadcrumb"},"inLanguage":"en-GB","potentialAction":[{"@type":"ReadAction","target":["https:\/\/proacomunicacion.es\/eduardo-rodriguez-rovira-una-vacunacion-remolona\/"]}]},{"@type":"ImageObject","inLanguage":"en-GB","@id":"https:\/\/proacomunicacion.es\/eduardo-rodriguez-rovira-una-vacunacion-remolona\/#primaryimage","url":"","contentUrl":""},{"@type":"BreadcrumbList","@id":"https:\/\/proacomunicacion.es\/eduardo-rodriguez-rovira-una-vacunacion-remolona\/#breadcrumb","itemListElement":[{"@type":"ListItem","position":1,"name":"Portada","item":"https:\/\/proacomunicacion.es\/"},{"@type":"ListItem","position":2,"name":"Eduardo Rodr\u00edguez Rovira \u2014\u2014 Una vacunaci\u00f3n remolona"}]},{"@type":"WebSite","@id":"https:\/\/proacomunicacion.es\/#website","url":"https:\/\/proacomunicacion.es\/","name":"PROA Communication","description":"Corporate Communications Agency in Madrid, Barcelona and Galicia.","publisher":{"@id":"https:\/\/proacomunicacion.es\/#organization"},"alternateName":"PROA Comunicaci\u00f3n","potentialAction":[{"@type":"SearchAction","target":{"@type":"EntryPoint","urlTemplate":"https:\/\/proacomunicacion.es\/?s={search_term_string}"},"query-input":{"@type":"PropertyValueSpecification","valueRequired":true,"valueName":"search_term_string"}}],"inLanguage":"en-GB"},{"@type":"Organization","@id":"https:\/\/proacomunicacion.es\/#organization","name":"PROA Communication","alternateName":"PROA Comunicaci\u00f3n","url":"https:\/\/proacomunicacion.es\/","logo":{"@type":"ImageObject","inLanguage":"en-GB","@id":"https:\/\/proacomunicacion.es\/#\/schema\/logo\/image\/","url":"https:\/\/proacomunicacion.es\/wp-content\/uploads\/2024\/01\/Logo_Light.svg","contentUrl":"https:\/\/proacomunicacion.es\/wp-content\/uploads\/2024\/01\/Logo_Light.svg","width":136,"height":33,"caption":"PROA Comunicaci\u00f3n"},"image":{"@id":"https:\/\/proacomunicacion.es\/#\/schema\/logo\/image\/"},"sameAs":["https:\/\/x.com\/proacomunica","https:\/\/es.linkedin.com\/company\/proa-comunicacion_2","https:\/\/www.instagram.com\/proacomunica\/","https:\/\/www.youtube.com\/@proacomunicacion","https:\/\/es.wikipedia.org\/wiki\/PROA_Comunicacin"]},{"@type":"Person","@id":"https:\/\/proacomunicacion.es\/#\/schema\/person\/f80dc8938ea94e7f8aa1e8dc716d5a60","name":"PROA Communication","image":{"@type":"ImageObject","inLanguage":"en-GB","@id":"https:\/\/proacomunicacion.es\/#\/schema\/person\/image\/","url":"https:\/\/secure.gravatar.com\/avatar\/394c93c195ff19b00e79d66a42971657a01de9f2740b97148d0f14a1e1a359b7?s=96&r=g","contentUrl":"https:\/\/secure.gravatar.com\/avatar\/394c93c195ff19b00e79d66a42971657a01de9f2740b97148d0f14a1e1a359b7?s=96&r=g","caption":"PROA Comunicaci\u00f3n"}}]}},"_links":{"self":[{"href":"https:\/\/proacomunicacion.es\/en\/wp-json\/wp\/v2\/posts\/22758","targetHints":{"allow":["GET"]}}],"collection":[{"href":"https:\/\/proacomunicacion.es\/en\/wp-json\/wp\/v2\/posts"}],"about":[{"href":"https:\/\/proacomunicacion.es\/en\/wp-json\/wp\/v2\/types\/post"}],"author":[{"embeddable":true,"href":"https:\/\/proacomunicacion.es\/en\/wp-json\/wp\/v2\/users\/28"}],"replies":[{"embeddable":true,"href":"https:\/\/proacomunicacion.es\/en\/wp-json\/wp\/v2\/comments?post=22758"}],"version-history":[{"count":0,"href":"https:\/\/proacomunicacion.es\/en\/wp-json\/wp\/v2\/posts\/22758\/revisions"}],"wp:featuredmedia":[{"embeddable":true,"href":"https:\/\/proacomunicacion.es\/en\/wp-json\/"}],"wp:attachment":[{"href":"https:\/\/proacomunicacion.es\/en\/wp-json\/wp\/v2\/media?parent=22758"}],"wp:term":[{"taxonomy":"category","embeddable":true,"href":"https:\/\/proacomunicacion.es\/en\/wp-json\/wp\/v2\/categories?post=22758"},{"taxonomy":"post_tag","embeddable":true,"href":"https:\/\/proacomunicacion.es\/en\/wp-json\/wp\/v2\/tags?post=22758"}],"curies":[{"name":"wp","href":"https:\/\/api.w.org\/{rel}","templated":true}]}}