{"id":23021,"date":"2021-03-04T09:38:46","date_gmt":"2021-03-04T08:38:46","guid":{"rendered":"https:\/\/proacomunicacion.es\/?p=23021"},"modified":"2021-03-04T09:38:46","modified_gmt":"2021-03-04T08:38:46","slug":"cristina-marcen-communication-helps-companies-to-show-their-purpose","status":"publish","type":"post","link":"https:\/\/proacomunicacion.es\/en\/cristina-marcen-la-comunicacion-ayuda-a-las-empresas-a-mostrar-su-proposito\/","title":{"rendered":"Cristina Marc\u00e9n <span class=\"dash\">--<\/span> \"Communication helps companies to show their purpose\"."},"content":{"rendered":"<p><span style=\"font-size: 16px; line-height: 28px;\"><strong><span style=\"font-size: 16px; line-height: 24px;\">Cristina Marc\u00e9n, director of PROA's northern zone,<\/span><\/strong><span style=\"font-size: 16px; line-height: 24px;\"> talks with <strong>Candela G\u00f3mez<\/strong><\/span><strong><span style=\"font-size: 16px; line-height: 24px;\">Junior Consultant at PROA, <\/span><\/strong><span style=\"font-size: 16px; line-height: 24px;\">on the importance of communication in social initiatives<\/span><strong><span style=\"font-size: 16px; line-height: 24px;\">. Cristina <\/span><\/strong><span style=\"font-size: 16px; line-height: 24px;\">is a confounder of the <\/span><strong><span style=\"font-size: 16px; line-height: 24px;\">Women and Talent Association <\/span><\/strong><span style=\"font-size: 16px; line-height: 24px;\">which develops different projects<\/span><strong><span style=\"font-size: 16px; line-height: 24px;\">, <\/span><\/strong><span style=\"font-size: 16px; line-height: 24px;\">such as that of SUMA, which aims to <\/span><span style=\"font-size: 16px; line-height: 24px;\">to support the reintegration into the labour market of experienced women who, for family reasons, have taken a break in their working life.<\/span><\/span><\/p>\n<p><span style=\"font-size: 16px; line-height: 28px;\"><span style=\"font-size: 16px; line-height: 24px;\">In this new video from <\/span><span style=\"font-size: 16px; line-height: 24px;\">PROA, Marc\u00e9n details how the project works and his vision of communication in the search for a diverse society.\u00a0<\/span><\/span><\/p>\n<p><iframe title=\"Cristina Marc\u00e9n: &quot;Communication helps companies to show their purpose&quot;.\" width=\"800\" height=\"450\" src=\"https:\/\/www.youtube.com\/embed\/UvEhAHx7alQ?feature=oembed&#038;enablejsapi=1&#038;origin=https:\/\/proacomunicacion.es\" frameborder=\"0\" allow=\"accelerometer; autoplay; clipboard-write; encrypted-media; gyroscope; picture-in-picture\" allowfullscreen><\/iframe><\/p>\n<h3>This video may be reproduced provided that PROA is credited as the original source.<\/h3>","protected":false},"excerpt":{"rendered":"<p>Cristina Marc\u00e9n, directora zona norte PROA, conversa con Candela G\u00f3mez, consultora junior de PROA, acerca de la importancia de la comunicaci\u00f3n en las iniciativas sociales. Cristina es confundadora de la Asociaci\u00f3n Mujer y Talento que desarrolla diferentes proyectos, como el de SUMA que tiene como objetivo dar apoyo para la reinserci\u00f3n laboral de mujeres con [&hellip;]<\/p>\n","protected":false},"author":28,"featured_media":23030,"comment_status":"closed","ping_status":"closed","sticky":false,"template":"","format":"standard","meta":{"footnotes":""},"categories":[176],"tags":[],"class_list":["post-23021","post","type-post","status-publish","format-standard","has-post-thumbnail","hentry","category-blog"],"yoast_head":"<!-- This site is optimized with the Yoast SEO plugin v27.0 - https:\/\/yoast.com\/product\/yoast-seo-wordpress\/ -->\n<title>Cristina Marc\u00e9n \u2014\u2014 &quot;La comunicaci\u00f3n ayuda a las empresas a mostrar su prop\u00f3sito&quot; - PROA Comunicaci\u00f3n<\/title>\n<meta name=\"robots\" content=\"index, follow, max-snippet:-1, max-image-preview:large, max-video-preview:-1\" \/>\n<link rel=\"canonical\" href=\"https:\/\/proacomunicacion.es\/en\/cristina-marcen-communication-helps-companies-to-show-their-purpose\/\" \/>\n<meta property=\"og:locale\" content=\"en_GB\" \/>\n<meta property=\"og:type\" content=\"article\" \/>\n<meta property=\"og:title\" content=\"Cristina Marc\u00e9n \u2014\u2014 &quot;La comunicaci\u00f3n ayuda a las empresas a mostrar su prop\u00f3sito&quot; - PROA Comunicaci\u00f3n\" \/>\n<meta property=\"og:description\" content=\"Cristina Marc\u00e9n, directora zona norte PROA, conversa con Candela G\u00f3mez, consultora junior de PROA, acerca de la importancia de la comunicaci\u00f3n en las iniciativas sociales. Cristina es confundadora de la Asociaci\u00f3n Mujer y Talento que desarrolla diferentes proyectos, como el de SUMA que tiene como objetivo dar apoyo para la reinserci\u00f3n laboral de mujeres con [&hellip;]\" \/>\n<meta property=\"og:url\" content=\"https:\/\/proacomunicacion.es\/en\/cristina-marcen-communication-helps-companies-to-show-their-purpose\/\" \/>\n<meta property=\"og:site_name\" content=\"PROA Comunicaci\u00f3n\" \/>\n<meta property=\"article:published_time\" content=\"2021-03-04T08:38:46+00:00\" \/>\n<meta property=\"og:image\" content=\"https:\/\/proacomunicacion.es\/wp-content\/uploads\/2025\/08\/Firefly_radio-de-barco-scaled.jpg\" \/>\n\t<meta property=\"og:image:width\" content=\"2560\" \/>\n\t<meta property=\"og:image:height\" content=\"1414\" \/>\n\t<meta property=\"og:image:type\" content=\"image\/jpeg\" \/>\n<meta name=\"author\" content=\"PROA Comunicaci\u00f3n\" \/>\n<meta name=\"twitter:card\" content=\"summary_large_image\" \/>\n<meta name=\"twitter:creator\" content=\"@proacomunica\" \/>\n<meta name=\"twitter:site\" content=\"@proacomunica\" \/>\n<meta name=\"twitter:label1\" content=\"Written by\" \/>\n\t<meta name=\"twitter:data1\" content=\"PROA Comunicaci\u00f3n\" \/>\n\t<meta name=\"twitter:label2\" content=\"Estimated reading time\" \/>\n\t<meta name=\"twitter:data2\" content=\"1 minute\" \/>\n<script type=\"application\/ld+json\" class=\"yoast-schema-graph\">{\"@context\":\"https:\/\/schema.org\",\"@graph\":[{\"@type\":\"Article\",\"@id\":\"https:\/\/proacomunicacion.es\/cristina-marcen-la-comunicacion-ayuda-a-las-empresas-a-mostrar-su-proposito\/#article\",\"isPartOf\":{\"@id\":\"https:\/\/proacomunicacion.es\/cristina-marcen-la-comunicacion-ayuda-a-las-empresas-a-mostrar-su-proposito\/\"},\"author\":{\"name\":\"PROA Comunicaci\u00f3n\",\"@id\":\"https:\/\/proacomunicacion.es\/#\/schema\/person\/f80dc8938ea94e7f8aa1e8dc716d5a60\"},\"headline\":\"Cristina Marc\u00e9n \u2014\u2014 \u00abLa comunicaci\u00f3n ayuda a las empresas a mostrar su prop\u00f3sito\u00bb\",\"datePublished\":\"2021-03-04T08:38:46+00:00\",\"mainEntityOfPage\":{\"@id\":\"https:\/\/proacomunicacion.es\/cristina-marcen-la-comunicacion-ayuda-a-las-empresas-a-mostrar-su-proposito\/\"},\"wordCount\":147,\"publisher\":{\"@id\":\"https:\/\/proacomunicacion.es\/#organization\"},\"image\":{\"@id\":\"https:\/\/proacomunicacion.es\/cristina-marcen-la-comunicacion-ayuda-a-las-empresas-a-mostrar-su-proposito\/#primaryimage\"},\"thumbnailUrl\":\"\",\"articleSection\":[\"Blog\"],\"inLanguage\":\"en-GB\"},{\"@type\":\"WebPage\",\"@id\":\"https:\/\/proacomunicacion.es\/cristina-marcen-la-comunicacion-ayuda-a-las-empresas-a-mostrar-su-proposito\/\",\"url\":\"https:\/\/proacomunicacion.es\/cristina-marcen-la-comunicacion-ayuda-a-las-empresas-a-mostrar-su-proposito\/\",\"name\":\"Cristina Marc\u00e9n \u2014\u2014 \\\"La comunicaci\u00f3n ayuda a las empresas a mostrar su prop\u00f3sito\\\" - PROA Comunicaci\u00f3n\",\"isPartOf\":{\"@id\":\"https:\/\/proacomunicacion.es\/#website\"},\"primaryImageOfPage\":{\"@id\":\"https:\/\/proacomunicacion.es\/cristina-marcen-la-comunicacion-ayuda-a-las-empresas-a-mostrar-su-proposito\/#primaryimage\"},\"image\":{\"@id\":\"https:\/\/proacomunicacion.es\/cristina-marcen-la-comunicacion-ayuda-a-las-empresas-a-mostrar-su-proposito\/#primaryimage\"},\"thumbnailUrl\":\"\",\"datePublished\":\"2021-03-04T08:38:46+00:00\",\"breadcrumb\":{\"@id\":\"https:\/\/proacomunicacion.es\/cristina-marcen-la-comunicacion-ayuda-a-las-empresas-a-mostrar-su-proposito\/#breadcrumb\"},\"inLanguage\":\"en-GB\",\"potentialAction\":[{\"@type\":\"ReadAction\",\"target\":[\"https:\/\/proacomunicacion.es\/cristina-marcen-la-comunicacion-ayuda-a-las-empresas-a-mostrar-su-proposito\/\"]}]},{\"@type\":\"ImageObject\",\"inLanguage\":\"en-GB\",\"@id\":\"https:\/\/proacomunicacion.es\/cristina-marcen-la-comunicacion-ayuda-a-las-empresas-a-mostrar-su-proposito\/#primaryimage\",\"url\":\"\",\"contentUrl\":\"\"},{\"@type\":\"BreadcrumbList\",\"@id\":\"https:\/\/proacomunicacion.es\/cristina-marcen-la-comunicacion-ayuda-a-las-empresas-a-mostrar-su-proposito\/#breadcrumb\",\"itemListElement\":[{\"@type\":\"ListItem\",\"position\":1,\"name\":\"Portada\",\"item\":\"https:\/\/proacomunicacion.es\/\"},{\"@type\":\"ListItem\",\"position\":2,\"name\":\"Cristina Marc\u00e9n \u2014\u2014 \u00abLa comunicaci\u00f3n ayuda a las empresas a mostrar su prop\u00f3sito\u00bb\"}]},{\"@type\":\"WebSite\",\"@id\":\"https:\/\/proacomunicacion.es\/#website\",\"url\":\"https:\/\/proacomunicacion.es\/\",\"name\":\"PROA Comunicaci\u00f3n\",\"description\":\"Agencia de Comunicaci\u00f3n Corporativa en Madrid, Barcelona y Galicia.\",\"publisher\":{\"@id\":\"https:\/\/proacomunicacion.es\/#organization\"},\"alternateName\":\"PROA Comunicaci\u00f3n\",\"potentialAction\":[{\"@type\":\"SearchAction\",\"target\":{\"@type\":\"EntryPoint\",\"urlTemplate\":\"https:\/\/proacomunicacion.es\/?s={search_term_string}\"},\"query-input\":{\"@type\":\"PropertyValueSpecification\",\"valueRequired\":true,\"valueName\":\"search_term_string\"}}],\"inLanguage\":\"en-GB\"},{\"@type\":\"Organization\",\"@id\":\"https:\/\/proacomunicacion.es\/#organization\",\"name\":\"PROA Comunicaci\u00f3n\",\"alternateName\":\"PROA Comunicaci\u00f3n\",\"url\":\"https:\/\/proacomunicacion.es\/\",\"logo\":{\"@type\":\"ImageObject\",\"inLanguage\":\"en-GB\",\"@id\":\"https:\/\/proacomunicacion.es\/#\/schema\/logo\/image\/\",\"url\":\"https:\/\/proacomunicacion.es\/wp-content\/uploads\/2024\/01\/Logo_Light.svg\",\"contentUrl\":\"https:\/\/proacomunicacion.es\/wp-content\/uploads\/2024\/01\/Logo_Light.svg\",\"width\":136,\"height\":33,\"caption\":\"PROA Comunicaci\u00f3n\"},\"image\":{\"@id\":\"https:\/\/proacomunicacion.es\/#\/schema\/logo\/image\/\"},\"sameAs\":[\"https:\/\/x.com\/proacomunica\",\"https:\/\/es.linkedin.com\/company\/proa-comunicacion_2\",\"https:\/\/www.instagram.com\/proacomunica\/\",\"https:\/\/www.youtube.com\/@proacomunicacion\",\"https:\/\/es.wikipedia.org\/wiki\/PROA_Comunicacin\"]},{\"@type\":\"Person\",\"@id\":\"https:\/\/proacomunicacion.es\/#\/schema\/person\/f80dc8938ea94e7f8aa1e8dc716d5a60\",\"name\":\"PROA Comunicaci\u00f3n\",\"image\":{\"@type\":\"ImageObject\",\"inLanguage\":\"en-GB\",\"@id\":\"https:\/\/proacomunicacion.es\/#\/schema\/person\/image\/\",\"url\":\"https:\/\/secure.gravatar.com\/avatar\/394c93c195ff19b00e79d66a42971657a01de9f2740b97148d0f14a1e1a359b7?s=96&r=g\",\"contentUrl\":\"https:\/\/secure.gravatar.com\/avatar\/394c93c195ff19b00e79d66a42971657a01de9f2740b97148d0f14a1e1a359b7?s=96&r=g\",\"caption\":\"PROA Comunicaci\u00f3n\"}}]}<\/script>\n<!-- \/ Yoast SEO plugin. -->","yoast_head_json":{"title":"Cristina Marc\u00e9n -- \"Communication helps companies to show their purpose\" - PROA Comunicaci\u00f3n","robots":{"index":"index","follow":"follow","max-snippet":"max-snippet:-1","max-image-preview":"max-image-preview:large","max-video-preview":"max-video-preview:-1"},"canonical":"https:\/\/proacomunicacion.es\/en\/cristina-marcen-communication-helps-companies-to-show-their-purpose\/","og_locale":"en_GB","og_type":"article","og_title":"Cristina Marc\u00e9n \u2014\u2014 \"La comunicaci\u00f3n ayuda a las empresas a mostrar su prop\u00f3sito\" - PROA Comunicaci\u00f3n","og_description":"Cristina Marc\u00e9n, directora zona norte PROA, conversa con Candela G\u00f3mez, consultora junior de PROA, acerca de la importancia de la comunicaci\u00f3n en las iniciativas sociales. Cristina es confundadora de la Asociaci\u00f3n Mujer y Talento que desarrolla diferentes proyectos, como el de SUMA que tiene como objetivo dar apoyo para la reinserci\u00f3n laboral de mujeres con [&hellip;]","og_url":"https:\/\/proacomunicacion.es\/en\/cristina-marcen-communication-helps-companies-to-show-their-purpose\/","og_site_name":"PROA Comunicaci\u00f3n","article_published_time":"2021-03-04T08:38:46+00:00","og_image":[{"width":2560,"height":1414,"url":"https:\/\/proacomunicacion.es\/wp-content\/uploads\/2025\/08\/Firefly_radio-de-barco-scaled.jpg","type":"image\/jpeg"}],"author":"PROA Comunicaci\u00f3n","twitter_card":"summary_large_image","twitter_creator":"@proacomunica","twitter_site":"@proacomunica","twitter_misc":{"Written by":"PROA Comunicaci\u00f3n","Estimated reading time":"1 minute"},"schema":{"@context":"https:\/\/schema.org","@graph":[{"@type":"Article","@id":"https:\/\/proacomunicacion.es\/cristina-marcen-la-comunicacion-ayuda-a-las-empresas-a-mostrar-su-proposito\/#article","isPartOf":{"@id":"https:\/\/proacomunicacion.es\/cristina-marcen-la-comunicacion-ayuda-a-las-empresas-a-mostrar-su-proposito\/"},"author":{"name":"PROA Comunicaci\u00f3n","@id":"https:\/\/proacomunicacion.es\/#\/schema\/person\/f80dc8938ea94e7f8aa1e8dc716d5a60"},"headline":"Cristina Marc\u00e9n \u2014\u2014 \u00abLa comunicaci\u00f3n ayuda a las empresas a mostrar su prop\u00f3sito\u00bb","datePublished":"2021-03-04T08:38:46+00:00","mainEntityOfPage":{"@id":"https:\/\/proacomunicacion.es\/cristina-marcen-la-comunicacion-ayuda-a-las-empresas-a-mostrar-su-proposito\/"},"wordCount":147,"publisher":{"@id":"https:\/\/proacomunicacion.es\/#organization"},"image":{"@id":"https:\/\/proacomunicacion.es\/cristina-marcen-la-comunicacion-ayuda-a-las-empresas-a-mostrar-su-proposito\/#primaryimage"},"thumbnailUrl":"","articleSection":["Blog"],"inLanguage":"en-GB"},{"@type":"WebPage","@id":"https:\/\/proacomunicacion.es\/cristina-marcen-la-comunicacion-ayuda-a-las-empresas-a-mostrar-su-proposito\/","url":"https:\/\/proacomunicacion.es\/cristina-marcen-la-comunicacion-ayuda-a-las-empresas-a-mostrar-su-proposito\/","name":"Cristina Marc\u00e9n -- \"Communication helps companies to show their purpose\" - PROA Comunicaci\u00f3n","isPartOf":{"@id":"https:\/\/proacomunicacion.es\/#website"},"primaryImageOfPage":{"@id":"https:\/\/proacomunicacion.es\/cristina-marcen-la-comunicacion-ayuda-a-las-empresas-a-mostrar-su-proposito\/#primaryimage"},"image":{"@id":"https:\/\/proacomunicacion.es\/cristina-marcen-la-comunicacion-ayuda-a-las-empresas-a-mostrar-su-proposito\/#primaryimage"},"thumbnailUrl":"","datePublished":"2021-03-04T08:38:46+00:00","breadcrumb":{"@id":"https:\/\/proacomunicacion.es\/cristina-marcen-la-comunicacion-ayuda-a-las-empresas-a-mostrar-su-proposito\/#breadcrumb"},"inLanguage":"en-GB","potentialAction":[{"@type":"ReadAction","target":["https:\/\/proacomunicacion.es\/cristina-marcen-la-comunicacion-ayuda-a-las-empresas-a-mostrar-su-proposito\/"]}]},{"@type":"ImageObject","inLanguage":"en-GB","@id":"https:\/\/proacomunicacion.es\/cristina-marcen-la-comunicacion-ayuda-a-las-empresas-a-mostrar-su-proposito\/#primaryimage","url":"","contentUrl":""},{"@type":"BreadcrumbList","@id":"https:\/\/proacomunicacion.es\/cristina-marcen-la-comunicacion-ayuda-a-las-empresas-a-mostrar-su-proposito\/#breadcrumb","itemListElement":[{"@type":"ListItem","position":1,"name":"Portada","item":"https:\/\/proacomunicacion.es\/"},{"@type":"ListItem","position":2,"name":"Cristina Marc\u00e9n \u2014\u2014 \u00abLa comunicaci\u00f3n ayuda a las empresas a mostrar su prop\u00f3sito\u00bb"}]},{"@type":"WebSite","@id":"https:\/\/proacomunicacion.es\/#website","url":"https:\/\/proacomunicacion.es\/","name":"PROA Communication","description":"Corporate Communications Agency in Madrid, Barcelona and Galicia.","publisher":{"@id":"https:\/\/proacomunicacion.es\/#organization"},"alternateName":"PROA Comunicaci\u00f3n","potentialAction":[{"@type":"SearchAction","target":{"@type":"EntryPoint","urlTemplate":"https:\/\/proacomunicacion.es\/?s={search_term_string}"},"query-input":{"@type":"PropertyValueSpecification","valueRequired":true,"valueName":"search_term_string"}}],"inLanguage":"en-GB"},{"@type":"Organization","@id":"https:\/\/proacomunicacion.es\/#organization","name":"PROA Communication","alternateName":"PROA Comunicaci\u00f3n","url":"https:\/\/proacomunicacion.es\/","logo":{"@type":"ImageObject","inLanguage":"en-GB","@id":"https:\/\/proacomunicacion.es\/#\/schema\/logo\/image\/","url":"https:\/\/proacomunicacion.es\/wp-content\/uploads\/2024\/01\/Logo_Light.svg","contentUrl":"https:\/\/proacomunicacion.es\/wp-content\/uploads\/2024\/01\/Logo_Light.svg","width":136,"height":33,"caption":"PROA Comunicaci\u00f3n"},"image":{"@id":"https:\/\/proacomunicacion.es\/#\/schema\/logo\/image\/"},"sameAs":["https:\/\/x.com\/proacomunica","https:\/\/es.linkedin.com\/company\/proa-comunicacion_2","https:\/\/www.instagram.com\/proacomunica\/","https:\/\/www.youtube.com\/@proacomunicacion","https:\/\/es.wikipedia.org\/wiki\/PROA_Comunicacin"]},{"@type":"Person","@id":"https:\/\/proacomunicacion.es\/#\/schema\/person\/f80dc8938ea94e7f8aa1e8dc716d5a60","name":"PROA Communication","image":{"@type":"ImageObject","inLanguage":"en-GB","@id":"https:\/\/proacomunicacion.es\/#\/schema\/person\/image\/","url":"https:\/\/secure.gravatar.com\/avatar\/394c93c195ff19b00e79d66a42971657a01de9f2740b97148d0f14a1e1a359b7?s=96&r=g","contentUrl":"https:\/\/secure.gravatar.com\/avatar\/394c93c195ff19b00e79d66a42971657a01de9f2740b97148d0f14a1e1a359b7?s=96&r=g","caption":"PROA Comunicaci\u00f3n"}}]}},"_links":{"self":[{"href":"https:\/\/proacomunicacion.es\/en\/wp-json\/wp\/v2\/posts\/23021","targetHints":{"allow":["GET"]}}],"collection":[{"href":"https:\/\/proacomunicacion.es\/en\/wp-json\/wp\/v2\/posts"}],"about":[{"href":"https:\/\/proacomunicacion.es\/en\/wp-json\/wp\/v2\/types\/post"}],"author":[{"embeddable":true,"href":"https:\/\/proacomunicacion.es\/en\/wp-json\/wp\/v2\/users\/28"}],"replies":[{"embeddable":true,"href":"https:\/\/proacomunicacion.es\/en\/wp-json\/wp\/v2\/comments?post=23021"}],"version-history":[{"count":0,"href":"https:\/\/proacomunicacion.es\/en\/wp-json\/wp\/v2\/posts\/23021\/revisions"}],"wp:featuredmedia":[{"embeddable":true,"href":"https:\/\/proacomunicacion.es\/en\/wp-json\/"}],"wp:attachment":[{"href":"https:\/\/proacomunicacion.es\/en\/wp-json\/wp\/v2\/media?parent=23021"}],"wp:term":[{"taxonomy":"category","embeddable":true,"href":"https:\/\/proacomunicacion.es\/en\/wp-json\/wp\/v2\/categories?post=23021"},{"taxonomy":"post_tag","embeddable":true,"href":"https:\/\/proacomunicacion.es\/en\/wp-json\/wp\/v2\/tags?post=23021"}],"curies":[{"name":"wp","href":"https:\/\/api.w.org\/{rel}","templated":true}]}}