{"id":23469,"date":"2021-04-13T16:48:42","date_gmt":"2021-04-13T14:48:42","guid":{"rendered":"https:\/\/proacomunicacion.es\/?p=23469"},"modified":"2021-04-13T16:48:42","modified_gmt":"2021-04-13T14:48:42","slug":"the-story-of-the-last-six-years-in-spain-is-almost-a-thriller-conversation-with-jose-antonio-zarzalejos-2","status":"publish","type":"post","link":"https:\/\/proacomunicacion.es\/en\/el-relato-de-los-ultimos-seis-anos-en-espana-es-casi-un-thriller-conversacion-con-jose-antonio-zarzalejos\/","title":{"rendered":"\"The story of the last six years in Spain is almost a thriller\", conversation with Jos\u00e9 Antonio Zarzalejos"},"content":{"rendered":"<p>\"The story of the last six years in Spain is almost a thriller\", \"the King Emeritus has betrayed his son\", \"(Juan Carlos I) will not return to Spain until the Public Prosecutor's Office clarifies his situation\", \"I do believe that Leonor will reign\", \"Pedro S\u00e1nchez has supported the King at crucial moments\". These were some of the messages from\u00a0<strong>Jos\u00e9 Antonio Zarzalejos<\/strong>jurist, journalist, former editor of El Correo and ABC, political analyst and writer, in the dialogue he held with\u00a0<strong>David Jim\u00e9nez<\/strong>also a journalist, former editor of El Mundo, political analyst and writer, during a new edition of the\u00a0<strong>PROA Observatory<\/strong>\u00a0held today at the headquarters of Deusto Business School in collaboration with Editorial Planeta.<\/p>\n<p>The event, which focused on Zarzalejos' latest work, 'Felipe VI, un rey en la adversidad', was presented by Luc\u00eda Casanueva, managing partner at\u00a0<strong>PROA<\/strong>\u00a0together with Valvanuz Serna, who framed it in the consultancy's objective of participating in the reflection for progress.<\/p>\n<p>The deputy to the president of El Confidencial explained that the aim of writing the book was to \"reconstruct the lesser-known episodes of these six years\" of Felipe VI's reign, after perceiving an \"editorial blackout\" regarding him from 2018.<\/p>\n<p>A book, \"long in the making, but produced fairly quickly\", which, he explained, hinges on four key points: an immersion in the history of the Spanish and European monarchy, another of a constitutional legal nature to examine the resolutions since the abdication of Juan Carlos I, which did not meet with the King's approval (\"whom I have known since 1999\") and an approach to him through people who know him well, \"the most difficult phase\".<\/p>\n<p>Zarzalejos reviewed the most important milestones of Felipe VI's reign and highlighted the difficulties he has had to face after his father's \"betrayal\" by handing him a Crown \"with a lamentable reputation\", but he believed that the Monarchy is not in danger and that his daughter Leonor will reign, if \"some convulsive element does not arise when the investigation into the King Emeritus concludes\". He argued that the current monarch has the \"ability to come back\", about whom \"the CIS has not asked about since 2015\", but who personally has almost a \"B\", that changing the form of the State to a Republic requires a constituent process and that \"Leonor is a woman and we are in the century of women\", and does not have \"negative adherences\". To this he added the example of other European parliamentary monarchies that work perfectly. \"And kings make sense in democracies to the extent that they are functional\", he added. He also rejected the possibility of a referendum on the Monarchy, arguing that it has constitutional legitimacy and that without a constituent process there are no mechanisms for doing so.<\/p>\n<p>He agreed with David Jim\u00e9nez that the greatest damage to the Monarchy has been caused by Juan Carlos I, a name practically avoided throughout the talk in favour of \"King Emeritus\", but disagreed about the \"socialisation of blame\" in the journalistic, media and business protection of the Monarchy. \"The responsibility for private conduct lies with him and him alone,\" he said forcefully.<\/p>\n<p>A situation which, in his opinion, has on many occasions provoked an \"almost inquisitorial scrutiny\" of his son, who, according to the writer, is aware that his actions must follow \"criteria of exemplarity in public and in private\", because his function is \"to be an example and a reference of civic values\".<\/p>\n<p><iframe title=\"Observatorio PROA with J.A.Zarzalejos\" width=\"800\" height=\"450\" src=\"https:\/\/www.youtube.com\/embed\/WNQpocS8iq4?feature=oembed&#038;enablejsapi=1&#038;origin=https:\/\/proacomunicacion.es\" frameborder=\"0\" allow=\"accelerometer; autoplay; clipboard-write; encrypted-media; gyroscope; picture-in-picture\" allowfullscreen><\/iframe><\/p>\n<p>Questioned about the role of the PSOE during the reign of Felipe VI, he disagreed with the widespread opinion that Pedro S\u00e1nchez is \"comfortable keeping it in irrelevance\", in the words of David Jim\u00e9nez. On the contrary, he said that the current President of the Government, despite \"some mistakes\", has had \"a positive behaviour towards the King, but silently, he has supported the King at crucial moments\".<\/p>\n<p>And he justified these silences on the grounds of having to share the table of the Council of Ministers with an anti-monarchist and republican party such as Podemos. In this sense, he rejected the right's \"unjustified criticism\" of the head of the Executive for his ability to exacerbate the most anti-monarchist bases of socialism.<\/p>\n<p>The two journalists also discussed the difficult role played by Queen Letizia, \"the first commoner queen consort, with a previous marriage, a brilliant professional and very open-minded\", in the words of Zarzalejos, who praised the fact that, despite not having a constitutional role, she has adapted to her position and, moreover, \"wants to contribute to the Crown\".<\/p>\n<p>Regarding the communication policy of the Royal Household, he considered that it needs to change and should be more proactive, with more substantial speeches in terms of content, and he believed that the King \"has a pending conversation with Spanish society\". A conversation that, according to the political analyst, cannot take place until his father's responsibilities are cleared up and society is so tense.<\/p>\n<p>In conclusion, he predicted that the return of the King Emeritus to Spain would not take place until \"the Public Prosecutor's Office clarifies his situation\", because \"he is subject to the discipline of the Royal House and the Government\".<\/p>","protected":false},"excerpt":{"rendered":"<p>\u201cEl relato de los \u00faltimos seis a\u00f1os en Espa\u00f1a es casi un thriller\u201d, \u201cel Rey Em\u00e9rito ha traicionado a su hijo\u201d, \u201c(Juan Carlos I) no volver\u00e1 a Espa\u00f1a mientras el Ministerio Fiscal no clarifique su situaci\u00f3n\u201d, \u201cyo s\u00ed creo que Leonor va a reinar\u201d, \u201cPedro S\u00e1nchez ha apoyado al Rey en momentos cruciales\u201d. Estos fueron [&hellip;]<\/p>\n","protected":false},"author":28,"featured_media":23474,"comment_status":"closed","ping_status":"closed","sticky":false,"template":"","format":"standard","meta":{"footnotes":""},"categories":[1],"tags":[],"class_list":["post-23469","post","type-post","status-publish","format-standard","has-post-thumbnail","hentry","category-actualidad-proa"],"yoast_head":"<!-- This site is optimized with the Yoast SEO plugin v27.0 - https:\/\/yoast.com\/product\/yoast-seo-wordpress\/ -->\n<title>\u201cEl relato de los \u00faltimos seis a\u00f1os en Espa\u00f1a es casi un thriller&quot;, conversaci\u00f3n con Jos\u00e9 Antonio Zarzalejos - PROA Comunicaci\u00f3n<\/title>\n<meta name=\"robots\" content=\"index, follow, max-snippet:-1, max-image-preview:large, max-video-preview:-1\" \/>\n<link rel=\"canonical\" href=\"https:\/\/proacomunicacion.es\/en\/the-story-of-the-last-six-years-in-spain-is-almost-a-thriller-conversation-with-jose-antonio-zarzalejos-2\/\" \/>\n<meta property=\"og:locale\" content=\"en_GB\" \/>\n<meta property=\"og:type\" content=\"article\" \/>\n<meta property=\"og:title\" content=\"\u201cEl relato de los \u00faltimos seis a\u00f1os en Espa\u00f1a es casi un thriller&quot;, conversaci\u00f3n con Jos\u00e9 Antonio Zarzalejos - PROA Comunicaci\u00f3n\" \/>\n<meta property=\"og:description\" content=\"\u201cEl relato de los \u00faltimos seis a\u00f1os en Espa\u00f1a es casi un thriller\u201d, \u201cel Rey Em\u00e9rito ha traicionado a su hijo\u201d, \u201c(Juan Carlos I) no volver\u00e1 a Espa\u00f1a mientras el Ministerio Fiscal no clarifique su situaci\u00f3n\u201d, \u201cyo s\u00ed creo que Leonor va a reinar\u201d, \u201cPedro S\u00e1nchez ha apoyado al Rey en momentos cruciales\u201d. Estos fueron [&hellip;]\" \/>\n<meta property=\"og:url\" content=\"https:\/\/proacomunicacion.es\/en\/the-story-of-the-last-six-years-in-spain-is-almost-a-thriller-conversation-with-jose-antonio-zarzalejos-2\/\" \/>\n<meta property=\"og:site_name\" content=\"PROA Comunicaci\u00f3n\" \/>\n<meta property=\"article:published_time\" content=\"2021-04-13T14:48:42+00:00\" \/>\n<meta property=\"og:image\" content=\"https:\/\/proacomunicacion.es\/wp-content\/uploads\/2025\/08\/Firefly_radio-de-barco-scaled.jpg\" \/>\n\t<meta property=\"og:image:width\" content=\"2560\" \/>\n\t<meta property=\"og:image:height\" content=\"1414\" \/>\n\t<meta property=\"og:image:type\" content=\"image\/jpeg\" \/>\n<meta name=\"author\" content=\"PROA Comunicaci\u00f3n\" \/>\n<meta name=\"twitter:card\" content=\"summary_large_image\" \/>\n<meta name=\"twitter:creator\" content=\"@proacomunica\" \/>\n<meta name=\"twitter:site\" content=\"@proacomunica\" \/>\n<meta name=\"twitter:label1\" content=\"Written by\" \/>\n\t<meta name=\"twitter:data1\" content=\"PROA Comunicaci\u00f3n\" \/>\n\t<meta name=\"twitter:label2\" content=\"Estimated reading time\" \/>\n\t<meta name=\"twitter:data2\" content=\"4 minutes\" \/>\n<script type=\"application\/ld+json\" class=\"yoast-schema-graph\">{\"@context\":\"https:\/\/schema.org\",\"@graph\":[{\"@type\":\"Article\",\"@id\":\"https:\/\/proacomunicacion.es\/el-relato-de-los-ultimos-seis-anos-en-espana-es-casi-un-thriller-conversacion-con-jose-antonio-zarzalejos\/#article\",\"isPartOf\":{\"@id\":\"https:\/\/proacomunicacion.es\/el-relato-de-los-ultimos-seis-anos-en-espana-es-casi-un-thriller-conversacion-con-jose-antonio-zarzalejos\/\"},\"author\":{\"name\":\"PROA Comunicaci\u00f3n\",\"@id\":\"https:\/\/proacomunicacion.es\/#\/schema\/person\/f80dc8938ea94e7f8aa1e8dc716d5a60\"},\"headline\":\"\u201cEl relato de los \u00faltimos seis a\u00f1os en Espa\u00f1a es casi un thriller\u00bb, conversaci\u00f3n con Jos\u00e9 Antonio Zarzalejos\",\"datePublished\":\"2021-04-13T14:48:42+00:00\",\"mainEntityOfPage\":{\"@id\":\"https:\/\/proacomunicacion.es\/el-relato-de-los-ultimos-seis-anos-en-espana-es-casi-un-thriller-conversacion-con-jose-antonio-zarzalejos\/\"},\"wordCount\":960,\"publisher\":{\"@id\":\"https:\/\/proacomunicacion.es\/#organization\"},\"image\":{\"@id\":\"https:\/\/proacomunicacion.es\/el-relato-de-los-ultimos-seis-anos-en-espana-es-casi-un-thriller-conversacion-con-jose-antonio-zarzalejos\/#primaryimage\"},\"thumbnailUrl\":\"\",\"articleSection\":[\"Actualidad\"],\"inLanguage\":\"en-GB\"},{\"@type\":\"WebPage\",\"@id\":\"https:\/\/proacomunicacion.es\/el-relato-de-los-ultimos-seis-anos-en-espana-es-casi-un-thriller-conversacion-con-jose-antonio-zarzalejos\/\",\"url\":\"https:\/\/proacomunicacion.es\/el-relato-de-los-ultimos-seis-anos-en-espana-es-casi-un-thriller-conversacion-con-jose-antonio-zarzalejos\/\",\"name\":\"\u201cEl relato de los \u00faltimos seis a\u00f1os en Espa\u00f1a es casi un thriller\\\", conversaci\u00f3n con Jos\u00e9 Antonio Zarzalejos - PROA Comunicaci\u00f3n\",\"isPartOf\":{\"@id\":\"https:\/\/proacomunicacion.es\/#website\"},\"primaryImageOfPage\":{\"@id\":\"https:\/\/proacomunicacion.es\/el-relato-de-los-ultimos-seis-anos-en-espana-es-casi-un-thriller-conversacion-con-jose-antonio-zarzalejos\/#primaryimage\"},\"image\":{\"@id\":\"https:\/\/proacomunicacion.es\/el-relato-de-los-ultimos-seis-anos-en-espana-es-casi-un-thriller-conversacion-con-jose-antonio-zarzalejos\/#primaryimage\"},\"thumbnailUrl\":\"\",\"datePublished\":\"2021-04-13T14:48:42+00:00\",\"breadcrumb\":{\"@id\":\"https:\/\/proacomunicacion.es\/el-relato-de-los-ultimos-seis-anos-en-espana-es-casi-un-thriller-conversacion-con-jose-antonio-zarzalejos\/#breadcrumb\"},\"inLanguage\":\"en-GB\",\"potentialAction\":[{\"@type\":\"ReadAction\",\"target\":[\"https:\/\/proacomunicacion.es\/el-relato-de-los-ultimos-seis-anos-en-espana-es-casi-un-thriller-conversacion-con-jose-antonio-zarzalejos\/\"]}]},{\"@type\":\"ImageObject\",\"inLanguage\":\"en-GB\",\"@id\":\"https:\/\/proacomunicacion.es\/el-relato-de-los-ultimos-seis-anos-en-espana-es-casi-un-thriller-conversacion-con-jose-antonio-zarzalejos\/#primaryimage\",\"url\":\"\",\"contentUrl\":\"\"},{\"@type\":\"BreadcrumbList\",\"@id\":\"https:\/\/proacomunicacion.es\/el-relato-de-los-ultimos-seis-anos-en-espana-es-casi-un-thriller-conversacion-con-jose-antonio-zarzalejos\/#breadcrumb\",\"itemListElement\":[{\"@type\":\"ListItem\",\"position\":1,\"name\":\"Portada\",\"item\":\"https:\/\/proacomunicacion.es\/\"},{\"@type\":\"ListItem\",\"position\":2,\"name\":\"\u201cEl relato de los \u00faltimos seis a\u00f1os en Espa\u00f1a es casi un thriller\u00bb, conversaci\u00f3n con Jos\u00e9 Antonio Zarzalejos\"}]},{\"@type\":\"WebSite\",\"@id\":\"https:\/\/proacomunicacion.es\/#website\",\"url\":\"https:\/\/proacomunicacion.es\/\",\"name\":\"PROA Comunicaci\u00f3n\",\"description\":\"Agencia de Comunicaci\u00f3n Corporativa en Madrid, Barcelona y Galicia.\",\"publisher\":{\"@id\":\"https:\/\/proacomunicacion.es\/#organization\"},\"alternateName\":\"PROA Comunicaci\u00f3n\",\"potentialAction\":[{\"@type\":\"SearchAction\",\"target\":{\"@type\":\"EntryPoint\",\"urlTemplate\":\"https:\/\/proacomunicacion.es\/?s={search_term_string}\"},\"query-input\":{\"@type\":\"PropertyValueSpecification\",\"valueRequired\":true,\"valueName\":\"search_term_string\"}}],\"inLanguage\":\"en-GB\"},{\"@type\":\"Organization\",\"@id\":\"https:\/\/proacomunicacion.es\/#organization\",\"name\":\"PROA Comunicaci\u00f3n\",\"alternateName\":\"PROA Comunicaci\u00f3n\",\"url\":\"https:\/\/proacomunicacion.es\/\",\"logo\":{\"@type\":\"ImageObject\",\"inLanguage\":\"en-GB\",\"@id\":\"https:\/\/proacomunicacion.es\/#\/schema\/logo\/image\/\",\"url\":\"https:\/\/proacomunicacion.es\/wp-content\/uploads\/2024\/01\/Logo_Light.svg\",\"contentUrl\":\"https:\/\/proacomunicacion.es\/wp-content\/uploads\/2024\/01\/Logo_Light.svg\",\"width\":136,\"height\":33,\"caption\":\"PROA Comunicaci\u00f3n\"},\"image\":{\"@id\":\"https:\/\/proacomunicacion.es\/#\/schema\/logo\/image\/\"},\"sameAs\":[\"https:\/\/x.com\/proacomunica\",\"https:\/\/es.linkedin.com\/company\/proa-comunicacion_2\",\"https:\/\/www.instagram.com\/proacomunica\/\",\"https:\/\/www.youtube.com\/@proacomunicacion\",\"https:\/\/es.wikipedia.org\/wiki\/PROA_Comunicacin\"]},{\"@type\":\"Person\",\"@id\":\"https:\/\/proacomunicacion.es\/#\/schema\/person\/f80dc8938ea94e7f8aa1e8dc716d5a60\",\"name\":\"PROA Comunicaci\u00f3n\",\"image\":{\"@type\":\"ImageObject\",\"inLanguage\":\"en-GB\",\"@id\":\"https:\/\/proacomunicacion.es\/#\/schema\/person\/image\/\",\"url\":\"https:\/\/secure.gravatar.com\/avatar\/394c93c195ff19b00e79d66a42971657a01de9f2740b97148d0f14a1e1a359b7?s=96&r=g\",\"contentUrl\":\"https:\/\/secure.gravatar.com\/avatar\/394c93c195ff19b00e79d66a42971657a01de9f2740b97148d0f14a1e1a359b7?s=96&r=g\",\"caption\":\"PROA Comunicaci\u00f3n\"}}]}<\/script>\n<!-- \/ Yoast SEO plugin. -->","yoast_head_json":{"title":"\"The story of the last six years in Spain is almost a thriller\", conversation with Jos\u00e9 Antonio Zarzalejos - PROA Comunicaci\u00f3n","robots":{"index":"index","follow":"follow","max-snippet":"max-snippet:-1","max-image-preview":"max-image-preview:large","max-video-preview":"max-video-preview:-1"},"canonical":"https:\/\/proacomunicacion.es\/en\/the-story-of-the-last-six-years-in-spain-is-almost-a-thriller-conversation-with-jose-antonio-zarzalejos-2\/","og_locale":"en_GB","og_type":"article","og_title":"\u201cEl relato de los \u00faltimos seis a\u00f1os en Espa\u00f1a es casi un thriller\", conversaci\u00f3n con Jos\u00e9 Antonio Zarzalejos - PROA Comunicaci\u00f3n","og_description":"\u201cEl relato de los \u00faltimos seis a\u00f1os en Espa\u00f1a es casi un thriller\u201d, \u201cel Rey Em\u00e9rito ha traicionado a su hijo\u201d, \u201c(Juan Carlos I) no volver\u00e1 a Espa\u00f1a mientras el Ministerio Fiscal no clarifique su situaci\u00f3n\u201d, \u201cyo s\u00ed creo que Leonor va a reinar\u201d, \u201cPedro S\u00e1nchez ha apoyado al Rey en momentos cruciales\u201d. Estos fueron [&hellip;]","og_url":"https:\/\/proacomunicacion.es\/en\/the-story-of-the-last-six-years-in-spain-is-almost-a-thriller-conversation-with-jose-antonio-zarzalejos-2\/","og_site_name":"PROA Comunicaci\u00f3n","article_published_time":"2021-04-13T14:48:42+00:00","og_image":[{"width":2560,"height":1414,"url":"https:\/\/proacomunicacion.es\/wp-content\/uploads\/2025\/08\/Firefly_radio-de-barco-scaled.jpg","type":"image\/jpeg"}],"author":"PROA Comunicaci\u00f3n","twitter_card":"summary_large_image","twitter_creator":"@proacomunica","twitter_site":"@proacomunica","twitter_misc":{"Written by":"PROA Comunicaci\u00f3n","Estimated reading time":"4 minutes"},"schema":{"@context":"https:\/\/schema.org","@graph":[{"@type":"Article","@id":"https:\/\/proacomunicacion.es\/el-relato-de-los-ultimos-seis-anos-en-espana-es-casi-un-thriller-conversacion-con-jose-antonio-zarzalejos\/#article","isPartOf":{"@id":"https:\/\/proacomunicacion.es\/el-relato-de-los-ultimos-seis-anos-en-espana-es-casi-un-thriller-conversacion-con-jose-antonio-zarzalejos\/"},"author":{"name":"PROA Comunicaci\u00f3n","@id":"https:\/\/proacomunicacion.es\/#\/schema\/person\/f80dc8938ea94e7f8aa1e8dc716d5a60"},"headline":"\u201cEl relato de los \u00faltimos seis a\u00f1os en Espa\u00f1a es casi un thriller\u00bb, conversaci\u00f3n con Jos\u00e9 Antonio Zarzalejos","datePublished":"2021-04-13T14:48:42+00:00","mainEntityOfPage":{"@id":"https:\/\/proacomunicacion.es\/el-relato-de-los-ultimos-seis-anos-en-espana-es-casi-un-thriller-conversacion-con-jose-antonio-zarzalejos\/"},"wordCount":960,"publisher":{"@id":"https:\/\/proacomunicacion.es\/#organization"},"image":{"@id":"https:\/\/proacomunicacion.es\/el-relato-de-los-ultimos-seis-anos-en-espana-es-casi-un-thriller-conversacion-con-jose-antonio-zarzalejos\/#primaryimage"},"thumbnailUrl":"","articleSection":["Actualidad"],"inLanguage":"en-GB"},{"@type":"WebPage","@id":"https:\/\/proacomunicacion.es\/el-relato-de-los-ultimos-seis-anos-en-espana-es-casi-un-thriller-conversacion-con-jose-antonio-zarzalejos\/","url":"https:\/\/proacomunicacion.es\/el-relato-de-los-ultimos-seis-anos-en-espana-es-casi-un-thriller-conversacion-con-jose-antonio-zarzalejos\/","name":"\"The story of the last six years in Spain is almost a thriller\", conversation with Jos\u00e9 Antonio Zarzalejos - PROA Comunicaci\u00f3n","isPartOf":{"@id":"https:\/\/proacomunicacion.es\/#website"},"primaryImageOfPage":{"@id":"https:\/\/proacomunicacion.es\/el-relato-de-los-ultimos-seis-anos-en-espana-es-casi-un-thriller-conversacion-con-jose-antonio-zarzalejos\/#primaryimage"},"image":{"@id":"https:\/\/proacomunicacion.es\/el-relato-de-los-ultimos-seis-anos-en-espana-es-casi-un-thriller-conversacion-con-jose-antonio-zarzalejos\/#primaryimage"},"thumbnailUrl":"","datePublished":"2021-04-13T14:48:42+00:00","breadcrumb":{"@id":"https:\/\/proacomunicacion.es\/el-relato-de-los-ultimos-seis-anos-en-espana-es-casi-un-thriller-conversacion-con-jose-antonio-zarzalejos\/#breadcrumb"},"inLanguage":"en-GB","potentialAction":[{"@type":"ReadAction","target":["https:\/\/proacomunicacion.es\/el-relato-de-los-ultimos-seis-anos-en-espana-es-casi-un-thriller-conversacion-con-jose-antonio-zarzalejos\/"]}]},{"@type":"ImageObject","inLanguage":"en-GB","@id":"https:\/\/proacomunicacion.es\/el-relato-de-los-ultimos-seis-anos-en-espana-es-casi-un-thriller-conversacion-con-jose-antonio-zarzalejos\/#primaryimage","url":"","contentUrl":""},{"@type":"BreadcrumbList","@id":"https:\/\/proacomunicacion.es\/el-relato-de-los-ultimos-seis-anos-en-espana-es-casi-un-thriller-conversacion-con-jose-antonio-zarzalejos\/#breadcrumb","itemListElement":[{"@type":"ListItem","position":1,"name":"Portada","item":"https:\/\/proacomunicacion.es\/"},{"@type":"ListItem","position":2,"name":"\u201cEl relato de los \u00faltimos seis a\u00f1os en Espa\u00f1a es casi un thriller\u00bb, conversaci\u00f3n con Jos\u00e9 Antonio Zarzalejos"}]},{"@type":"WebSite","@id":"https:\/\/proacomunicacion.es\/#website","url":"https:\/\/proacomunicacion.es\/","name":"PROA Communication","description":"Corporate Communications Agency in Madrid, Barcelona and Galicia.","publisher":{"@id":"https:\/\/proacomunicacion.es\/#organization"},"alternateName":"PROA Comunicaci\u00f3n","potentialAction":[{"@type":"SearchAction","target":{"@type":"EntryPoint","urlTemplate":"https:\/\/proacomunicacion.es\/?s={search_term_string}"},"query-input":{"@type":"PropertyValueSpecification","valueRequired":true,"valueName":"search_term_string"}}],"inLanguage":"en-GB"},{"@type":"Organization","@id":"https:\/\/proacomunicacion.es\/#organization","name":"PROA Communication","alternateName":"PROA Comunicaci\u00f3n","url":"https:\/\/proacomunicacion.es\/","logo":{"@type":"ImageObject","inLanguage":"en-GB","@id":"https:\/\/proacomunicacion.es\/#\/schema\/logo\/image\/","url":"https:\/\/proacomunicacion.es\/wp-content\/uploads\/2024\/01\/Logo_Light.svg","contentUrl":"https:\/\/proacomunicacion.es\/wp-content\/uploads\/2024\/01\/Logo_Light.svg","width":136,"height":33,"caption":"PROA Comunicaci\u00f3n"},"image":{"@id":"https:\/\/proacomunicacion.es\/#\/schema\/logo\/image\/"},"sameAs":["https:\/\/x.com\/proacomunica","https:\/\/es.linkedin.com\/company\/proa-comunicacion_2","https:\/\/www.instagram.com\/proacomunica\/","https:\/\/www.youtube.com\/@proacomunicacion","https:\/\/es.wikipedia.org\/wiki\/PROA_Comunicacin"]},{"@type":"Person","@id":"https:\/\/proacomunicacion.es\/#\/schema\/person\/f80dc8938ea94e7f8aa1e8dc716d5a60","name":"PROA Communication","image":{"@type":"ImageObject","inLanguage":"en-GB","@id":"https:\/\/proacomunicacion.es\/#\/schema\/person\/image\/","url":"https:\/\/secure.gravatar.com\/avatar\/394c93c195ff19b00e79d66a42971657a01de9f2740b97148d0f14a1e1a359b7?s=96&r=g","contentUrl":"https:\/\/secure.gravatar.com\/avatar\/394c93c195ff19b00e79d66a42971657a01de9f2740b97148d0f14a1e1a359b7?s=96&r=g","caption":"PROA Comunicaci\u00f3n"}}]}},"_links":{"self":[{"href":"https:\/\/proacomunicacion.es\/en\/wp-json\/wp\/v2\/posts\/23469","targetHints":{"allow":["GET"]}}],"collection":[{"href":"https:\/\/proacomunicacion.es\/en\/wp-json\/wp\/v2\/posts"}],"about":[{"href":"https:\/\/proacomunicacion.es\/en\/wp-json\/wp\/v2\/types\/post"}],"author":[{"embeddable":true,"href":"https:\/\/proacomunicacion.es\/en\/wp-json\/wp\/v2\/users\/28"}],"replies":[{"embeddable":true,"href":"https:\/\/proacomunicacion.es\/en\/wp-json\/wp\/v2\/comments?post=23469"}],"version-history":[{"count":0,"href":"https:\/\/proacomunicacion.es\/en\/wp-json\/wp\/v2\/posts\/23469\/revisions"}],"wp:featuredmedia":[{"embeddable":true,"href":"https:\/\/proacomunicacion.es\/en\/wp-json\/"}],"wp:attachment":[{"href":"https:\/\/proacomunicacion.es\/en\/wp-json\/wp\/v2\/media?parent=23469"}],"wp:term":[{"taxonomy":"category","embeddable":true,"href":"https:\/\/proacomunicacion.es\/en\/wp-json\/wp\/v2\/categories?post=23469"},{"taxonomy":"post_tag","embeddable":true,"href":"https:\/\/proacomunicacion.es\/en\/wp-json\/wp\/v2\/tags?post=23469"}],"curies":[{"name":"wp","href":"https:\/\/api.w.org\/{rel}","templated":true}]}}