{"id":23827,"date":"2021-06-09T17:56:36","date_gmt":"2021-06-09T15:56:36","guid":{"rendered":"https:\/\/proacomunicacion.es\/?p=23827"},"modified":"2021-06-09T17:56:36","modified_gmt":"2021-06-09T15:56:36","slug":"proa-appoints-juan-ramon-corpas-as-accounts-director","status":"publish","type":"post","link":"https:\/\/proacomunicacion.es\/en\/proa-nombra-director-de-cuentas-a-juan-ramon-corpas\/","title":{"rendered":"<span class=\"dash\">--<\/span> PROA appoints Juan Ram\u00f3n Corpas as account director"},"content":{"rendered":"<p><strong>PROA<\/strong> reinforces its team with a multidisciplinary profile with the aim of serving and attracting clients working in a wide range of sectors and fields. With this goal in mind,<strong> PROA<\/strong> has appointed<strong> Juan Ram\u00f3n Corpas<\/strong> as Account Director. Corpas holds a degree in Journalism and Philosophy from the University of Navarra and a Master's degree in International Business Management from the Men\u00e9ndez Pelayo University as part of the Icex Internationalisation scholarship project. With a strong international profile, he has lived in the United States, Germany and Turkey. In Turkey she worked in the Economic and Commercial Office of the Spanish Embassy.<\/p>\n<p>Corpas also has extensive experience in journalism and communication. He has been an editor at Expansi\u00f3n, both at the headquarters in Madrid and at the delegation in Andalusia, and for the last four years he has worked at Grupo Albi\u00f3n, where he specialised in the technology sector. He is also familiar with the associative field as he was part of the internationalisation department at AMETIC, the employers' association of Information and Communication Technology companies.<\/p>\n<p>\"<em>We are sure that the incorporation of Juan Ram\u00f3n will be a revulsive in the service we offer to our clients.<\/em>\" they comment <strong>Luc\u00eda Casanueva<\/strong> y <strong>Valvanuz Serna Ruiz<\/strong>The project was launched by Proa Comunicacion's managing partners, Proa Comunicacion. \"<em>Her experience as a journalist will help to focus and add value to communication for both companies and the media.<\/em>\".<\/p>\n<p>\"<em>I am delighted to open this new stage in my career within <strong>PROA<\/strong>. I am sure we will grow together and open new horizons for the company and for our customers.<\/em>\"says Corpas.<\/p>\n<h3>This text may be reproduced provided that PROA is credited as the original source.<\/h3>","protected":false},"excerpt":{"rendered":"<p>PROA refuerza su equipo con un perfil multidisciplinar con el objetivo de dar servicio y atraer a clientes que trabajan en una gran amplitud de sectores y \u00e1mbitos. Con esta meta, PROA ha nombrado a Juan Ram\u00f3n Corpas como director de cuentas. Corpas es licenciado en Periodismo y Filosof\u00eda por la Universidad de Navarra y [&hellip;]<\/p>\n","protected":false},"author":28,"featured_media":23828,"comment_status":"closed","ping_status":"closed","sticky":false,"template":"","format":"standard","meta":{"footnotes":""},"categories":[176,131],"tags":[425,426,347],"class_list":["post-23827","post","type-post","status-publish","format-standard","has-post-thumbnail","hentry","category-blog","category-noticias","tag-equipo","tag-nombramientos","tag-proa-es"],"yoast_head":"<!-- This site is optimized with the Yoast SEO plugin v27.0 - https:\/\/yoast.com\/product\/yoast-seo-wordpress\/ -->\n<title>\u2014\u2014 PROA nombra director de cuentas a Juan Ram\u00f3n Corpas - PROA Comunicaci\u00f3n<\/title>\n<meta name=\"description\" content=\"PROA nombra director de cuentas a Juan Ram\u00f3n Corpas. La consultora refuerza su equipo con un perfil multidisciplinar.\" \/>\n<meta name=\"robots\" content=\"index, follow, max-snippet:-1, max-image-preview:large, max-video-preview:-1\" \/>\n<link rel=\"canonical\" href=\"https:\/\/proacomunicacion.es\/en\/proa-appoints-juan-ramon-corpas-as-accounts-director\/\" \/>\n<meta property=\"og:locale\" content=\"en_GB\" \/>\n<meta property=\"og:type\" content=\"article\" \/>\n<meta property=\"og:title\" content=\"\u2014\u2014 PROA nombra director de cuentas a Juan Ram\u00f3n Corpas - PROA Comunicaci\u00f3n\" \/>\n<meta property=\"og:description\" content=\"PROA nombra director de cuentas a Juan Ram\u00f3n Corpas. La consultora refuerza su equipo con un perfil multidisciplinar.\" \/>\n<meta property=\"og:url\" content=\"https:\/\/proacomunicacion.es\/en\/proa-appoints-juan-ramon-corpas-as-accounts-director\/\" \/>\n<meta property=\"og:site_name\" content=\"PROA Comunicaci\u00f3n\" \/>\n<meta property=\"article:published_time\" content=\"2021-06-09T15:56:36+00:00\" \/>\n<meta property=\"og:image\" content=\"https:\/\/proacomunicacion.es\/wp-content\/uploads\/2025\/08\/Firefly_radio-de-barco-scaled.jpg\" \/>\n\t<meta property=\"og:image:width\" content=\"2560\" \/>\n\t<meta property=\"og:image:height\" content=\"1414\" \/>\n\t<meta property=\"og:image:type\" content=\"image\/jpeg\" \/>\n<meta name=\"author\" content=\"PROA Comunicaci\u00f3n\" \/>\n<meta name=\"twitter:card\" content=\"summary_large_image\" \/>\n<meta name=\"twitter:creator\" content=\"@proacomunica\" \/>\n<meta name=\"twitter:site\" content=\"@proacomunica\" \/>\n<meta name=\"twitter:label1\" content=\"Written by\" \/>\n\t<meta name=\"twitter:data1\" content=\"PROA Comunicaci\u00f3n\" \/>\n\t<meta name=\"twitter:label2\" content=\"Estimated reading time\" \/>\n\t<meta name=\"twitter:data2\" content=\"2 minutes\" \/>\n<script type=\"application\/ld+json\" class=\"yoast-schema-graph\">{\"@context\":\"https:\/\/schema.org\",\"@graph\":[{\"@type\":\"Article\",\"@id\":\"https:\/\/proacomunicacion.es\/proa-nombra-director-de-cuentas-a-juan-ramon-corpas\/#article\",\"isPartOf\":{\"@id\":\"https:\/\/proacomunicacion.es\/proa-nombra-director-de-cuentas-a-juan-ramon-corpas\/\"},\"author\":{\"name\":\"PROA Comunicaci\u00f3n\",\"@id\":\"https:\/\/proacomunicacion.es\/#\/schema\/person\/f80dc8938ea94e7f8aa1e8dc716d5a60\"},\"headline\":\"\u2014\u2014 PROA nombra director de cuentas a Juan Ram\u00f3n Corpas\",\"datePublished\":\"2021-06-09T15:56:36+00:00\",\"mainEntityOfPage\":{\"@id\":\"https:\/\/proacomunicacion.es\/proa-nombra-director-de-cuentas-a-juan-ramon-corpas\/\"},\"wordCount\":320,\"publisher\":{\"@id\":\"https:\/\/proacomunicacion.es\/#organization\"},\"image\":{\"@id\":\"https:\/\/proacomunicacion.es\/proa-nombra-director-de-cuentas-a-juan-ramon-corpas\/#primaryimage\"},\"thumbnailUrl\":\"\",\"keywords\":[\"Equipo\",\"Nombramientos\",\"PROA\"],\"articleSection\":[\"Blog\",\"Noticias\"],\"inLanguage\":\"en-GB\"},{\"@type\":\"WebPage\",\"@id\":\"https:\/\/proacomunicacion.es\/proa-nombra-director-de-cuentas-a-juan-ramon-corpas\/\",\"url\":\"https:\/\/proacomunicacion.es\/proa-nombra-director-de-cuentas-a-juan-ramon-corpas\/\",\"name\":\"\u2014\u2014 PROA nombra director de cuentas a Juan Ram\u00f3n Corpas - PROA Comunicaci\u00f3n\",\"isPartOf\":{\"@id\":\"https:\/\/proacomunicacion.es\/#website\"},\"primaryImageOfPage\":{\"@id\":\"https:\/\/proacomunicacion.es\/proa-nombra-director-de-cuentas-a-juan-ramon-corpas\/#primaryimage\"},\"image\":{\"@id\":\"https:\/\/proacomunicacion.es\/proa-nombra-director-de-cuentas-a-juan-ramon-corpas\/#primaryimage\"},\"thumbnailUrl\":\"\",\"datePublished\":\"2021-06-09T15:56:36+00:00\",\"description\":\"PROA nombra director de cuentas a Juan Ram\u00f3n Corpas. La consultora refuerza su equipo con un perfil multidisciplinar.\",\"breadcrumb\":{\"@id\":\"https:\/\/proacomunicacion.es\/proa-nombra-director-de-cuentas-a-juan-ramon-corpas\/#breadcrumb\"},\"inLanguage\":\"en-GB\",\"potentialAction\":[{\"@type\":\"ReadAction\",\"target\":[\"https:\/\/proacomunicacion.es\/proa-nombra-director-de-cuentas-a-juan-ramon-corpas\/\"]}]},{\"@type\":\"ImageObject\",\"inLanguage\":\"en-GB\",\"@id\":\"https:\/\/proacomunicacion.es\/proa-nombra-director-de-cuentas-a-juan-ramon-corpas\/#primaryimage\",\"url\":\"\",\"contentUrl\":\"\"},{\"@type\":\"BreadcrumbList\",\"@id\":\"https:\/\/proacomunicacion.es\/proa-nombra-director-de-cuentas-a-juan-ramon-corpas\/#breadcrumb\",\"itemListElement\":[{\"@type\":\"ListItem\",\"position\":1,\"name\":\"Portada\",\"item\":\"https:\/\/proacomunicacion.es\/\"},{\"@type\":\"ListItem\",\"position\":2,\"name\":\"\u2014\u2014 PROA nombra director de cuentas a Juan Ram\u00f3n Corpas\"}]},{\"@type\":\"WebSite\",\"@id\":\"https:\/\/proacomunicacion.es\/#website\",\"url\":\"https:\/\/proacomunicacion.es\/\",\"name\":\"PROA Comunicaci\u00f3n\",\"description\":\"Agencia de Comunicaci\u00f3n Corporativa en Madrid, Barcelona y Galicia.\",\"publisher\":{\"@id\":\"https:\/\/proacomunicacion.es\/#organization\"},\"alternateName\":\"PROA Comunicaci\u00f3n\",\"potentialAction\":[{\"@type\":\"SearchAction\",\"target\":{\"@type\":\"EntryPoint\",\"urlTemplate\":\"https:\/\/proacomunicacion.es\/?s={search_term_string}\"},\"query-input\":{\"@type\":\"PropertyValueSpecification\",\"valueRequired\":true,\"valueName\":\"search_term_string\"}}],\"inLanguage\":\"en-GB\"},{\"@type\":\"Organization\",\"@id\":\"https:\/\/proacomunicacion.es\/#organization\",\"name\":\"PROA Comunicaci\u00f3n\",\"alternateName\":\"PROA Comunicaci\u00f3n\",\"url\":\"https:\/\/proacomunicacion.es\/\",\"logo\":{\"@type\":\"ImageObject\",\"inLanguage\":\"en-GB\",\"@id\":\"https:\/\/proacomunicacion.es\/#\/schema\/logo\/image\/\",\"url\":\"https:\/\/proacomunicacion.es\/wp-content\/uploads\/2024\/01\/Logo_Light.svg\",\"contentUrl\":\"https:\/\/proacomunicacion.es\/wp-content\/uploads\/2024\/01\/Logo_Light.svg\",\"width\":136,\"height\":33,\"caption\":\"PROA Comunicaci\u00f3n\"},\"image\":{\"@id\":\"https:\/\/proacomunicacion.es\/#\/schema\/logo\/image\/\"},\"sameAs\":[\"https:\/\/x.com\/proacomunica\",\"https:\/\/es.linkedin.com\/company\/proa-comunicacion_2\",\"https:\/\/www.instagram.com\/proacomunica\/\",\"https:\/\/www.youtube.com\/@proacomunicacion\",\"https:\/\/es.wikipedia.org\/wiki\/PROA_Comunicacin\"]},{\"@type\":\"Person\",\"@id\":\"https:\/\/proacomunicacion.es\/#\/schema\/person\/f80dc8938ea94e7f8aa1e8dc716d5a60\",\"name\":\"PROA Comunicaci\u00f3n\",\"image\":{\"@type\":\"ImageObject\",\"inLanguage\":\"en-GB\",\"@id\":\"https:\/\/proacomunicacion.es\/#\/schema\/person\/image\/\",\"url\":\"https:\/\/secure.gravatar.com\/avatar\/394c93c195ff19b00e79d66a42971657a01de9f2740b97148d0f14a1e1a359b7?s=96&r=g\",\"contentUrl\":\"https:\/\/secure.gravatar.com\/avatar\/394c93c195ff19b00e79d66a42971657a01de9f2740b97148d0f14a1e1a359b7?s=96&r=g\",\"caption\":\"PROA Comunicaci\u00f3n\"}}]}<\/script>\n<!-- \/ Yoast SEO plugin. -->","yoast_head_json":{"title":"-- PROA appoints Juan Ram\u00f3n Corpas as account director - PROA Comunicaci\u00f3n","description":"PROA appoints Juan Ram\u00f3n Corpas as Account Director. The consultancy firm strengthens its team with a multidisciplinary profile.","robots":{"index":"index","follow":"follow","max-snippet":"max-snippet:-1","max-image-preview":"max-image-preview:large","max-video-preview":"max-video-preview:-1"},"canonical":"https:\/\/proacomunicacion.es\/en\/proa-appoints-juan-ramon-corpas-as-accounts-director\/","og_locale":"en_GB","og_type":"article","og_title":"\u2014\u2014 PROA nombra director de cuentas a Juan Ram\u00f3n Corpas - PROA Comunicaci\u00f3n","og_description":"PROA nombra director de cuentas a Juan Ram\u00f3n Corpas. La consultora refuerza su equipo con un perfil multidisciplinar.","og_url":"https:\/\/proacomunicacion.es\/en\/proa-appoints-juan-ramon-corpas-as-accounts-director\/","og_site_name":"PROA Comunicaci\u00f3n","article_published_time":"2021-06-09T15:56:36+00:00","og_image":[{"width":2560,"height":1414,"url":"https:\/\/proacomunicacion.es\/wp-content\/uploads\/2025\/08\/Firefly_radio-de-barco-scaled.jpg","type":"image\/jpeg"}],"author":"PROA Comunicaci\u00f3n","twitter_card":"summary_large_image","twitter_creator":"@proacomunica","twitter_site":"@proacomunica","twitter_misc":{"Written by":"PROA Comunicaci\u00f3n","Estimated reading time":"2 minutes"},"schema":{"@context":"https:\/\/schema.org","@graph":[{"@type":"Article","@id":"https:\/\/proacomunicacion.es\/proa-nombra-director-de-cuentas-a-juan-ramon-corpas\/#article","isPartOf":{"@id":"https:\/\/proacomunicacion.es\/proa-nombra-director-de-cuentas-a-juan-ramon-corpas\/"},"author":{"name":"PROA Comunicaci\u00f3n","@id":"https:\/\/proacomunicacion.es\/#\/schema\/person\/f80dc8938ea94e7f8aa1e8dc716d5a60"},"headline":"\u2014\u2014 PROA nombra director de cuentas a Juan Ram\u00f3n Corpas","datePublished":"2021-06-09T15:56:36+00:00","mainEntityOfPage":{"@id":"https:\/\/proacomunicacion.es\/proa-nombra-director-de-cuentas-a-juan-ramon-corpas\/"},"wordCount":320,"publisher":{"@id":"https:\/\/proacomunicacion.es\/#organization"},"image":{"@id":"https:\/\/proacomunicacion.es\/proa-nombra-director-de-cuentas-a-juan-ramon-corpas\/#primaryimage"},"thumbnailUrl":"","keywords":["Equipo","Nombramientos","PROA"],"articleSection":["Blog","Noticias"],"inLanguage":"en-GB"},{"@type":"WebPage","@id":"https:\/\/proacomunicacion.es\/proa-nombra-director-de-cuentas-a-juan-ramon-corpas\/","url":"https:\/\/proacomunicacion.es\/proa-nombra-director-de-cuentas-a-juan-ramon-corpas\/","name":"-- PROA appoints Juan Ram\u00f3n Corpas as account director - PROA Comunicaci\u00f3n","isPartOf":{"@id":"https:\/\/proacomunicacion.es\/#website"},"primaryImageOfPage":{"@id":"https:\/\/proacomunicacion.es\/proa-nombra-director-de-cuentas-a-juan-ramon-corpas\/#primaryimage"},"image":{"@id":"https:\/\/proacomunicacion.es\/proa-nombra-director-de-cuentas-a-juan-ramon-corpas\/#primaryimage"},"thumbnailUrl":"","datePublished":"2021-06-09T15:56:36+00:00","description":"PROA appoints Juan Ram\u00f3n Corpas as Account Director. The consultancy firm strengthens its team with a multidisciplinary profile.","breadcrumb":{"@id":"https:\/\/proacomunicacion.es\/proa-nombra-director-de-cuentas-a-juan-ramon-corpas\/#breadcrumb"},"inLanguage":"en-GB","potentialAction":[{"@type":"ReadAction","target":["https:\/\/proacomunicacion.es\/proa-nombra-director-de-cuentas-a-juan-ramon-corpas\/"]}]},{"@type":"ImageObject","inLanguage":"en-GB","@id":"https:\/\/proacomunicacion.es\/proa-nombra-director-de-cuentas-a-juan-ramon-corpas\/#primaryimage","url":"","contentUrl":""},{"@type":"BreadcrumbList","@id":"https:\/\/proacomunicacion.es\/proa-nombra-director-de-cuentas-a-juan-ramon-corpas\/#breadcrumb","itemListElement":[{"@type":"ListItem","position":1,"name":"Portada","item":"https:\/\/proacomunicacion.es\/"},{"@type":"ListItem","position":2,"name":"\u2014\u2014 PROA nombra director de cuentas a Juan Ram\u00f3n Corpas"}]},{"@type":"WebSite","@id":"https:\/\/proacomunicacion.es\/#website","url":"https:\/\/proacomunicacion.es\/","name":"PROA Communication","description":"Corporate Communications Agency in Madrid, Barcelona and Galicia.","publisher":{"@id":"https:\/\/proacomunicacion.es\/#organization"},"alternateName":"PROA Comunicaci\u00f3n","potentialAction":[{"@type":"SearchAction","target":{"@type":"EntryPoint","urlTemplate":"https:\/\/proacomunicacion.es\/?s={search_term_string}"},"query-input":{"@type":"PropertyValueSpecification","valueRequired":true,"valueName":"search_term_string"}}],"inLanguage":"en-GB"},{"@type":"Organization","@id":"https:\/\/proacomunicacion.es\/#organization","name":"PROA Communication","alternateName":"PROA Comunicaci\u00f3n","url":"https:\/\/proacomunicacion.es\/","logo":{"@type":"ImageObject","inLanguage":"en-GB","@id":"https:\/\/proacomunicacion.es\/#\/schema\/logo\/image\/","url":"https:\/\/proacomunicacion.es\/wp-content\/uploads\/2024\/01\/Logo_Light.svg","contentUrl":"https:\/\/proacomunicacion.es\/wp-content\/uploads\/2024\/01\/Logo_Light.svg","width":136,"height":33,"caption":"PROA Comunicaci\u00f3n"},"image":{"@id":"https:\/\/proacomunicacion.es\/#\/schema\/logo\/image\/"},"sameAs":["https:\/\/x.com\/proacomunica","https:\/\/es.linkedin.com\/company\/proa-comunicacion_2","https:\/\/www.instagram.com\/proacomunica\/","https:\/\/www.youtube.com\/@proacomunicacion","https:\/\/es.wikipedia.org\/wiki\/PROA_Comunicacin"]},{"@type":"Person","@id":"https:\/\/proacomunicacion.es\/#\/schema\/person\/f80dc8938ea94e7f8aa1e8dc716d5a60","name":"PROA Communication","image":{"@type":"ImageObject","inLanguage":"en-GB","@id":"https:\/\/proacomunicacion.es\/#\/schema\/person\/image\/","url":"https:\/\/secure.gravatar.com\/avatar\/394c93c195ff19b00e79d66a42971657a01de9f2740b97148d0f14a1e1a359b7?s=96&r=g","contentUrl":"https:\/\/secure.gravatar.com\/avatar\/394c93c195ff19b00e79d66a42971657a01de9f2740b97148d0f14a1e1a359b7?s=96&r=g","caption":"PROA Comunicaci\u00f3n"}}]}},"_links":{"self":[{"href":"https:\/\/proacomunicacion.es\/en\/wp-json\/wp\/v2\/posts\/23827","targetHints":{"allow":["GET"]}}],"collection":[{"href":"https:\/\/proacomunicacion.es\/en\/wp-json\/wp\/v2\/posts"}],"about":[{"href":"https:\/\/proacomunicacion.es\/en\/wp-json\/wp\/v2\/types\/post"}],"author":[{"embeddable":true,"href":"https:\/\/proacomunicacion.es\/en\/wp-json\/wp\/v2\/users\/28"}],"replies":[{"embeddable":true,"href":"https:\/\/proacomunicacion.es\/en\/wp-json\/wp\/v2\/comments?post=23827"}],"version-history":[{"count":0,"href":"https:\/\/proacomunicacion.es\/en\/wp-json\/wp\/v2\/posts\/23827\/revisions"}],"wp:featuredmedia":[{"embeddable":true,"href":"https:\/\/proacomunicacion.es\/en\/wp-json\/"}],"wp:attachment":[{"href":"https:\/\/proacomunicacion.es\/en\/wp-json\/wp\/v2\/media?parent=23827"}],"wp:term":[{"taxonomy":"category","embeddable":true,"href":"https:\/\/proacomunicacion.es\/en\/wp-json\/wp\/v2\/categories?post=23827"},{"taxonomy":"post_tag","embeddable":true,"href":"https:\/\/proacomunicacion.es\/en\/wp-json\/wp\/v2\/tags?post=23827"}],"curies":[{"name":"wp","href":"https:\/\/api.w.org\/{rel}","templated":true}]}}