{"id":24861,"date":"2021-12-10T17:14:55","date_gmt":"2021-12-10T16:14:55","guid":{"rendered":"https:\/\/proacomunicacion.es\/?p=24861"},"modified":"2021-12-10T17:14:55","modified_gmt":"2021-12-10T16:14:55","slug":"jose-antonio-rodriguez-piedrabuena-ley-salud-mental-paso-mas-demolicion","status":"publish","type":"post","link":"https:\/\/proacomunicacion.es\/en\/jose-antonio-rodriguez-piedrabuena-ley-salud-mental-paso-mas-demolicion\/","title":{"rendered":"Jos\u00e9 Antonio Rodr\u00edguez Piedrabuena <span class=\"dash\">--<\/span> Mental Health Act: one step closer to demolition"},"content":{"rendered":"<p>Mental health should be planned for and meet the World Health Organisation's (WHO) diagnostic criteria in the international classification of diseases; which defines having an anxiety disorder, depressive disorder, substance abuse disorder, sexual dysfunction, schizophrenia or autism, to name a few.<\/p>\n<p>Does socio-economics have anything to do with <strong>adolescents and young people<\/strong>\u00a0-And what about the harmful use of social networks, mobile phones and gambling?<\/p>\n<p>It is a mental health law with the professionals' backs to the wall, which is born <strong>against the professional collective<\/strong>He disqualifies it, forming part of the process of social explosion, in which no one seems to escape. He also admits <em>that \"psychiatrists can only\u00a0<strong>use drugs<\/strong>The \"antipsychotic drugs, such as antipsychotics, if the patient has acute frank psychotic symptomatology at the time\". Society must denounce, \"for the sake of the sick\", as a\u00a0<strong>interference in the regulation and control of medicinal products<\/strong>The Spanish government, based on its political diagnoses, ignoring that, in the use of medicines, we abide by the international scientific agencies that evaluate drugs, such as the US FDA, the European Medicine Agency or the Spanish Medicines Agency. And that in most mental disorders, there is no awareness of illness, in acute or chronic situations\".<\/em>.<\/p>\n<p>This norm is far from the international standards of what should be a strategy based on current knowledge and, in the words of Dr. Arango, president of the Spanish Society of Psychiatry, \"...it is not a strategy based on current knowledge,\" he said.<em>is still riddled with euphemisms and vagueness and many aspects that are truisms. In which entities appear that are neither validated nor included in international clinical classifications, such as compulsive shopping, which are behavioural disturbances, but which are not assimilated to a mental disorder, at least not yet by the scientific community\".<\/em><\/p>\n<p><b>This is all part of a plan that is disarming and discrediting everything, the courts or the Guardia Civil, as they are labelled as a threat to democracy and that they do not serve Spain or its citizens.<\/b><\/p>\n<p>Or, the attacks on children and their parents, from the age of 5, in which <a href=\"https:\/\/okdiario.com\/espana\/alcaldesa-getafe-psoe-propone-que-ninos-tengan-relaciones-sexuales-satisfactorias-7088254\">The Mayoress of Getafe (PSOE) wants children to have \"satisfactory sexual relations\".<\/a> or that the <a href=\"https:\/\/okdiario.com\/espana\/alumnos-primaria-getafe-reciben-guias-sexuales-cuyas-autoras-reconocen-que-no-son-ninos-7254428\"><strong>Getafe primary school pupils receive sex guides whose authors admit they are not for children<\/strong><\/a>. This has been \"funded by the Ministry of Health, which gives advice on how to inject drugs 'safely' during sex\". Is this your whole bet on mental health?<\/p>\n<p>According to Fernando Savater, \"the consequence of having given in to this polyphony of identities that, instead of seeking the universal, seeks the most extravagant minorities and the most outside the logic of biology. Giving the reason to the crazies, which is what the left is doing at the moment, seems to me to be worrying\".<\/p>\n<h4><strong>And, what was still to be demolished and denigrated: so-called obstetric violence. <\/strong><\/h4>\n<p>This term is a direct attack on gynaecologists, midwives and other health personnel involved in the monitoring of pregnancies and births in order to preserve the health of the woman and the baby.<em> \"We do not intentionally violate fundamental rights, nor do we act arbitrarily. We demand not to confuse terms and issues, as this can lead to irreparable damage to the necessary trust in the doctor-patient relationship and to a confrontation between women in need of assistance and those who should provide it. (Gynaecologists and psychiatrists under suspicion\",<\/em> according to M\u00aa Isabel Moya, first vice-president of the Consejo General de Colegios Oficiales de M\u00e9dicos (CGCOM)).<\/p>\n<p>I come back to what would be a true <strong>evidence-based law<\/strong>. Our reality is that we form an inseparable unit: body, mind and environment. The plan should consider this inseparable unity.<\/p>\n<p>There is no mental health plan if it does not include physical exercise for recovery and maintenance of mental and physical health and good mood. Oncologists are prescribing it, yes, prescribing it as a high-level preventive treatment on par with chemotherapy. 60% of diseases affect mental health. For example, hypothyroidism can manifest itself with a long period of depression and some other illnesses such as some cancers. Mental health is also, at the same time, the health of the body.<\/p>\n<p>Exercise is a great antidepressant, anxiolytic and stabiliser of our overall health. It improves the supply of nutrients and irrigation to the brain, increases memory, mental agility, plasticity in neuron-to-neuron connections, angiogenesis, improves brain circuits damaged by trauma, age, depression, and generates substances that nourish neurons.<\/p>\n<p>After exercise, we feel more agile because the so-called basal ganglia, which control the precision and precision of our movements, become more functional. This happens because it increases the functions of the motor cortex, the spinal cord and the cerebellum. These changes will enhance learning and movement planning, the stability and reconstruction of our state of health and mood, as well as our self-assessment, because numerous metabolic processes have been readjusted and reset.<\/p>\n<p>The health of the brain and the whole body, including the intestinal flora, which is also affected by lack of exercise, depends on physical activity. Flora that communicates with the brain, e.g. via the vagus nerve, brain-gut axis.<\/p>\n<p>Without daily physical exercise, there is no scientific mental health plan and no real treatment of the mind. We can say that any mental health intervention should include 300 minutes of aerobic activity per week, combining moderate and vigorous exercise. This is difficult due to the price of gyms, which have been increased by VAT - a terrible confusion - because they are not a luxury item, they are a medicine that would save millions for everyone's coffers.<\/p>\n<p><strong>Our body<\/strong>For every gene we have in our genome, there are another 100 that come from microorganisms that inhabit us and that form the macrobiota, essential for human health and survival, to fine-tune and train the immune system, without them we are not viable. This section must be taken into account in the mental health plan. Therefore, <strong>preventive medicine<\/strong>This kind of medicine will be included in the list?<\/p>\n<p>60% of the patients attending a health centre have a <strong>mental component<\/strong>. This is something we have known for more than fifty years, that all suffering throws us off balance. Some doctors have understood this, but the health system has not, given the precariousness with which people work in these centres, and not through the fault of the health workers. We have been mistreating Spanish primary care since at least the financial crisis of 2008 and, after 10 or 12 years, the punishment is increasingly noticeable. We talk about primary care as a kind of distributing element of the health system, but we often forget that 85% of the problems are solved there.<\/p>\n<p>The socio-economic environment has little influence, when there has been a <strong>emotional education<\/strong> <strong>in the early years<\/strong>Otherwise, the half-developed person is cannon fodder for social engineers, demagogues and others. People whose senses, emotions, psychomotor skills, capacity to reason, to pay attention, to concentrate, to create their own criteria..., will find it difficult to build their life project.<\/p>\n<p>Also<strong> genetics<\/strong>We can inherit many harmful tendencies from our great-grandparents to our parents, such as violence, lack of control, superficiality, egocentrism or fanaticism, when our parents have not helped us in our early years to alleviate what later, as adults, will be negative for the individual and society.  To this we can include education in fanaticism, which is passed on from one generation to the next.<\/p>\n<p>Our bodies and our brains can be affected by the effects of <strong>environmental conditions<\/strong> pollution already causes more cardiovascular mortality than high cholesterol, overweight or a sedentary lifestyle.<\/p>\n<p>In the short term we can change little of our nature.  And, I don't mean that the political, the collective despondency they are causing us, the wrapping of everything in propaganda and witnessing the power struggle of their inhabitants as the main goal, is not undermining us - and not only our health - by entangling us in their division and fragmentation in which they themselves find themselves.<\/p>\n<p>An atmosphere that is destroying coexistence in families. We cannot talk about politics, not even among friends or family, because we have been infected by the fratricidal fragmentation in which political systems move, and not only in Spain - or should I say this country - will it not affect us if we cannot talk to relatives, neighbours or children?<\/p>\n<p>In the absence of a diagnosis of what is happening to us, of an understanding of reality, and of what is awaiting us in all areas, they offer us to break our minds into good my people and bad others, and thus plunge us into the impotence that is so damaging to our health. After four civil wars in two centuries, and permanent and paralysing left\/right confrontations; and, disintegrationist and secessionist tendencies that have given rise to terrorist phenomena or coups d'\u00e9tat, they are now attacking and calling into question the only political consensus overwhelmingly supported by the population that we have managed to achieve as a Nation. They consider merit, effort, the flag, the national anthem, the King, the current democracy, education in the home, philosophy, the humanities, real history to be an obstacle to their plans; and, I will not go on because what we powerless citizens feel is that they want to sweep away all the peace and progress since the Transition.<\/p>\n<p>Last but not least, that our respected Guardia Civil should cease to be military, so that it can be managed from a political point of view. In short, we cannot understand why they want to isolate us from civilisation, unity and culture. In short, my diagnosis of this situation: self-destruction, masochism, revenge, envy, authoritarianism, narrow-mindedness, intoxication, ideological addiction, political infantilism.<\/p>\n<p>They are educating us in social fragmentation, to prevent us from forming a common front, they have not educated us in team spirit.<\/p>\n<p>Our politicians are trapped in their small or large groups, not trying to understand and interpret what we are, will be and need, but rather what they need to win elections.<\/p>\n<p>&nbsp;<\/p>\n<p>&nbsp;<\/p>\n<p>*<strong>The texts reflect the views of the author and are independent of the opinions of PROA.<\/strong><\/p>\n<h2>This text may be reproduced provided that PROA is credited as the original source.<\/h2>","protected":false},"excerpt":{"rendered":"<p>La salud mental habr\u00eda que planificarla y cumplir los\u00a0criterios diagn\u00f3sticos\u00a0de la Organizaci\u00f3n Mundial de la Salud (OMS) en la clasificaci\u00f3n internacional de enfermedades; lo que define por tener un trastorno de ansiedad, depresivo, por abuso de sustancias, disfunci\u00f3n sexual, esquizofrenia o autismo, por citar algunos. \u00bfTiene que ver lo socioecon\u00f3mico con adolescentes y j\u00f3venes\u00a0-en concreto [&hellip;]<\/p>\n","protected":false},"author":28,"featured_media":24863,"comment_status":"closed","ping_status":"closed","sticky":false,"template":"","format":"standard","meta":{"footnotes":""},"categories":[176],"tags":[1803,2111,2112,1642],"class_list":["post-24861","post","type-post","status-publish","format-standard","has-post-thumbnail","hentry","category-blog","tag-dr-piedrabuena","tag-ley-de-salud-mental","tag-oms","tag-salud-mental"],"yoast_head":"<!-- This site is optimized with the Yoast SEO plugin v27.0 - https:\/\/yoast.com\/product\/yoast-seo-wordpress\/ -->\n<title>Dr. Piedrabuena - Ley de Salud Mental: un paso m\u00e1s en la demolici\u00f3n<\/title>\n<meta name=\"description\" content=\"El Dr. Jos\u00e9 Antonio Rodr\u00edguez Piedrabuena reflexiona sobre la propuesta de Ley de Salud Mental y sus posibles consecuencias.\" \/>\n<meta name=\"robots\" content=\"index, follow, max-snippet:-1, max-image-preview:large, max-video-preview:-1\" \/>\n<link rel=\"canonical\" href=\"https:\/\/proacomunicacion.es\/en\/jose-antonio-rodriguez-piedrabuena-ley-salud-mental-paso-mas-demolicion\/\" \/>\n<meta property=\"og:locale\" content=\"en_GB\" \/>\n<meta property=\"og:type\" content=\"article\" \/>\n<meta property=\"og:title\" content=\"Dr. Piedrabuena - Ley de Salud Mental: un paso m\u00e1s en la demolici\u00f3n\" \/>\n<meta property=\"og:description\" content=\"El Dr. Jos\u00e9 Antonio Rodr\u00edguez Piedrabuena reflexiona sobre la propuesta de Ley de Salud Mental y sus posibles consecuencias.\" \/>\n<meta property=\"og:url\" content=\"https:\/\/proacomunicacion.es\/en\/jose-antonio-rodriguez-piedrabuena-ley-salud-mental-paso-mas-demolicion\/\" \/>\n<meta property=\"og:site_name\" content=\"PROA Comunicaci\u00f3n\" \/>\n<meta property=\"article:published_time\" content=\"2021-12-10T16:14:55+00:00\" \/>\n<meta property=\"og:image\" content=\"https:\/\/proacomunicacion.es\/wp-content\/uploads\/2025\/08\/Firefly_radio-de-barco-scaled.jpg\" \/>\n\t<meta property=\"og:image:width\" content=\"2560\" \/>\n\t<meta property=\"og:image:height\" content=\"1414\" \/>\n\t<meta property=\"og:image:type\" content=\"image\/jpeg\" \/>\n<meta name=\"author\" content=\"PROA Comunicaci\u00f3n\" \/>\n<meta name=\"twitter:card\" content=\"summary_large_image\" \/>\n<meta name=\"twitter:creator\" content=\"@proacomunica\" \/>\n<meta name=\"twitter:site\" content=\"@proacomunica\" \/>\n<meta name=\"twitter:label1\" content=\"Written by\" \/>\n\t<meta name=\"twitter:data1\" content=\"PROA Comunicaci\u00f3n\" \/>\n\t<meta name=\"twitter:label2\" content=\"Estimated reading time\" \/>\n\t<meta name=\"twitter:data2\" content=\"8 minutes\" \/>\n<script type=\"application\/ld+json\" class=\"yoast-schema-graph\">{\"@context\":\"https:\/\/schema.org\",\"@graph\":[{\"@type\":\"Article\",\"@id\":\"https:\/\/proacomunicacion.es\/jose-antonio-rodriguez-piedrabuena-ley-salud-mental-paso-mas-demolicion\/#article\",\"isPartOf\":{\"@id\":\"https:\/\/proacomunicacion.es\/jose-antonio-rodriguez-piedrabuena-ley-salud-mental-paso-mas-demolicion\/\"},\"author\":{\"name\":\"PROA Comunicaci\u00f3n\",\"@id\":\"https:\/\/proacomunicacion.es\/#\/schema\/person\/f80dc8938ea94e7f8aa1e8dc716d5a60\"},\"headline\":\"Jos\u00e9 Antonio Rodr\u00edguez Piedrabuena \u2014\u2014 Ley de Salud Mental: un paso m\u00e1s en la demolici\u00f3n\",\"datePublished\":\"2021-12-10T16:14:55+00:00\",\"mainEntityOfPage\":{\"@id\":\"https:\/\/proacomunicacion.es\/jose-antonio-rodriguez-piedrabuena-ley-salud-mental-paso-mas-demolicion\/\"},\"wordCount\":1986,\"publisher\":{\"@id\":\"https:\/\/proacomunicacion.es\/#organization\"},\"image\":{\"@id\":\"https:\/\/proacomunicacion.es\/jose-antonio-rodriguez-piedrabuena-ley-salud-mental-paso-mas-demolicion\/#primaryimage\"},\"thumbnailUrl\":\"\",\"keywords\":[\"Dr. Piedrabuena\",\"Ley de Salud Mental\",\"OMS\",\"salud mental\"],\"articleSection\":[\"Blog\"],\"inLanguage\":\"en-GB\"},{\"@type\":\"WebPage\",\"@id\":\"https:\/\/proacomunicacion.es\/jose-antonio-rodriguez-piedrabuena-ley-salud-mental-paso-mas-demolicion\/\",\"url\":\"https:\/\/proacomunicacion.es\/jose-antonio-rodriguez-piedrabuena-ley-salud-mental-paso-mas-demolicion\/\",\"name\":\"Dr. Piedrabuena - Ley de Salud Mental: un paso m\u00e1s en la demolici\u00f3n\",\"isPartOf\":{\"@id\":\"https:\/\/proacomunicacion.es\/#website\"},\"primaryImageOfPage\":{\"@id\":\"https:\/\/proacomunicacion.es\/jose-antonio-rodriguez-piedrabuena-ley-salud-mental-paso-mas-demolicion\/#primaryimage\"},\"image\":{\"@id\":\"https:\/\/proacomunicacion.es\/jose-antonio-rodriguez-piedrabuena-ley-salud-mental-paso-mas-demolicion\/#primaryimage\"},\"thumbnailUrl\":\"\",\"datePublished\":\"2021-12-10T16:14:55+00:00\",\"description\":\"El Dr. Jos\u00e9 Antonio Rodr\u00edguez Piedrabuena reflexiona sobre la propuesta de Ley de Salud Mental y sus posibles consecuencias.\",\"breadcrumb\":{\"@id\":\"https:\/\/proacomunicacion.es\/jose-antonio-rodriguez-piedrabuena-ley-salud-mental-paso-mas-demolicion\/#breadcrumb\"},\"inLanguage\":\"en-GB\",\"potentialAction\":[{\"@type\":\"ReadAction\",\"target\":[\"https:\/\/proacomunicacion.es\/jose-antonio-rodriguez-piedrabuena-ley-salud-mental-paso-mas-demolicion\/\"]}]},{\"@type\":\"ImageObject\",\"inLanguage\":\"en-GB\",\"@id\":\"https:\/\/proacomunicacion.es\/jose-antonio-rodriguez-piedrabuena-ley-salud-mental-paso-mas-demolicion\/#primaryimage\",\"url\":\"\",\"contentUrl\":\"\"},{\"@type\":\"BreadcrumbList\",\"@id\":\"https:\/\/proacomunicacion.es\/jose-antonio-rodriguez-piedrabuena-ley-salud-mental-paso-mas-demolicion\/#breadcrumb\",\"itemListElement\":[{\"@type\":\"ListItem\",\"position\":1,\"name\":\"Portada\",\"item\":\"https:\/\/proacomunicacion.es\/\"},{\"@type\":\"ListItem\",\"position\":2,\"name\":\"Jos\u00e9 Antonio Rodr\u00edguez Piedrabuena \u2014\u2014 Ley de Salud Mental: un paso m\u00e1s en la demolici\u00f3n\"}]},{\"@type\":\"WebSite\",\"@id\":\"https:\/\/proacomunicacion.es\/#website\",\"url\":\"https:\/\/proacomunicacion.es\/\",\"name\":\"PROA Comunicaci\u00f3n\",\"description\":\"Agencia de Comunicaci\u00f3n Corporativa en Madrid, Barcelona y Galicia.\",\"publisher\":{\"@id\":\"https:\/\/proacomunicacion.es\/#organization\"},\"alternateName\":\"PROA Comunicaci\u00f3n\",\"potentialAction\":[{\"@type\":\"SearchAction\",\"target\":{\"@type\":\"EntryPoint\",\"urlTemplate\":\"https:\/\/proacomunicacion.es\/?s={search_term_string}\"},\"query-input\":{\"@type\":\"PropertyValueSpecification\",\"valueRequired\":true,\"valueName\":\"search_term_string\"}}],\"inLanguage\":\"en-GB\"},{\"@type\":\"Organization\",\"@id\":\"https:\/\/proacomunicacion.es\/#organization\",\"name\":\"PROA Comunicaci\u00f3n\",\"alternateName\":\"PROA Comunicaci\u00f3n\",\"url\":\"https:\/\/proacomunicacion.es\/\",\"logo\":{\"@type\":\"ImageObject\",\"inLanguage\":\"en-GB\",\"@id\":\"https:\/\/proacomunicacion.es\/#\/schema\/logo\/image\/\",\"url\":\"https:\/\/proacomunicacion.es\/wp-content\/uploads\/2024\/01\/Logo_Light.svg\",\"contentUrl\":\"https:\/\/proacomunicacion.es\/wp-content\/uploads\/2024\/01\/Logo_Light.svg\",\"width\":136,\"height\":33,\"caption\":\"PROA Comunicaci\u00f3n\"},\"image\":{\"@id\":\"https:\/\/proacomunicacion.es\/#\/schema\/logo\/image\/\"},\"sameAs\":[\"https:\/\/x.com\/proacomunica\",\"https:\/\/es.linkedin.com\/company\/proa-comunicacion_2\",\"https:\/\/www.instagram.com\/proacomunica\/\",\"https:\/\/www.youtube.com\/@proacomunicacion\",\"https:\/\/es.wikipedia.org\/wiki\/PROA_Comunicacin\"]},{\"@type\":\"Person\",\"@id\":\"https:\/\/proacomunicacion.es\/#\/schema\/person\/f80dc8938ea94e7f8aa1e8dc716d5a60\",\"name\":\"PROA Comunicaci\u00f3n\",\"image\":{\"@type\":\"ImageObject\",\"inLanguage\":\"en-GB\",\"@id\":\"https:\/\/proacomunicacion.es\/#\/schema\/person\/image\/\",\"url\":\"https:\/\/secure.gravatar.com\/avatar\/394c93c195ff19b00e79d66a42971657a01de9f2740b97148d0f14a1e1a359b7?s=96&r=g\",\"contentUrl\":\"https:\/\/secure.gravatar.com\/avatar\/394c93c195ff19b00e79d66a42971657a01de9f2740b97148d0f14a1e1a359b7?s=96&r=g\",\"caption\":\"PROA Comunicaci\u00f3n\"}}]}<\/script>\n<!-- \/ Yoast SEO plugin. -->","yoast_head_json":{"title":"Dr. Piedrabuena - Mental Health Law: one more step towards demolition","description":"Dr. Jos\u00e9 Antonio Rodr\u00edguez Piedrabuena reflects on the proposed Mental Health Law and its possible consequences.","robots":{"index":"index","follow":"follow","max-snippet":"max-snippet:-1","max-image-preview":"max-image-preview:large","max-video-preview":"max-video-preview:-1"},"canonical":"https:\/\/proacomunicacion.es\/en\/jose-antonio-rodriguez-piedrabuena-ley-salud-mental-paso-mas-demolicion\/","og_locale":"en_GB","og_type":"article","og_title":"Dr. Piedrabuena - Ley de Salud Mental: un paso m\u00e1s en la demolici\u00f3n","og_description":"El Dr. Jos\u00e9 Antonio Rodr\u00edguez Piedrabuena reflexiona sobre la propuesta de Ley de Salud Mental y sus posibles consecuencias.","og_url":"https:\/\/proacomunicacion.es\/en\/jose-antonio-rodriguez-piedrabuena-ley-salud-mental-paso-mas-demolicion\/","og_site_name":"PROA Comunicaci\u00f3n","article_published_time":"2021-12-10T16:14:55+00:00","og_image":[{"width":2560,"height":1414,"url":"https:\/\/proacomunicacion.es\/wp-content\/uploads\/2025\/08\/Firefly_radio-de-barco-scaled.jpg","type":"image\/jpeg"}],"author":"PROA Comunicaci\u00f3n","twitter_card":"summary_large_image","twitter_creator":"@proacomunica","twitter_site":"@proacomunica","twitter_misc":{"Written by":"PROA Comunicaci\u00f3n","Estimated reading time":"8 minutes"},"schema":{"@context":"https:\/\/schema.org","@graph":[{"@type":"Article","@id":"https:\/\/proacomunicacion.es\/jose-antonio-rodriguez-piedrabuena-ley-salud-mental-paso-mas-demolicion\/#article","isPartOf":{"@id":"https:\/\/proacomunicacion.es\/jose-antonio-rodriguez-piedrabuena-ley-salud-mental-paso-mas-demolicion\/"},"author":{"name":"PROA Comunicaci\u00f3n","@id":"https:\/\/proacomunicacion.es\/#\/schema\/person\/f80dc8938ea94e7f8aa1e8dc716d5a60"},"headline":"Jos\u00e9 Antonio Rodr\u00edguez Piedrabuena \u2014\u2014 Ley de Salud Mental: un paso m\u00e1s en la demolici\u00f3n","datePublished":"2021-12-10T16:14:55+00:00","mainEntityOfPage":{"@id":"https:\/\/proacomunicacion.es\/jose-antonio-rodriguez-piedrabuena-ley-salud-mental-paso-mas-demolicion\/"},"wordCount":1986,"publisher":{"@id":"https:\/\/proacomunicacion.es\/#organization"},"image":{"@id":"https:\/\/proacomunicacion.es\/jose-antonio-rodriguez-piedrabuena-ley-salud-mental-paso-mas-demolicion\/#primaryimage"},"thumbnailUrl":"","keywords":["Dr. Piedrabuena","Ley de Salud Mental","OMS","salud mental"],"articleSection":["Blog"],"inLanguage":"en-GB"},{"@type":"WebPage","@id":"https:\/\/proacomunicacion.es\/jose-antonio-rodriguez-piedrabuena-ley-salud-mental-paso-mas-demolicion\/","url":"https:\/\/proacomunicacion.es\/jose-antonio-rodriguez-piedrabuena-ley-salud-mental-paso-mas-demolicion\/","name":"Dr. Piedrabuena - Mental Health Law: one more step towards demolition","isPartOf":{"@id":"https:\/\/proacomunicacion.es\/#website"},"primaryImageOfPage":{"@id":"https:\/\/proacomunicacion.es\/jose-antonio-rodriguez-piedrabuena-ley-salud-mental-paso-mas-demolicion\/#primaryimage"},"image":{"@id":"https:\/\/proacomunicacion.es\/jose-antonio-rodriguez-piedrabuena-ley-salud-mental-paso-mas-demolicion\/#primaryimage"},"thumbnailUrl":"","datePublished":"2021-12-10T16:14:55+00:00","description":"Dr. Jos\u00e9 Antonio Rodr\u00edguez Piedrabuena reflects on the proposed Mental Health Law and its possible consequences.","breadcrumb":{"@id":"https:\/\/proacomunicacion.es\/jose-antonio-rodriguez-piedrabuena-ley-salud-mental-paso-mas-demolicion\/#breadcrumb"},"inLanguage":"en-GB","potentialAction":[{"@type":"ReadAction","target":["https:\/\/proacomunicacion.es\/jose-antonio-rodriguez-piedrabuena-ley-salud-mental-paso-mas-demolicion\/"]}]},{"@type":"ImageObject","inLanguage":"en-GB","@id":"https:\/\/proacomunicacion.es\/jose-antonio-rodriguez-piedrabuena-ley-salud-mental-paso-mas-demolicion\/#primaryimage","url":"","contentUrl":""},{"@type":"BreadcrumbList","@id":"https:\/\/proacomunicacion.es\/jose-antonio-rodriguez-piedrabuena-ley-salud-mental-paso-mas-demolicion\/#breadcrumb","itemListElement":[{"@type":"ListItem","position":1,"name":"Portada","item":"https:\/\/proacomunicacion.es\/"},{"@type":"ListItem","position":2,"name":"Jos\u00e9 Antonio Rodr\u00edguez Piedrabuena \u2014\u2014 Ley de Salud Mental: un paso m\u00e1s en la demolici\u00f3n"}]},{"@type":"WebSite","@id":"https:\/\/proacomunicacion.es\/#website","url":"https:\/\/proacomunicacion.es\/","name":"PROA Communication","description":"Corporate Communications Agency in Madrid, Barcelona and Galicia.","publisher":{"@id":"https:\/\/proacomunicacion.es\/#organization"},"alternateName":"PROA Comunicaci\u00f3n","potentialAction":[{"@type":"SearchAction","target":{"@type":"EntryPoint","urlTemplate":"https:\/\/proacomunicacion.es\/?s={search_term_string}"},"query-input":{"@type":"PropertyValueSpecification","valueRequired":true,"valueName":"search_term_string"}}],"inLanguage":"en-GB"},{"@type":"Organization","@id":"https:\/\/proacomunicacion.es\/#organization","name":"PROA Communication","alternateName":"PROA Comunicaci\u00f3n","url":"https:\/\/proacomunicacion.es\/","logo":{"@type":"ImageObject","inLanguage":"en-GB","@id":"https:\/\/proacomunicacion.es\/#\/schema\/logo\/image\/","url":"https:\/\/proacomunicacion.es\/wp-content\/uploads\/2024\/01\/Logo_Light.svg","contentUrl":"https:\/\/proacomunicacion.es\/wp-content\/uploads\/2024\/01\/Logo_Light.svg","width":136,"height":33,"caption":"PROA Comunicaci\u00f3n"},"image":{"@id":"https:\/\/proacomunicacion.es\/#\/schema\/logo\/image\/"},"sameAs":["https:\/\/x.com\/proacomunica","https:\/\/es.linkedin.com\/company\/proa-comunicacion_2","https:\/\/www.instagram.com\/proacomunica\/","https:\/\/www.youtube.com\/@proacomunicacion","https:\/\/es.wikipedia.org\/wiki\/PROA_Comunicacin"]},{"@type":"Person","@id":"https:\/\/proacomunicacion.es\/#\/schema\/person\/f80dc8938ea94e7f8aa1e8dc716d5a60","name":"PROA Communication","image":{"@type":"ImageObject","inLanguage":"en-GB","@id":"https:\/\/proacomunicacion.es\/#\/schema\/person\/image\/","url":"https:\/\/secure.gravatar.com\/avatar\/394c93c195ff19b00e79d66a42971657a01de9f2740b97148d0f14a1e1a359b7?s=96&r=g","contentUrl":"https:\/\/secure.gravatar.com\/avatar\/394c93c195ff19b00e79d66a42971657a01de9f2740b97148d0f14a1e1a359b7?s=96&r=g","caption":"PROA Comunicaci\u00f3n"}}]}},"_links":{"self":[{"href":"https:\/\/proacomunicacion.es\/en\/wp-json\/wp\/v2\/posts\/24861","targetHints":{"allow":["GET"]}}],"collection":[{"href":"https:\/\/proacomunicacion.es\/en\/wp-json\/wp\/v2\/posts"}],"about":[{"href":"https:\/\/proacomunicacion.es\/en\/wp-json\/wp\/v2\/types\/post"}],"author":[{"embeddable":true,"href":"https:\/\/proacomunicacion.es\/en\/wp-json\/wp\/v2\/users\/28"}],"replies":[{"embeddable":true,"href":"https:\/\/proacomunicacion.es\/en\/wp-json\/wp\/v2\/comments?post=24861"}],"version-history":[{"count":0,"href":"https:\/\/proacomunicacion.es\/en\/wp-json\/wp\/v2\/posts\/24861\/revisions"}],"wp:featuredmedia":[{"embeddable":true,"href":"https:\/\/proacomunicacion.es\/en\/wp-json\/"}],"wp:attachment":[{"href":"https:\/\/proacomunicacion.es\/en\/wp-json\/wp\/v2\/media?parent=24861"}],"wp:term":[{"taxonomy":"category","embeddable":true,"href":"https:\/\/proacomunicacion.es\/en\/wp-json\/wp\/v2\/categories?post=24861"},{"taxonomy":"post_tag","embeddable":true,"href":"https:\/\/proacomunicacion.es\/en\/wp-json\/wp\/v2\/tags?post=24861"}],"curies":[{"name":"wp","href":"https:\/\/api.w.org\/{rel}","templated":true}]}}