{"id":25484,"date":"2022-04-21T10:09:41","date_gmt":"2022-04-21T08:09:41","guid":{"rendered":"https:\/\/proacomunicacion.es\/?p=25484"},"modified":"2022-04-21T10:09:41","modified_gmt":"2022-04-21T08:09:41","slug":"interview-eva-novoa-director-general-soermar","status":"publish","type":"post","link":"https:\/\/proacomunicacion.es\/en\/entrevista-eva-novoa-directora-general-soermar\/","title":{"rendered":"<span class=\"dash\">--<\/span> Interview with Eva Novoa, Director General of SOERMAR"},"content":{"rendered":"<p>PROA interviews Eva Novoa, Director General of the Technological Centre Foundation. <a href=\"https:\/\/soermar.com\/\">SOERMAR<\/a>an organisation made up of small and medium-sized Spanish private shipyards, which will be 20 years old in 2022. In it, he reflects, among other issues, on SOERMAR's trajectory and main projects, the current situation of the naval sector or the importance of R&amp;D&amp;I projects, and offers the keys for the future of the maritime sector in Spain.<\/p>\n<p><iframe title=\"Interview with Eva Novoa, Director General of SOERMAR\" width=\"800\" height=\"450\" src=\"https:\/\/www.youtube.com\/embed\/c6y3A5DA2pY?feature=oembed&#038;enablejsapi=1&#038;origin=https:\/\/proacomunicacion.es\" frameborder=\"0\" allow=\"accelerometer; autoplay; clipboard-write; encrypted-media; gyroscope; picture-in-picture\" allowfullscreen><\/iframe><\/p>","protected":false},"excerpt":{"rendered":"<p>PROA entrevista a Eva Novoa, directora general de la Fundaci\u00f3n Centro Tecnol\u00f3gico SOERMAR, entidad que integran los peque\u00f1os y medianos astilleros privados espa\u00f1oles, que en 2022 cumple 20 a\u00f1os. En ella, reflexiona, entre otros asuntos, sobre la trayectoria y los principales proyectos de SOERMAR, la situaci\u00f3n actual del sector naval o la importancia de los [&hellip;]<\/p>\n","protected":false},"author":28,"featured_media":25489,"comment_status":"closed","ping_status":"closed","sticky":false,"template":"","format":"standard","meta":{"footnotes":""},"categories":[176],"tags":[2141,2142,2143,347,2144,2145],"class_list":["post-25484","post","type-post","status-publish","format-standard","has-post-thumbnail","hentry","category-blog","tag-colegio-de-ingenieros-navales","tag-eva-novoa","tag-ingenieria-naval","tag-proa-es","tag-sector-maritimo","tag-soermar"],"yoast_head":"<!-- This site is optimized with the Yoast SEO plugin v27.0 - https:\/\/yoast.com\/product\/yoast-seo-wordpress\/ -->\n<title>\u2014\u2014 Entrevista a Eva Novoa, directora general de SOERMAR - PROA Comunicaci\u00f3n<\/title>\n<meta name=\"description\" content=\"PROA entrevista a Eva Novoa, de la Sociedad para el Estudio de los Recursos Mar\u00edtimos, por los 250 a\u00f1os de la Escuela de Ingenieros Navales\" \/>\n<meta name=\"robots\" content=\"index, follow, max-snippet:-1, max-image-preview:large, max-video-preview:-1\" \/>\n<link rel=\"canonical\" href=\"https:\/\/proacomunicacion.es\/en\/interview-eva-novoa-director-general-soermar\/\" \/>\n<meta property=\"og:locale\" content=\"en_GB\" \/>\n<meta property=\"og:type\" content=\"article\" \/>\n<meta property=\"og:title\" content=\"\u2014\u2014 Entrevista a Eva Novoa, directora general de SOERMAR - PROA Comunicaci\u00f3n\" \/>\n<meta property=\"og:description\" content=\"PROA entrevista a Eva Novoa, de la Sociedad para el Estudio de los Recursos Mar\u00edtimos, por los 250 a\u00f1os de la Escuela de Ingenieros Navales\" \/>\n<meta property=\"og:url\" content=\"https:\/\/proacomunicacion.es\/en\/interview-eva-novoa-director-general-soermar\/\" \/>\n<meta property=\"og:site_name\" content=\"PROA Comunicaci\u00f3n\" \/>\n<meta property=\"article:published_time\" content=\"2022-04-21T08:09:41+00:00\" \/>\n<meta property=\"og:image\" content=\"https:\/\/proacomunicacion.es\/wp-content\/uploads\/2025\/08\/Firefly_radio-de-barco-scaled.jpg\" \/>\n\t<meta property=\"og:image:width\" content=\"2560\" \/>\n\t<meta property=\"og:image:height\" content=\"1414\" \/>\n\t<meta property=\"og:image:type\" content=\"image\/jpeg\" \/>\n<meta name=\"author\" content=\"PROA Comunicaci\u00f3n\" \/>\n<meta name=\"twitter:card\" content=\"summary_large_image\" \/>\n<meta name=\"twitter:creator\" content=\"@proacomunica\" \/>\n<meta name=\"twitter:site\" content=\"@proacomunica\" \/>\n<meta name=\"twitter:label1\" content=\"Written by\" \/>\n\t<meta name=\"twitter:data1\" content=\"PROA Comunicaci\u00f3n\" \/>\n\t<meta name=\"twitter:label2\" content=\"Estimated reading time\" \/>\n\t<meta name=\"twitter:data2\" content=\"1 minute\" \/>\n<script type=\"application\/ld+json\" class=\"yoast-schema-graph\">{\"@context\":\"https:\/\/schema.org\",\"@graph\":[{\"@type\":\"Article\",\"@id\":\"https:\/\/proacomunicacion.es\/entrevista-eva-novoa-directora-general-soermar\/#article\",\"isPartOf\":{\"@id\":\"https:\/\/proacomunicacion.es\/entrevista-eva-novoa-directora-general-soermar\/\"},\"author\":{\"name\":\"PROA Comunicaci\u00f3n\",\"@id\":\"https:\/\/proacomunicacion.es\/#\/schema\/person\/f80dc8938ea94e7f8aa1e8dc716d5a60\"},\"headline\":\"\u2014\u2014 Entrevista a Eva Novoa, directora general de SOERMAR\",\"datePublished\":\"2022-04-21T08:09:41+00:00\",\"mainEntityOfPage\":{\"@id\":\"https:\/\/proacomunicacion.es\/entrevista-eva-novoa-directora-general-soermar\/\"},\"wordCount\":98,\"publisher\":{\"@id\":\"https:\/\/proacomunicacion.es\/#organization\"},\"image\":{\"@id\":\"https:\/\/proacomunicacion.es\/entrevista-eva-novoa-directora-general-soermar\/#primaryimage\"},\"thumbnailUrl\":\"\",\"keywords\":[\"Colegio de Ingenieros Navales\",\"Eva Novoa\",\"Ingenier\u00eda naval\",\"PROA\",\"sector mar\u00edtimo\",\"SOERMAR\"],\"articleSection\":[\"Blog\"],\"inLanguage\":\"en-GB\"},{\"@type\":\"WebPage\",\"@id\":\"https:\/\/proacomunicacion.es\/entrevista-eva-novoa-directora-general-soermar\/\",\"url\":\"https:\/\/proacomunicacion.es\/entrevista-eva-novoa-directora-general-soermar\/\",\"name\":\"\u2014\u2014 Entrevista a Eva Novoa, directora general de SOERMAR - PROA Comunicaci\u00f3n\",\"isPartOf\":{\"@id\":\"https:\/\/proacomunicacion.es\/#website\"},\"primaryImageOfPage\":{\"@id\":\"https:\/\/proacomunicacion.es\/entrevista-eva-novoa-directora-general-soermar\/#primaryimage\"},\"image\":{\"@id\":\"https:\/\/proacomunicacion.es\/entrevista-eva-novoa-directora-general-soermar\/#primaryimage\"},\"thumbnailUrl\":\"\",\"datePublished\":\"2022-04-21T08:09:41+00:00\",\"description\":\"PROA entrevista a Eva Novoa, de la Sociedad para el Estudio de los Recursos Mar\u00edtimos, por los 250 a\u00f1os de la Escuela de Ingenieros Navales\",\"breadcrumb\":{\"@id\":\"https:\/\/proacomunicacion.es\/entrevista-eva-novoa-directora-general-soermar\/#breadcrumb\"},\"inLanguage\":\"en-GB\",\"potentialAction\":[{\"@type\":\"ReadAction\",\"target\":[\"https:\/\/proacomunicacion.es\/entrevista-eva-novoa-directora-general-soermar\/\"]}]},{\"@type\":\"ImageObject\",\"inLanguage\":\"en-GB\",\"@id\":\"https:\/\/proacomunicacion.es\/entrevista-eva-novoa-directora-general-soermar\/#primaryimage\",\"url\":\"\",\"contentUrl\":\"\"},{\"@type\":\"BreadcrumbList\",\"@id\":\"https:\/\/proacomunicacion.es\/entrevista-eva-novoa-directora-general-soermar\/#breadcrumb\",\"itemListElement\":[{\"@type\":\"ListItem\",\"position\":1,\"name\":\"Portada\",\"item\":\"https:\/\/proacomunicacion.es\/\"},{\"@type\":\"ListItem\",\"position\":2,\"name\":\"\u2014\u2014 Entrevista a Eva Novoa, directora general de SOERMAR\"}]},{\"@type\":\"WebSite\",\"@id\":\"https:\/\/proacomunicacion.es\/#website\",\"url\":\"https:\/\/proacomunicacion.es\/\",\"name\":\"PROA Comunicaci\u00f3n\",\"description\":\"Agencia de Comunicaci\u00f3n Corporativa en Madrid, Barcelona y Galicia.\",\"publisher\":{\"@id\":\"https:\/\/proacomunicacion.es\/#organization\"},\"alternateName\":\"PROA Comunicaci\u00f3n\",\"potentialAction\":[{\"@type\":\"SearchAction\",\"target\":{\"@type\":\"EntryPoint\",\"urlTemplate\":\"https:\/\/proacomunicacion.es\/?s={search_term_string}\"},\"query-input\":{\"@type\":\"PropertyValueSpecification\",\"valueRequired\":true,\"valueName\":\"search_term_string\"}}],\"inLanguage\":\"en-GB\"},{\"@type\":\"Organization\",\"@id\":\"https:\/\/proacomunicacion.es\/#organization\",\"name\":\"PROA Comunicaci\u00f3n\",\"alternateName\":\"PROA Comunicaci\u00f3n\",\"url\":\"https:\/\/proacomunicacion.es\/\",\"logo\":{\"@type\":\"ImageObject\",\"inLanguage\":\"en-GB\",\"@id\":\"https:\/\/proacomunicacion.es\/#\/schema\/logo\/image\/\",\"url\":\"https:\/\/proacomunicacion.es\/wp-content\/uploads\/2024\/01\/Logo_Light.svg\",\"contentUrl\":\"https:\/\/proacomunicacion.es\/wp-content\/uploads\/2024\/01\/Logo_Light.svg\",\"width\":136,\"height\":33,\"caption\":\"PROA Comunicaci\u00f3n\"},\"image\":{\"@id\":\"https:\/\/proacomunicacion.es\/#\/schema\/logo\/image\/\"},\"sameAs\":[\"https:\/\/x.com\/proacomunica\",\"https:\/\/es.linkedin.com\/company\/proa-comunicacion_2\",\"https:\/\/www.instagram.com\/proacomunica\/\",\"https:\/\/www.youtube.com\/@proacomunicacion\",\"https:\/\/es.wikipedia.org\/wiki\/PROA_Comunicacin\"]},{\"@type\":\"Person\",\"@id\":\"https:\/\/proacomunicacion.es\/#\/schema\/person\/f80dc8938ea94e7f8aa1e8dc716d5a60\",\"name\":\"PROA Comunicaci\u00f3n\",\"image\":{\"@type\":\"ImageObject\",\"inLanguage\":\"en-GB\",\"@id\":\"https:\/\/proacomunicacion.es\/#\/schema\/person\/image\/\",\"url\":\"https:\/\/secure.gravatar.com\/avatar\/394c93c195ff19b00e79d66a42971657a01de9f2740b97148d0f14a1e1a359b7?s=96&r=g\",\"contentUrl\":\"https:\/\/secure.gravatar.com\/avatar\/394c93c195ff19b00e79d66a42971657a01de9f2740b97148d0f14a1e1a359b7?s=96&r=g\",\"caption\":\"PROA Comunicaci\u00f3n\"}}]}<\/script>\n<!-- \/ Yoast SEO plugin. -->","yoast_head_json":{"title":"-- Interview with Eva Novoa, CEO of SOERMAR - PROA Comunicaci\u00f3n","description":"PROA interviews Eva Novoa, from the Society for the Study of Maritime Resources, on the occasion of the 250th anniversary of the School of Naval Engineers.","robots":{"index":"index","follow":"follow","max-snippet":"max-snippet:-1","max-image-preview":"max-image-preview:large","max-video-preview":"max-video-preview:-1"},"canonical":"https:\/\/proacomunicacion.es\/en\/interview-eva-novoa-director-general-soermar\/","og_locale":"en_GB","og_type":"article","og_title":"\u2014\u2014 Entrevista a Eva Novoa, directora general de SOERMAR - PROA Comunicaci\u00f3n","og_description":"PROA entrevista a Eva Novoa, de la Sociedad para el Estudio de los Recursos Mar\u00edtimos, por los 250 a\u00f1os de la Escuela de Ingenieros Navales","og_url":"https:\/\/proacomunicacion.es\/en\/interview-eva-novoa-director-general-soermar\/","og_site_name":"PROA Comunicaci\u00f3n","article_published_time":"2022-04-21T08:09:41+00:00","og_image":[{"width":2560,"height":1414,"url":"https:\/\/proacomunicacion.es\/wp-content\/uploads\/2025\/08\/Firefly_radio-de-barco-scaled.jpg","type":"image\/jpeg"}],"author":"PROA Comunicaci\u00f3n","twitter_card":"summary_large_image","twitter_creator":"@proacomunica","twitter_site":"@proacomunica","twitter_misc":{"Written by":"PROA Comunicaci\u00f3n","Estimated reading time":"1 minute"},"schema":{"@context":"https:\/\/schema.org","@graph":[{"@type":"Article","@id":"https:\/\/proacomunicacion.es\/entrevista-eva-novoa-directora-general-soermar\/#article","isPartOf":{"@id":"https:\/\/proacomunicacion.es\/entrevista-eva-novoa-directora-general-soermar\/"},"author":{"name":"PROA Comunicaci\u00f3n","@id":"https:\/\/proacomunicacion.es\/#\/schema\/person\/f80dc8938ea94e7f8aa1e8dc716d5a60"},"headline":"\u2014\u2014 Entrevista a Eva Novoa, directora general de SOERMAR","datePublished":"2022-04-21T08:09:41+00:00","mainEntityOfPage":{"@id":"https:\/\/proacomunicacion.es\/entrevista-eva-novoa-directora-general-soermar\/"},"wordCount":98,"publisher":{"@id":"https:\/\/proacomunicacion.es\/#organization"},"image":{"@id":"https:\/\/proacomunicacion.es\/entrevista-eva-novoa-directora-general-soermar\/#primaryimage"},"thumbnailUrl":"","keywords":["Colegio de Ingenieros Navales","Eva Novoa","Ingenier\u00eda naval","PROA","sector mar\u00edtimo","SOERMAR"],"articleSection":["Blog"],"inLanguage":"en-GB"},{"@type":"WebPage","@id":"https:\/\/proacomunicacion.es\/entrevista-eva-novoa-directora-general-soermar\/","url":"https:\/\/proacomunicacion.es\/entrevista-eva-novoa-directora-general-soermar\/","name":"-- Interview with Eva Novoa, CEO of SOERMAR - PROA Comunicaci\u00f3n","isPartOf":{"@id":"https:\/\/proacomunicacion.es\/#website"},"primaryImageOfPage":{"@id":"https:\/\/proacomunicacion.es\/entrevista-eva-novoa-directora-general-soermar\/#primaryimage"},"image":{"@id":"https:\/\/proacomunicacion.es\/entrevista-eva-novoa-directora-general-soermar\/#primaryimage"},"thumbnailUrl":"","datePublished":"2022-04-21T08:09:41+00:00","description":"PROA interviews Eva Novoa, from the Society for the Study of Maritime Resources, on the occasion of the 250th anniversary of the School of Naval Engineers.","breadcrumb":{"@id":"https:\/\/proacomunicacion.es\/entrevista-eva-novoa-directora-general-soermar\/#breadcrumb"},"inLanguage":"en-GB","potentialAction":[{"@type":"ReadAction","target":["https:\/\/proacomunicacion.es\/entrevista-eva-novoa-directora-general-soermar\/"]}]},{"@type":"ImageObject","inLanguage":"en-GB","@id":"https:\/\/proacomunicacion.es\/entrevista-eva-novoa-directora-general-soermar\/#primaryimage","url":"","contentUrl":""},{"@type":"BreadcrumbList","@id":"https:\/\/proacomunicacion.es\/entrevista-eva-novoa-directora-general-soermar\/#breadcrumb","itemListElement":[{"@type":"ListItem","position":1,"name":"Portada","item":"https:\/\/proacomunicacion.es\/"},{"@type":"ListItem","position":2,"name":"\u2014\u2014 Entrevista a Eva Novoa, directora general de SOERMAR"}]},{"@type":"WebSite","@id":"https:\/\/proacomunicacion.es\/#website","url":"https:\/\/proacomunicacion.es\/","name":"PROA Communication","description":"Corporate Communications Agency in Madrid, Barcelona and Galicia.","publisher":{"@id":"https:\/\/proacomunicacion.es\/#organization"},"alternateName":"PROA Comunicaci\u00f3n","potentialAction":[{"@type":"SearchAction","target":{"@type":"EntryPoint","urlTemplate":"https:\/\/proacomunicacion.es\/?s={search_term_string}"},"query-input":{"@type":"PropertyValueSpecification","valueRequired":true,"valueName":"search_term_string"}}],"inLanguage":"en-GB"},{"@type":"Organization","@id":"https:\/\/proacomunicacion.es\/#organization","name":"PROA Communication","alternateName":"PROA Comunicaci\u00f3n","url":"https:\/\/proacomunicacion.es\/","logo":{"@type":"ImageObject","inLanguage":"en-GB","@id":"https:\/\/proacomunicacion.es\/#\/schema\/logo\/image\/","url":"https:\/\/proacomunicacion.es\/wp-content\/uploads\/2024\/01\/Logo_Light.svg","contentUrl":"https:\/\/proacomunicacion.es\/wp-content\/uploads\/2024\/01\/Logo_Light.svg","width":136,"height":33,"caption":"PROA Comunicaci\u00f3n"},"image":{"@id":"https:\/\/proacomunicacion.es\/#\/schema\/logo\/image\/"},"sameAs":["https:\/\/x.com\/proacomunica","https:\/\/es.linkedin.com\/company\/proa-comunicacion_2","https:\/\/www.instagram.com\/proacomunica\/","https:\/\/www.youtube.com\/@proacomunicacion","https:\/\/es.wikipedia.org\/wiki\/PROA_Comunicacin"]},{"@type":"Person","@id":"https:\/\/proacomunicacion.es\/#\/schema\/person\/f80dc8938ea94e7f8aa1e8dc716d5a60","name":"PROA Communication","image":{"@type":"ImageObject","inLanguage":"en-GB","@id":"https:\/\/proacomunicacion.es\/#\/schema\/person\/image\/","url":"https:\/\/secure.gravatar.com\/avatar\/394c93c195ff19b00e79d66a42971657a01de9f2740b97148d0f14a1e1a359b7?s=96&r=g","contentUrl":"https:\/\/secure.gravatar.com\/avatar\/394c93c195ff19b00e79d66a42971657a01de9f2740b97148d0f14a1e1a359b7?s=96&r=g","caption":"PROA Comunicaci\u00f3n"}}]}},"_links":{"self":[{"href":"https:\/\/proacomunicacion.es\/en\/wp-json\/wp\/v2\/posts\/25484","targetHints":{"allow":["GET"]}}],"collection":[{"href":"https:\/\/proacomunicacion.es\/en\/wp-json\/wp\/v2\/posts"}],"about":[{"href":"https:\/\/proacomunicacion.es\/en\/wp-json\/wp\/v2\/types\/post"}],"author":[{"embeddable":true,"href":"https:\/\/proacomunicacion.es\/en\/wp-json\/wp\/v2\/users\/28"}],"replies":[{"embeddable":true,"href":"https:\/\/proacomunicacion.es\/en\/wp-json\/wp\/v2\/comments?post=25484"}],"version-history":[{"count":0,"href":"https:\/\/proacomunicacion.es\/en\/wp-json\/wp\/v2\/posts\/25484\/revisions"}],"wp:featuredmedia":[{"embeddable":true,"href":"https:\/\/proacomunicacion.es\/en\/wp-json\/"}],"wp:attachment":[{"href":"https:\/\/proacomunicacion.es\/en\/wp-json\/wp\/v2\/media?parent=25484"}],"wp:term":[{"taxonomy":"category","embeddable":true,"href":"https:\/\/proacomunicacion.es\/en\/wp-json\/wp\/v2\/categories?post=25484"},{"taxonomy":"post_tag","embeddable":true,"href":"https:\/\/proacomunicacion.es\/en\/wp-json\/wp\/v2\/tags?post=25484"}],"curies":[{"name":"wp","href":"https:\/\/api.w.org\/{rel}","templated":true}]}}