{"id":25640,"date":"2022-06-29T18:29:52","date_gmt":"2022-06-29T16:29:52","guid":{"rendered":"https:\/\/proacomunicacion.es\/?p=25640"},"modified":"2022-06-29T18:29:52","modified_gmt":"2022-06-29T16:29:52","slug":"interview-with-the-president-of-the-spanish-atlantic-association","status":"publish","type":"post","link":"https:\/\/proacomunicacion.es\/en\/entrevista-presidente-asociacion-atlantica-espanola\/","title":{"rendered":"<span class=\"dash\">--<\/span> PROA and the President of the Spanish Atlantic Association analyse the present and future of NATO and the current geopolitical situation."},"content":{"rendered":"<p style=\"font-weight: 400;\">Coinciding with the NATO Summit in Spain (29-30 June 2022), PROA has interviewed the President of the Spanish Atlantic Association (<a href=\"https:\/\/www.aae.org.es\/\">EPA<\/a>), Adolfo Men\u00e9ndez. Together with the managing partner, Luc\u00eda Casanueva, they have analysed in an informative meeting organised at the Centro Superior de Estudios de la Defensa Nacional (<a href=\"https:\/\/www.defensa.gob.es\/ceseden\/ceseden\/index.html\">CESEDEN<\/a>) the present and future of NATO and the current geopolitical situation.<\/p>\n<blockquote>\n<p style=\"font-weight: 400;\">\"We are living in a unique moment in the current geostrategic context because of two factors: because of the war in Europe, which we have not had for 70 years, and because countries such as Finland and Sweden, which have historically been neutral towards NATO, have expressed their desire to join the Atlantic Alliance.<\/p>\n<\/blockquote>\n<p style=\"font-weight: 400;\"><a href=\"https:\/\/www.linkedin.com\/in\/adolfo-men%C3%A9ndez-men%C3%A9ndez\/\">Adolfo Men\u00e9ndez<\/a> is a prestigious jurist from Gij\u00f3n, State Lawyer, former Undersecretary of Defence and Public Works and President of the AAE since mid-February of this year. The AAE is the Spanish representative chapter of the Atlantic Alliance in Spain.<\/p>\n<p><iframe title=\"Interview with Adolfo Men\u00e9ndez, President of the Spanish Atlantic Association\" width=\"800\" height=\"450\" src=\"https:\/\/www.youtube.com\/embed\/v3v3FZN-BCg?feature=oembed&#038;enablejsapi=1&#038;origin=https:\/\/proacomunicacion.es\" frameborder=\"0\" allow=\"accelerometer; autoplay; clipboard-write; encrypted-media; gyroscope; picture-in-picture\" allowfullscreen><\/iframe><\/p>\n<p>&nbsp;<\/p>\n<h3>This video may be reproduced provided that PROA is credited as the original source.<\/h3>","protected":false},"excerpt":{"rendered":"<p>Coincidiendo con la Cumbre de la OTAN en Espa\u00f1a (29-30 de junio de 2022), PROA ha entrevistado al presidente de la Asociaci\u00f3n Atl\u00e1ntica Espa\u00f1ola (AAE), Adolfo Men\u00e9ndez. Junto a la socia directora, Luc\u00eda Casanueva, han analizado en un encuentro informativo organizado en el Centro Superior de Estudios de la Defensa Nacional (CESEDEN) el presente y [&hellip;]<\/p>\n","protected":false},"author":28,"featured_media":25648,"comment_status":"closed","ping_status":"closed","sticky":false,"template":"","format":"standard","meta":{"footnotes":""},"categories":[176],"tags":[2167,2168,2169,25,2170,347],"class_list":["post-25640","post","type-post","status-publish","format-standard","has-post-thumbnail","hentry","category-blog","tag-aae","tag-adolfo-menendez","tag-asociacion-atlantica-espanola","tag-lucia-casanueva","tag-otan","tag-proa-es"],"yoast_head":"<!-- This site is optimized with the Yoast SEO plugin v27.0 - https:\/\/yoast.com\/product\/yoast-seo-wordpress\/ -->\n<title>Entrevista al presidente de la Asociaci\u00f3n Atl\u00e1ntica Espa\u00f1ola<\/title>\n<meta name=\"description\" content=\"Coincidiendo con el inicio de la Cumbre de la OTAN, PROA ha entrevistado al presidente de la Asociaci\u00f3n Atl\u00e1ntica Espa\u00f1ola, Adolfo Men\u00e9ndez\" \/>\n<meta name=\"robots\" content=\"index, follow, max-snippet:-1, max-image-preview:large, max-video-preview:-1\" \/>\n<link rel=\"canonical\" href=\"https:\/\/proacomunicacion.es\/en\/interview-with-the-president-of-the-spanish-atlantic-association\/\" \/>\n<meta property=\"og:locale\" content=\"en_GB\" \/>\n<meta property=\"og:type\" content=\"article\" \/>\n<meta property=\"og:title\" content=\"Entrevista al presidente de la Asociaci\u00f3n Atl\u00e1ntica Espa\u00f1ola\" \/>\n<meta property=\"og:description\" content=\"Coincidiendo con el inicio de la Cumbre de la OTAN, PROA ha entrevistado al presidente de la Asociaci\u00f3n Atl\u00e1ntica Espa\u00f1ola, Adolfo Men\u00e9ndez\" \/>\n<meta property=\"og:url\" content=\"https:\/\/proacomunicacion.es\/en\/interview-with-the-president-of-the-spanish-atlantic-association\/\" \/>\n<meta property=\"og:site_name\" content=\"PROA Comunicaci\u00f3n\" \/>\n<meta property=\"article:published_time\" content=\"2022-06-29T16:29:52+00:00\" \/>\n<meta property=\"og:image\" content=\"https:\/\/proacomunicacion.es\/wp-content\/uploads\/2025\/08\/Firefly_radio-de-barco-scaled.jpg\" \/>\n\t<meta property=\"og:image:width\" content=\"2560\" \/>\n\t<meta property=\"og:image:height\" content=\"1414\" \/>\n\t<meta property=\"og:image:type\" content=\"image\/jpeg\" \/>\n<meta name=\"author\" content=\"PROA Comunicaci\u00f3n\" \/>\n<meta name=\"twitter:card\" content=\"summary_large_image\" \/>\n<meta name=\"twitter:creator\" content=\"@proacomunica\" \/>\n<meta name=\"twitter:site\" content=\"@proacomunica\" \/>\n<meta name=\"twitter:label1\" content=\"Written by\" \/>\n\t<meta name=\"twitter:data1\" content=\"PROA Comunicaci\u00f3n\" \/>\n\t<meta name=\"twitter:label2\" content=\"Estimated reading time\" \/>\n\t<meta name=\"twitter:data2\" content=\"1 minute\" \/>\n<script type=\"application\/ld+json\" class=\"yoast-schema-graph\">{\"@context\":\"https:\/\/schema.org\",\"@graph\":[{\"@type\":\"Article\",\"@id\":\"https:\/\/proacomunicacion.es\/entrevista-presidente-asociacion-atlantica-espanola\/#article\",\"isPartOf\":{\"@id\":\"https:\/\/proacomunicacion.es\/entrevista-presidente-asociacion-atlantica-espanola\/\"},\"author\":{\"name\":\"PROA Comunicaci\u00f3n\",\"@id\":\"https:\/\/proacomunicacion.es\/#\/schema\/person\/f80dc8938ea94e7f8aa1e8dc716d5a60\"},\"headline\":\"\u2014\u2014 PROA analiza junto al presidente de la Asociaci\u00f3n Atl\u00e1ntica Espa\u00f1ola el presente y futuro de la OTAN y la situaci\u00f3n geopol\u00edtica actual\",\"datePublished\":\"2022-06-29T16:29:52+00:00\",\"mainEntityOfPage\":{\"@id\":\"https:\/\/proacomunicacion.es\/entrevista-presidente-asociacion-atlantica-espanola\/\"},\"wordCount\":231,\"publisher\":{\"@id\":\"https:\/\/proacomunicacion.es\/#organization\"},\"image\":{\"@id\":\"https:\/\/proacomunicacion.es\/entrevista-presidente-asociacion-atlantica-espanola\/#primaryimage\"},\"thumbnailUrl\":\"\",\"keywords\":[\"AAE\",\"Adolfo Men\u00e9ndez\",\"Asociaci\u00f3n Atl\u00e1ntica Espa\u00f1ola\",\"Luc\u00eda Casanueva\",\"OTAN\",\"PROA\"],\"articleSection\":[\"Blog\"],\"inLanguage\":\"en-GB\"},{\"@type\":\"WebPage\",\"@id\":\"https:\/\/proacomunicacion.es\/entrevista-presidente-asociacion-atlantica-espanola\/\",\"url\":\"https:\/\/proacomunicacion.es\/entrevista-presidente-asociacion-atlantica-espanola\/\",\"name\":\"Entrevista al presidente de la Asociaci\u00f3n Atl\u00e1ntica Espa\u00f1ola\",\"isPartOf\":{\"@id\":\"https:\/\/proacomunicacion.es\/#website\"},\"primaryImageOfPage\":{\"@id\":\"https:\/\/proacomunicacion.es\/entrevista-presidente-asociacion-atlantica-espanola\/#primaryimage\"},\"image\":{\"@id\":\"https:\/\/proacomunicacion.es\/entrevista-presidente-asociacion-atlantica-espanola\/#primaryimage\"},\"thumbnailUrl\":\"\",\"datePublished\":\"2022-06-29T16:29:52+00:00\",\"description\":\"Coincidiendo con el inicio de la Cumbre de la OTAN, PROA ha entrevistado al presidente de la Asociaci\u00f3n Atl\u00e1ntica Espa\u00f1ola, Adolfo Men\u00e9ndez\",\"breadcrumb\":{\"@id\":\"https:\/\/proacomunicacion.es\/entrevista-presidente-asociacion-atlantica-espanola\/#breadcrumb\"},\"inLanguage\":\"en-GB\",\"potentialAction\":[{\"@type\":\"ReadAction\",\"target\":[\"https:\/\/proacomunicacion.es\/entrevista-presidente-asociacion-atlantica-espanola\/\"]}]},{\"@type\":\"ImageObject\",\"inLanguage\":\"en-GB\",\"@id\":\"https:\/\/proacomunicacion.es\/entrevista-presidente-asociacion-atlantica-espanola\/#primaryimage\",\"url\":\"\",\"contentUrl\":\"\"},{\"@type\":\"BreadcrumbList\",\"@id\":\"https:\/\/proacomunicacion.es\/entrevista-presidente-asociacion-atlantica-espanola\/#breadcrumb\",\"itemListElement\":[{\"@type\":\"ListItem\",\"position\":1,\"name\":\"Portada\",\"item\":\"https:\/\/proacomunicacion.es\/\"},{\"@type\":\"ListItem\",\"position\":2,\"name\":\"\u2014\u2014 PROA analiza junto al presidente de la Asociaci\u00f3n Atl\u00e1ntica Espa\u00f1ola el presente y futuro de la OTAN y la situaci\u00f3n geopol\u00edtica actual\"}]},{\"@type\":\"WebSite\",\"@id\":\"https:\/\/proacomunicacion.es\/#website\",\"url\":\"https:\/\/proacomunicacion.es\/\",\"name\":\"PROA Comunicaci\u00f3n\",\"description\":\"Agencia de Comunicaci\u00f3n Corporativa en Madrid, Barcelona y Galicia.\",\"publisher\":{\"@id\":\"https:\/\/proacomunicacion.es\/#organization\"},\"alternateName\":\"PROA Comunicaci\u00f3n\",\"potentialAction\":[{\"@type\":\"SearchAction\",\"target\":{\"@type\":\"EntryPoint\",\"urlTemplate\":\"https:\/\/proacomunicacion.es\/?s={search_term_string}\"},\"query-input\":{\"@type\":\"PropertyValueSpecification\",\"valueRequired\":true,\"valueName\":\"search_term_string\"}}],\"inLanguage\":\"en-GB\"},{\"@type\":\"Organization\",\"@id\":\"https:\/\/proacomunicacion.es\/#organization\",\"name\":\"PROA Comunicaci\u00f3n\",\"alternateName\":\"PROA Comunicaci\u00f3n\",\"url\":\"https:\/\/proacomunicacion.es\/\",\"logo\":{\"@type\":\"ImageObject\",\"inLanguage\":\"en-GB\",\"@id\":\"https:\/\/proacomunicacion.es\/#\/schema\/logo\/image\/\",\"url\":\"https:\/\/proacomunicacion.es\/wp-content\/uploads\/2024\/01\/Logo_Light.svg\",\"contentUrl\":\"https:\/\/proacomunicacion.es\/wp-content\/uploads\/2024\/01\/Logo_Light.svg\",\"width\":136,\"height\":33,\"caption\":\"PROA Comunicaci\u00f3n\"},\"image\":{\"@id\":\"https:\/\/proacomunicacion.es\/#\/schema\/logo\/image\/\"},\"sameAs\":[\"https:\/\/x.com\/proacomunica\",\"https:\/\/es.linkedin.com\/company\/proa-comunicacion_2\",\"https:\/\/www.instagram.com\/proacomunica\/\",\"https:\/\/www.youtube.com\/@proacomunicacion\",\"https:\/\/es.wikipedia.org\/wiki\/PROA_Comunicacin\"]},{\"@type\":\"Person\",\"@id\":\"https:\/\/proacomunicacion.es\/#\/schema\/person\/f80dc8938ea94e7f8aa1e8dc716d5a60\",\"name\":\"PROA Comunicaci\u00f3n\",\"image\":{\"@type\":\"ImageObject\",\"inLanguage\":\"en-GB\",\"@id\":\"https:\/\/proacomunicacion.es\/#\/schema\/person\/image\/\",\"url\":\"https:\/\/secure.gravatar.com\/avatar\/394c93c195ff19b00e79d66a42971657a01de9f2740b97148d0f14a1e1a359b7?s=96&r=g\",\"contentUrl\":\"https:\/\/secure.gravatar.com\/avatar\/394c93c195ff19b00e79d66a42971657a01de9f2740b97148d0f14a1e1a359b7?s=96&r=g\",\"caption\":\"PROA Comunicaci\u00f3n\"}}]}<\/script>\n<!-- \/ Yoast SEO plugin. -->","yoast_head_json":{"title":"Interview with the president of the Spanish Atlantic Association","description":"Coinciding with the start of the NATO Summit, PROA has interviewed the President of the Spanish Atlantic Association, Adolfo Men\u00e9ndez.","robots":{"index":"index","follow":"follow","max-snippet":"max-snippet:-1","max-image-preview":"max-image-preview:large","max-video-preview":"max-video-preview:-1"},"canonical":"https:\/\/proacomunicacion.es\/en\/interview-with-the-president-of-the-spanish-atlantic-association\/","og_locale":"en_GB","og_type":"article","og_title":"Entrevista al presidente de la Asociaci\u00f3n Atl\u00e1ntica Espa\u00f1ola","og_description":"Coincidiendo con el inicio de la Cumbre de la OTAN, PROA ha entrevistado al presidente de la Asociaci\u00f3n Atl\u00e1ntica Espa\u00f1ola, Adolfo Men\u00e9ndez","og_url":"https:\/\/proacomunicacion.es\/en\/interview-with-the-president-of-the-spanish-atlantic-association\/","og_site_name":"PROA Comunicaci\u00f3n","article_published_time":"2022-06-29T16:29:52+00:00","og_image":[{"width":2560,"height":1414,"url":"https:\/\/proacomunicacion.es\/wp-content\/uploads\/2025\/08\/Firefly_radio-de-barco-scaled.jpg","type":"image\/jpeg"}],"author":"PROA Comunicaci\u00f3n","twitter_card":"summary_large_image","twitter_creator":"@proacomunica","twitter_site":"@proacomunica","twitter_misc":{"Written by":"PROA Comunicaci\u00f3n","Estimated reading time":"1 minute"},"schema":{"@context":"https:\/\/schema.org","@graph":[{"@type":"Article","@id":"https:\/\/proacomunicacion.es\/entrevista-presidente-asociacion-atlantica-espanola\/#article","isPartOf":{"@id":"https:\/\/proacomunicacion.es\/entrevista-presidente-asociacion-atlantica-espanola\/"},"author":{"name":"PROA Comunicaci\u00f3n","@id":"https:\/\/proacomunicacion.es\/#\/schema\/person\/f80dc8938ea94e7f8aa1e8dc716d5a60"},"headline":"\u2014\u2014 PROA analiza junto al presidente de la Asociaci\u00f3n Atl\u00e1ntica Espa\u00f1ola el presente y futuro de la OTAN y la situaci\u00f3n geopol\u00edtica actual","datePublished":"2022-06-29T16:29:52+00:00","mainEntityOfPage":{"@id":"https:\/\/proacomunicacion.es\/entrevista-presidente-asociacion-atlantica-espanola\/"},"wordCount":231,"publisher":{"@id":"https:\/\/proacomunicacion.es\/#organization"},"image":{"@id":"https:\/\/proacomunicacion.es\/entrevista-presidente-asociacion-atlantica-espanola\/#primaryimage"},"thumbnailUrl":"","keywords":["AAE","Adolfo Men\u00e9ndez","Asociaci\u00f3n Atl\u00e1ntica Espa\u00f1ola","Luc\u00eda Casanueva","OTAN","PROA"],"articleSection":["Blog"],"inLanguage":"en-GB"},{"@type":"WebPage","@id":"https:\/\/proacomunicacion.es\/entrevista-presidente-asociacion-atlantica-espanola\/","url":"https:\/\/proacomunicacion.es\/entrevista-presidente-asociacion-atlantica-espanola\/","name":"Interview with the president of the Spanish Atlantic Association","isPartOf":{"@id":"https:\/\/proacomunicacion.es\/#website"},"primaryImageOfPage":{"@id":"https:\/\/proacomunicacion.es\/entrevista-presidente-asociacion-atlantica-espanola\/#primaryimage"},"image":{"@id":"https:\/\/proacomunicacion.es\/entrevista-presidente-asociacion-atlantica-espanola\/#primaryimage"},"thumbnailUrl":"","datePublished":"2022-06-29T16:29:52+00:00","description":"Coinciding with the start of the NATO Summit, PROA has interviewed the President of the Spanish Atlantic Association, Adolfo Men\u00e9ndez.","breadcrumb":{"@id":"https:\/\/proacomunicacion.es\/entrevista-presidente-asociacion-atlantica-espanola\/#breadcrumb"},"inLanguage":"en-GB","potentialAction":[{"@type":"ReadAction","target":["https:\/\/proacomunicacion.es\/entrevista-presidente-asociacion-atlantica-espanola\/"]}]},{"@type":"ImageObject","inLanguage":"en-GB","@id":"https:\/\/proacomunicacion.es\/entrevista-presidente-asociacion-atlantica-espanola\/#primaryimage","url":"","contentUrl":""},{"@type":"BreadcrumbList","@id":"https:\/\/proacomunicacion.es\/entrevista-presidente-asociacion-atlantica-espanola\/#breadcrumb","itemListElement":[{"@type":"ListItem","position":1,"name":"Portada","item":"https:\/\/proacomunicacion.es\/"},{"@type":"ListItem","position":2,"name":"\u2014\u2014 PROA analiza junto al presidente de la Asociaci\u00f3n Atl\u00e1ntica Espa\u00f1ola el presente y futuro de la OTAN y la situaci\u00f3n geopol\u00edtica actual"}]},{"@type":"WebSite","@id":"https:\/\/proacomunicacion.es\/#website","url":"https:\/\/proacomunicacion.es\/","name":"PROA Communication","description":"Corporate Communications Agency in Madrid, Barcelona and Galicia.","publisher":{"@id":"https:\/\/proacomunicacion.es\/#organization"},"alternateName":"PROA Comunicaci\u00f3n","potentialAction":[{"@type":"SearchAction","target":{"@type":"EntryPoint","urlTemplate":"https:\/\/proacomunicacion.es\/?s={search_term_string}"},"query-input":{"@type":"PropertyValueSpecification","valueRequired":true,"valueName":"search_term_string"}}],"inLanguage":"en-GB"},{"@type":"Organization","@id":"https:\/\/proacomunicacion.es\/#organization","name":"PROA Communication","alternateName":"PROA Comunicaci\u00f3n","url":"https:\/\/proacomunicacion.es\/","logo":{"@type":"ImageObject","inLanguage":"en-GB","@id":"https:\/\/proacomunicacion.es\/#\/schema\/logo\/image\/","url":"https:\/\/proacomunicacion.es\/wp-content\/uploads\/2024\/01\/Logo_Light.svg","contentUrl":"https:\/\/proacomunicacion.es\/wp-content\/uploads\/2024\/01\/Logo_Light.svg","width":136,"height":33,"caption":"PROA Comunicaci\u00f3n"},"image":{"@id":"https:\/\/proacomunicacion.es\/#\/schema\/logo\/image\/"},"sameAs":["https:\/\/x.com\/proacomunica","https:\/\/es.linkedin.com\/company\/proa-comunicacion_2","https:\/\/www.instagram.com\/proacomunica\/","https:\/\/www.youtube.com\/@proacomunicacion","https:\/\/es.wikipedia.org\/wiki\/PROA_Comunicacin"]},{"@type":"Person","@id":"https:\/\/proacomunicacion.es\/#\/schema\/person\/f80dc8938ea94e7f8aa1e8dc716d5a60","name":"PROA Communication","image":{"@type":"ImageObject","inLanguage":"en-GB","@id":"https:\/\/proacomunicacion.es\/#\/schema\/person\/image\/","url":"https:\/\/secure.gravatar.com\/avatar\/394c93c195ff19b00e79d66a42971657a01de9f2740b97148d0f14a1e1a359b7?s=96&r=g","contentUrl":"https:\/\/secure.gravatar.com\/avatar\/394c93c195ff19b00e79d66a42971657a01de9f2740b97148d0f14a1e1a359b7?s=96&r=g","caption":"PROA Comunicaci\u00f3n"}}]}},"_links":{"self":[{"href":"https:\/\/proacomunicacion.es\/en\/wp-json\/wp\/v2\/posts\/25640","targetHints":{"allow":["GET"]}}],"collection":[{"href":"https:\/\/proacomunicacion.es\/en\/wp-json\/wp\/v2\/posts"}],"about":[{"href":"https:\/\/proacomunicacion.es\/en\/wp-json\/wp\/v2\/types\/post"}],"author":[{"embeddable":true,"href":"https:\/\/proacomunicacion.es\/en\/wp-json\/wp\/v2\/users\/28"}],"replies":[{"embeddable":true,"href":"https:\/\/proacomunicacion.es\/en\/wp-json\/wp\/v2\/comments?post=25640"}],"version-history":[{"count":0,"href":"https:\/\/proacomunicacion.es\/en\/wp-json\/wp\/v2\/posts\/25640\/revisions"}],"wp:featuredmedia":[{"embeddable":true,"href":"https:\/\/proacomunicacion.es\/en\/wp-json\/"}],"wp:attachment":[{"href":"https:\/\/proacomunicacion.es\/en\/wp-json\/wp\/v2\/media?parent=25640"}],"wp:term":[{"taxonomy":"category","embeddable":true,"href":"https:\/\/proacomunicacion.es\/en\/wp-json\/wp\/v2\/categories?post=25640"},{"taxonomy":"post_tag","embeddable":true,"href":"https:\/\/proacomunicacion.es\/en\/wp-json\/wp\/v2\/tags?post=25640"}],"curies":[{"name":"wp","href":"https:\/\/api.w.org\/{rel}","templated":true}]}}