{"id":25981,"date":"2022-11-22T16:18:11","date_gmt":"2022-11-22T15:18:11","guid":{"rendered":"https:\/\/proacomunicacion.es\/?p=25981"},"modified":"2022-11-22T16:18:11","modified_gmt":"2022-11-22T15:18:11","slug":"hundred-businessmen-attend-inauguration-of-new-proa-madrid-headquarters","status":"publish","type":"post","link":"https:\/\/proacomunicacion.es\/en\/centenar-empresarios-acuden-inauguracion-nueva-sede-proa-madrid\/","title":{"rendered":"<span class=\"dash\">--<\/span> A hundred entrepreneurs attend the inauguration of PROA's new headquarters in Madrid"},"content":{"rendered":"<p>On Wednesday 16 November, PROA celebrated the inauguration of its new <a href=\"https:\/\/proacomunicacion.es\/en\/contacto-agencia-comunicacion\/\">headquarters in Madrid located at Calle Montalb\u00e1n number 3<\/a>The change of headquarters to a historic and emblematic neighbourhood such as Madrid's historic and emblematic neighbourhood of Madrid,\" he said. \"The change of headquarters to a historic and emblematic neighbourhood of Madrid, as is <a target=\"_blank\" href=\"https:\/\/es.wikipedia.org\/wiki\/Parque_del_Retiro_de_Madrid\" rel=\"noopener\">Retreat<\/a>is part of a strategic decision that represents a new stage of growth for our communications consultancy,\" they say. <a href=\"https:\/\/proacomunicacion.es\/en\/consultores-comunicacion-corporativa\/lucia-casanueva\/\">Luc\u00eda Casanueva<\/a> y <a href=\"https:\/\/proacomunicacion.es\/en\/consultores-comunicacion-corporativa\/valvanuz-serna-ruiz\/\">Valvanuz Serna Ruiz<\/a>PROA's managing partners.<\/p>\n<p>The event was inaugurated by both partners, who announced that in this new phase, the consultancy will reinforce <a href=\"https:\/\/proacomunicacion.es\/en\/consultoria-comunicacion-corporativa\/relaciones-institucionales-asuntos-publicos\/\">the Public Affairs practice<\/a> and will create <a href=\"https:\/\/proacomunicacion.es\/en\/consultoria-comunicacion-corporativa\/salud-farma-y-tecnologia-sanitaria\/\">the Health Communication and Pharmaceutical Industry Division<\/a>.<\/p>\n<p>After the welcome, <a href=\"https:\/\/proacomunicacion.es\/en\/proa-observatory-2\/the-story-of-the-last-six-years-in-spain-is-almost-a-thriller-conversation-with-jose-antonio-zarzalejos-2\/\">Jos\u00e9 Antonio Zarzalejos<\/a>The Deputy to the Presidency of the <em>El Confidencial<\/em>former editor of the daily newspapers <em>ABC <\/em>y <em>The Courier<\/em>journalist and lawyer, presented the <a href=\"https:\/\/proacomunicacion.es\/wp-content\/uploads\/2022\/11\/221116_PROA_Informe_Nueva_Comunicacion-yMarketing_empresariales.pdf\">report <em>The new business communication and marketing in times of post-pandemic, economic crisis and war<\/em><\/a>The report, produced in collaboration with PROA. \"Business communication should be the reverse side of politics\", Zarzalejos pointed out.<\/p>\n<p>\"As the study points out, we are in an era of uncertainty and risk. And PROA is here to accompany companies in the enhancement of their intangible assets, facing this uncertainty and assuming the contingencies involved in facing the risks they take in this new context. On this path, our mission as consultants is to make a clear difference between political communication and rigorous, empathetic and socially committed communication, which also responds to what citizens demand from corporations and private companies,\" said Luc\u00eda Casanueva.<\/p>\n<p>Valvanuz Serna Ruiz added that, \"at the same time, we have the responsibility to act by building bridges to return to this scenario of collaboration and joint work between public and private services, especially in particularly sensitive areas such as education, health, infrastructure and transport\".<\/p>\n<p>An analysis of the current situation of the media, the relationship with politics, the role of social networks and the future of communication was brought to the public in a debate from a business perspective, both nationally and internationally.<\/p>\n<p>\"The businessman cannot live away from the political pulse and cannot ignore public affairs, which, at the end of the day, have a profound impact on him. Businessmen must assume that they have an essential role in these times and must tune in to social sentiment, in addition to valuing their reputation, refusing to be presented as the extractive elite that benefits from the crisis and exploits in times of calamity\", warned Jos\u00e9 Antonio Zarzalejos.<\/p>\n<p>The inauguration event ended with a cocktail party in the offices themselves, which represent a qualitative leap forward in terms of providing a meeting point for PROA's clients.<\/p>","protected":false},"excerpt":{"rendered":"<p>El mi\u00e9rcoles 16 de noviembre, PROA celebr\u00f3 la inauguraci\u00f3n de su nueva sede en Madrid ubicada en la Calle Montalb\u00e1n n\u00famero 3, en un acto que reuni\u00f3 a casi un centenar de empresarios y altos directivos. \u00abEl cambio de sede a un barrio hist\u00f3rico y emblem\u00e1tico de Madrid, como es Retiro, forma parte de una [&hellip;]<\/p>\n","protected":false},"author":28,"featured_media":25983,"comment_status":"closed","ping_status":"closed","sticky":false,"template":"","format":"standard","meta":{"footnotes":""},"categories":[131],"tags":[460,45,2192,2193,2194,347,2195],"class_list":["post-25981","post","type-post","status-publish","format-standard","has-post-thumbnail","hentry","category-noticias","tag-comunicacion-estrategica","tag-comunicacion-politica","tag-inauguracion","tag-informe","tag-jose-antonio-zarzalejos","tag-proa-es","tag-sede"],"yoast_head":"<!-- This site is optimized with the Yoast SEO plugin v27.0 - https:\/\/yoast.com\/product\/yoast-seo-wordpress\/ -->\n<title>Acto de inauguraci\u00f3n de la nueva sede de PROA en Madrid<\/title>\n<meta name=\"description\" content=\"PROA presenta su nueva sede en la C\/ Montalb\u00e1n, 3 en un acto de inauguraci\u00f3n que reuni\u00f3 a casi un centenar de empresarios y altos directivos\" \/>\n<meta name=\"robots\" content=\"index, follow, max-snippet:-1, max-image-preview:large, max-video-preview:-1\" \/>\n<link rel=\"canonical\" href=\"https:\/\/proacomunicacion.es\/en\/hundred-businessmen-attend-inauguration-of-new-proa-madrid-headquarters\/\" \/>\n<meta property=\"og:locale\" content=\"en_GB\" \/>\n<meta property=\"og:type\" content=\"article\" \/>\n<meta property=\"og:title\" content=\"Acto de inauguraci\u00f3n de la nueva sede de PROA en Madrid\" \/>\n<meta property=\"og:description\" content=\"PROA presenta su nueva sede en la C\/ Montalb\u00e1n, 3 en un acto de inauguraci\u00f3n que reuni\u00f3 a casi un centenar de empresarios y altos directivos\" \/>\n<meta property=\"og:url\" content=\"https:\/\/proacomunicacion.es\/en\/hundred-businessmen-attend-inauguration-of-new-proa-madrid-headquarters\/\" \/>\n<meta property=\"og:site_name\" content=\"PROA Comunicaci\u00f3n\" \/>\n<meta property=\"article:published_time\" content=\"2022-11-22T15:18:11+00:00\" \/>\n<meta property=\"og:image\" content=\"https:\/\/proacomunicacion.es\/wp-content\/uploads\/2025\/08\/Firefly_radio-de-barco-scaled.jpg\" \/>\n\t<meta property=\"og:image:width\" content=\"2560\" \/>\n\t<meta property=\"og:image:height\" content=\"1414\" \/>\n\t<meta property=\"og:image:type\" content=\"image\/jpeg\" \/>\n<meta name=\"author\" content=\"PROA Comunicaci\u00f3n\" \/>\n<meta name=\"twitter:card\" content=\"summary_large_image\" \/>\n<meta name=\"twitter:creator\" content=\"@proacomunica\" \/>\n<meta name=\"twitter:site\" content=\"@proacomunica\" \/>\n<meta name=\"twitter:label1\" content=\"Written by\" \/>\n\t<meta name=\"twitter:data1\" content=\"PROA Comunicaci\u00f3n\" \/>\n\t<meta name=\"twitter:label2\" content=\"Estimated reading time\" \/>\n\t<meta name=\"twitter:data2\" content=\"3 minutes\" \/>\n<script type=\"application\/ld+json\" class=\"yoast-schema-graph\">{\"@context\":\"https:\/\/schema.org\",\"@graph\":[{\"@type\":\"Article\",\"@id\":\"https:\/\/proacomunicacion.es\/centenar-empresarios-acuden-inauguracion-nueva-sede-proa-madrid\/#article\",\"isPartOf\":{\"@id\":\"https:\/\/proacomunicacion.es\/centenar-empresarios-acuden-inauguracion-nueva-sede-proa-madrid\/\"},\"author\":{\"name\":\"PROA Comunicaci\u00f3n\",\"@id\":\"https:\/\/proacomunicacion.es\/#\/schema\/person\/f80dc8938ea94e7f8aa1e8dc716d5a60\"},\"headline\":\"\u2014\u2014 Un centenar de empresarios acuden a la inauguraci\u00f3n de la nueva sede de PROA en Madrid\",\"datePublished\":\"2022-11-22T15:18:11+00:00\",\"mainEntityOfPage\":{\"@id\":\"https:\/\/proacomunicacion.es\/centenar-empresarios-acuden-inauguracion-nueva-sede-proa-madrid\/\"},\"wordCount\":537,\"publisher\":{\"@id\":\"https:\/\/proacomunicacion.es\/#organization\"},\"image\":{\"@id\":\"https:\/\/proacomunicacion.es\/centenar-empresarios-acuden-inauguracion-nueva-sede-proa-madrid\/#primaryimage\"},\"thumbnailUrl\":\"\",\"keywords\":[\"Comunicaci\u00f3n estrat\u00e9gica\",\"comunicaci\u00f3n pol\u00edtica\",\"inauguraci\u00f3n\",\"informe\",\"Jos\u00e9 Antonio Zarzalejos\",\"PROA\",\"sede\"],\"articleSection\":[\"Noticias\"],\"inLanguage\":\"en-GB\"},{\"@type\":\"WebPage\",\"@id\":\"https:\/\/proacomunicacion.es\/centenar-empresarios-acuden-inauguracion-nueva-sede-proa-madrid\/\",\"url\":\"https:\/\/proacomunicacion.es\/centenar-empresarios-acuden-inauguracion-nueva-sede-proa-madrid\/\",\"name\":\"Acto de inauguraci\u00f3n de la nueva sede de PROA en Madrid\",\"isPartOf\":{\"@id\":\"https:\/\/proacomunicacion.es\/#website\"},\"primaryImageOfPage\":{\"@id\":\"https:\/\/proacomunicacion.es\/centenar-empresarios-acuden-inauguracion-nueva-sede-proa-madrid\/#primaryimage\"},\"image\":{\"@id\":\"https:\/\/proacomunicacion.es\/centenar-empresarios-acuden-inauguracion-nueva-sede-proa-madrid\/#primaryimage\"},\"thumbnailUrl\":\"\",\"datePublished\":\"2022-11-22T15:18:11+00:00\",\"description\":\"PROA presenta su nueva sede en la C\/ Montalb\u00e1n, 3 en un acto de inauguraci\u00f3n que reuni\u00f3 a casi un centenar de empresarios y altos directivos\",\"breadcrumb\":{\"@id\":\"https:\/\/proacomunicacion.es\/centenar-empresarios-acuden-inauguracion-nueva-sede-proa-madrid\/#breadcrumb\"},\"inLanguage\":\"en-GB\",\"potentialAction\":[{\"@type\":\"ReadAction\",\"target\":[\"https:\/\/proacomunicacion.es\/centenar-empresarios-acuden-inauguracion-nueva-sede-proa-madrid\/\"]}]},{\"@type\":\"ImageObject\",\"inLanguage\":\"en-GB\",\"@id\":\"https:\/\/proacomunicacion.es\/centenar-empresarios-acuden-inauguracion-nueva-sede-proa-madrid\/#primaryimage\",\"url\":\"\",\"contentUrl\":\"\"},{\"@type\":\"BreadcrumbList\",\"@id\":\"https:\/\/proacomunicacion.es\/centenar-empresarios-acuden-inauguracion-nueva-sede-proa-madrid\/#breadcrumb\",\"itemListElement\":[{\"@type\":\"ListItem\",\"position\":1,\"name\":\"Portada\",\"item\":\"https:\/\/proacomunicacion.es\/\"},{\"@type\":\"ListItem\",\"position\":2,\"name\":\"\u2014\u2014 Un centenar de empresarios acuden a la inauguraci\u00f3n de la nueva sede de PROA en Madrid\"}]},{\"@type\":\"WebSite\",\"@id\":\"https:\/\/proacomunicacion.es\/#website\",\"url\":\"https:\/\/proacomunicacion.es\/\",\"name\":\"PROA Comunicaci\u00f3n\",\"description\":\"Agencia de Comunicaci\u00f3n Corporativa en Madrid, Barcelona y Galicia.\",\"publisher\":{\"@id\":\"https:\/\/proacomunicacion.es\/#organization\"},\"alternateName\":\"PROA Comunicaci\u00f3n\",\"potentialAction\":[{\"@type\":\"SearchAction\",\"target\":{\"@type\":\"EntryPoint\",\"urlTemplate\":\"https:\/\/proacomunicacion.es\/?s={search_term_string}\"},\"query-input\":{\"@type\":\"PropertyValueSpecification\",\"valueRequired\":true,\"valueName\":\"search_term_string\"}}],\"inLanguage\":\"en-GB\"},{\"@type\":\"Organization\",\"@id\":\"https:\/\/proacomunicacion.es\/#organization\",\"name\":\"PROA Comunicaci\u00f3n\",\"alternateName\":\"PROA Comunicaci\u00f3n\",\"url\":\"https:\/\/proacomunicacion.es\/\",\"logo\":{\"@type\":\"ImageObject\",\"inLanguage\":\"en-GB\",\"@id\":\"https:\/\/proacomunicacion.es\/#\/schema\/logo\/image\/\",\"url\":\"https:\/\/proacomunicacion.es\/wp-content\/uploads\/2024\/01\/Logo_Light.svg\",\"contentUrl\":\"https:\/\/proacomunicacion.es\/wp-content\/uploads\/2024\/01\/Logo_Light.svg\",\"width\":136,\"height\":33,\"caption\":\"PROA Comunicaci\u00f3n\"},\"image\":{\"@id\":\"https:\/\/proacomunicacion.es\/#\/schema\/logo\/image\/\"},\"sameAs\":[\"https:\/\/x.com\/proacomunica\",\"https:\/\/es.linkedin.com\/company\/proa-comunicacion_2\",\"https:\/\/www.instagram.com\/proacomunica\/\",\"https:\/\/www.youtube.com\/@proacomunicacion\",\"https:\/\/es.wikipedia.org\/wiki\/PROA_Comunicacin\"]},{\"@type\":\"Person\",\"@id\":\"https:\/\/proacomunicacion.es\/#\/schema\/person\/f80dc8938ea94e7f8aa1e8dc716d5a60\",\"name\":\"PROA Comunicaci\u00f3n\",\"image\":{\"@type\":\"ImageObject\",\"inLanguage\":\"en-GB\",\"@id\":\"https:\/\/proacomunicacion.es\/#\/schema\/person\/image\/\",\"url\":\"https:\/\/secure.gravatar.com\/avatar\/394c93c195ff19b00e79d66a42971657a01de9f2740b97148d0f14a1e1a359b7?s=96&r=g\",\"contentUrl\":\"https:\/\/secure.gravatar.com\/avatar\/394c93c195ff19b00e79d66a42971657a01de9f2740b97148d0f14a1e1a359b7?s=96&r=g\",\"caption\":\"PROA Comunicaci\u00f3n\"}}]}<\/script>\n<!-- \/ Yoast SEO plugin. -->","yoast_head_json":{"title":"Inauguration of PROA's new headquarters in Madrid","description":"PROA presents its new headquarters in C\/ Montalb\u00e1n, 3 in an inauguration ceremony that brought together almost a hundred businessmen and senior executives.","robots":{"index":"index","follow":"follow","max-snippet":"max-snippet:-1","max-image-preview":"max-image-preview:large","max-video-preview":"max-video-preview:-1"},"canonical":"https:\/\/proacomunicacion.es\/en\/hundred-businessmen-attend-inauguration-of-new-proa-madrid-headquarters\/","og_locale":"en_GB","og_type":"article","og_title":"Acto de inauguraci\u00f3n de la nueva sede de PROA en Madrid","og_description":"PROA presenta su nueva sede en la C\/ Montalb\u00e1n, 3 en un acto de inauguraci\u00f3n que reuni\u00f3 a casi un centenar de empresarios y altos directivos","og_url":"https:\/\/proacomunicacion.es\/en\/hundred-businessmen-attend-inauguration-of-new-proa-madrid-headquarters\/","og_site_name":"PROA Comunicaci\u00f3n","article_published_time":"2022-11-22T15:18:11+00:00","og_image":[{"width":2560,"height":1414,"url":"https:\/\/proacomunicacion.es\/wp-content\/uploads\/2025\/08\/Firefly_radio-de-barco-scaled.jpg","type":"image\/jpeg"}],"author":"PROA Comunicaci\u00f3n","twitter_card":"summary_large_image","twitter_creator":"@proacomunica","twitter_site":"@proacomunica","twitter_misc":{"Written by":"PROA Comunicaci\u00f3n","Estimated reading time":"3 minutes"},"schema":{"@context":"https:\/\/schema.org","@graph":[{"@type":"Article","@id":"https:\/\/proacomunicacion.es\/centenar-empresarios-acuden-inauguracion-nueva-sede-proa-madrid\/#article","isPartOf":{"@id":"https:\/\/proacomunicacion.es\/centenar-empresarios-acuden-inauguracion-nueva-sede-proa-madrid\/"},"author":{"name":"PROA Comunicaci\u00f3n","@id":"https:\/\/proacomunicacion.es\/#\/schema\/person\/f80dc8938ea94e7f8aa1e8dc716d5a60"},"headline":"\u2014\u2014 Un centenar de empresarios acuden a la inauguraci\u00f3n de la nueva sede de PROA en Madrid","datePublished":"2022-11-22T15:18:11+00:00","mainEntityOfPage":{"@id":"https:\/\/proacomunicacion.es\/centenar-empresarios-acuden-inauguracion-nueva-sede-proa-madrid\/"},"wordCount":537,"publisher":{"@id":"https:\/\/proacomunicacion.es\/#organization"},"image":{"@id":"https:\/\/proacomunicacion.es\/centenar-empresarios-acuden-inauguracion-nueva-sede-proa-madrid\/#primaryimage"},"thumbnailUrl":"","keywords":["Comunicaci\u00f3n estrat\u00e9gica","comunicaci\u00f3n pol\u00edtica","inauguraci\u00f3n","informe","Jos\u00e9 Antonio Zarzalejos","PROA","sede"],"articleSection":["Noticias"],"inLanguage":"en-GB"},{"@type":"WebPage","@id":"https:\/\/proacomunicacion.es\/centenar-empresarios-acuden-inauguracion-nueva-sede-proa-madrid\/","url":"https:\/\/proacomunicacion.es\/centenar-empresarios-acuden-inauguracion-nueva-sede-proa-madrid\/","name":"Inauguration of PROA's new headquarters in Madrid","isPartOf":{"@id":"https:\/\/proacomunicacion.es\/#website"},"primaryImageOfPage":{"@id":"https:\/\/proacomunicacion.es\/centenar-empresarios-acuden-inauguracion-nueva-sede-proa-madrid\/#primaryimage"},"image":{"@id":"https:\/\/proacomunicacion.es\/centenar-empresarios-acuden-inauguracion-nueva-sede-proa-madrid\/#primaryimage"},"thumbnailUrl":"","datePublished":"2022-11-22T15:18:11+00:00","description":"PROA presents its new headquarters in C\/ Montalb\u00e1n, 3 in an inauguration ceremony that brought together almost a hundred businessmen and senior executives.","breadcrumb":{"@id":"https:\/\/proacomunicacion.es\/centenar-empresarios-acuden-inauguracion-nueva-sede-proa-madrid\/#breadcrumb"},"inLanguage":"en-GB","potentialAction":[{"@type":"ReadAction","target":["https:\/\/proacomunicacion.es\/centenar-empresarios-acuden-inauguracion-nueva-sede-proa-madrid\/"]}]},{"@type":"ImageObject","inLanguage":"en-GB","@id":"https:\/\/proacomunicacion.es\/centenar-empresarios-acuden-inauguracion-nueva-sede-proa-madrid\/#primaryimage","url":"","contentUrl":""},{"@type":"BreadcrumbList","@id":"https:\/\/proacomunicacion.es\/centenar-empresarios-acuden-inauguracion-nueva-sede-proa-madrid\/#breadcrumb","itemListElement":[{"@type":"ListItem","position":1,"name":"Portada","item":"https:\/\/proacomunicacion.es\/"},{"@type":"ListItem","position":2,"name":"\u2014\u2014 Un centenar de empresarios acuden a la inauguraci\u00f3n de la nueva sede de PROA en Madrid"}]},{"@type":"WebSite","@id":"https:\/\/proacomunicacion.es\/#website","url":"https:\/\/proacomunicacion.es\/","name":"PROA Communication","description":"Corporate Communications Agency in Madrid, Barcelona and Galicia.","publisher":{"@id":"https:\/\/proacomunicacion.es\/#organization"},"alternateName":"PROA Comunicaci\u00f3n","potentialAction":[{"@type":"SearchAction","target":{"@type":"EntryPoint","urlTemplate":"https:\/\/proacomunicacion.es\/?s={search_term_string}"},"query-input":{"@type":"PropertyValueSpecification","valueRequired":true,"valueName":"search_term_string"}}],"inLanguage":"en-GB"},{"@type":"Organization","@id":"https:\/\/proacomunicacion.es\/#organization","name":"PROA Communication","alternateName":"PROA Comunicaci\u00f3n","url":"https:\/\/proacomunicacion.es\/","logo":{"@type":"ImageObject","inLanguage":"en-GB","@id":"https:\/\/proacomunicacion.es\/#\/schema\/logo\/image\/","url":"https:\/\/proacomunicacion.es\/wp-content\/uploads\/2024\/01\/Logo_Light.svg","contentUrl":"https:\/\/proacomunicacion.es\/wp-content\/uploads\/2024\/01\/Logo_Light.svg","width":136,"height":33,"caption":"PROA Comunicaci\u00f3n"},"image":{"@id":"https:\/\/proacomunicacion.es\/#\/schema\/logo\/image\/"},"sameAs":["https:\/\/x.com\/proacomunica","https:\/\/es.linkedin.com\/company\/proa-comunicacion_2","https:\/\/www.instagram.com\/proacomunica\/","https:\/\/www.youtube.com\/@proacomunicacion","https:\/\/es.wikipedia.org\/wiki\/PROA_Comunicacin"]},{"@type":"Person","@id":"https:\/\/proacomunicacion.es\/#\/schema\/person\/f80dc8938ea94e7f8aa1e8dc716d5a60","name":"PROA Communication","image":{"@type":"ImageObject","inLanguage":"en-GB","@id":"https:\/\/proacomunicacion.es\/#\/schema\/person\/image\/","url":"https:\/\/secure.gravatar.com\/avatar\/394c93c195ff19b00e79d66a42971657a01de9f2740b97148d0f14a1e1a359b7?s=96&r=g","contentUrl":"https:\/\/secure.gravatar.com\/avatar\/394c93c195ff19b00e79d66a42971657a01de9f2740b97148d0f14a1e1a359b7?s=96&r=g","caption":"PROA Comunicaci\u00f3n"}}]}},"_links":{"self":[{"href":"https:\/\/proacomunicacion.es\/en\/wp-json\/wp\/v2\/posts\/25981","targetHints":{"allow":["GET"]}}],"collection":[{"href":"https:\/\/proacomunicacion.es\/en\/wp-json\/wp\/v2\/posts"}],"about":[{"href":"https:\/\/proacomunicacion.es\/en\/wp-json\/wp\/v2\/types\/post"}],"author":[{"embeddable":true,"href":"https:\/\/proacomunicacion.es\/en\/wp-json\/wp\/v2\/users\/28"}],"replies":[{"embeddable":true,"href":"https:\/\/proacomunicacion.es\/en\/wp-json\/wp\/v2\/comments?post=25981"}],"version-history":[{"count":0,"href":"https:\/\/proacomunicacion.es\/en\/wp-json\/wp\/v2\/posts\/25981\/revisions"}],"wp:featuredmedia":[{"embeddable":true,"href":"https:\/\/proacomunicacion.es\/en\/wp-json\/"}],"wp:attachment":[{"href":"https:\/\/proacomunicacion.es\/en\/wp-json\/wp\/v2\/media?parent=25981"}],"wp:term":[{"taxonomy":"category","embeddable":true,"href":"https:\/\/proacomunicacion.es\/en\/wp-json\/wp\/v2\/categories?post=25981"},{"taxonomy":"post_tag","embeddable":true,"href":"https:\/\/proacomunicacion.es\/en\/wp-json\/wp\/v2\/tags?post=25981"}],"curies":[{"name":"wp","href":"https:\/\/api.w.org\/{rel}","templated":true}]}}