{"id":289,"date":"2013-05-03T10:02:03","date_gmt":"2013-05-03T08:02:03","guid":{"rendered":"http:\/\/proacomunicacion.es\/?p=289"},"modified":"2013-05-03T10:02:03","modified_gmt":"2013-05-03T08:02:03","slug":"gustavo-entrala","status":"publish","type":"post","link":"https:\/\/proacomunicacion.es\/en\/gustavo-entrala\/","title":{"rendered":"From manuscript to Twitter: the fantastic story of @Pontifex\"."},"content":{"rendered":"<p>Proa Comunicaci\u00f3n has taken part in a talk-colloquium with <strong>Gustavo Entrala<\/strong>founder and CEO of the agency <strong>101<\/strong>an online marketing company. Gustavo was the one who convinced the Holy See to open a Twitter account for the Pope. He also designed the News.va portal, which unifies all information from the Vatican media.<\/p>\n<p>The colloquium, organised by Alumni-University of Navarra, gave participants the opportunity to learn that <strong>the @pontifex account has grown from three to six million followers<\/strong> since Pope Francis was elected. \"Benedict XVI had three million followers on Twitter, of which two million were from Anglo-Saxon countries, and 700,000 in Spanish. Now, with Pope Francis, the number of followers in Spanish is 2.2 million,\" Entrala said.<\/p>\n<p><a href=\" https:\/\/proacomunicacion.es\/wp-content\/uploads\/2013\/05\/GustavoEntrala_101.jpg\"><img fetchpriority=\"high\" decoding=\"async\" class=\"aligncenter size-medium wp-image-290\" src=\" https:\/\/proacomunicacion.es\/wp-content\/uploads\/2013\/05\/GustavoEntrala_101-300x199.jpg\" alt=\"GustavoEntrala_101\" width=\"300\" height=\"199\" \/><\/a><br \/>\nThe entrepreneur and internet expert also says that Pope Francis tweets every day: \"They are simple, positive messages. With Pope Benedict, half of the messages on Twitter were negative; now, only 10%; and the remaining 90% are positive. At the moment, <strong>the communicative honeymoon continues<\/strong>. Now we want the Pope to have conversations with certain people on Twitter, and to follow people\".<\/p>\n<p>Entrala said that, as a Catholic, he wanted to help the Church to <strong>set your own communication agenda<\/strong>. He wrote a handwritten letter to Federico Lombardi, spokesman for the Holy See, offering his services to the Holy See. And four months later, when he had forgotten all about it, he received a call from Lombardi himself. \"To manage in today's world, you have to be proactive. The Church has not had its own communication agenda, and now it is starting to be proactive. If you reduce Catholicism to a series of controversial issues, such as abortion or homosexuality, you are not conveying the Christian message. The message of Jesus Christ is very luminous, the Gospel has many very positive tweets. Another issue to communicate: the Church accompanies people throughout their lives, in the most important moments and always\".<\/p>\n<p>Gustavo Entrala also explained that the Church did not have the tools to know the news on the internet well, nor to respond quickly. Now it is beginning to have those instruments. His company, located in Madrid, continues to do consultancy work with the Holy See. Before the Pope's first tweet, which Entrala himself wrote,<strong> three training workshops were given to some 30 people from the Vatican<\/strong>. \"We talked about how communication works today, how to manage a crisis, and what the Church can communicate that it is not communicating. The idea for the News.va portal came out of those workshops.<\/p>\n<p>Entrala also commented that the Vatican receives <strong>20,000 cyber attacks per day<\/strong>hackers attacking the servers of the Holy See's websites. But \"in the United States lives a Capuchin nun, a software expert, who helps the Church a lot to defend itself against these attacks. The Church has no power, but it has a lot of influence. And it has the support of many people all over the world\".<\/p>\n<p>Asked about Pope Francis, Gustavo said that <strong>their gestures and their way of communicating is a matter of course.<\/strong>. \"There is no strategy behind it. What you see is what he is. He is a very good communicator. And, with small gestures, he has wanted to show from the beginning that he is going to make a powerful change in the Curia. For the rest, he is doing the same as he did in Buenos Aires\".<\/p>","protected":false},"excerpt":{"rendered":"<p>Proa Comunicaci\u00f3n ha participado en una charla-coloquio con Gustavo Entrala, fundador y CEO de la agencia 101, compa\u00f1\u00eda de marketing online. Gustavo fue quien convenci\u00f3 a la Santa Sede para que abriera una cuenta en Twitter para el Papa. Tambi\u00e9n dise\u00f1\u00f3 el portal News.va, que unifica toda la informaci\u00f3n de los medios vaticanos. El coloquio, [&hellip;]<\/p>\n","protected":false},"author":28,"featured_media":0,"comment_status":"open","ping_status":"open","sticky":false,"template":"","format":"standard","meta":{"footnotes":""},"categories":[1],"tags":[89,90,91,92,93,94,95,96,97,98,99],"class_list":["post-289","post","type-post","status-publish","format-standard","hentry","category-actualidad-proa","tag-pontifex","tag-consultoria-comunicacion-digital","tag-consultoria-comunicacion-online","tag-consultoria-estrategica-comunicacion-digital","tag-consultoria-estrategica-comunicacion-online","tag-estrategia-digital","tag-gestion-identidad-digital","tag-gustavo-entrala","tag-papa-francisco","tag-twitter","tag-vaticano"],"yoast_head":"<!-- This site is optimized with the Yoast SEO plugin v27.0 - https:\/\/yoast.com\/product\/yoast-seo-wordpress\/ -->\n<title>Del manuscrito al Twitter: la fant\u00e1stica historia de @Pontifex\u201d - Blog Comunicaci\u00f3n y Reputaci\u00f3n<\/title>\n<meta name=\"robots\" content=\"index, follow, max-snippet:-1, max-image-preview:large, max-video-preview:-1\" \/>\n<link rel=\"canonical\" href=\"https:\/\/proacomunicacion.es\/en\/gustavo-entrala\/\" \/>\n<meta property=\"og:locale\" content=\"en_GB\" \/>\n<meta property=\"og:type\" content=\"article\" \/>\n<meta property=\"og:title\" content=\"Del manuscrito al Twitter: la fant\u00e1stica historia de @Pontifex\u201d - Blog Comunicaci\u00f3n y Reputaci\u00f3n\" \/>\n<meta property=\"og:description\" content=\"Proa Comunicaci\u00f3n ha participado en una charla-coloquio con Gustavo Entrala, fundador y CEO de la agencia 101, compa\u00f1\u00eda de marketing online. Gustavo fue quien convenci\u00f3 a la Santa Sede para que abriera una cuenta en Twitter para el Papa. Tambi\u00e9n dise\u00f1\u00f3 el portal News.va, que unifica toda la informaci\u00f3n de los medios vaticanos. El coloquio, [&hellip;]\" \/>\n<meta property=\"og:url\" content=\"https:\/\/proacomunicacion.es\/en\/gustavo-entrala\/\" \/>\n<meta property=\"og:site_name\" content=\"PROA Comunicaci\u00f3n\" \/>\n<meta property=\"article:published_time\" content=\"2013-05-03T08:02:03+00:00\" \/>\n<meta property=\"og:image\" content=\"https:\/\/proacomunicacion.es\/wp-content\/uploads\/2025\/08\/Firefly_radio-de-barco-scaled.jpg\" \/>\n\t<meta property=\"og:image:width\" content=\"2560\" \/>\n\t<meta property=\"og:image:height\" content=\"1414\" \/>\n\t<meta property=\"og:image:type\" content=\"image\/jpeg\" \/>\n<meta name=\"author\" content=\"PROA Comunicaci\u00f3n\" \/>\n<meta name=\"twitter:card\" content=\"summary_large_image\" \/>\n<meta name=\"twitter:creator\" content=\"@proacomunica\" \/>\n<meta name=\"twitter:site\" content=\"@proacomunica\" \/>\n<meta name=\"twitter:label1\" content=\"Written by\" \/>\n\t<meta name=\"twitter:data1\" content=\"PROA Comunicaci\u00f3n\" \/>\n\t<meta name=\"twitter:label2\" content=\"Estimated reading time\" \/>\n\t<meta name=\"twitter:data2\" content=\"3 minutes\" \/>\n<script type=\"application\/ld+json\" class=\"yoast-schema-graph\">{\"@context\":\"https:\/\/schema.org\",\"@graph\":[{\"@type\":\"Article\",\"@id\":\"https:\/\/proacomunicacion.es\/gustavo-entrala\/#article\",\"isPartOf\":{\"@id\":\"https:\/\/proacomunicacion.es\/gustavo-entrala\/\"},\"author\":{\"name\":\"PROA Comunicaci\u00f3n\",\"@id\":\"https:\/\/proacomunicacion.es\/#\/schema\/person\/f80dc8938ea94e7f8aa1e8dc716d5a60\"},\"headline\":\"Del manuscrito al Twitter: la fant\u00e1stica historia de @Pontifex\u201d\",\"datePublished\":\"2013-05-03T08:02:03+00:00\",\"mainEntityOfPage\":{\"@id\":\"https:\/\/proacomunicacion.es\/gustavo-entrala\/\"},\"wordCount\":606,\"commentCount\":0,\"publisher\":{\"@id\":\"https:\/\/proacomunicacion.es\/#organization\"},\"keywords\":[\"@pontifex\",\"consultor\u00eda comunicaci\u00f3n digital\",\"consultor\u00eda comunicaci\u00f3n online\",\"consultor\u00eda estrat\u00e9gica comunicaci\u00f3n digital\",\"consultor\u00eda estrat\u00e9gica comunicaci\u00f3n online\",\"estrategia digital\",\"gesti\u00f3n identidad digital\",\"Gustavo Entrala\",\"Papa Francisco\",\"Twitter\",\"Vaticano\"],\"articleSection\":[\"Actualidad\"],\"inLanguage\":\"en-GB\",\"potentialAction\":[{\"@type\":\"CommentAction\",\"name\":\"Comment\",\"target\":[\"https:\/\/proacomunicacion.es\/gustavo-entrala\/#respond\"]}]},{\"@type\":\"WebPage\",\"@id\":\"https:\/\/proacomunicacion.es\/gustavo-entrala\/\",\"url\":\"https:\/\/proacomunicacion.es\/gustavo-entrala\/\",\"name\":\"Del manuscrito al Twitter: la fant\u00e1stica historia de @Pontifex\u201d - Blog Comunicaci\u00f3n y Reputaci\u00f3n\",\"isPartOf\":{\"@id\":\"https:\/\/proacomunicacion.es\/#website\"},\"datePublished\":\"2013-05-03T08:02:03+00:00\",\"breadcrumb\":{\"@id\":\"https:\/\/proacomunicacion.es\/gustavo-entrala\/#breadcrumb\"},\"inLanguage\":\"en-GB\",\"potentialAction\":[{\"@type\":\"ReadAction\",\"target\":[\"https:\/\/proacomunicacion.es\/gustavo-entrala\/\"]}]},{\"@type\":\"BreadcrumbList\",\"@id\":\"https:\/\/proacomunicacion.es\/gustavo-entrala\/#breadcrumb\",\"itemListElement\":[{\"@type\":\"ListItem\",\"position\":1,\"name\":\"Portada\",\"item\":\"https:\/\/proacomunicacion.es\/\"},{\"@type\":\"ListItem\",\"position\":2,\"name\":\"Del manuscrito al Twitter: la fant\u00e1stica historia de @Pontifex\u201d\"}]},{\"@type\":\"WebSite\",\"@id\":\"https:\/\/proacomunicacion.es\/#website\",\"url\":\"https:\/\/proacomunicacion.es\/\",\"name\":\"PROA Comunicaci\u00f3n\",\"description\":\"Agencia de Comunicaci\u00f3n Corporativa en Madrid, Barcelona y Galicia.\",\"publisher\":{\"@id\":\"https:\/\/proacomunicacion.es\/#organization\"},\"alternateName\":\"PROA Comunicaci\u00f3n\",\"potentialAction\":[{\"@type\":\"SearchAction\",\"target\":{\"@type\":\"EntryPoint\",\"urlTemplate\":\"https:\/\/proacomunicacion.es\/?s={search_term_string}\"},\"query-input\":{\"@type\":\"PropertyValueSpecification\",\"valueRequired\":true,\"valueName\":\"search_term_string\"}}],\"inLanguage\":\"en-GB\"},{\"@type\":\"Organization\",\"@id\":\"https:\/\/proacomunicacion.es\/#organization\",\"name\":\"PROA Comunicaci\u00f3n\",\"alternateName\":\"PROA Comunicaci\u00f3n\",\"url\":\"https:\/\/proacomunicacion.es\/\",\"logo\":{\"@type\":\"ImageObject\",\"inLanguage\":\"en-GB\",\"@id\":\"https:\/\/proacomunicacion.es\/#\/schema\/logo\/image\/\",\"url\":\"https:\/\/proacomunicacion.es\/wp-content\/uploads\/2024\/01\/Logo_Light.svg\",\"contentUrl\":\"https:\/\/proacomunicacion.es\/wp-content\/uploads\/2024\/01\/Logo_Light.svg\",\"width\":136,\"height\":33,\"caption\":\"PROA Comunicaci\u00f3n\"},\"image\":{\"@id\":\"https:\/\/proacomunicacion.es\/#\/schema\/logo\/image\/\"},\"sameAs\":[\"https:\/\/x.com\/proacomunica\",\"https:\/\/es.linkedin.com\/company\/proa-comunicacion_2\",\"https:\/\/www.instagram.com\/proacomunica\/\",\"https:\/\/www.youtube.com\/@proacomunicacion\",\"https:\/\/es.wikipedia.org\/wiki\/PROA_Comunicacin\"]},{\"@type\":\"Person\",\"@id\":\"https:\/\/proacomunicacion.es\/#\/schema\/person\/f80dc8938ea94e7f8aa1e8dc716d5a60\",\"name\":\"PROA Comunicaci\u00f3n\",\"image\":{\"@type\":\"ImageObject\",\"inLanguage\":\"en-GB\",\"@id\":\"https:\/\/proacomunicacion.es\/#\/schema\/person\/image\/\",\"url\":\"https:\/\/secure.gravatar.com\/avatar\/394c93c195ff19b00e79d66a42971657a01de9f2740b97148d0f14a1e1a359b7?s=96&r=g\",\"contentUrl\":\"https:\/\/secure.gravatar.com\/avatar\/394c93c195ff19b00e79d66a42971657a01de9f2740b97148d0f14a1e1a359b7?s=96&r=g\",\"caption\":\"PROA Comunicaci\u00f3n\"}}]}<\/script>\n<!-- \/ Yoast SEO plugin. -->","yoast_head_json":{"title":"From manuscript to Twitter: the fantastic story of @Pontifex\" - Blog Comunicaci\u00f3n y Reputaci\u00f3n","robots":{"index":"index","follow":"follow","max-snippet":"max-snippet:-1","max-image-preview":"max-image-preview:large","max-video-preview":"max-video-preview:-1"},"canonical":"https:\/\/proacomunicacion.es\/en\/gustavo-entrala\/","og_locale":"en_GB","og_type":"article","og_title":"Del manuscrito al Twitter: la fant\u00e1stica historia de @Pontifex\u201d - Blog Comunicaci\u00f3n y Reputaci\u00f3n","og_description":"Proa Comunicaci\u00f3n ha participado en una charla-coloquio con Gustavo Entrala, fundador y CEO de la agencia 101, compa\u00f1\u00eda de marketing online. Gustavo fue quien convenci\u00f3 a la Santa Sede para que abriera una cuenta en Twitter para el Papa. Tambi\u00e9n dise\u00f1\u00f3 el portal News.va, que unifica toda la informaci\u00f3n de los medios vaticanos. El coloquio, [&hellip;]","og_url":"https:\/\/proacomunicacion.es\/en\/gustavo-entrala\/","og_site_name":"PROA Comunicaci\u00f3n","article_published_time":"2013-05-03T08:02:03+00:00","og_image":[{"width":2560,"height":1414,"url":"https:\/\/proacomunicacion.es\/wp-content\/uploads\/2025\/08\/Firefly_radio-de-barco-scaled.jpg","type":"image\/jpeg"}],"author":"PROA Comunicaci\u00f3n","twitter_card":"summary_large_image","twitter_creator":"@proacomunica","twitter_site":"@proacomunica","twitter_misc":{"Written by":"PROA Comunicaci\u00f3n","Estimated reading time":"3 minutes"},"schema":{"@context":"https:\/\/schema.org","@graph":[{"@type":"Article","@id":"https:\/\/proacomunicacion.es\/gustavo-entrala\/#article","isPartOf":{"@id":"https:\/\/proacomunicacion.es\/gustavo-entrala\/"},"author":{"name":"PROA Comunicaci\u00f3n","@id":"https:\/\/proacomunicacion.es\/#\/schema\/person\/f80dc8938ea94e7f8aa1e8dc716d5a60"},"headline":"Del manuscrito al Twitter: la fant\u00e1stica historia de @Pontifex\u201d","datePublished":"2013-05-03T08:02:03+00:00","mainEntityOfPage":{"@id":"https:\/\/proacomunicacion.es\/gustavo-entrala\/"},"wordCount":606,"commentCount":0,"publisher":{"@id":"https:\/\/proacomunicacion.es\/#organization"},"keywords":["@pontifex","consultor\u00eda comunicaci\u00f3n digital","consultor\u00eda comunicaci\u00f3n online","consultor\u00eda estrat\u00e9gica comunicaci\u00f3n digital","consultor\u00eda estrat\u00e9gica comunicaci\u00f3n online","estrategia digital","gesti\u00f3n identidad digital","Gustavo Entrala","Papa Francisco","Twitter","Vaticano"],"articleSection":["Actualidad"],"inLanguage":"en-GB","potentialAction":[{"@type":"CommentAction","name":"Comment","target":["https:\/\/proacomunicacion.es\/gustavo-entrala\/#respond"]}]},{"@type":"WebPage","@id":"https:\/\/proacomunicacion.es\/gustavo-entrala\/","url":"https:\/\/proacomunicacion.es\/gustavo-entrala\/","name":"From manuscript to Twitter: the fantastic story of @Pontifex\" - Blog Comunicaci\u00f3n y Reputaci\u00f3n","isPartOf":{"@id":"https:\/\/proacomunicacion.es\/#website"},"datePublished":"2013-05-03T08:02:03+00:00","breadcrumb":{"@id":"https:\/\/proacomunicacion.es\/gustavo-entrala\/#breadcrumb"},"inLanguage":"en-GB","potentialAction":[{"@type":"ReadAction","target":["https:\/\/proacomunicacion.es\/gustavo-entrala\/"]}]},{"@type":"BreadcrumbList","@id":"https:\/\/proacomunicacion.es\/gustavo-entrala\/#breadcrumb","itemListElement":[{"@type":"ListItem","position":1,"name":"Portada","item":"https:\/\/proacomunicacion.es\/"},{"@type":"ListItem","position":2,"name":"Del manuscrito al Twitter: la fant\u00e1stica historia de @Pontifex\u201d"}]},{"@type":"WebSite","@id":"https:\/\/proacomunicacion.es\/#website","url":"https:\/\/proacomunicacion.es\/","name":"PROA Communication","description":"Corporate Communications Agency in Madrid, Barcelona and Galicia.","publisher":{"@id":"https:\/\/proacomunicacion.es\/#organization"},"alternateName":"PROA Comunicaci\u00f3n","potentialAction":[{"@type":"SearchAction","target":{"@type":"EntryPoint","urlTemplate":"https:\/\/proacomunicacion.es\/?s={search_term_string}"},"query-input":{"@type":"PropertyValueSpecification","valueRequired":true,"valueName":"search_term_string"}}],"inLanguage":"en-GB"},{"@type":"Organization","@id":"https:\/\/proacomunicacion.es\/#organization","name":"PROA Communication","alternateName":"PROA Comunicaci\u00f3n","url":"https:\/\/proacomunicacion.es\/","logo":{"@type":"ImageObject","inLanguage":"en-GB","@id":"https:\/\/proacomunicacion.es\/#\/schema\/logo\/image\/","url":"https:\/\/proacomunicacion.es\/wp-content\/uploads\/2024\/01\/Logo_Light.svg","contentUrl":"https:\/\/proacomunicacion.es\/wp-content\/uploads\/2024\/01\/Logo_Light.svg","width":136,"height":33,"caption":"PROA Comunicaci\u00f3n"},"image":{"@id":"https:\/\/proacomunicacion.es\/#\/schema\/logo\/image\/"},"sameAs":["https:\/\/x.com\/proacomunica","https:\/\/es.linkedin.com\/company\/proa-comunicacion_2","https:\/\/www.instagram.com\/proacomunica\/","https:\/\/www.youtube.com\/@proacomunicacion","https:\/\/es.wikipedia.org\/wiki\/PROA_Comunicacin"]},{"@type":"Person","@id":"https:\/\/proacomunicacion.es\/#\/schema\/person\/f80dc8938ea94e7f8aa1e8dc716d5a60","name":"PROA Communication","image":{"@type":"ImageObject","inLanguage":"en-GB","@id":"https:\/\/proacomunicacion.es\/#\/schema\/person\/image\/","url":"https:\/\/secure.gravatar.com\/avatar\/394c93c195ff19b00e79d66a42971657a01de9f2740b97148d0f14a1e1a359b7?s=96&r=g","contentUrl":"https:\/\/secure.gravatar.com\/avatar\/394c93c195ff19b00e79d66a42971657a01de9f2740b97148d0f14a1e1a359b7?s=96&r=g","caption":"PROA Comunicaci\u00f3n"}}]}},"_links":{"self":[{"href":"https:\/\/proacomunicacion.es\/en\/wp-json\/wp\/v2\/posts\/289","targetHints":{"allow":["GET"]}}],"collection":[{"href":"https:\/\/proacomunicacion.es\/en\/wp-json\/wp\/v2\/posts"}],"about":[{"href":"https:\/\/proacomunicacion.es\/en\/wp-json\/wp\/v2\/types\/post"}],"author":[{"embeddable":true,"href":"https:\/\/proacomunicacion.es\/en\/wp-json\/wp\/v2\/users\/28"}],"replies":[{"embeddable":true,"href":"https:\/\/proacomunicacion.es\/en\/wp-json\/wp\/v2\/comments?post=289"}],"version-history":[{"count":0,"href":"https:\/\/proacomunicacion.es\/en\/wp-json\/wp\/v2\/posts\/289\/revisions"}],"wp:attachment":[{"href":"https:\/\/proacomunicacion.es\/en\/wp-json\/wp\/v2\/media?parent=289"}],"wp:term":[{"taxonomy":"category","embeddable":true,"href":"https:\/\/proacomunicacion.es\/en\/wp-json\/wp\/v2\/categories?post=289"},{"taxonomy":"post_tag","embeddable":true,"href":"https:\/\/proacomunicacion.es\/en\/wp-json\/wp\/v2\/tags?post=289"}],"curies":[{"name":"wp","href":"https:\/\/api.w.org\/{rel}","templated":true}]}}