{"id":2969,"date":"2020-05-28T20:24:02","date_gmt":"2020-05-28T20:24:02","guid":{"rendered":"https:\/\/proacomunicacion.es?p=2969"},"modified":"2020-05-28T20:24:02","modified_gmt":"2020-05-28T20:24:02","slug":"professional-and-public-person-confidential","status":"publish","type":"post","link":"https:\/\/proacomunicacion.es\/en\/profesional-y-persona-publica-confidencial\/","title":{"rendered":"Professional and public person <span class=\"dash\">--<\/span> Confidential"},"content":{"rendered":"<h2 class=\"wp-block-heading\">HOW TO RESTORE A DAMAGED REPUTATION IN A COURT CASE<\/h2>\n\n\n\n<div class=\"casos-servicio\"><span class=\"casos-descripcion\">Service: <\/span>Communication of disputes<\/div>\n\n\n\n<div class=\"casos-sector\"><span class=\"casos-descripcion\">Sector: <\/span>Financial, Health<\/div>\n\n\n\n<div class=\"casos-responsables\"><span class=\"casos-descripcion\">Responsible <\/span> <a href=\"https:\/\/proacomunicacion.es\/en\/consultora-comunicacion-corporativa\/consultores-comunicacion-corporativa\/\">Lucia Casanueva, Valvanuz Serna, <\/a><a href=\"https:\/\/proacomunicacion.es\/en\/consultora-comunicacion-corporativa\/consultores-comunicacion-corporativa\/\"> Roc\u00edo Hidalgo, Fernando P\u00e9rez-Montero<\/a><\/div>\n\n\n\n<h3 class=\"wp-block-heading\">Challenge<\/h3>\n\n\n\n<h4 class=\"wp-block-heading\">In 2013, a case involving two people of recognised prestige - one with great economic and social power and influence, and the other anonymous but with great professional prestige - hit the media.<\/h4>\n\n\n\n<p>By the time the case reaches PROA, six years have passed in which the media have only reported one side's side of the story, and the reputation of the other side has been badly damaged. Our client asks us to help him get his side of the story out and restore his personal and professional reputation.<\/p>\n\n\n\n<p>Two priorities are set:<\/p>\n\n\n\n<ul class=\"wp-block-list\">\n<li>Drafting a reputation report establishing parameters to be measured and intangible elements that need to be analysed and assessed.<\/li>\n<li>Develop a communication strategy and action plan to restore the reputation of the damaged party and anticipate future damaging situations.<\/li>\n<\/ul>\n\n\n\n<h3 class=\"wp-block-heading\">Solution<\/h3>\n\n\n\n<p>A strategy was devised based on making our client's side of the story known, regaining the trust of stakeholders and generating credibility without, under any circumstances, entering into controversy or attacking the other party.<\/p>\n\n\n\n<ul class=\"wp-block-list\">\n<li>Generation of a triangle of trust and a joint lawyer-client-professional PROA litigation communication strategy.<\/li>\n<li>Personal contacts with court reporters from all media to make our client's side of the story known. Educational and confidence-building work.<\/li>\n<li>Meetings with opinion leaders or media directors.<\/li>\n<li>The litigation communication professional organises the rotations and who should participate in each meeting, as well as the topics to be covered in each meeting.<\/li>\n<\/ul>\n\n\n\n<p>&nbsp;<\/p>\n\n\n\n<h3 class=\"wp-block-heading\">Results<\/h3>\n\n\n\n<p>Within 48 hours, the first publication was published with objective and favourable elements for our client. In the following months, all the media published favourable objective milestones. In some cases, the same media outlet published articles with different journalists, reporting both versions. The results in the legal process were progressing positively. <strong>Our client did not lose any of its customers, and was able to restore its reputational image.<\/strong><\/p>","protected":false},"excerpt":{"rendered":"<div class=\"epigrafe\">Communication of disputes<\/div>\n<p>HOW TO RESTORE A DAMAGED REPUTATION IN A COURT CASE<\/p>","protected":false},"author":28,"featured_media":22436,"comment_status":"closed","ping_status":"closed","sticky":false,"template":"","format":"standard","meta":{"footnotes":""},"categories":[1],"tags":[42],"class_list":["post-2969","post","type-post","status-publish","format-standard","has-post-thumbnail","hentry","category-actualidad-proa","tag-comunicacion-de-crisis"],"yoast_head":"<!-- This site is optimized with the Yoast SEO plugin v27.0 - https:\/\/yoast.com\/product\/yoast-seo-wordpress\/ -->\n<title>Consultora Comunicaci\u00f3n Corporativa - Casos de \u00c9xito - Comunicaci\u00f3n Litigios Profesional y persona p\u00fablica<\/title>\n<meta name=\"description\" content=\"Casos de \u00e9xito de PROA Comunicaci\u00f3n, consultora de comunicaci\u00f3n corporativa. Gesti\u00f3n de campa\u00f1as de comunicaci\u00f3n de litigios Profesional y persona p\u00fablica\" \/>\n<meta name=\"robots\" content=\"index, follow, max-snippet:-1, max-image-preview:large, max-video-preview:-1\" \/>\n<link rel=\"canonical\" href=\"https:\/\/proacomunicacion.es\/en\/professional-and-public-person-confidential\/\" \/>\n<meta property=\"og:locale\" content=\"en_GB\" \/>\n<meta property=\"og:type\" content=\"article\" \/>\n<meta property=\"og:title\" content=\"Consultora Comunicaci\u00f3n Corporativa - Casos de \u00c9xito - Comunicaci\u00f3n Litigios Profesional y persona p\u00fablica\" \/>\n<meta property=\"og:description\" content=\"Casos de \u00e9xito de PROA Comunicaci\u00f3n, consultora de comunicaci\u00f3n corporativa. Gesti\u00f3n de campa\u00f1as de comunicaci\u00f3n de litigios Profesional y persona p\u00fablica\" \/>\n<meta property=\"og:url\" content=\"https:\/\/proacomunicacion.es\/en\/professional-and-public-person-confidential\/\" \/>\n<meta property=\"og:site_name\" content=\"PROA Comunicaci\u00f3n\" \/>\n<meta property=\"article:published_time\" content=\"2020-05-28T20:24:02+00:00\" \/>\n<meta property=\"og:image\" content=\"https:\/\/proacomunicacion.es\/wp-content\/uploads\/2025\/08\/Firefly_radio-de-barco-scaled.jpg\" \/>\n\t<meta property=\"og:image:width\" content=\"2560\" \/>\n\t<meta property=\"og:image:height\" content=\"1414\" \/>\n\t<meta property=\"og:image:type\" content=\"image\/jpeg\" \/>\n<meta name=\"author\" content=\"PROA Comunicaci\u00f3n\" \/>\n<meta name=\"twitter:card\" content=\"summary_large_image\" \/>\n<meta name=\"twitter:creator\" content=\"@proacomunica\" \/>\n<meta name=\"twitter:site\" content=\"@proacomunica\" \/>\n<meta name=\"twitter:label1\" content=\"Written by\" \/>\n\t<meta name=\"twitter:data1\" content=\"PROA Comunicaci\u00f3n\" \/>\n\t<meta name=\"twitter:label2\" content=\"Estimated reading time\" \/>\n\t<meta name=\"twitter:data2\" content=\"2 minutes\" \/>\n<script type=\"application\/ld+json\" class=\"yoast-schema-graph\">{\"@context\":\"https:\/\/schema.org\",\"@graph\":[{\"@type\":\"Article\",\"@id\":\"https:\/\/proacomunicacion.es\/profesional-y-persona-publica-confidencial\/#article\",\"isPartOf\":{\"@id\":\"https:\/\/proacomunicacion.es\/profesional-y-persona-publica-confidencial\/\"},\"author\":{\"name\":\"PROA Comunicaci\u00f3n\",\"@id\":\"https:\/\/proacomunicacion.es\/#\/schema\/person\/f80dc8938ea94e7f8aa1e8dc716d5a60\"},\"headline\":\"Profesional y persona p\u00fablica \u2014\u2014 Confidencial\",\"datePublished\":\"2020-05-28T20:24:02+00:00\",\"mainEntityOfPage\":{\"@id\":\"https:\/\/proacomunicacion.es\/profesional-y-persona-publica-confidencial\/\"},\"wordCount\":404,\"publisher\":{\"@id\":\"https:\/\/proacomunicacion.es\/#organization\"},\"image\":{\"@id\":\"https:\/\/proacomunicacion.es\/profesional-y-persona-publica-confidencial\/#primaryimage\"},\"thumbnailUrl\":\"\",\"keywords\":[\"Comunicaci\u00f3n de crisis\"],\"articleSection\":[\"Actualidad\"],\"inLanguage\":\"en-GB\"},{\"@type\":\"WebPage\",\"@id\":\"https:\/\/proacomunicacion.es\/profesional-y-persona-publica-confidencial\/\",\"url\":\"https:\/\/proacomunicacion.es\/profesional-y-persona-publica-confidencial\/\",\"name\":\"Consultora Comunicaci\u00f3n Corporativa - Casos de \u00c9xito - Comunicaci\u00f3n Litigios Profesional y persona p\u00fablica\",\"isPartOf\":{\"@id\":\"https:\/\/proacomunicacion.es\/#website\"},\"primaryImageOfPage\":{\"@id\":\"https:\/\/proacomunicacion.es\/profesional-y-persona-publica-confidencial\/#primaryimage\"},\"image\":{\"@id\":\"https:\/\/proacomunicacion.es\/profesional-y-persona-publica-confidencial\/#primaryimage\"},\"thumbnailUrl\":\"\",\"datePublished\":\"2020-05-28T20:24:02+00:00\",\"description\":\"Casos de \u00e9xito de PROA Comunicaci\u00f3n, consultora de comunicaci\u00f3n corporativa. Gesti\u00f3n de campa\u00f1as de comunicaci\u00f3n de litigios Profesional y persona p\u00fablica\",\"breadcrumb\":{\"@id\":\"https:\/\/proacomunicacion.es\/profesional-y-persona-publica-confidencial\/#breadcrumb\"},\"inLanguage\":\"en-GB\",\"potentialAction\":[{\"@type\":\"ReadAction\",\"target\":[\"https:\/\/proacomunicacion.es\/profesional-y-persona-publica-confidencial\/\"]}]},{\"@type\":\"ImageObject\",\"inLanguage\":\"en-GB\",\"@id\":\"https:\/\/proacomunicacion.es\/profesional-y-persona-publica-confidencial\/#primaryimage\",\"url\":\"\",\"contentUrl\":\"\"},{\"@type\":\"BreadcrumbList\",\"@id\":\"https:\/\/proacomunicacion.es\/profesional-y-persona-publica-confidencial\/#breadcrumb\",\"itemListElement\":[{\"@type\":\"ListItem\",\"position\":1,\"name\":\"Portada\",\"item\":\"https:\/\/proacomunicacion.es\/\"},{\"@type\":\"ListItem\",\"position\":2,\"name\":\"Profesional y persona p\u00fablica \u2014\u2014 Confidencial\"}]},{\"@type\":\"WebSite\",\"@id\":\"https:\/\/proacomunicacion.es\/#website\",\"url\":\"https:\/\/proacomunicacion.es\/\",\"name\":\"PROA Comunicaci\u00f3n\",\"description\":\"Agencia de Comunicaci\u00f3n Corporativa en Madrid, Barcelona y Galicia.\",\"publisher\":{\"@id\":\"https:\/\/proacomunicacion.es\/#organization\"},\"alternateName\":\"PROA Comunicaci\u00f3n\",\"potentialAction\":[{\"@type\":\"SearchAction\",\"target\":{\"@type\":\"EntryPoint\",\"urlTemplate\":\"https:\/\/proacomunicacion.es\/?s={search_term_string}\"},\"query-input\":{\"@type\":\"PropertyValueSpecification\",\"valueRequired\":true,\"valueName\":\"search_term_string\"}}],\"inLanguage\":\"en-GB\"},{\"@type\":\"Organization\",\"@id\":\"https:\/\/proacomunicacion.es\/#organization\",\"name\":\"PROA Comunicaci\u00f3n\",\"alternateName\":\"PROA Comunicaci\u00f3n\",\"url\":\"https:\/\/proacomunicacion.es\/\",\"logo\":{\"@type\":\"ImageObject\",\"inLanguage\":\"en-GB\",\"@id\":\"https:\/\/proacomunicacion.es\/#\/schema\/logo\/image\/\",\"url\":\"https:\/\/proacomunicacion.es\/wp-content\/uploads\/2024\/01\/Logo_Light.svg\",\"contentUrl\":\"https:\/\/proacomunicacion.es\/wp-content\/uploads\/2024\/01\/Logo_Light.svg\",\"width\":136,\"height\":33,\"caption\":\"PROA Comunicaci\u00f3n\"},\"image\":{\"@id\":\"https:\/\/proacomunicacion.es\/#\/schema\/logo\/image\/\"},\"sameAs\":[\"https:\/\/x.com\/proacomunica\",\"https:\/\/es.linkedin.com\/company\/proa-comunicacion_2\",\"https:\/\/www.instagram.com\/proacomunica\/\",\"https:\/\/www.youtube.com\/@proacomunicacion\",\"https:\/\/es.wikipedia.org\/wiki\/PROA_Comunicacin\"]},{\"@type\":\"Person\",\"@id\":\"https:\/\/proacomunicacion.es\/#\/schema\/person\/f80dc8938ea94e7f8aa1e8dc716d5a60\",\"name\":\"PROA Comunicaci\u00f3n\",\"image\":{\"@type\":\"ImageObject\",\"inLanguage\":\"en-GB\",\"@id\":\"https:\/\/proacomunicacion.es\/#\/schema\/person\/image\/\",\"url\":\"https:\/\/secure.gravatar.com\/avatar\/394c93c195ff19b00e79d66a42971657a01de9f2740b97148d0f14a1e1a359b7?s=96&r=g\",\"contentUrl\":\"https:\/\/secure.gravatar.com\/avatar\/394c93c195ff19b00e79d66a42971657a01de9f2740b97148d0f14a1e1a359b7?s=96&r=g\",\"caption\":\"PROA Comunicaci\u00f3n\"}}]}<\/script>\n<!-- \/ Yoast SEO plugin. -->","yoast_head_json":{"title":"Consultora Comunicaci\u00f3n Corporativa - Case Studies - Communication Litigation Professional and public persona","description":"Success stories of PROA Comunicaci\u00f3n, corporate communications consultancy. Management of litigation communication campaigns. Professional and public person.","robots":{"index":"index","follow":"follow","max-snippet":"max-snippet:-1","max-image-preview":"max-image-preview:large","max-video-preview":"max-video-preview:-1"},"canonical":"https:\/\/proacomunicacion.es\/en\/professional-and-public-person-confidential\/","og_locale":"en_GB","og_type":"article","og_title":"Consultora Comunicaci\u00f3n Corporativa - Casos de \u00c9xito - Comunicaci\u00f3n Litigios Profesional y persona p\u00fablica","og_description":"Casos de \u00e9xito de PROA Comunicaci\u00f3n, consultora de comunicaci\u00f3n corporativa. Gesti\u00f3n de campa\u00f1as de comunicaci\u00f3n de litigios Profesional y persona p\u00fablica","og_url":"https:\/\/proacomunicacion.es\/en\/professional-and-public-person-confidential\/","og_site_name":"PROA Comunicaci\u00f3n","article_published_time":"2020-05-28T20:24:02+00:00","og_image":[{"width":2560,"height":1414,"url":"https:\/\/proacomunicacion.es\/wp-content\/uploads\/2025\/08\/Firefly_radio-de-barco-scaled.jpg","type":"image\/jpeg"}],"author":"PROA Comunicaci\u00f3n","twitter_card":"summary_large_image","twitter_creator":"@proacomunica","twitter_site":"@proacomunica","twitter_misc":{"Written by":"PROA Comunicaci\u00f3n","Estimated reading time":"2 minutes"},"schema":{"@context":"https:\/\/schema.org","@graph":[{"@type":"Article","@id":"https:\/\/proacomunicacion.es\/profesional-y-persona-publica-confidencial\/#article","isPartOf":{"@id":"https:\/\/proacomunicacion.es\/profesional-y-persona-publica-confidencial\/"},"author":{"name":"PROA Comunicaci\u00f3n","@id":"https:\/\/proacomunicacion.es\/#\/schema\/person\/f80dc8938ea94e7f8aa1e8dc716d5a60"},"headline":"Profesional y persona p\u00fablica \u2014\u2014 Confidencial","datePublished":"2020-05-28T20:24:02+00:00","mainEntityOfPage":{"@id":"https:\/\/proacomunicacion.es\/profesional-y-persona-publica-confidencial\/"},"wordCount":404,"publisher":{"@id":"https:\/\/proacomunicacion.es\/#organization"},"image":{"@id":"https:\/\/proacomunicacion.es\/profesional-y-persona-publica-confidencial\/#primaryimage"},"thumbnailUrl":"","keywords":["Comunicaci\u00f3n de crisis"],"articleSection":["Actualidad"],"inLanguage":"en-GB"},{"@type":"WebPage","@id":"https:\/\/proacomunicacion.es\/profesional-y-persona-publica-confidencial\/","url":"https:\/\/proacomunicacion.es\/profesional-y-persona-publica-confidencial\/","name":"Consultora Comunicaci\u00f3n Corporativa - Case Studies - Communication Litigation Professional and public persona","isPartOf":{"@id":"https:\/\/proacomunicacion.es\/#website"},"primaryImageOfPage":{"@id":"https:\/\/proacomunicacion.es\/profesional-y-persona-publica-confidencial\/#primaryimage"},"image":{"@id":"https:\/\/proacomunicacion.es\/profesional-y-persona-publica-confidencial\/#primaryimage"},"thumbnailUrl":"","datePublished":"2020-05-28T20:24:02+00:00","description":"Success stories of PROA Comunicaci\u00f3n, corporate communications consultancy. Management of litigation communication campaigns. Professional and public person.","breadcrumb":{"@id":"https:\/\/proacomunicacion.es\/profesional-y-persona-publica-confidencial\/#breadcrumb"},"inLanguage":"en-GB","potentialAction":[{"@type":"ReadAction","target":["https:\/\/proacomunicacion.es\/profesional-y-persona-publica-confidencial\/"]}]},{"@type":"ImageObject","inLanguage":"en-GB","@id":"https:\/\/proacomunicacion.es\/profesional-y-persona-publica-confidencial\/#primaryimage","url":"","contentUrl":""},{"@type":"BreadcrumbList","@id":"https:\/\/proacomunicacion.es\/profesional-y-persona-publica-confidencial\/#breadcrumb","itemListElement":[{"@type":"ListItem","position":1,"name":"Portada","item":"https:\/\/proacomunicacion.es\/"},{"@type":"ListItem","position":2,"name":"Profesional y persona p\u00fablica \u2014\u2014 Confidencial"}]},{"@type":"WebSite","@id":"https:\/\/proacomunicacion.es\/#website","url":"https:\/\/proacomunicacion.es\/","name":"PROA Communication","description":"Corporate Communications Agency in Madrid, Barcelona and Galicia.","publisher":{"@id":"https:\/\/proacomunicacion.es\/#organization"},"alternateName":"PROA Comunicaci\u00f3n","potentialAction":[{"@type":"SearchAction","target":{"@type":"EntryPoint","urlTemplate":"https:\/\/proacomunicacion.es\/?s={search_term_string}"},"query-input":{"@type":"PropertyValueSpecification","valueRequired":true,"valueName":"search_term_string"}}],"inLanguage":"en-GB"},{"@type":"Organization","@id":"https:\/\/proacomunicacion.es\/#organization","name":"PROA Communication","alternateName":"PROA Comunicaci\u00f3n","url":"https:\/\/proacomunicacion.es\/","logo":{"@type":"ImageObject","inLanguage":"en-GB","@id":"https:\/\/proacomunicacion.es\/#\/schema\/logo\/image\/","url":"https:\/\/proacomunicacion.es\/wp-content\/uploads\/2024\/01\/Logo_Light.svg","contentUrl":"https:\/\/proacomunicacion.es\/wp-content\/uploads\/2024\/01\/Logo_Light.svg","width":136,"height":33,"caption":"PROA Comunicaci\u00f3n"},"image":{"@id":"https:\/\/proacomunicacion.es\/#\/schema\/logo\/image\/"},"sameAs":["https:\/\/x.com\/proacomunica","https:\/\/es.linkedin.com\/company\/proa-comunicacion_2","https:\/\/www.instagram.com\/proacomunica\/","https:\/\/www.youtube.com\/@proacomunicacion","https:\/\/es.wikipedia.org\/wiki\/PROA_Comunicacin"]},{"@type":"Person","@id":"https:\/\/proacomunicacion.es\/#\/schema\/person\/f80dc8938ea94e7f8aa1e8dc716d5a60","name":"PROA Communication","image":{"@type":"ImageObject","inLanguage":"en-GB","@id":"https:\/\/proacomunicacion.es\/#\/schema\/person\/image\/","url":"https:\/\/secure.gravatar.com\/avatar\/394c93c195ff19b00e79d66a42971657a01de9f2740b97148d0f14a1e1a359b7?s=96&r=g","contentUrl":"https:\/\/secure.gravatar.com\/avatar\/394c93c195ff19b00e79d66a42971657a01de9f2740b97148d0f14a1e1a359b7?s=96&r=g","caption":"PROA Comunicaci\u00f3n"}}]}},"_links":{"self":[{"href":"https:\/\/proacomunicacion.es\/en\/wp-json\/wp\/v2\/posts\/2969","targetHints":{"allow":["GET"]}}],"collection":[{"href":"https:\/\/proacomunicacion.es\/en\/wp-json\/wp\/v2\/posts"}],"about":[{"href":"https:\/\/proacomunicacion.es\/en\/wp-json\/wp\/v2\/types\/post"}],"author":[{"embeddable":true,"href":"https:\/\/proacomunicacion.es\/en\/wp-json\/wp\/v2\/users\/28"}],"replies":[{"embeddable":true,"href":"https:\/\/proacomunicacion.es\/en\/wp-json\/wp\/v2\/comments?post=2969"}],"version-history":[{"count":0,"href":"https:\/\/proacomunicacion.es\/en\/wp-json\/wp\/v2\/posts\/2969\/revisions"}],"wp:featuredmedia":[{"embeddable":true,"href":"https:\/\/proacomunicacion.es\/en\/wp-json\/"}],"wp:attachment":[{"href":"https:\/\/proacomunicacion.es\/en\/wp-json\/wp\/v2\/media?parent=2969"}],"wp:term":[{"taxonomy":"category","embeddable":true,"href":"https:\/\/proacomunicacion.es\/en\/wp-json\/wp\/v2\/categories?post=2969"},{"taxonomy":"post_tag","embeddable":true,"href":"https:\/\/proacomunicacion.es\/en\/wp-json\/wp\/v2\/tags?post=2969"}],"curies":[{"name":"wp","href":"https:\/\/api.w.org\/{rel}","templated":true}]}}