{"id":29857,"date":"2023-02-13T16:52:43","date_gmt":"2023-02-13T15:52:43","guid":{"rendered":"https:\/\/proacomunicacion.es\/?p=29857"},"modified":"2023-02-13T16:52:43","modified_gmt":"2023-02-13T15:52:43","slug":"new-film-renewable-energies","status":"publish","type":"post","link":"https:\/\/proacomunicacion.es\/en\/nueva-pelicula-energias-renovables\/","title":{"rendered":"Alberto Mendoza <span class=\"dash\">--<\/span> The new renewable energy film"},"content":{"rendered":"<p>The discourses present in cultural products allow us to identify trends circulating in society and warn of changes in perspectives on different public issues. In the case of renewable energies, it is interesting to observe the role they play in recent successful series and films, and how the companies that develop them are characterised.<\/p>\n<p>One of the latest Nordic series of note, the Danish Bedrag (The Money Route), features a large renewable energy company, Energreen, at the centre of a plot of corruption, greed and crime. In Spanish productions, the theme is increasingly prevalent, as the award-winning films Alcarr\u00e0s and As Bestas demonstrate.<\/p>\n<p>In Alcarr\u00e0s, it is the photovoltaic panels that interrupt the more or less peaceful agricultural life of a family dedicated to the fruits of the earth. In this place on the border between Catalonia and Aragon, the sun's energy has until now been converted into peaches, but a new business intends to transform it into electricity without the farmers' approval.<\/p>\n<p>In As Bestas, the big winner at the Goya Awards, it is the wind turbines of a Norwegian company that break into the idyllic landscape of a Galician village. Once again, it is a married couple who cultivate an organic vegetable garden and dream of the return of the population to their old rural homes who are confronted with the change of model. <a href=\"https:\/\/www.premiosgoya.com\/37-edicion\/articulos\/ver\/el-director-rodrigo-sorogoyen-se-alza-con-el-goya-a-mejor-direccion\/\">The director, Rodrigo Sorogoyen<\/a>The wind energy industry,\" he said, launched a clear slogan when collecting one of the awards: \"Wind energy yes, but not like this\".<\/p>\n<p>This conception of green energies as enemies of rural, natural, empty or emptied Spain, as accomplices of an erroneous economic model, is relatively new in artistic discourse. Especially because this negative vision is no longer held by staunch defenders of hydrocarbons, but by profiles close to a certain vision of the ecological, the organic and the rustic. It has now been incorporated into the activism of cultural creators.<\/p>\n<p>It is important to analyse these trends, because green energy communication must be able to deal with new social concerns. The positive inertia that sustainable sources originally enjoyed is no longer sufficient, but a complex scenario with many more nuances is emerging.<\/p>\n<p>Climate issues are very much on the agenda, as are energy issues, accentuated in everyone's pocket by the Russian invasion of Ukraine. The ecological transition is strongly linked to both the EU's line of action and the funds of the Recovery, Transformation and Resilience Plan. And while the role of non-renewable sources in the energy mix is still under discussion, no one is seriously considering reversing the development of sustainable energy sources.<\/p>\n<p>Recently, the report <a href=\"https:\/\/ember-climate.org\/insights\/research\/european-electricity-review-2023\/\">\"European Electricity Review, from the <em>think tank<\/em> Ember<\/a>revealed that in 2022, wind and solar power will generate one-fifth of the EU's electricity (22%), overtaking fossil gas (20%) for the first time. Moreover, renewables have little in common with the technology that existed decades ago, when they were still a fading promise.<\/p>\n<p>Issues such as technological advances, digitisation, the use of the Internet and the <em>blockchain<\/em> or the development of new fields such as storage, which is becoming increasingly vital. Batteries, increasingly advanced and powerful, make it possible to accumulate green energy and use it at times of peak demand or when required by the grid. The sector is evolving, and so must its communication.<\/p>\n<p>The shaping of the discourse on renewables will continue to be contested from different perspectives, receiving diverse statements from governments, companies, academic and research centres, non-governmental organisations and the new climate activists. For all these reasons, it is more important than ever to have a leading role in this new film. With its own articulate voice, the product of a well-designed communication strategy that can effectively convey the purpose and actions of a renewable energy company.<\/p>\n<p>Strategic communication must accompany innovation and the updating of the image of this industry, taken very seriously by companies, but also by public administrations and organisations linked to sustainability. The new script of the film is being written.<\/p>\n<p>*<em><a href=\"https:\/\/proacomunicacion.es\/en\/consultores-comunicacion-corporativa\/alberto-mendoza\/\">Alberto Mendoza<\/a> is an account manager at PROA.<\/em><\/p>","protected":false},"excerpt":{"rendered":"<p>Los discursos presentes en los productos culturales permiten identificar tendencias que circulan en la sociedad y advierten de cambios en las perspectivas sobre diferentes asuntos p\u00fablicos. En el caso de las energ\u00edas renovables, es interesante observar el papel que representan en recientes series y pel\u00edculas de \u00e9xito, y c\u00f3mo se caracteriza a las empresas que [&hellip;]<\/p>\n","protected":false},"author":28,"featured_media":29858,"comment_status":"closed","ping_status":"closed","sticky":false,"template":"","format":"standard","meta":{"footnotes":""},"categories":[176],"tags":[770,2226,2227,2228,162,1259],"class_list":["post-29857","post","type-post","status-publish","format-standard","has-post-thumbnail","hentry","category-blog","tag-cine","tag-energia-verde","tag-energias-renovables","tag-goya","tag-reputacion-es","tag-sostenibilidad"],"yoast_head":"<!-- This site is optimized with the Yoast SEO plugin v27.0 - https:\/\/yoast.com\/product\/yoast-seo-wordpress\/ -->\n<title>La nueva pel\u00edcula de las energ\u00edas renovables<\/title>\n<meta name=\"description\" content=\"Es interesante observar el papel que representan las energ\u00edas renovables en series y pel\u00edculas premiadas y de \u00e9xito.\" \/>\n<meta name=\"robots\" content=\"index, follow, max-snippet:-1, max-image-preview:large, max-video-preview:-1\" \/>\n<link rel=\"canonical\" href=\"https:\/\/proacomunicacion.es\/en\/new-film-renewable-energies\/\" \/>\n<meta property=\"og:locale\" content=\"en_GB\" \/>\n<meta property=\"og:type\" content=\"article\" \/>\n<meta property=\"og:title\" content=\"La nueva pel\u00edcula de las energ\u00edas renovables\" \/>\n<meta property=\"og:description\" content=\"Es interesante observar el papel que representan las energ\u00edas renovables en series y pel\u00edculas premiadas y de \u00e9xito.\" \/>\n<meta property=\"og:url\" content=\"https:\/\/proacomunicacion.es\/en\/new-film-renewable-energies\/\" \/>\n<meta property=\"og:site_name\" content=\"PROA Comunicaci\u00f3n\" \/>\n<meta property=\"article:published_time\" content=\"2023-02-13T15:52:43+00:00\" \/>\n<meta property=\"og:image\" content=\"https:\/\/proacomunicacion.es\/wp-content\/uploads\/2025\/08\/Firefly_radio-de-barco-scaled.jpg\" \/>\n\t<meta property=\"og:image:width\" content=\"2560\" \/>\n\t<meta property=\"og:image:height\" content=\"1414\" \/>\n\t<meta property=\"og:image:type\" content=\"image\/jpeg\" \/>\n<meta name=\"author\" content=\"PROA Comunicaci\u00f3n\" \/>\n<meta name=\"twitter:card\" content=\"summary_large_image\" \/>\n<meta name=\"twitter:creator\" content=\"@proacomunica\" \/>\n<meta name=\"twitter:site\" content=\"@proacomunica\" \/>\n<meta name=\"twitter:label1\" content=\"Written by\" \/>\n\t<meta name=\"twitter:data1\" content=\"PROA Comunicaci\u00f3n\" \/>\n\t<meta name=\"twitter:label2\" content=\"Estimated reading time\" \/>\n\t<meta name=\"twitter:data2\" content=\"4 minutes\" \/>\n<script type=\"application\/ld+json\" class=\"yoast-schema-graph\">{\"@context\":\"https:\/\/schema.org\",\"@graph\":[{\"@type\":\"Article\",\"@id\":\"https:\/\/proacomunicacion.es\/nueva-pelicula-energias-renovables\/#article\",\"isPartOf\":{\"@id\":\"https:\/\/proacomunicacion.es\/nueva-pelicula-energias-renovables\/\"},\"author\":{\"name\":\"PROA Comunicaci\u00f3n\",\"@id\":\"https:\/\/proacomunicacion.es\/#\/schema\/person\/f80dc8938ea94e7f8aa1e8dc716d5a60\"},\"headline\":\"Alberto Mendoza \u2014\u2014 La nueva pel\u00edcula de las energ\u00edas renovables\",\"datePublished\":\"2023-02-13T15:52:43+00:00\",\"mainEntityOfPage\":{\"@id\":\"https:\/\/proacomunicacion.es\/nueva-pelicula-energias-renovables\/\"},\"wordCount\":812,\"publisher\":{\"@id\":\"https:\/\/proacomunicacion.es\/#organization\"},\"image\":{\"@id\":\"https:\/\/proacomunicacion.es\/nueva-pelicula-energias-renovables\/#primaryimage\"},\"thumbnailUrl\":\"\",\"keywords\":[\"cine\",\"energ\u00eda verde\",\"Energ\u00edas renovables\",\"Goya\",\"reputacion\",\"sostenibilidad\"],\"articleSection\":[\"Blog\"],\"inLanguage\":\"en-GB\"},{\"@type\":\"WebPage\",\"@id\":\"https:\/\/proacomunicacion.es\/nueva-pelicula-energias-renovables\/\",\"url\":\"https:\/\/proacomunicacion.es\/nueva-pelicula-energias-renovables\/\",\"name\":\"La nueva pel\u00edcula de las energ\u00edas renovables\",\"isPartOf\":{\"@id\":\"https:\/\/proacomunicacion.es\/#website\"},\"primaryImageOfPage\":{\"@id\":\"https:\/\/proacomunicacion.es\/nueva-pelicula-energias-renovables\/#primaryimage\"},\"image\":{\"@id\":\"https:\/\/proacomunicacion.es\/nueva-pelicula-energias-renovables\/#primaryimage\"},\"thumbnailUrl\":\"\",\"datePublished\":\"2023-02-13T15:52:43+00:00\",\"description\":\"Es interesante observar el papel que representan las energ\u00edas renovables en series y pel\u00edculas premiadas y de \u00e9xito.\",\"breadcrumb\":{\"@id\":\"https:\/\/proacomunicacion.es\/nueva-pelicula-energias-renovables\/#breadcrumb\"},\"inLanguage\":\"en-GB\",\"potentialAction\":[{\"@type\":\"ReadAction\",\"target\":[\"https:\/\/proacomunicacion.es\/nueva-pelicula-energias-renovables\/\"]}]},{\"@type\":\"ImageObject\",\"inLanguage\":\"en-GB\",\"@id\":\"https:\/\/proacomunicacion.es\/nueva-pelicula-energias-renovables\/#primaryimage\",\"url\":\"\",\"contentUrl\":\"\"},{\"@type\":\"BreadcrumbList\",\"@id\":\"https:\/\/proacomunicacion.es\/nueva-pelicula-energias-renovables\/#breadcrumb\",\"itemListElement\":[{\"@type\":\"ListItem\",\"position\":1,\"name\":\"Portada\",\"item\":\"https:\/\/proacomunicacion.es\/\"},{\"@type\":\"ListItem\",\"position\":2,\"name\":\"Alberto Mendoza \u2014\u2014 La nueva pel\u00edcula de las energ\u00edas renovables\"}]},{\"@type\":\"WebSite\",\"@id\":\"https:\/\/proacomunicacion.es\/#website\",\"url\":\"https:\/\/proacomunicacion.es\/\",\"name\":\"PROA Comunicaci\u00f3n\",\"description\":\"Agencia de Comunicaci\u00f3n Corporativa en Madrid, Barcelona y Galicia.\",\"publisher\":{\"@id\":\"https:\/\/proacomunicacion.es\/#organization\"},\"alternateName\":\"PROA Comunicaci\u00f3n\",\"potentialAction\":[{\"@type\":\"SearchAction\",\"target\":{\"@type\":\"EntryPoint\",\"urlTemplate\":\"https:\/\/proacomunicacion.es\/?s={search_term_string}\"},\"query-input\":{\"@type\":\"PropertyValueSpecification\",\"valueRequired\":true,\"valueName\":\"search_term_string\"}}],\"inLanguage\":\"en-GB\"},{\"@type\":\"Organization\",\"@id\":\"https:\/\/proacomunicacion.es\/#organization\",\"name\":\"PROA Comunicaci\u00f3n\",\"alternateName\":\"PROA Comunicaci\u00f3n\",\"url\":\"https:\/\/proacomunicacion.es\/\",\"logo\":{\"@type\":\"ImageObject\",\"inLanguage\":\"en-GB\",\"@id\":\"https:\/\/proacomunicacion.es\/#\/schema\/logo\/image\/\",\"url\":\"https:\/\/proacomunicacion.es\/wp-content\/uploads\/2024\/01\/Logo_Light.svg\",\"contentUrl\":\"https:\/\/proacomunicacion.es\/wp-content\/uploads\/2024\/01\/Logo_Light.svg\",\"width\":136,\"height\":33,\"caption\":\"PROA Comunicaci\u00f3n\"},\"image\":{\"@id\":\"https:\/\/proacomunicacion.es\/#\/schema\/logo\/image\/\"},\"sameAs\":[\"https:\/\/x.com\/proacomunica\",\"https:\/\/es.linkedin.com\/company\/proa-comunicacion_2\",\"https:\/\/www.instagram.com\/proacomunica\/\",\"https:\/\/www.youtube.com\/@proacomunicacion\",\"https:\/\/es.wikipedia.org\/wiki\/PROA_Comunicacin\"]},{\"@type\":\"Person\",\"@id\":\"https:\/\/proacomunicacion.es\/#\/schema\/person\/f80dc8938ea94e7f8aa1e8dc716d5a60\",\"name\":\"PROA Comunicaci\u00f3n\",\"image\":{\"@type\":\"ImageObject\",\"inLanguage\":\"en-GB\",\"@id\":\"https:\/\/proacomunicacion.es\/#\/schema\/person\/image\/\",\"url\":\"https:\/\/secure.gravatar.com\/avatar\/394c93c195ff19b00e79d66a42971657a01de9f2740b97148d0f14a1e1a359b7?s=96&r=g\",\"contentUrl\":\"https:\/\/secure.gravatar.com\/avatar\/394c93c195ff19b00e79d66a42971657a01de9f2740b97148d0f14a1e1a359b7?s=96&r=g\",\"caption\":\"PROA Comunicaci\u00f3n\"}}]}<\/script>\n<!-- \/ Yoast SEO plugin. -->","yoast_head_json":{"title":"The new renewable energy film","description":"It is interesting to note the role of renewable energies in award-winning and successful series and films.","robots":{"index":"index","follow":"follow","max-snippet":"max-snippet:-1","max-image-preview":"max-image-preview:large","max-video-preview":"max-video-preview:-1"},"canonical":"https:\/\/proacomunicacion.es\/en\/new-film-renewable-energies\/","og_locale":"en_GB","og_type":"article","og_title":"La nueva pel\u00edcula de las energ\u00edas renovables","og_description":"Es interesante observar el papel que representan las energ\u00edas renovables en series y pel\u00edculas premiadas y de \u00e9xito.","og_url":"https:\/\/proacomunicacion.es\/en\/new-film-renewable-energies\/","og_site_name":"PROA Comunicaci\u00f3n","article_published_time":"2023-02-13T15:52:43+00:00","og_image":[{"width":2560,"height":1414,"url":"https:\/\/proacomunicacion.es\/wp-content\/uploads\/2025\/08\/Firefly_radio-de-barco-scaled.jpg","type":"image\/jpeg"}],"author":"PROA Comunicaci\u00f3n","twitter_card":"summary_large_image","twitter_creator":"@proacomunica","twitter_site":"@proacomunica","twitter_misc":{"Written by":"PROA Comunicaci\u00f3n","Estimated reading time":"4 minutes"},"schema":{"@context":"https:\/\/schema.org","@graph":[{"@type":"Article","@id":"https:\/\/proacomunicacion.es\/nueva-pelicula-energias-renovables\/#article","isPartOf":{"@id":"https:\/\/proacomunicacion.es\/nueva-pelicula-energias-renovables\/"},"author":{"name":"PROA Comunicaci\u00f3n","@id":"https:\/\/proacomunicacion.es\/#\/schema\/person\/f80dc8938ea94e7f8aa1e8dc716d5a60"},"headline":"Alberto Mendoza \u2014\u2014 La nueva pel\u00edcula de las energ\u00edas renovables","datePublished":"2023-02-13T15:52:43+00:00","mainEntityOfPage":{"@id":"https:\/\/proacomunicacion.es\/nueva-pelicula-energias-renovables\/"},"wordCount":812,"publisher":{"@id":"https:\/\/proacomunicacion.es\/#organization"},"image":{"@id":"https:\/\/proacomunicacion.es\/nueva-pelicula-energias-renovables\/#primaryimage"},"thumbnailUrl":"","keywords":["cine","energ\u00eda verde","Energ\u00edas renovables","Goya","reputacion","sostenibilidad"],"articleSection":["Blog"],"inLanguage":"en-GB"},{"@type":"WebPage","@id":"https:\/\/proacomunicacion.es\/nueva-pelicula-energias-renovables\/","url":"https:\/\/proacomunicacion.es\/nueva-pelicula-energias-renovables\/","name":"The new renewable energy film","isPartOf":{"@id":"https:\/\/proacomunicacion.es\/#website"},"primaryImageOfPage":{"@id":"https:\/\/proacomunicacion.es\/nueva-pelicula-energias-renovables\/#primaryimage"},"image":{"@id":"https:\/\/proacomunicacion.es\/nueva-pelicula-energias-renovables\/#primaryimage"},"thumbnailUrl":"","datePublished":"2023-02-13T15:52:43+00:00","description":"It is interesting to note the role of renewable energies in award-winning and successful series and films.","breadcrumb":{"@id":"https:\/\/proacomunicacion.es\/nueva-pelicula-energias-renovables\/#breadcrumb"},"inLanguage":"en-GB","potentialAction":[{"@type":"ReadAction","target":["https:\/\/proacomunicacion.es\/nueva-pelicula-energias-renovables\/"]}]},{"@type":"ImageObject","inLanguage":"en-GB","@id":"https:\/\/proacomunicacion.es\/nueva-pelicula-energias-renovables\/#primaryimage","url":"","contentUrl":""},{"@type":"BreadcrumbList","@id":"https:\/\/proacomunicacion.es\/nueva-pelicula-energias-renovables\/#breadcrumb","itemListElement":[{"@type":"ListItem","position":1,"name":"Portada","item":"https:\/\/proacomunicacion.es\/"},{"@type":"ListItem","position":2,"name":"Alberto Mendoza \u2014\u2014 La nueva pel\u00edcula de las energ\u00edas renovables"}]},{"@type":"WebSite","@id":"https:\/\/proacomunicacion.es\/#website","url":"https:\/\/proacomunicacion.es\/","name":"PROA Communication","description":"Corporate Communications Agency in Madrid, Barcelona and Galicia.","publisher":{"@id":"https:\/\/proacomunicacion.es\/#organization"},"alternateName":"PROA Comunicaci\u00f3n","potentialAction":[{"@type":"SearchAction","target":{"@type":"EntryPoint","urlTemplate":"https:\/\/proacomunicacion.es\/?s={search_term_string}"},"query-input":{"@type":"PropertyValueSpecification","valueRequired":true,"valueName":"search_term_string"}}],"inLanguage":"en-GB"},{"@type":"Organization","@id":"https:\/\/proacomunicacion.es\/#organization","name":"PROA Communication","alternateName":"PROA Comunicaci\u00f3n","url":"https:\/\/proacomunicacion.es\/","logo":{"@type":"ImageObject","inLanguage":"en-GB","@id":"https:\/\/proacomunicacion.es\/#\/schema\/logo\/image\/","url":"https:\/\/proacomunicacion.es\/wp-content\/uploads\/2024\/01\/Logo_Light.svg","contentUrl":"https:\/\/proacomunicacion.es\/wp-content\/uploads\/2024\/01\/Logo_Light.svg","width":136,"height":33,"caption":"PROA Comunicaci\u00f3n"},"image":{"@id":"https:\/\/proacomunicacion.es\/#\/schema\/logo\/image\/"},"sameAs":["https:\/\/x.com\/proacomunica","https:\/\/es.linkedin.com\/company\/proa-comunicacion_2","https:\/\/www.instagram.com\/proacomunica\/","https:\/\/www.youtube.com\/@proacomunicacion","https:\/\/es.wikipedia.org\/wiki\/PROA_Comunicacin"]},{"@type":"Person","@id":"https:\/\/proacomunicacion.es\/#\/schema\/person\/f80dc8938ea94e7f8aa1e8dc716d5a60","name":"PROA Communication","image":{"@type":"ImageObject","inLanguage":"en-GB","@id":"https:\/\/proacomunicacion.es\/#\/schema\/person\/image\/","url":"https:\/\/secure.gravatar.com\/avatar\/394c93c195ff19b00e79d66a42971657a01de9f2740b97148d0f14a1e1a359b7?s=96&r=g","contentUrl":"https:\/\/secure.gravatar.com\/avatar\/394c93c195ff19b00e79d66a42971657a01de9f2740b97148d0f14a1e1a359b7?s=96&r=g","caption":"PROA Comunicaci\u00f3n"}}]}},"_links":{"self":[{"href":"https:\/\/proacomunicacion.es\/en\/wp-json\/wp\/v2\/posts\/29857","targetHints":{"allow":["GET"]}}],"collection":[{"href":"https:\/\/proacomunicacion.es\/en\/wp-json\/wp\/v2\/posts"}],"about":[{"href":"https:\/\/proacomunicacion.es\/en\/wp-json\/wp\/v2\/types\/post"}],"author":[{"embeddable":true,"href":"https:\/\/proacomunicacion.es\/en\/wp-json\/wp\/v2\/users\/28"}],"replies":[{"embeddable":true,"href":"https:\/\/proacomunicacion.es\/en\/wp-json\/wp\/v2\/comments?post=29857"}],"version-history":[{"count":0,"href":"https:\/\/proacomunicacion.es\/en\/wp-json\/wp\/v2\/posts\/29857\/revisions"}],"wp:featuredmedia":[{"embeddable":true,"href":"https:\/\/proacomunicacion.es\/en\/wp-json\/"}],"wp:attachment":[{"href":"https:\/\/proacomunicacion.es\/en\/wp-json\/wp\/v2\/media?parent=29857"}],"wp:term":[{"taxonomy":"category","embeddable":true,"href":"https:\/\/proacomunicacion.es\/en\/wp-json\/wp\/v2\/categories?post=29857"},{"taxonomy":"post_tag","embeddable":true,"href":"https:\/\/proacomunicacion.es\/en\/wp-json\/wp\/v2\/tags?post=29857"}],"curies":[{"name":"wp","href":"https:\/\/api.w.org\/{rel}","templated":true}]}}