{"id":31307,"date":"2023-04-25T12:22:40","date_gmt":"2023-04-25T10:22:40","guid":{"rendered":"https:\/\/proacomunicacion.es\/?p=31307"},"modified":"2024-06-19T13:56:26","modified_gmt":"2024-06-19T13:56:26","slug":"proa-observatory-on-mental-health-challenges","status":"publish","type":"post","link":"https:\/\/proacomunicacion.es\/en\/observatorio-proa-sobre-retos-salud-mental\/","title":{"rendered":"\"People are the best vaccine for our mental health\", Mercedes Nav\u00edo, Mental Health Coordinator of the Community of Madrid."},"content":{"rendered":"<div data-elementor-type=\"wp-post\" data-elementor-id=\"31307\" class=\"elementor elementor-31307\" data-elementor-post-type=\"post\">\n\t\t\t\t<div class=\"elementor-element elementor-element-7af8d3a8 e-flex e-con-boxed e-con e-parent\" data-id=\"7af8d3a8\" data-element_type=\"container\" data-e-type=\"container\">\n\t\t\t\t\t<div class=\"e-con-inner\">\n\t\t\t\t<div class=\"elementor-element elementor-element-419ed27a elementor-widget elementor-widget-text-editor\" data-id=\"419ed27a\" data-element_type=\"widget\" data-e-type=\"widget\" data-widget_type=\"text-editor.default\">\n\t\t\t\t<div class=\"elementor-widget-container\">\n\t\t\t\t\t\t\t\t\t<p>\"People are the best vaccine for mental health,\" he said. <strong>Mercedes Nav\u00edo<\/strong>The coordinator of the Regional Office for Mental Health of the Community of Madrid, in the conclusions of the <strong><a href=\"https:\/\/proacomunicacion.es\/en\/observatorio-comunicacion-estrategica-reputacion-corporativa\/\">Observatory<\/a>\u00a0<a href=\"https:\/\/proacomunicacion.es\/en\/observatorio-comunicacion-estrategica-reputacion-corporativa\/\" target=\"_blank\" rel=\"noopener\" data-saferedirecturl=\"https:\/\/www.google.com\/url?q=https:\/\/proacomunicacion.acblnk.com\/url\/ver\/412718848\/2121619\/4106250985d56ffc53f88b822270b1bf&amp;source=gmail&amp;ust=1682502564152000&amp;usg=AOvVaw2QAckfDqxDCPMogzkpemax\">PROA<\/a><\/strong>\u00a0about <a href=\"https:\/\/proacomunicacion.es\/en\/blog\/proa-mental-health-observatory-highlights\/\">'<strong>Mental Health Challenges'.<\/strong><\/a>The event was held last Thursday evening. \"People are the ones who will save people, because our vaccine in mental health is authentic and genuine links,\" he concluded. The pandemic and the post-pandemic socio-economic context have led to an upsurge in mental health problems, mainly because \"COVID-19 has taken away the two illusions with which we left home every day: invulnerability and the illusion of control. We were suddenly aware that we had no ground under our feet, and so we need to rebuild a sense of purpose,\" he concluded.<\/p><p>The Observatory, conducted by PROA Comunicaci\u00f3n, featured a panel of speakers including the Global Head of Employee Relations at Hewlett Packard Enterprise, <strong>Jos\u00e9 Antonio Gonz\u00e1lez<\/strong>The treasurer and head of Social Strategy and Sustainability of the General Council of Pharmaceutical Associations,\u00a0<strong>Ana L\u00f3pez-Casero<\/strong>The General Treasurer and Member for Mental Health of the General Council of Nurses,\u00a0<strong>Mar\u00eda del Mar Garc\u00eda Mart\u00edn<\/strong>D. and Professor of Psychiatry, Medical Psychology and Psychopathology at the Complutense University of Madrid,<strong>\u00a0Mar\u00eda L\u00f3pez-Ibor<\/strong>led by\u00a0<strong>Dolors Marco<\/strong>director of the <a href=\"https:\/\/proacomunicacion.es\/en\/consultoria-comunicacion-corporativa\/salud-farma-y-tecnologia-sanitaria\/\">PROA's Health, Pharma and Medical Technology Area<\/a>.<\/p><p>Jos\u00e9 Antonio Gonz\u00e1lez, highlighted the need for companies to incorporate greater flexibility in their relationship with professionals, bearing in mind that they are \"people\" and each one has different peculiarities: \"a single person has nothing to do with a pregnant woman, or a father with small children, or an older professional with a lot of experience. We have to be able to adapt the working model to each of these circumstances\".<\/p><p>Regarding the relationship between young people and companies, the global director of labour relations at Hewlett Packard Enterprise said that it is not exactly \"lack of commitment, but that they put a point of mental health to the purpose, for example, my daughter is looking for a career now and, to decide, she does not consult the economic balance of the next ten years, but thinks about what she likes to do. When I tell her I'm going to do something, the first thing she asks me is if I feel like doing it. This spirit\u00a0<em>millennial<\/em>\u00a0is more periodically connected to themselves than to a purpose and I think there is a healthy part to it. So, for me<strong> leadership is feedback<\/strong>\"he concludes. Another action that Jos\u00e9 Antonio Gonz\u00e1lez highlighted is the need to educate people in two skills that are rare: empathy and assertiveness. \"That is to say, if you are not trained to set limits, it is very likely that you will reach your 'click' point because you do not know how to say 'no'. That's what assertiveness teaches: to do in a polite way, something that has to be encouraged from the company\".<\/p><p>Psychiatrist Mar\u00eda L\u00f3pez-Ibor explained that Spain is one of the countries where most anxiolytics are consumed, and this is because \"we are in a society that avoids suffering. We need to feel immediate relief in the face of any disturbance and we tend to medicalise it because we want a quick solution\". L\u00f3pez-Ibor pointed out that, just after the pandemic, the mental health strategy dating from 2007 has been updated. \"This shows the <strong>great psychological impact that COVID-19 has had on our lives.<\/strong>\", he notes.<\/p><p>For her part, Mar\u00eda del Mar Garc\u00eda, Mental Health spokesperson for the General Nursing Council, highlighted her more than 30 years of experience as a Mental Health nurse, \"the hospital speciality that nobody wanted, in which nobody invested. With the pandemic that mantle has been removed and it has been observed that there is a certain acceptance with regard to our mental health, it is a very good thing because it is already being talked about, it is no longer a taboo subject. Also, once you put the spotlight on it and normalise it, you can come up with ideas, solutions and improvements\".<\/p><p>Ana L\u00f3pez-Casero of the General Council of Pharmaceutical Associations, pointed out that the estimated cost of mental health in Spain is 4.2% of GDP, but actual spending only covers 10% of that cost. In sum, only 60% of care centres provide mental health services, so there is \"...a lack of information on the cost of mental health care in Spain\".<strong>a serious lack of resources<\/strong> However, it is important to emphasise how important it is that this issue has leapt onto the political agendas of our country's major decision-makers.<\/p><p>He also emphasised that \"we need to promote collaborative models between the different levels of care - primary and specialised - but also between health and non-health professionals: <strong>municipalities, schools, employers, companies<\/strong>. Working in a different way and taking advantage of collective intelligence\". He also made available to the system the 22,000 pharmacies throughout the country for \"early detection and monitoring of adherence to treatment. We understand that pharmacies also have a very important role to play in focusing on vulnerable groups, especially young people\".<\/p><p>Finally, the four speakers and the head of Mental Health of the Community of Madrid agreed that digitalisation has enormous potential as a complementary instrument in the management of mental health, but that it will never be able to replace people. In conclusion, they stressed that it is good that this is the case because, otherwise, it would be counterproductive. To conclude, Mar\u00eda L\u00f3pez-Ibor narrated the fable\u00a0<em>Cherokee\u00a0<\/em><strong>of the good wolf and the bad wolf inside us all<\/strong>. In this story, there are two wolves that live inside us and battle each other, one is evil and symbolises anger, jealousy, lies...; the other is good and symbolises happiness, peace, love... In this representation of the inherent duality that exists in everyone, the wolf that wins is the one that we feed: depending on which wolf we choose, we will become that model of person. The moral is clear, the attitude with which you face life will determine your chances of success or failure, having a positive attitude will help us to find solutions more quickly.<\/p><p><img fetchpriority=\"high\" decoding=\"async\" class=\"aligncenter wp-image-42411 size-full\" src=\"https:\/\/proacomunicacion.es\/wp-content\/uploads\/2024\/06\/Observatorio-Proa-y-Coordinadora-Oficial-Regional-Salud-Mental.jpg\" alt=\"\" width=\"1920\" height=\"1280\" srcset=\"https:\/\/proacomunicacion.es\/wp-content\/uploads\/2024\/06\/Observatorio-Proa-y-Coordinadora-Oficial-Regional-Salud-Mental.jpg 1920w, https:\/\/proacomunicacion.es\/wp-content\/uploads\/2024\/06\/Observatorio-Proa-y-Coordinadora-Oficial-Regional-Salud-Mental-300x200.jpg 300w, https:\/\/proacomunicacion.es\/wp-content\/uploads\/2024\/06\/Observatorio-Proa-y-Coordinadora-Oficial-Regional-Salud-Mental-1024x683.jpg 1024w, https:\/\/proacomunicacion.es\/wp-content\/uploads\/2024\/06\/Observatorio-Proa-y-Coordinadora-Oficial-Regional-Salud-Mental-768x512.jpg 768w, https:\/\/proacomunicacion.es\/wp-content\/uploads\/2024\/06\/Observatorio-Proa-y-Coordinadora-Oficial-Regional-Salud-Mental-1536x1024.jpg 1536w\" sizes=\"(max-width: 1920px) 100vw, 1920px\" \/><\/p><p style=\"text-align: center;\"><strong>Caption<\/strong>: from left to right, Mar\u00eda del Mar Garc\u00eda Mart\u00edn, doctor and professor of Psychiatry, Medical Psychology and Psychopathology at the Complutense University of Madrid; Jos\u00e9 Antonio Gonz\u00e1lez, global director of Labour Relations at Hewlett Packard Enterprise; Luc\u00eda Casanueva, managing partner of PROA; Mercedes Nav\u00edo, coordinator of the Regional Office of Mental Health of the Community of Madrid; Dolors Marco, director of the Area of Health, Pharmaceuticals and Medical Technology of PROA; Ana L\u00f3pez-Casero, general treasurer and member of the General Council of Nursing; Mar\u00eda L\u00f3pez-Ibor, doctor and professor of Psychiatry, Medical Psychology and Psychopathology at the Complutense University of Madrid; Dolors Marco, Director of the Health, Pharma and Medical Technology Area of PROA; Ana L\u00f3pez-Casero, General Treasurer and member of the Mental Health Committee of the General Nursing Council; Mar\u00eda L\u00f3pez-Ibor, Doctor and Professor of Psychiatry, Medical Psychology and Psychopathology at the Complutense University of Madrid; and Valvanuz Serna Ruiz, Managing Partner of PROA.<\/p><h3 style=\"text-align: center;\"><em><strong><a href=\"https:\/\/proacomunicacion.es\/en\/blog\/proa-mental-health-observatory-highlights\/\">Click here to see the photo gallery of the event.<\/a><\/strong><\/em><\/h3>\t\t\t\t\t\t\t\t<\/div>\n\t\t\t\t<\/div>\n\t\t\t\t\t<\/div>\n\t\t\t\t<\/div>\n\t\t\t\t<\/div>","protected":false},"excerpt":{"rendered":"<p>\u201cLas personas son la mejor vacuna para la salud mental\u201d, seg\u00fan apunt\u00f3 Mercedes Nav\u00edo, coordinadora de la Oficina Regional de Salud Mental de la Comunidad de Madrid, en las conclusiones del Observatorio\u00a0PROA\u00a0sobre \u2018Los Retos de la Salud Mental\u2019, celebrado el pasado jueves por la tarde. \u201cLas personas son las que salvar\u00e1n a las personas, porque [&hellip;]<\/p>\n","protected":false},"author":28,"featured_media":37449,"comment_status":"closed","ping_status":"closed","sticky":false,"template":"","format":"standard","meta":{"footnotes":""},"categories":[2338,2342,131],"tags":[2164,4,428,1218,1642],"class_list":["post-31307","post","type-post","status-publish","format-standard","has-post-thumbnail","hentry","category-actualidad","category-comunicacion-financiera","category-noticias","tag-comunicacion-de-salud","tag-observatorio-proa","tag-pandemia","tag-psicologia","tag-salud-mental"],"yoast_head":"<!-- This site is optimized with the Yoast SEO plugin v27.0 - https:\/\/yoast.com\/product\/yoast-seo-wordpress\/ -->\n<title>Observatorio PROA sobre los retos de la salud mental<\/title>\n<meta name=\"description\" content=\"El Observatorio\u00a0PROA\u00a0sobre \u2018Los Retos de la Salud Mental\u2019 cont\u00f3 con representantes de Hewlett Packard, el Colegio de Farmac\u00e9uticos, el Consejo General de Enfermer\u00eda y la doctora Mar\u00eda L\u00f3pez-Ibor.\" \/>\n<meta name=\"robots\" content=\"index, follow, max-snippet:-1, max-image-preview:large, max-video-preview:-1\" \/>\n<link rel=\"canonical\" href=\"https:\/\/proacomunicacion.es\/en\/proa-observatory-on-mental-health-challenges\/\" \/>\n<meta property=\"og:locale\" content=\"en_GB\" \/>\n<meta property=\"og:type\" content=\"article\" \/>\n<meta property=\"og:title\" content=\"Observatorio PROA sobre los retos de la salud mental\" \/>\n<meta property=\"og:description\" content=\"El Observatorio\u00a0PROA\u00a0sobre \u2018Los Retos de la Salud Mental\u2019 cont\u00f3 con representantes de Hewlett Packard, el Colegio de Farmac\u00e9uticos, el Consejo General de Enfermer\u00eda y la doctora Mar\u00eda L\u00f3pez-Ibor.\" \/>\n<meta property=\"og:url\" content=\"https:\/\/proacomunicacion.es\/en\/proa-observatory-on-mental-health-challenges\/\" \/>\n<meta property=\"og:site_name\" content=\"PROA Comunicaci\u00f3n\" \/>\n<meta property=\"article:published_time\" content=\"2023-04-25T10:22:40+00:00\" \/>\n<meta property=\"article:modified_time\" content=\"2024-06-19T13:56:26+00:00\" \/>\n<meta property=\"og:image\" content=\"https:\/\/proacomunicacion.es\/wp-content\/uploads\/2023\/05\/Observatorio-Proa-y-Coordinadora-Oficial-Regional-Salud-Mental-1030x687-1.jpg\" \/>\n\t<meta property=\"og:image:width\" content=\"1030\" \/>\n\t<meta property=\"og:image:height\" content=\"687\" \/>\n\t<meta property=\"og:image:type\" content=\"image\/jpeg\" \/>\n<meta name=\"author\" content=\"PROA Comunicaci\u00f3n\" \/>\n<meta name=\"twitter:card\" content=\"summary_large_image\" \/>\n<meta name=\"twitter:creator\" content=\"@proacomunica\" \/>\n<meta name=\"twitter:site\" content=\"@proacomunica\" \/>\n<meta name=\"twitter:label1\" content=\"Written by\" \/>\n\t<meta name=\"twitter:data1\" content=\"PROA Comunicaci\u00f3n\" \/>\n\t<meta name=\"twitter:label2\" content=\"Estimated reading time\" \/>\n\t<meta name=\"twitter:data2\" content=\"6 minutes\" \/>\n<script type=\"application\/ld+json\" class=\"yoast-schema-graph\">{\"@context\":\"https:\/\/schema.org\",\"@graph\":[{\"@type\":\"Article\",\"@id\":\"https:\/\/proacomunicacion.es\/observatorio-proa-sobre-retos-salud-mental\/#article\",\"isPartOf\":{\"@id\":\"https:\/\/proacomunicacion.es\/observatorio-proa-sobre-retos-salud-mental\/\"},\"author\":{\"name\":\"PROA Comunicaci\u00f3n\",\"@id\":\"https:\/\/proacomunicacion.es\/#\/schema\/person\/f80dc8938ea94e7f8aa1e8dc716d5a60\"},\"headline\":\"\u201cLas personas son la mejor vacuna para nuestra salud mental\u201d, Mercedes Nav\u00edo, Coordinadora de Salud Mental de la Comunidad de Madrid\",\"datePublished\":\"2023-04-25T10:22:40+00:00\",\"dateModified\":\"2024-06-19T13:56:26+00:00\",\"mainEntityOfPage\":{\"@id\":\"https:\/\/proacomunicacion.es\/observatorio-proa-sobre-retos-salud-mental\/\"},\"wordCount\":1303,\"publisher\":{\"@id\":\"https:\/\/proacomunicacion.es\/#organization\"},\"image\":{\"@id\":\"https:\/\/proacomunicacion.es\/observatorio-proa-sobre-retos-salud-mental\/#primaryimage\"},\"thumbnailUrl\":\"https:\/\/proacomunicacion.es\/wp-content\/uploads\/2023\/05\/Observatorio-Proa-y-Coordinadora-Oficial-Regional-Salud-Mental-1030x687-1.jpg\",\"keywords\":[\"comunicaci\u00f3n de salud\",\"Observatorio Proa\",\"pandemia\",\"psicolog\u00eda\",\"salud mental\"],\"articleSection\":[\"Actualidad\",\"Comunicaci\u00f3n financiera\",\"Noticias\"],\"inLanguage\":\"en-GB\"},{\"@type\":\"WebPage\",\"@id\":\"https:\/\/proacomunicacion.es\/observatorio-proa-sobre-retos-salud-mental\/\",\"url\":\"https:\/\/proacomunicacion.es\/observatorio-proa-sobre-retos-salud-mental\/\",\"name\":\"Observatorio PROA sobre los retos de la salud mental\",\"isPartOf\":{\"@id\":\"https:\/\/proacomunicacion.es\/#website\"},\"primaryImageOfPage\":{\"@id\":\"https:\/\/proacomunicacion.es\/observatorio-proa-sobre-retos-salud-mental\/#primaryimage\"},\"image\":{\"@id\":\"https:\/\/proacomunicacion.es\/observatorio-proa-sobre-retos-salud-mental\/#primaryimage\"},\"thumbnailUrl\":\"https:\/\/proacomunicacion.es\/wp-content\/uploads\/2023\/05\/Observatorio-Proa-y-Coordinadora-Oficial-Regional-Salud-Mental-1030x687-1.jpg\",\"datePublished\":\"2023-04-25T10:22:40+00:00\",\"dateModified\":\"2024-06-19T13:56:26+00:00\",\"description\":\"El Observatorio\u00a0PROA\u00a0sobre \u2018Los Retos de la Salud Mental\u2019 cont\u00f3 con representantes de Hewlett Packard, el Colegio de Farmac\u00e9uticos, el Consejo General de Enfermer\u00eda y la doctora Mar\u00eda L\u00f3pez-Ibor.\",\"breadcrumb\":{\"@id\":\"https:\/\/proacomunicacion.es\/observatorio-proa-sobre-retos-salud-mental\/#breadcrumb\"},\"inLanguage\":\"en-GB\",\"potentialAction\":[{\"@type\":\"ReadAction\",\"target\":[\"https:\/\/proacomunicacion.es\/observatorio-proa-sobre-retos-salud-mental\/\"]}]},{\"@type\":\"ImageObject\",\"inLanguage\":\"en-GB\",\"@id\":\"https:\/\/proacomunicacion.es\/observatorio-proa-sobre-retos-salud-mental\/#primaryimage\",\"url\":\"https:\/\/proacomunicacion.es\/wp-content\/uploads\/2023\/05\/Observatorio-Proa-y-Coordinadora-Oficial-Regional-Salud-Mental-1030x687-1.jpg\",\"contentUrl\":\"https:\/\/proacomunicacion.es\/wp-content\/uploads\/2023\/05\/Observatorio-Proa-y-Coordinadora-Oficial-Regional-Salud-Mental-1030x687-1.jpg\",\"width\":1030,\"height\":687},{\"@type\":\"BreadcrumbList\",\"@id\":\"https:\/\/proacomunicacion.es\/observatorio-proa-sobre-retos-salud-mental\/#breadcrumb\",\"itemListElement\":[{\"@type\":\"ListItem\",\"position\":1,\"name\":\"Portada\",\"item\":\"https:\/\/proacomunicacion.es\/\"},{\"@type\":\"ListItem\",\"position\":2,\"name\":\"\u201cLas personas son la mejor vacuna para nuestra salud mental\u201d, Mercedes Nav\u00edo, Coordinadora de Salud Mental de la Comunidad de Madrid\"}]},{\"@type\":\"WebSite\",\"@id\":\"https:\/\/proacomunicacion.es\/#website\",\"url\":\"https:\/\/proacomunicacion.es\/\",\"name\":\"PROA Comunicaci\u00f3n\",\"description\":\"Agencia de Comunicaci\u00f3n Corporativa en Madrid, Barcelona y Galicia.\",\"publisher\":{\"@id\":\"https:\/\/proacomunicacion.es\/#organization\"},\"alternateName\":\"PROA Comunicaci\u00f3n\",\"potentialAction\":[{\"@type\":\"SearchAction\",\"target\":{\"@type\":\"EntryPoint\",\"urlTemplate\":\"https:\/\/proacomunicacion.es\/?s={search_term_string}\"},\"query-input\":{\"@type\":\"PropertyValueSpecification\",\"valueRequired\":true,\"valueName\":\"search_term_string\"}}],\"inLanguage\":\"en-GB\"},{\"@type\":\"Organization\",\"@id\":\"https:\/\/proacomunicacion.es\/#organization\",\"name\":\"PROA Comunicaci\u00f3n\",\"alternateName\":\"PROA Comunicaci\u00f3n\",\"url\":\"https:\/\/proacomunicacion.es\/\",\"logo\":{\"@type\":\"ImageObject\",\"inLanguage\":\"en-GB\",\"@id\":\"https:\/\/proacomunicacion.es\/#\/schema\/logo\/image\/\",\"url\":\"https:\/\/proacomunicacion.es\/wp-content\/uploads\/2024\/01\/Logo_Light.svg\",\"contentUrl\":\"https:\/\/proacomunicacion.es\/wp-content\/uploads\/2024\/01\/Logo_Light.svg\",\"width\":136,\"height\":33,\"caption\":\"PROA Comunicaci\u00f3n\"},\"image\":{\"@id\":\"https:\/\/proacomunicacion.es\/#\/schema\/logo\/image\/\"},\"sameAs\":[\"https:\/\/x.com\/proacomunica\",\"https:\/\/es.linkedin.com\/company\/proa-comunicacion_2\",\"https:\/\/www.instagram.com\/proacomunica\/\",\"https:\/\/www.youtube.com\/@proacomunicacion\",\"https:\/\/es.wikipedia.org\/wiki\/PROA_Comunicacin\"]},{\"@type\":\"Person\",\"@id\":\"https:\/\/proacomunicacion.es\/#\/schema\/person\/f80dc8938ea94e7f8aa1e8dc716d5a60\",\"name\":\"PROA Comunicaci\u00f3n\",\"image\":{\"@type\":\"ImageObject\",\"inLanguage\":\"en-GB\",\"@id\":\"https:\/\/proacomunicacion.es\/#\/schema\/person\/image\/\",\"url\":\"https:\/\/secure.gravatar.com\/avatar\/394c93c195ff19b00e79d66a42971657a01de9f2740b97148d0f14a1e1a359b7?s=96&r=g\",\"contentUrl\":\"https:\/\/secure.gravatar.com\/avatar\/394c93c195ff19b00e79d66a42971657a01de9f2740b97148d0f14a1e1a359b7?s=96&r=g\",\"caption\":\"PROA Comunicaci\u00f3n\"}}]}<\/script>\n<!-- \/ Yoast SEO plugin. -->","yoast_head_json":{"title":"PROA Observatory on Mental Health Challenges","description":"The PROA Observatory on 'The Challenges of Mental Health' included representatives from Hewlett Packard, the College of Pharmacists, the General Council of Nursing and Dr. Mar\u00eda L\u00f3pez-Ibor.","robots":{"index":"index","follow":"follow","max-snippet":"max-snippet:-1","max-image-preview":"max-image-preview:large","max-video-preview":"max-video-preview:-1"},"canonical":"https:\/\/proacomunicacion.es\/en\/proa-observatory-on-mental-health-challenges\/","og_locale":"en_GB","og_type":"article","og_title":"Observatorio PROA sobre los retos de la salud mental","og_description":"El Observatorio\u00a0PROA\u00a0sobre \u2018Los Retos de la Salud Mental\u2019 cont\u00f3 con representantes de Hewlett Packard, el Colegio de Farmac\u00e9uticos, el Consejo General de Enfermer\u00eda y la doctora Mar\u00eda L\u00f3pez-Ibor.","og_url":"https:\/\/proacomunicacion.es\/en\/proa-observatory-on-mental-health-challenges\/","og_site_name":"PROA Comunicaci\u00f3n","article_published_time":"2023-04-25T10:22:40+00:00","article_modified_time":"2024-06-19T13:56:26+00:00","og_image":[{"width":1030,"height":687,"url":"https:\/\/proacomunicacion.es\/wp-content\/uploads\/2023\/05\/Observatorio-Proa-y-Coordinadora-Oficial-Regional-Salud-Mental-1030x687-1.jpg","type":"image\/jpeg"}],"author":"PROA Comunicaci\u00f3n","twitter_card":"summary_large_image","twitter_creator":"@proacomunica","twitter_site":"@proacomunica","twitter_misc":{"Written by":"PROA Comunicaci\u00f3n","Estimated reading time":"6 minutes"},"schema":{"@context":"https:\/\/schema.org","@graph":[{"@type":"Article","@id":"https:\/\/proacomunicacion.es\/observatorio-proa-sobre-retos-salud-mental\/#article","isPartOf":{"@id":"https:\/\/proacomunicacion.es\/observatorio-proa-sobre-retos-salud-mental\/"},"author":{"name":"PROA Comunicaci\u00f3n","@id":"https:\/\/proacomunicacion.es\/#\/schema\/person\/f80dc8938ea94e7f8aa1e8dc716d5a60"},"headline":"\u201cLas personas son la mejor vacuna para nuestra salud mental\u201d, Mercedes Nav\u00edo, Coordinadora de Salud Mental de la Comunidad de Madrid","datePublished":"2023-04-25T10:22:40+00:00","dateModified":"2024-06-19T13:56:26+00:00","mainEntityOfPage":{"@id":"https:\/\/proacomunicacion.es\/observatorio-proa-sobre-retos-salud-mental\/"},"wordCount":1303,"publisher":{"@id":"https:\/\/proacomunicacion.es\/#organization"},"image":{"@id":"https:\/\/proacomunicacion.es\/observatorio-proa-sobre-retos-salud-mental\/#primaryimage"},"thumbnailUrl":"https:\/\/proacomunicacion.es\/wp-content\/uploads\/2023\/05\/Observatorio-Proa-y-Coordinadora-Oficial-Regional-Salud-Mental-1030x687-1.jpg","keywords":["comunicaci\u00f3n de salud","Observatorio Proa","pandemia","psicolog\u00eda","salud mental"],"articleSection":["Actualidad","Comunicaci\u00f3n financiera","Noticias"],"inLanguage":"en-GB"},{"@type":"WebPage","@id":"https:\/\/proacomunicacion.es\/observatorio-proa-sobre-retos-salud-mental\/","url":"https:\/\/proacomunicacion.es\/observatorio-proa-sobre-retos-salud-mental\/","name":"PROA Observatory on Mental Health Challenges","isPartOf":{"@id":"https:\/\/proacomunicacion.es\/#website"},"primaryImageOfPage":{"@id":"https:\/\/proacomunicacion.es\/observatorio-proa-sobre-retos-salud-mental\/#primaryimage"},"image":{"@id":"https:\/\/proacomunicacion.es\/observatorio-proa-sobre-retos-salud-mental\/#primaryimage"},"thumbnailUrl":"https:\/\/proacomunicacion.es\/wp-content\/uploads\/2023\/05\/Observatorio-Proa-y-Coordinadora-Oficial-Regional-Salud-Mental-1030x687-1.jpg","datePublished":"2023-04-25T10:22:40+00:00","dateModified":"2024-06-19T13:56:26+00:00","description":"The PROA Observatory on 'The Challenges of Mental Health' included representatives from Hewlett Packard, the College of Pharmacists, the General Council of Nursing and Dr. Mar\u00eda L\u00f3pez-Ibor.","breadcrumb":{"@id":"https:\/\/proacomunicacion.es\/observatorio-proa-sobre-retos-salud-mental\/#breadcrumb"},"inLanguage":"en-GB","potentialAction":[{"@type":"ReadAction","target":["https:\/\/proacomunicacion.es\/observatorio-proa-sobre-retos-salud-mental\/"]}]},{"@type":"ImageObject","inLanguage":"en-GB","@id":"https:\/\/proacomunicacion.es\/observatorio-proa-sobre-retos-salud-mental\/#primaryimage","url":"https:\/\/proacomunicacion.es\/wp-content\/uploads\/2023\/05\/Observatorio-Proa-y-Coordinadora-Oficial-Regional-Salud-Mental-1030x687-1.jpg","contentUrl":"https:\/\/proacomunicacion.es\/wp-content\/uploads\/2023\/05\/Observatorio-Proa-y-Coordinadora-Oficial-Regional-Salud-Mental-1030x687-1.jpg","width":1030,"height":687},{"@type":"BreadcrumbList","@id":"https:\/\/proacomunicacion.es\/observatorio-proa-sobre-retos-salud-mental\/#breadcrumb","itemListElement":[{"@type":"ListItem","position":1,"name":"Portada","item":"https:\/\/proacomunicacion.es\/"},{"@type":"ListItem","position":2,"name":"\u201cLas personas son la mejor vacuna para nuestra salud mental\u201d, Mercedes Nav\u00edo, Coordinadora de Salud Mental de la Comunidad de Madrid"}]},{"@type":"WebSite","@id":"https:\/\/proacomunicacion.es\/#website","url":"https:\/\/proacomunicacion.es\/","name":"PROA Communication","description":"Corporate Communications Agency in Madrid, Barcelona and Galicia.","publisher":{"@id":"https:\/\/proacomunicacion.es\/#organization"},"alternateName":"PROA Comunicaci\u00f3n","potentialAction":[{"@type":"SearchAction","target":{"@type":"EntryPoint","urlTemplate":"https:\/\/proacomunicacion.es\/?s={search_term_string}"},"query-input":{"@type":"PropertyValueSpecification","valueRequired":true,"valueName":"search_term_string"}}],"inLanguage":"en-GB"},{"@type":"Organization","@id":"https:\/\/proacomunicacion.es\/#organization","name":"PROA Communication","alternateName":"PROA Comunicaci\u00f3n","url":"https:\/\/proacomunicacion.es\/","logo":{"@type":"ImageObject","inLanguage":"en-GB","@id":"https:\/\/proacomunicacion.es\/#\/schema\/logo\/image\/","url":"https:\/\/proacomunicacion.es\/wp-content\/uploads\/2024\/01\/Logo_Light.svg","contentUrl":"https:\/\/proacomunicacion.es\/wp-content\/uploads\/2024\/01\/Logo_Light.svg","width":136,"height":33,"caption":"PROA Comunicaci\u00f3n"},"image":{"@id":"https:\/\/proacomunicacion.es\/#\/schema\/logo\/image\/"},"sameAs":["https:\/\/x.com\/proacomunica","https:\/\/es.linkedin.com\/company\/proa-comunicacion_2","https:\/\/www.instagram.com\/proacomunica\/","https:\/\/www.youtube.com\/@proacomunicacion","https:\/\/es.wikipedia.org\/wiki\/PROA_Comunicacin"]},{"@type":"Person","@id":"https:\/\/proacomunicacion.es\/#\/schema\/person\/f80dc8938ea94e7f8aa1e8dc716d5a60","name":"PROA Communication","image":{"@type":"ImageObject","inLanguage":"en-GB","@id":"https:\/\/proacomunicacion.es\/#\/schema\/person\/image\/","url":"https:\/\/secure.gravatar.com\/avatar\/394c93c195ff19b00e79d66a42971657a01de9f2740b97148d0f14a1e1a359b7?s=96&r=g","contentUrl":"https:\/\/secure.gravatar.com\/avatar\/394c93c195ff19b00e79d66a42971657a01de9f2740b97148d0f14a1e1a359b7?s=96&r=g","caption":"PROA Comunicaci\u00f3n"}}]}},"_links":{"self":[{"href":"https:\/\/proacomunicacion.es\/en\/wp-json\/wp\/v2\/posts\/31307","targetHints":{"allow":["GET"]}}],"collection":[{"href":"https:\/\/proacomunicacion.es\/en\/wp-json\/wp\/v2\/posts"}],"about":[{"href":"https:\/\/proacomunicacion.es\/en\/wp-json\/wp\/v2\/types\/post"}],"author":[{"embeddable":true,"href":"https:\/\/proacomunicacion.es\/en\/wp-json\/wp\/v2\/users\/28"}],"replies":[{"embeddable":true,"href":"https:\/\/proacomunicacion.es\/en\/wp-json\/wp\/v2\/comments?post=31307"}],"version-history":[{"count":5,"href":"https:\/\/proacomunicacion.es\/en\/wp-json\/wp\/v2\/posts\/31307\/revisions"}],"predecessor-version":[{"id":42415,"href":"https:\/\/proacomunicacion.es\/en\/wp-json\/wp\/v2\/posts\/31307\/revisions\/42415"}],"wp:featuredmedia":[{"embeddable":true,"href":"https:\/\/proacomunicacion.es\/en\/wp-json\/wp\/v2\/media\/37449"}],"wp:attachment":[{"href":"https:\/\/proacomunicacion.es\/en\/wp-json\/wp\/v2\/media?parent=31307"}],"wp:term":[{"taxonomy":"category","embeddable":true,"href":"https:\/\/proacomunicacion.es\/en\/wp-json\/wp\/v2\/categories?post=31307"},{"taxonomy":"post_tag","embeddable":true,"href":"https:\/\/proacomunicacion.es\/en\/wp-json\/wp\/v2\/tags?post=31307"}],"curies":[{"name":"wp","href":"https:\/\/api.w.org\/{rel}","templated":true}]}}