{"id":31361,"date":"2023-04-27T12:28:29","date_gmt":"2023-04-27T10:28:29","guid":{"rendered":"https:\/\/proacomunicacion.es\/?p=31361"},"modified":"2024-03-13T06:12:12","modified_gmt":"2024-03-13T06:12:12","slug":"julia-montoro-proa-womens-leadership-forum-el-economista","status":"publish","type":"post","link":"https:\/\/proacomunicacion.es\/en\/julia-montoro-proa-foro-liderazgo-femenino-el-economista\/","title":{"rendered":"Julia Montoro, director of PROA, participates in the II Women's Leadership Forum of El Economista"},"content":{"rendered":"<p><strong><a href=\"https:\/\/www.linkedin.com\/in\/juliamontoro\/?originalSubdomain=es\">Julia Montoro<\/a>director of <a href=\"https:\/\/proacomunicacion.es\/en\/\">PROA<\/a> Communication<\/strong>participated as one of the speakers at the <a href=\"https:\/\/www.eleconomista.es\/actualidad\/noticias\/12243037\/04\/23\/eleconomista-celebra-este-jueves-el-ii-foro-liderazgo-femenino.html\">II Women's Leadership Forum<\/a> organised by the newspaper <a href=\"https:\/\/www.eleconomista.es\/\"><strong><em>The Economist<\/em><\/strong><\/a>. In her speech she pointed out that \"the inclusion of women and the management of diversity are the Achilles heel of Spanish business culture. It is the responsibility of all of us who form part of the value chain to do our bit and put an end to this inequality\".<\/p>\n<p>In addition, Montoro highlighted the coexistence of professionals of different ages, genders and origins, \"which generates a wealth of values, a series of visions and ideas that is unique\".  However, the director of PROA Comunicaci\u00f3n warned that the process will not be quick: \"Major social changes take time, and that is what we have to do, give ourselves time, insist on social policies and communicate the progress that is achieved\".<\/p>\n<p>This round table was moderated by Carlos Herrero, executive vice-president of WEF Iberoamerica, with the participation, in addition to Montoro, of Mar\u00eda Enciso, director of the C\u00e1tedra de Empresa Familiar; Patricia V\u00e1zquez, director of Communication and Marketing at RIC Energy; Roc\u00edo M\u00e1rquez, WEF advisor; Ana Mar\u00eda Salazar, Former Senior Advisor at UN Women, Director of Women's Economic Empowerment Projects; and Francesc Noguera, managing director of Altamira Asset Management.<\/p>\n<p><strong><a href=\"https:\/\/www.eleconomista.es\/actualidad\/amp\/12249140\/la-inclusion-es-el-talon-de-aquiles-de-las-empresas-espanolas\">Enjoy the full video of the Forum at <em>The Economist<\/em>.\u00a0<\/a><\/strong><\/p>","protected":false},"excerpt":{"rendered":"<p>Julia Montoro, directora de PROA Comunicaci\u00f3n, particip\u00f3 como una de las ponentes del II Foro Liderazgo Femenino organizado por el diario El Economista. En su intervenci\u00f3n se\u00f1al\u00f3 que \u201cla inclusi\u00f3n de la mujer y la gesti\u00f3n de la diversidad son el tal\u00f3n de aquiles de la cultura empresarial espa\u00f1ola. Es responsabilidad de todos los que [&hellip;]<\/p>\n","protected":false},"author":28,"featured_media":31362,"comment_status":"closed","ping_status":"closed","sticky":false,"template":"","format":"standard","meta":{"footnotes":""},"categories":[2338,131],"tags":[2242,331,446,2243,2221,7],"class_list":["post-31361","post","type-post","status-publish","format-standard","has-post-thumbnail","hentry","category-actualidad","category-noticias","tag-el-economista","tag-empresas","tag-igualdad","tag-julia-montoro","tag-liderazgo-femenino","tag-proa-comunicacion"],"yoast_head":"<!-- This site is optimized with the Yoast SEO plugin v27.0 - https:\/\/yoast.com\/product\/yoast-seo-wordpress\/ -->\n<title>Julia Montoro participa en el II Foro Liderazgo Femenino de El Economista<\/title>\n<meta name=\"description\" content=\"Julia Montoro, directora de PROA Comunicaci\u00f3n, particip\u00f3 en el II Foro Liderazgo Femenino del diario El Economista.\" \/>\n<meta name=\"robots\" content=\"index, follow, max-snippet:-1, max-image-preview:large, max-video-preview:-1\" \/>\n<link rel=\"canonical\" href=\"https:\/\/proacomunicacion.es\/en\/julia-montoro-proa-womens-leadership-forum-el-economista\/\" \/>\n<meta property=\"og:locale\" content=\"en_GB\" \/>\n<meta property=\"og:type\" content=\"article\" \/>\n<meta property=\"og:title\" content=\"Julia Montoro participa en el II Foro Liderazgo Femenino de El Economista\" \/>\n<meta property=\"og:description\" content=\"Julia Montoro, directora de PROA Comunicaci\u00f3n, particip\u00f3 en el II Foro Liderazgo Femenino del diario El Economista.\" \/>\n<meta property=\"og:url\" content=\"https:\/\/proacomunicacion.es\/en\/julia-montoro-proa-womens-leadership-forum-el-economista\/\" \/>\n<meta property=\"og:site_name\" content=\"PROA Comunicaci\u00f3n\" \/>\n<meta property=\"article:published_time\" content=\"2023-04-27T10:28:29+00:00\" \/>\n<meta property=\"article:modified_time\" content=\"2024-03-13T06:12:12+00:00\" \/>\n<meta property=\"og:image\" content=\"https:\/\/proacomunicacion.es\/wp-content\/uploads\/2025\/08\/Firefly_radio-de-barco-scaled.jpg\" \/>\n\t<meta property=\"og:image:width\" content=\"2560\" \/>\n\t<meta property=\"og:image:height\" content=\"1414\" \/>\n\t<meta property=\"og:image:type\" content=\"image\/jpeg\" \/>\n<meta name=\"author\" content=\"PROA Comunicaci\u00f3n\" \/>\n<meta name=\"twitter:card\" content=\"summary_large_image\" \/>\n<meta name=\"twitter:creator\" content=\"@proacomunica\" \/>\n<meta name=\"twitter:site\" content=\"@proacomunica\" \/>\n<meta name=\"twitter:label1\" content=\"Written by\" \/>\n\t<meta name=\"twitter:data1\" content=\"PROA Comunicaci\u00f3n\" \/>\n\t<meta name=\"twitter:label2\" content=\"Estimated reading time\" \/>\n\t<meta name=\"twitter:data2\" content=\"1 minute\" \/>\n<script type=\"application\/ld+json\" class=\"yoast-schema-graph\">{\"@context\":\"https:\/\/schema.org\",\"@graph\":[{\"@type\":\"Article\",\"@id\":\"https:\/\/proacomunicacion.es\/julia-montoro-proa-foro-liderazgo-femenino-el-economista\/#article\",\"isPartOf\":{\"@id\":\"https:\/\/proacomunicacion.es\/julia-montoro-proa-foro-liderazgo-femenino-el-economista\/\"},\"author\":{\"name\":\"PROA Comunicaci\u00f3n\",\"@id\":\"https:\/\/proacomunicacion.es\/#\/schema\/person\/f80dc8938ea94e7f8aa1e8dc716d5a60\"},\"headline\":\"Julia Montoro, directora de PROA, participa en el II Foro Liderazgo Femenino de El Economista\",\"datePublished\":\"2023-04-27T10:28:29+00:00\",\"dateModified\":\"2024-03-13T06:12:12+00:00\",\"mainEntityOfPage\":{\"@id\":\"https:\/\/proacomunicacion.es\/julia-montoro-proa-foro-liderazgo-femenino-el-economista\/\"},\"wordCount\":257,\"publisher\":{\"@id\":\"https:\/\/proacomunicacion.es\/#organization\"},\"image\":{\"@id\":\"https:\/\/proacomunicacion.es\/julia-montoro-proa-foro-liderazgo-femenino-el-economista\/#primaryimage\"},\"thumbnailUrl\":\"\",\"keywords\":[\"El Economista\",\"empresas\",\"igualdad\",\"Julia Montoro\",\"liderazgo femenino\",\"Proa Comunicaci\u00f3n\"],\"articleSection\":[\"Actualidad\",\"Noticias\"],\"inLanguage\":\"en-GB\"},{\"@type\":\"WebPage\",\"@id\":\"https:\/\/proacomunicacion.es\/julia-montoro-proa-foro-liderazgo-femenino-el-economista\/\",\"url\":\"https:\/\/proacomunicacion.es\/julia-montoro-proa-foro-liderazgo-femenino-el-economista\/\",\"name\":\"Julia Montoro participa en el II Foro Liderazgo Femenino de El Economista\",\"isPartOf\":{\"@id\":\"https:\/\/proacomunicacion.es\/#website\"},\"primaryImageOfPage\":{\"@id\":\"https:\/\/proacomunicacion.es\/julia-montoro-proa-foro-liderazgo-femenino-el-economista\/#primaryimage\"},\"image\":{\"@id\":\"https:\/\/proacomunicacion.es\/julia-montoro-proa-foro-liderazgo-femenino-el-economista\/#primaryimage\"},\"thumbnailUrl\":\"\",\"datePublished\":\"2023-04-27T10:28:29+00:00\",\"dateModified\":\"2024-03-13T06:12:12+00:00\",\"description\":\"Julia Montoro, directora de PROA Comunicaci\u00f3n, particip\u00f3 en el II Foro Liderazgo Femenino del diario El Economista.\",\"breadcrumb\":{\"@id\":\"https:\/\/proacomunicacion.es\/julia-montoro-proa-foro-liderazgo-femenino-el-economista\/#breadcrumb\"},\"inLanguage\":\"en-GB\",\"potentialAction\":[{\"@type\":\"ReadAction\",\"target\":[\"https:\/\/proacomunicacion.es\/julia-montoro-proa-foro-liderazgo-femenino-el-economista\/\"]}]},{\"@type\":\"ImageObject\",\"inLanguage\":\"en-GB\",\"@id\":\"https:\/\/proacomunicacion.es\/julia-montoro-proa-foro-liderazgo-femenino-el-economista\/#primaryimage\",\"url\":\"\",\"contentUrl\":\"\"},{\"@type\":\"BreadcrumbList\",\"@id\":\"https:\/\/proacomunicacion.es\/julia-montoro-proa-foro-liderazgo-femenino-el-economista\/#breadcrumb\",\"itemListElement\":[{\"@type\":\"ListItem\",\"position\":1,\"name\":\"Portada\",\"item\":\"https:\/\/proacomunicacion.es\/\"},{\"@type\":\"ListItem\",\"position\":2,\"name\":\"Julia Montoro, directora de PROA, participa en el II Foro Liderazgo Femenino de El Economista\"}]},{\"@type\":\"WebSite\",\"@id\":\"https:\/\/proacomunicacion.es\/#website\",\"url\":\"https:\/\/proacomunicacion.es\/\",\"name\":\"PROA Comunicaci\u00f3n\",\"description\":\"Agencia de Comunicaci\u00f3n Corporativa en Madrid, Barcelona y Galicia.\",\"publisher\":{\"@id\":\"https:\/\/proacomunicacion.es\/#organization\"},\"alternateName\":\"PROA Comunicaci\u00f3n\",\"potentialAction\":[{\"@type\":\"SearchAction\",\"target\":{\"@type\":\"EntryPoint\",\"urlTemplate\":\"https:\/\/proacomunicacion.es\/?s={search_term_string}\"},\"query-input\":{\"@type\":\"PropertyValueSpecification\",\"valueRequired\":true,\"valueName\":\"search_term_string\"}}],\"inLanguage\":\"en-GB\"},{\"@type\":\"Organization\",\"@id\":\"https:\/\/proacomunicacion.es\/#organization\",\"name\":\"PROA Comunicaci\u00f3n\",\"alternateName\":\"PROA Comunicaci\u00f3n\",\"url\":\"https:\/\/proacomunicacion.es\/\",\"logo\":{\"@type\":\"ImageObject\",\"inLanguage\":\"en-GB\",\"@id\":\"https:\/\/proacomunicacion.es\/#\/schema\/logo\/image\/\",\"url\":\"https:\/\/proacomunicacion.es\/wp-content\/uploads\/2024\/01\/Logo_Light.svg\",\"contentUrl\":\"https:\/\/proacomunicacion.es\/wp-content\/uploads\/2024\/01\/Logo_Light.svg\",\"width\":136,\"height\":33,\"caption\":\"PROA Comunicaci\u00f3n\"},\"image\":{\"@id\":\"https:\/\/proacomunicacion.es\/#\/schema\/logo\/image\/\"},\"sameAs\":[\"https:\/\/x.com\/proacomunica\",\"https:\/\/es.linkedin.com\/company\/proa-comunicacion_2\",\"https:\/\/www.instagram.com\/proacomunica\/\",\"https:\/\/www.youtube.com\/@proacomunicacion\",\"https:\/\/es.wikipedia.org\/wiki\/PROA_Comunicacin\"]},{\"@type\":\"Person\",\"@id\":\"https:\/\/proacomunicacion.es\/#\/schema\/person\/f80dc8938ea94e7f8aa1e8dc716d5a60\",\"name\":\"PROA Comunicaci\u00f3n\",\"image\":{\"@type\":\"ImageObject\",\"inLanguage\":\"en-GB\",\"@id\":\"https:\/\/proacomunicacion.es\/#\/schema\/person\/image\/\",\"url\":\"https:\/\/secure.gravatar.com\/avatar\/394c93c195ff19b00e79d66a42971657a01de9f2740b97148d0f14a1e1a359b7?s=96&r=g\",\"contentUrl\":\"https:\/\/secure.gravatar.com\/avatar\/394c93c195ff19b00e79d66a42971657a01de9f2740b97148d0f14a1e1a359b7?s=96&r=g\",\"caption\":\"PROA Comunicaci\u00f3n\"}}]}<\/script>\n<!-- \/ Yoast SEO plugin. -->","yoast_head_json":{"title":"Julia Montoro participates in the 2nd Women's Leadership Forum of El Economista","description":"Julia Montoro, director of PROA Comunicaci\u00f3n, participated in the II Women's Leadership Forum of the newspaper El Economista.","robots":{"index":"index","follow":"follow","max-snippet":"max-snippet:-1","max-image-preview":"max-image-preview:large","max-video-preview":"max-video-preview:-1"},"canonical":"https:\/\/proacomunicacion.es\/en\/julia-montoro-proa-womens-leadership-forum-el-economista\/","og_locale":"en_GB","og_type":"article","og_title":"Julia Montoro participa en el II Foro Liderazgo Femenino de El Economista","og_description":"Julia Montoro, directora de PROA Comunicaci\u00f3n, particip\u00f3 en el II Foro Liderazgo Femenino del diario El Economista.","og_url":"https:\/\/proacomunicacion.es\/en\/julia-montoro-proa-womens-leadership-forum-el-economista\/","og_site_name":"PROA Comunicaci\u00f3n","article_published_time":"2023-04-27T10:28:29+00:00","article_modified_time":"2024-03-13T06:12:12+00:00","og_image":[{"width":2560,"height":1414,"url":"https:\/\/proacomunicacion.es\/wp-content\/uploads\/2025\/08\/Firefly_radio-de-barco-scaled.jpg","type":"image\/jpeg"}],"author":"PROA Comunicaci\u00f3n","twitter_card":"summary_large_image","twitter_creator":"@proacomunica","twitter_site":"@proacomunica","twitter_misc":{"Written by":"PROA Comunicaci\u00f3n","Estimated reading time":"1 minute"},"schema":{"@context":"https:\/\/schema.org","@graph":[{"@type":"Article","@id":"https:\/\/proacomunicacion.es\/julia-montoro-proa-foro-liderazgo-femenino-el-economista\/#article","isPartOf":{"@id":"https:\/\/proacomunicacion.es\/julia-montoro-proa-foro-liderazgo-femenino-el-economista\/"},"author":{"name":"PROA Comunicaci\u00f3n","@id":"https:\/\/proacomunicacion.es\/#\/schema\/person\/f80dc8938ea94e7f8aa1e8dc716d5a60"},"headline":"Julia Montoro, directora de PROA, participa en el II Foro Liderazgo Femenino de El Economista","datePublished":"2023-04-27T10:28:29+00:00","dateModified":"2024-03-13T06:12:12+00:00","mainEntityOfPage":{"@id":"https:\/\/proacomunicacion.es\/julia-montoro-proa-foro-liderazgo-femenino-el-economista\/"},"wordCount":257,"publisher":{"@id":"https:\/\/proacomunicacion.es\/#organization"},"image":{"@id":"https:\/\/proacomunicacion.es\/julia-montoro-proa-foro-liderazgo-femenino-el-economista\/#primaryimage"},"thumbnailUrl":"","keywords":["El Economista","empresas","igualdad","Julia Montoro","liderazgo femenino","Proa Comunicaci\u00f3n"],"articleSection":["Actualidad","Noticias"],"inLanguage":"en-GB"},{"@type":"WebPage","@id":"https:\/\/proacomunicacion.es\/julia-montoro-proa-foro-liderazgo-femenino-el-economista\/","url":"https:\/\/proacomunicacion.es\/julia-montoro-proa-foro-liderazgo-femenino-el-economista\/","name":"Julia Montoro participates in the 2nd Women's Leadership Forum of El Economista","isPartOf":{"@id":"https:\/\/proacomunicacion.es\/#website"},"primaryImageOfPage":{"@id":"https:\/\/proacomunicacion.es\/julia-montoro-proa-foro-liderazgo-femenino-el-economista\/#primaryimage"},"image":{"@id":"https:\/\/proacomunicacion.es\/julia-montoro-proa-foro-liderazgo-femenino-el-economista\/#primaryimage"},"thumbnailUrl":"","datePublished":"2023-04-27T10:28:29+00:00","dateModified":"2024-03-13T06:12:12+00:00","description":"Julia Montoro, director of PROA Comunicaci\u00f3n, participated in the II Women's Leadership Forum of the newspaper El Economista.","breadcrumb":{"@id":"https:\/\/proacomunicacion.es\/julia-montoro-proa-foro-liderazgo-femenino-el-economista\/#breadcrumb"},"inLanguage":"en-GB","potentialAction":[{"@type":"ReadAction","target":["https:\/\/proacomunicacion.es\/julia-montoro-proa-foro-liderazgo-femenino-el-economista\/"]}]},{"@type":"ImageObject","inLanguage":"en-GB","@id":"https:\/\/proacomunicacion.es\/julia-montoro-proa-foro-liderazgo-femenino-el-economista\/#primaryimage","url":"","contentUrl":""},{"@type":"BreadcrumbList","@id":"https:\/\/proacomunicacion.es\/julia-montoro-proa-foro-liderazgo-femenino-el-economista\/#breadcrumb","itemListElement":[{"@type":"ListItem","position":1,"name":"Portada","item":"https:\/\/proacomunicacion.es\/"},{"@type":"ListItem","position":2,"name":"Julia Montoro, directora de PROA, participa en el II Foro Liderazgo Femenino de El Economista"}]},{"@type":"WebSite","@id":"https:\/\/proacomunicacion.es\/#website","url":"https:\/\/proacomunicacion.es\/","name":"PROA Communication","description":"Corporate Communications Agency in Madrid, Barcelona and Galicia.","publisher":{"@id":"https:\/\/proacomunicacion.es\/#organization"},"alternateName":"PROA Comunicaci\u00f3n","potentialAction":[{"@type":"SearchAction","target":{"@type":"EntryPoint","urlTemplate":"https:\/\/proacomunicacion.es\/?s={search_term_string}"},"query-input":{"@type":"PropertyValueSpecification","valueRequired":true,"valueName":"search_term_string"}}],"inLanguage":"en-GB"},{"@type":"Organization","@id":"https:\/\/proacomunicacion.es\/#organization","name":"PROA Communication","alternateName":"PROA Comunicaci\u00f3n","url":"https:\/\/proacomunicacion.es\/","logo":{"@type":"ImageObject","inLanguage":"en-GB","@id":"https:\/\/proacomunicacion.es\/#\/schema\/logo\/image\/","url":"https:\/\/proacomunicacion.es\/wp-content\/uploads\/2024\/01\/Logo_Light.svg","contentUrl":"https:\/\/proacomunicacion.es\/wp-content\/uploads\/2024\/01\/Logo_Light.svg","width":136,"height":33,"caption":"PROA Comunicaci\u00f3n"},"image":{"@id":"https:\/\/proacomunicacion.es\/#\/schema\/logo\/image\/"},"sameAs":["https:\/\/x.com\/proacomunica","https:\/\/es.linkedin.com\/company\/proa-comunicacion_2","https:\/\/www.instagram.com\/proacomunica\/","https:\/\/www.youtube.com\/@proacomunicacion","https:\/\/es.wikipedia.org\/wiki\/PROA_Comunicacin"]},{"@type":"Person","@id":"https:\/\/proacomunicacion.es\/#\/schema\/person\/f80dc8938ea94e7f8aa1e8dc716d5a60","name":"PROA Communication","image":{"@type":"ImageObject","inLanguage":"en-GB","@id":"https:\/\/proacomunicacion.es\/#\/schema\/person\/image\/","url":"https:\/\/secure.gravatar.com\/avatar\/394c93c195ff19b00e79d66a42971657a01de9f2740b97148d0f14a1e1a359b7?s=96&r=g","contentUrl":"https:\/\/secure.gravatar.com\/avatar\/394c93c195ff19b00e79d66a42971657a01de9f2740b97148d0f14a1e1a359b7?s=96&r=g","caption":"PROA Comunicaci\u00f3n"}}]}},"_links":{"self":[{"href":"https:\/\/proacomunicacion.es\/en\/wp-json\/wp\/v2\/posts\/31361","targetHints":{"allow":["GET"]}}],"collection":[{"href":"https:\/\/proacomunicacion.es\/en\/wp-json\/wp\/v2\/posts"}],"about":[{"href":"https:\/\/proacomunicacion.es\/en\/wp-json\/wp\/v2\/types\/post"}],"author":[{"embeddable":true,"href":"https:\/\/proacomunicacion.es\/en\/wp-json\/wp\/v2\/users\/28"}],"replies":[{"embeddable":true,"href":"https:\/\/proacomunicacion.es\/en\/wp-json\/wp\/v2\/comments?post=31361"}],"version-history":[{"count":1,"href":"https:\/\/proacomunicacion.es\/en\/wp-json\/wp\/v2\/posts\/31361\/revisions"}],"predecessor-version":[{"id":40764,"href":"https:\/\/proacomunicacion.es\/en\/wp-json\/wp\/v2\/posts\/31361\/revisions\/40764"}],"wp:featuredmedia":[{"embeddable":true,"href":"https:\/\/proacomunicacion.es\/en\/wp-json\/"}],"wp:attachment":[{"href":"https:\/\/proacomunicacion.es\/en\/wp-json\/wp\/v2\/media?parent=31361"}],"wp:term":[{"taxonomy":"category","embeddable":true,"href":"https:\/\/proacomunicacion.es\/en\/wp-json\/wp\/v2\/categories?post=31361"},{"taxonomy":"post_tag","embeddable":true,"href":"https:\/\/proacomunicacion.es\/en\/wp-json\/wp\/v2\/tags?post=31361"}],"curies":[{"name":"wp","href":"https:\/\/api.w.org\/{rel}","templated":true}]}}