{"id":327,"date":"2013-06-12T18:20:58","date_gmt":"2013-06-12T17:20:58","guid":{"rendered":"http:\/\/proacomunicacion.es\/?p=327"},"modified":"2013-06-12T18:20:58","modified_gmt":"2013-06-12T17:20:58","slug":"proa-comunicacion-participates-in-the-act-of-presentation-of-the-law-of-support-to-entrepreneurs","status":"publish","type":"post","link":"https:\/\/proacomunicacion.es\/en\/proa-comunicacion-participa-en-el-acto-de-presentacion-de-la-ley-de-apoyo-a-emprendedores\/","title":{"rendered":"Proa Comunicaci\u00f3n participates in the presentation ceremony of the law to support entrepreneurs"},"content":{"rendered":"<p>The founder and CEO of PROA Comunicaci\u00f3n,<strong> Luc\u00eda Casanueva<\/strong>participated in the presentation of the draft Law to Support Entrepreneurs, held on Tuesday, 11 June, in the <a href=\"http:\/\/www.lamoncloa.gob.es\/home.htm\">Moncloa Palace<\/a>. During the ceremony, the President of the Government,<strong> Mariano Rajoy<\/strong>said that the future <strong>Support for Entrepreneurs Act<\/strong> gives a comprehensive response to the self-employed and SMEs, who \"are called upon to play a fundamental role in the country's recovery\". He also pointed out that \"<strong>boosting entrepreneurship is capital for any society<\/strong>because the entrepreneur builds a complex project, from nothing or from a modest initial investment, that can revolutionise entire societies.<a href=\" https:\/\/proacomunicacion.es\/wp-content\/uploads\/2013\/06\/Rajoy_Lucia.jpg\"><img fetchpriority=\"high\" decoding=\"async\" class=\"size-medium wp-image-328 alignleft\" src=\" https:\/\/proacomunicacion.es\/wp-content\/uploads\/2013\/06\/Rajoy_Lucia-300x300.jpg\" alt=\"Rajoy_Lucia\" width=\"300\" height=\"300\" \/><\/a><\/p>\n<p>According to the President of the Government, this regulation is of vital importance, and was one of his main electoral promises during the campaign. Rajoy stressed that Spain is starting from a difficult situation and that it has a \"tremendous amount\" of debt; but that there are many people who \"have done things well and have the right to be given credit\".<\/p>\n<p>In addition to representatives of the self-employed and SMEs, the Vice-President of the Government was also present at the hearing, <strong>Soraya S\u00e1enz de Santamar\u00eda<\/strong>The Minister of Finance, <strong>Crist\u00f3bal Montoro<\/strong>The Minister of Employment, <strong>F\u00e1tima B\u00e1\u00f1ez<\/strong>and the Minister of Health, <strong>Ana Mato<\/strong>. In addition to the President of CEOE, <strong>Juan Rosell<\/strong>and Cepyme, <strong>Jesus Terciado<\/strong>the president of the Spanish Confederation of Young Entrepreneurs (Ceaje), <strong>Pilar Andrade<\/strong>and the presidents of the main self-employed associations: <strong>Sebastian Reyna<\/strong> (UPTA), <strong>Lorenzo Amor<\/strong> (ATA) and <strong>Pedro Barato<\/strong> (CEAJE). The creator of Tuenti also attended, <strong>Zaryn Dentzel<\/strong>BuyVip, <strong>Gustavo Garcia<\/strong>and that of Zinkia, <strong>Jos\u00e9 Mar\u00eda Castillejo<\/strong>.<\/p>","protected":false},"excerpt":{"rendered":"<p>La fundadora y directora general de PROA Comunicaci\u00f3n, Luc\u00eda Casanueva, ha participado en el acto de presentaci\u00f3n del proyecto de Ley de Apoyo a Emprendedores, celebrado el martes, 11 de junio, en el Palacio de La Moncloa. Durante el acto, el presidente del Gobierno, Mariano Rajoy, ha afirmado que la futura Ley de Apoyo a [&hellip;]<\/p>\n","protected":false},"author":28,"featured_media":6229,"comment_status":"open","ping_status":"open","sticky":false,"template":"","format":"standard","meta":{"footnotes":""},"categories":[131],"tags":[9,10,11,14,116,117,118,25,119,120,7,121,122],"class_list":["post-327","post","type-post","status-publish","format-standard","has-post-thumbnail","hentry","category-noticias","tag-agencia-comunicacion-empresarial","tag-agencia-de-comunicacion","tag-agencia-de-comunicacion-corporativa","tag-consultora-de-comunicacion","tag-emprendedores","tag-fatima-banez","tag-ley-emprendedores","tag-lucia-casanueva","tag-moncloa","tag-montoro","tag-proa-comunicacion","tag-rajoy","tag-soraya-saenz-de-santamaria"],"yoast_head":"<!-- This site is optimized with the Yoast SEO plugin v27.0 - https:\/\/yoast.com\/product\/yoast-seo-wordpress\/ -->\n<title>Proa Comunicaci\u00f3n participa en el acto de presentaci\u00f3n de la ley de apoyo a emprendedores - PROA Comunicaci\u00f3n<\/title>\n<meta name=\"robots\" content=\"index, follow, max-snippet:-1, max-image-preview:large, max-video-preview:-1\" \/>\n<link rel=\"canonical\" href=\"https:\/\/proacomunicacion.es\/en\/proa-comunicacion-participates-in-the-act-of-presentation-of-the-law-of-support-to-entrepreneurs\/\" \/>\n<meta property=\"og:locale\" content=\"en_GB\" \/>\n<meta property=\"og:type\" content=\"article\" \/>\n<meta property=\"og:title\" content=\"Proa Comunicaci\u00f3n participa en el acto de presentaci\u00f3n de la ley de apoyo a emprendedores - PROA Comunicaci\u00f3n\" \/>\n<meta property=\"og:description\" content=\"La fundadora y directora general de PROA Comunicaci\u00f3n, Luc\u00eda Casanueva, ha participado en el acto de presentaci\u00f3n del proyecto de Ley de Apoyo a Emprendedores, celebrado el martes, 11 de junio, en el Palacio de La Moncloa. Durante el acto, el presidente del Gobierno, Mariano Rajoy, ha afirmado que la futura Ley de Apoyo a [&hellip;]\" \/>\n<meta property=\"og:url\" content=\"https:\/\/proacomunicacion.es\/en\/proa-comunicacion-participates-in-the-act-of-presentation-of-the-law-of-support-to-entrepreneurs\/\" \/>\n<meta property=\"og:site_name\" content=\"PROA Comunicaci\u00f3n\" \/>\n<meta property=\"article:published_time\" content=\"2013-06-12T17:20:58+00:00\" \/>\n<meta property=\"og:image\" content=\"https:\/\/proacomunicacion.es\/wp-content\/uploads\/2025\/08\/Firefly_radio-de-barco-scaled.jpg\" \/>\n\t<meta property=\"og:image:width\" content=\"2560\" \/>\n\t<meta property=\"og:image:height\" content=\"1414\" \/>\n\t<meta property=\"og:image:type\" content=\"image\/jpeg\" \/>\n<meta name=\"author\" content=\"PROA Comunicaci\u00f3n\" \/>\n<meta name=\"twitter:card\" content=\"summary_large_image\" \/>\n<meta name=\"twitter:creator\" content=\"@proacomunica\" \/>\n<meta name=\"twitter:site\" content=\"@proacomunica\" \/>\n<meta name=\"twitter:label1\" content=\"Written by\" \/>\n\t<meta name=\"twitter:data1\" content=\"PROA Comunicaci\u00f3n\" \/>\n\t<meta name=\"twitter:label2\" content=\"Estimated reading time\" \/>\n\t<meta name=\"twitter:data2\" content=\"2 minutes\" \/>\n<script type=\"application\/ld+json\" class=\"yoast-schema-graph\">{\"@context\":\"https:\/\/schema.org\",\"@graph\":[{\"@type\":\"Article\",\"@id\":\"https:\/\/proacomunicacion.es\/proa-comunicacion-participa-en-el-acto-de-presentacion-de-la-ley-de-apoyo-a-emprendedores\/#article\",\"isPartOf\":{\"@id\":\"https:\/\/proacomunicacion.es\/proa-comunicacion-participa-en-el-acto-de-presentacion-de-la-ley-de-apoyo-a-emprendedores\/\"},\"author\":{\"name\":\"PROA Comunicaci\u00f3n\",\"@id\":\"https:\/\/proacomunicacion.es\/#\/schema\/person\/f80dc8938ea94e7f8aa1e8dc716d5a60\"},\"headline\":\"Proa Comunicaci\u00f3n participa en el acto de presentaci\u00f3n de la ley de apoyo a emprendedores\",\"datePublished\":\"2013-06-12T17:20:58+00:00\",\"mainEntityOfPage\":{\"@id\":\"https:\/\/proacomunicacion.es\/proa-comunicacion-participa-en-el-acto-de-presentacion-de-la-ley-de-apoyo-a-emprendedores\/\"},\"wordCount\":330,\"commentCount\":0,\"publisher\":{\"@id\":\"https:\/\/proacomunicacion.es\/#organization\"},\"image\":{\"@id\":\"https:\/\/proacomunicacion.es\/proa-comunicacion-participa-en-el-acto-de-presentacion-de-la-ley-de-apoyo-a-emprendedores\/#primaryimage\"},\"thumbnailUrl\":\"\",\"keywords\":[\"agencia comunicaci\u00f3n empresarial\",\"agencia de comunicaci\u00f3n\",\"agencia de comunicaci\u00f3n corporativa\",\"consultora de comunicaci\u00f3n\",\"emprendedores\",\"fatima ba\u00f1ez\",\"ley emprendedores\",\"Luc\u00eda Casanueva\",\"moncloa\",\"montoro\",\"Proa Comunicaci\u00f3n\",\"rajoy\",\"soraya saenz de santamaria\"],\"articleSection\":[\"Noticias\"],\"inLanguage\":\"en-GB\",\"potentialAction\":[{\"@type\":\"CommentAction\",\"name\":\"Comment\",\"target\":[\"https:\/\/proacomunicacion.es\/proa-comunicacion-participa-en-el-acto-de-presentacion-de-la-ley-de-apoyo-a-emprendedores\/#respond\"]}]},{\"@type\":\"WebPage\",\"@id\":\"https:\/\/proacomunicacion.es\/proa-comunicacion-participa-en-el-acto-de-presentacion-de-la-ley-de-apoyo-a-emprendedores\/\",\"url\":\"https:\/\/proacomunicacion.es\/proa-comunicacion-participa-en-el-acto-de-presentacion-de-la-ley-de-apoyo-a-emprendedores\/\",\"name\":\"Proa Comunicaci\u00f3n participa en el acto de presentaci\u00f3n de la ley de apoyo a emprendedores - PROA Comunicaci\u00f3n\",\"isPartOf\":{\"@id\":\"https:\/\/proacomunicacion.es\/#website\"},\"primaryImageOfPage\":{\"@id\":\"https:\/\/proacomunicacion.es\/proa-comunicacion-participa-en-el-acto-de-presentacion-de-la-ley-de-apoyo-a-emprendedores\/#primaryimage\"},\"image\":{\"@id\":\"https:\/\/proacomunicacion.es\/proa-comunicacion-participa-en-el-acto-de-presentacion-de-la-ley-de-apoyo-a-emprendedores\/#primaryimage\"},\"thumbnailUrl\":\"\",\"datePublished\":\"2013-06-12T17:20:58+00:00\",\"breadcrumb\":{\"@id\":\"https:\/\/proacomunicacion.es\/proa-comunicacion-participa-en-el-acto-de-presentacion-de-la-ley-de-apoyo-a-emprendedores\/#breadcrumb\"},\"inLanguage\":\"en-GB\",\"potentialAction\":[{\"@type\":\"ReadAction\",\"target\":[\"https:\/\/proacomunicacion.es\/proa-comunicacion-participa-en-el-acto-de-presentacion-de-la-ley-de-apoyo-a-emprendedores\/\"]}]},{\"@type\":\"ImageObject\",\"inLanguage\":\"en-GB\",\"@id\":\"https:\/\/proacomunicacion.es\/proa-comunicacion-participa-en-el-acto-de-presentacion-de-la-ley-de-apoyo-a-emprendedores\/#primaryimage\",\"url\":\"\",\"contentUrl\":\"\"},{\"@type\":\"BreadcrumbList\",\"@id\":\"https:\/\/proacomunicacion.es\/proa-comunicacion-participa-en-el-acto-de-presentacion-de-la-ley-de-apoyo-a-emprendedores\/#breadcrumb\",\"itemListElement\":[{\"@type\":\"ListItem\",\"position\":1,\"name\":\"Portada\",\"item\":\"https:\/\/proacomunicacion.es\/\"},{\"@type\":\"ListItem\",\"position\":2,\"name\":\"Proa Comunicaci\u00f3n participa en el acto de presentaci\u00f3n de la ley de apoyo a emprendedores\"}]},{\"@type\":\"WebSite\",\"@id\":\"https:\/\/proacomunicacion.es\/#website\",\"url\":\"https:\/\/proacomunicacion.es\/\",\"name\":\"PROA Comunicaci\u00f3n\",\"description\":\"Agencia de Comunicaci\u00f3n Corporativa en Madrid, Barcelona y Galicia.\",\"publisher\":{\"@id\":\"https:\/\/proacomunicacion.es\/#organization\"},\"alternateName\":\"PROA Comunicaci\u00f3n\",\"potentialAction\":[{\"@type\":\"SearchAction\",\"target\":{\"@type\":\"EntryPoint\",\"urlTemplate\":\"https:\/\/proacomunicacion.es\/?s={search_term_string}\"},\"query-input\":{\"@type\":\"PropertyValueSpecification\",\"valueRequired\":true,\"valueName\":\"search_term_string\"}}],\"inLanguage\":\"en-GB\"},{\"@type\":\"Organization\",\"@id\":\"https:\/\/proacomunicacion.es\/#organization\",\"name\":\"PROA Comunicaci\u00f3n\",\"alternateName\":\"PROA Comunicaci\u00f3n\",\"url\":\"https:\/\/proacomunicacion.es\/\",\"logo\":{\"@type\":\"ImageObject\",\"inLanguage\":\"en-GB\",\"@id\":\"https:\/\/proacomunicacion.es\/#\/schema\/logo\/image\/\",\"url\":\"https:\/\/proacomunicacion.es\/wp-content\/uploads\/2024\/01\/Logo_Light.svg\",\"contentUrl\":\"https:\/\/proacomunicacion.es\/wp-content\/uploads\/2024\/01\/Logo_Light.svg\",\"width\":136,\"height\":33,\"caption\":\"PROA Comunicaci\u00f3n\"},\"image\":{\"@id\":\"https:\/\/proacomunicacion.es\/#\/schema\/logo\/image\/\"},\"sameAs\":[\"https:\/\/x.com\/proacomunica\",\"https:\/\/es.linkedin.com\/company\/proa-comunicacion_2\",\"https:\/\/www.instagram.com\/proacomunica\/\",\"https:\/\/www.youtube.com\/@proacomunicacion\",\"https:\/\/es.wikipedia.org\/wiki\/PROA_Comunicacin\"]},{\"@type\":\"Person\",\"@id\":\"https:\/\/proacomunicacion.es\/#\/schema\/person\/f80dc8938ea94e7f8aa1e8dc716d5a60\",\"name\":\"PROA Comunicaci\u00f3n\",\"image\":{\"@type\":\"ImageObject\",\"inLanguage\":\"en-GB\",\"@id\":\"https:\/\/proacomunicacion.es\/#\/schema\/person\/image\/\",\"url\":\"https:\/\/secure.gravatar.com\/avatar\/394c93c195ff19b00e79d66a42971657a01de9f2740b97148d0f14a1e1a359b7?s=96&r=g\",\"contentUrl\":\"https:\/\/secure.gravatar.com\/avatar\/394c93c195ff19b00e79d66a42971657a01de9f2740b97148d0f14a1e1a359b7?s=96&r=g\",\"caption\":\"PROA Comunicaci\u00f3n\"}}]}<\/script>\n<!-- \/ Yoast SEO plugin. -->","yoast_head_json":{"title":"Proa Comunicaci\u00f3n participates in the presentation of the law to support entrepreneurs - PROA Comunicaci\u00f3n","robots":{"index":"index","follow":"follow","max-snippet":"max-snippet:-1","max-image-preview":"max-image-preview:large","max-video-preview":"max-video-preview:-1"},"canonical":"https:\/\/proacomunicacion.es\/en\/proa-comunicacion-participates-in-the-act-of-presentation-of-the-law-of-support-to-entrepreneurs\/","og_locale":"en_GB","og_type":"article","og_title":"Proa Comunicaci\u00f3n participa en el acto de presentaci\u00f3n de la ley de apoyo a emprendedores - PROA Comunicaci\u00f3n","og_description":"La fundadora y directora general de PROA Comunicaci\u00f3n, Luc\u00eda Casanueva, ha participado en el acto de presentaci\u00f3n del proyecto de Ley de Apoyo a Emprendedores, celebrado el martes, 11 de junio, en el Palacio de La Moncloa. Durante el acto, el presidente del Gobierno, Mariano Rajoy, ha afirmado que la futura Ley de Apoyo a [&hellip;]","og_url":"https:\/\/proacomunicacion.es\/en\/proa-comunicacion-participates-in-the-act-of-presentation-of-the-law-of-support-to-entrepreneurs\/","og_site_name":"PROA Comunicaci\u00f3n","article_published_time":"2013-06-12T17:20:58+00:00","og_image":[{"width":2560,"height":1414,"url":"https:\/\/proacomunicacion.es\/wp-content\/uploads\/2025\/08\/Firefly_radio-de-barco-scaled.jpg","type":"image\/jpeg"}],"author":"PROA Comunicaci\u00f3n","twitter_card":"summary_large_image","twitter_creator":"@proacomunica","twitter_site":"@proacomunica","twitter_misc":{"Written by":"PROA Comunicaci\u00f3n","Estimated reading time":"2 minutes"},"schema":{"@context":"https:\/\/schema.org","@graph":[{"@type":"Article","@id":"https:\/\/proacomunicacion.es\/proa-comunicacion-participa-en-el-acto-de-presentacion-de-la-ley-de-apoyo-a-emprendedores\/#article","isPartOf":{"@id":"https:\/\/proacomunicacion.es\/proa-comunicacion-participa-en-el-acto-de-presentacion-de-la-ley-de-apoyo-a-emprendedores\/"},"author":{"name":"PROA Comunicaci\u00f3n","@id":"https:\/\/proacomunicacion.es\/#\/schema\/person\/f80dc8938ea94e7f8aa1e8dc716d5a60"},"headline":"Proa Comunicaci\u00f3n participa en el acto de presentaci\u00f3n de la ley de apoyo a emprendedores","datePublished":"2013-06-12T17:20:58+00:00","mainEntityOfPage":{"@id":"https:\/\/proacomunicacion.es\/proa-comunicacion-participa-en-el-acto-de-presentacion-de-la-ley-de-apoyo-a-emprendedores\/"},"wordCount":330,"commentCount":0,"publisher":{"@id":"https:\/\/proacomunicacion.es\/#organization"},"image":{"@id":"https:\/\/proacomunicacion.es\/proa-comunicacion-participa-en-el-acto-de-presentacion-de-la-ley-de-apoyo-a-emprendedores\/#primaryimage"},"thumbnailUrl":"","keywords":["agencia comunicaci\u00f3n empresarial","agencia de comunicaci\u00f3n","agencia de comunicaci\u00f3n corporativa","consultora de comunicaci\u00f3n","emprendedores","fatima ba\u00f1ez","ley emprendedores","Luc\u00eda Casanueva","moncloa","montoro","Proa Comunicaci\u00f3n","rajoy","soraya saenz de santamaria"],"articleSection":["Noticias"],"inLanguage":"en-GB","potentialAction":[{"@type":"CommentAction","name":"Comment","target":["https:\/\/proacomunicacion.es\/proa-comunicacion-participa-en-el-acto-de-presentacion-de-la-ley-de-apoyo-a-emprendedores\/#respond"]}]},{"@type":"WebPage","@id":"https:\/\/proacomunicacion.es\/proa-comunicacion-participa-en-el-acto-de-presentacion-de-la-ley-de-apoyo-a-emprendedores\/","url":"https:\/\/proacomunicacion.es\/proa-comunicacion-participa-en-el-acto-de-presentacion-de-la-ley-de-apoyo-a-emprendedores\/","name":"Proa Comunicaci\u00f3n participates in the presentation of the law to support entrepreneurs - PROA Comunicaci\u00f3n","isPartOf":{"@id":"https:\/\/proacomunicacion.es\/#website"},"primaryImageOfPage":{"@id":"https:\/\/proacomunicacion.es\/proa-comunicacion-participa-en-el-acto-de-presentacion-de-la-ley-de-apoyo-a-emprendedores\/#primaryimage"},"image":{"@id":"https:\/\/proacomunicacion.es\/proa-comunicacion-participa-en-el-acto-de-presentacion-de-la-ley-de-apoyo-a-emprendedores\/#primaryimage"},"thumbnailUrl":"","datePublished":"2013-06-12T17:20:58+00:00","breadcrumb":{"@id":"https:\/\/proacomunicacion.es\/proa-comunicacion-participa-en-el-acto-de-presentacion-de-la-ley-de-apoyo-a-emprendedores\/#breadcrumb"},"inLanguage":"en-GB","potentialAction":[{"@type":"ReadAction","target":["https:\/\/proacomunicacion.es\/proa-comunicacion-participa-en-el-acto-de-presentacion-de-la-ley-de-apoyo-a-emprendedores\/"]}]},{"@type":"ImageObject","inLanguage":"en-GB","@id":"https:\/\/proacomunicacion.es\/proa-comunicacion-participa-en-el-acto-de-presentacion-de-la-ley-de-apoyo-a-emprendedores\/#primaryimage","url":"","contentUrl":""},{"@type":"BreadcrumbList","@id":"https:\/\/proacomunicacion.es\/proa-comunicacion-participa-en-el-acto-de-presentacion-de-la-ley-de-apoyo-a-emprendedores\/#breadcrumb","itemListElement":[{"@type":"ListItem","position":1,"name":"Portada","item":"https:\/\/proacomunicacion.es\/"},{"@type":"ListItem","position":2,"name":"Proa Comunicaci\u00f3n participa en el acto de presentaci\u00f3n de la ley de apoyo a emprendedores"}]},{"@type":"WebSite","@id":"https:\/\/proacomunicacion.es\/#website","url":"https:\/\/proacomunicacion.es\/","name":"PROA Communication","description":"Corporate Communications Agency in Madrid, Barcelona and Galicia.","publisher":{"@id":"https:\/\/proacomunicacion.es\/#organization"},"alternateName":"PROA Comunicaci\u00f3n","potentialAction":[{"@type":"SearchAction","target":{"@type":"EntryPoint","urlTemplate":"https:\/\/proacomunicacion.es\/?s={search_term_string}"},"query-input":{"@type":"PropertyValueSpecification","valueRequired":true,"valueName":"search_term_string"}}],"inLanguage":"en-GB"},{"@type":"Organization","@id":"https:\/\/proacomunicacion.es\/#organization","name":"PROA Communication","alternateName":"PROA Comunicaci\u00f3n","url":"https:\/\/proacomunicacion.es\/","logo":{"@type":"ImageObject","inLanguage":"en-GB","@id":"https:\/\/proacomunicacion.es\/#\/schema\/logo\/image\/","url":"https:\/\/proacomunicacion.es\/wp-content\/uploads\/2024\/01\/Logo_Light.svg","contentUrl":"https:\/\/proacomunicacion.es\/wp-content\/uploads\/2024\/01\/Logo_Light.svg","width":136,"height":33,"caption":"PROA Comunicaci\u00f3n"},"image":{"@id":"https:\/\/proacomunicacion.es\/#\/schema\/logo\/image\/"},"sameAs":["https:\/\/x.com\/proacomunica","https:\/\/es.linkedin.com\/company\/proa-comunicacion_2","https:\/\/www.instagram.com\/proacomunica\/","https:\/\/www.youtube.com\/@proacomunicacion","https:\/\/es.wikipedia.org\/wiki\/PROA_Comunicacin"]},{"@type":"Person","@id":"https:\/\/proacomunicacion.es\/#\/schema\/person\/f80dc8938ea94e7f8aa1e8dc716d5a60","name":"PROA Communication","image":{"@type":"ImageObject","inLanguage":"en-GB","@id":"https:\/\/proacomunicacion.es\/#\/schema\/person\/image\/","url":"https:\/\/secure.gravatar.com\/avatar\/394c93c195ff19b00e79d66a42971657a01de9f2740b97148d0f14a1e1a359b7?s=96&r=g","contentUrl":"https:\/\/secure.gravatar.com\/avatar\/394c93c195ff19b00e79d66a42971657a01de9f2740b97148d0f14a1e1a359b7?s=96&r=g","caption":"PROA Comunicaci\u00f3n"}}]}},"_links":{"self":[{"href":"https:\/\/proacomunicacion.es\/en\/wp-json\/wp\/v2\/posts\/327","targetHints":{"allow":["GET"]}}],"collection":[{"href":"https:\/\/proacomunicacion.es\/en\/wp-json\/wp\/v2\/posts"}],"about":[{"href":"https:\/\/proacomunicacion.es\/en\/wp-json\/wp\/v2\/types\/post"}],"author":[{"embeddable":true,"href":"https:\/\/proacomunicacion.es\/en\/wp-json\/wp\/v2\/users\/28"}],"replies":[{"embeddable":true,"href":"https:\/\/proacomunicacion.es\/en\/wp-json\/wp\/v2\/comments?post=327"}],"version-history":[{"count":0,"href":"https:\/\/proacomunicacion.es\/en\/wp-json\/wp\/v2\/posts\/327\/revisions"}],"wp:featuredmedia":[{"embeddable":true,"href":"https:\/\/proacomunicacion.es\/en\/wp-json\/"}],"wp:attachment":[{"href":"https:\/\/proacomunicacion.es\/en\/wp-json\/wp\/v2\/media?parent=327"}],"wp:term":[{"taxonomy":"category","embeddable":true,"href":"https:\/\/proacomunicacion.es\/en\/wp-json\/wp\/v2\/categories?post=327"},{"taxonomy":"post_tag","embeddable":true,"href":"https:\/\/proacomunicacion.es\/en\/wp-json\/wp\/v2\/tags?post=327"}],"curies":[{"name":"wp","href":"https:\/\/api.w.org\/{rel}","templated":true}]}}