{"id":33010,"date":"2023-07-16T11:53:14","date_gmt":"2023-07-16T09:53:14","guid":{"rendered":"https:\/\/proacomunicacion.es\/?p=33010"},"modified":"2023-07-16T11:53:14","modified_gmt":"2023-07-16T09:53:14","slug":"entry-4","status":"publish","type":"post","link":"https:\/\/proacomunicacion.es\/en\/entrada-4\/","title":{"rendered":"Valvanuz Serna Ruiz <span class=\"dash\">--<\/span> Communication, a powerful weapon for the aerospace and defence industry"},"content":{"rendered":"<p>In the fast-moving 21st century, the aerospace and defence industry has become a fundamental pillar for the development and security of nations. Its technological innovations and major projects have a direct impact on the progress of humanity, from space exploration to protecting borders and ensuring world peace. However, despite their undeniable importance, companies in this sector have historically faced challenges in the field of communication.<\/p>\n<p>The aura of secrecy and secrecy surrounding the aerospace and defence industry has been a key factor limiting their willingness to communicate. Commonly associated with highly classified and security-intensive projects, these companies have preferred to maintain a discreet and reactive profile, keeping their achievements and contributions to society in the shadows. In the case of Spain, there is also a certain complex about the different governments talking naturally about military spending or the need to increase defence investment. However, in a global context characterised by hyperconnectivity, responsible and strategic outreach is a pressing need to improve its reputation and public relevance.<\/p>\n<p>The lack of proactive and effective communication has created an information vacuum that has sometimes been filled by speculation and misinformation. Public perception of these companies has been negatively affected, sometimes relegating them to a position of distrust or even questioning. Moreover, this has led to the omission of the important social and economic benefits that the aerospace and defence industry brings to society. So what can a good communication strategy bring to these companies and to the sector?<\/p>\n<p style=\"text-align: center;\"><strong><a href=\"https:\/\/www.atalayar.com\/opinion\/valvanuz-serna-ruiz\/comunicacion-arma-poderosa-industria-aeroespacial-defensa\/20230714092325188189.html\" target=\"_blank\" rel=\"noopener\">Read in Atalayar<\/a> the full tribune of <a href=\"https:\/\/proacomunicacion.es\/en\/consultores-comunicacion-corporativa\/valvanuz-serna-ruiz\/\">Valvanuz Serna Ruiz<\/a>Partner and Director of PROA Comunicaci\u00f3n.<\/strong><\/p>","protected":false},"excerpt":{"rendered":"<p>En el vertiginoso avance del siglo XXI, la industria aeroespacial y de defensa se ha convertido en un pilar fundamental para el desarrollo y seguridad de las naciones. Sus innovaciones tecnol\u00f3gicas y proyectos de envergadura impactan directamente en el progreso de la humanidad, desde la exploraci\u00f3n espacial hasta la protecci\u00f3n de fronteras y la garant\u00eda [&hellip;]<\/p>\n","protected":false},"author":28,"featured_media":31167,"comment_status":"closed","ping_status":"closed","sticky":false,"template":"","format":"standard","meta":{"footnotes":""},"categories":[1],"tags":[497,460,498,7,297],"class_list":["post-33010","post","type-post","status-publish","format-standard","has-post-thumbnail","hentry","category-actualidad-proa","tag-aeroespacial","tag-comunicacion-estrategica","tag-industria-de-defensa","tag-proa-comunicacion","tag-valvanuz-serna-ruiz"],"yoast_head":"<!-- This site is optimized with the Yoast SEO plugin v27.0 - https:\/\/yoast.com\/product\/yoast-seo-wordpress\/ -->\n<title>La comunicaci\u00f3n, arma poderosa para la industria aeroespacial y de defensa<\/title>\n<meta name=\"description\" content=\"Es hora de que las empresas del sector de la defensa reconozcan la importancia de la comunicaci\u00f3n como una herramienta poderosa.\" \/>\n<meta name=\"robots\" content=\"noindex, nofollow\" \/>\n<meta property=\"og:locale\" content=\"en_GB\" \/>\n<meta property=\"og:type\" content=\"article\" \/>\n<meta property=\"og:title\" content=\"La comunicaci\u00f3n, arma poderosa para la industria aeroespacial y de defensa\" \/>\n<meta property=\"og:description\" content=\"Es hora de que las empresas del sector de la defensa reconozcan la importancia de la comunicaci\u00f3n como una herramienta poderosa.\" \/>\n<meta property=\"og:url\" content=\"https:\/\/proacomunicacion.es\/en\/entry-4\/\" \/>\n<meta property=\"og:site_name\" content=\"PROA Comunicaci\u00f3n\" \/>\n<meta property=\"article:published_time\" content=\"2023-07-16T09:53:14+00:00\" \/>\n<meta property=\"og:image\" content=\"https:\/\/proacomunicacion.es\/wp-content\/uploads\/2025\/08\/Firefly_radio-de-barco-scaled.jpg\" \/>\n\t<meta property=\"og:image:width\" content=\"2560\" \/>\n\t<meta property=\"og:image:height\" content=\"1414\" \/>\n\t<meta property=\"og:image:type\" content=\"image\/jpeg\" \/>\n<meta name=\"author\" content=\"PROA Comunicaci\u00f3n\" \/>\n<meta name=\"twitter:card\" content=\"summary_large_image\" \/>\n<meta name=\"twitter:creator\" content=\"@proacomunica\" \/>\n<meta name=\"twitter:site\" content=\"@proacomunica\" \/>\n<meta name=\"twitter:label1\" content=\"Written by\" \/>\n\t<meta name=\"twitter:data1\" content=\"PROA Comunicaci\u00f3n\" \/>\n\t<meta name=\"twitter:label2\" content=\"Estimated reading time\" \/>\n\t<meta name=\"twitter:data2\" content=\"2 minutes\" \/>\n<script type=\"application\/ld+json\" class=\"yoast-schema-graph\">{\"@context\":\"https:\/\/schema.org\",\"@graph\":[{\"@type\":\"Article\",\"@id\":\"https:\/\/proacomunicacion.es\/entrada-4\/#article\",\"isPartOf\":{\"@id\":\"https:\/\/proacomunicacion.es\/entrada-4\/\"},\"author\":{\"name\":\"PROA Comunicaci\u00f3n\",\"@id\":\"https:\/\/proacomunicacion.es\/#\/schema\/person\/f80dc8938ea94e7f8aa1e8dc716d5a60\"},\"headline\":\"Valvanuz Serna Ruiz \u2014\u2014 La comunicaci\u00f3n, arma poderosa para la industria aeroespacial y de defensa\",\"datePublished\":\"2023-07-16T09:53:14+00:00\",\"mainEntityOfPage\":{\"@id\":\"https:\/\/proacomunicacion.es\/entrada-4\/\"},\"wordCount\":348,\"publisher\":{\"@id\":\"https:\/\/proacomunicacion.es\/#organization\"},\"image\":{\"@id\":\"https:\/\/proacomunicacion.es\/entrada-4\/#primaryimage\"},\"thumbnailUrl\":\"\",\"keywords\":[\"aeroespacial\",\"Comunicaci\u00f3n estrat\u00e9gica\",\"industria de defensa\",\"Proa Comunicaci\u00f3n\",\"Valvanuz Serna Ruiz\"],\"articleSection\":[\"Actualidad\"],\"inLanguage\":\"en-GB\"},{\"@type\":\"WebPage\",\"@id\":\"https:\/\/proacomunicacion.es\/entrada-4\/\",\"url\":\"https:\/\/proacomunicacion.es\/entrada-4\/\",\"name\":\"La comunicaci\u00f3n, arma poderosa para la industria aeroespacial y de defensa\",\"isPartOf\":{\"@id\":\"https:\/\/proacomunicacion.es\/#website\"},\"primaryImageOfPage\":{\"@id\":\"https:\/\/proacomunicacion.es\/entrada-4\/#primaryimage\"},\"image\":{\"@id\":\"https:\/\/proacomunicacion.es\/entrada-4\/#primaryimage\"},\"thumbnailUrl\":\"\",\"datePublished\":\"2023-07-16T09:53:14+00:00\",\"description\":\"Es hora de que las empresas del sector de la defensa reconozcan la importancia de la comunicaci\u00f3n como una herramienta poderosa.\",\"breadcrumb\":{\"@id\":\"https:\/\/proacomunicacion.es\/entrada-4\/#breadcrumb\"},\"inLanguage\":\"en-GB\",\"potentialAction\":[{\"@type\":\"ReadAction\",\"target\":[\"https:\/\/proacomunicacion.es\/entrada-4\/\"]}]},{\"@type\":\"ImageObject\",\"inLanguage\":\"en-GB\",\"@id\":\"https:\/\/proacomunicacion.es\/entrada-4\/#primaryimage\",\"url\":\"\",\"contentUrl\":\"\"},{\"@type\":\"BreadcrumbList\",\"@id\":\"https:\/\/proacomunicacion.es\/entrada-4\/#breadcrumb\",\"itemListElement\":[{\"@type\":\"ListItem\",\"position\":1,\"name\":\"Portada\",\"item\":\"https:\/\/proacomunicacion.es\/\"},{\"@type\":\"ListItem\",\"position\":2,\"name\":\"Valvanuz Serna Ruiz \u2014\u2014 La comunicaci\u00f3n, arma poderosa para la industria aeroespacial y de defensa\"}]},{\"@type\":\"WebSite\",\"@id\":\"https:\/\/proacomunicacion.es\/#website\",\"url\":\"https:\/\/proacomunicacion.es\/\",\"name\":\"PROA Comunicaci\u00f3n\",\"description\":\"Agencia de Comunicaci\u00f3n Corporativa en Madrid, Barcelona y Galicia.\",\"publisher\":{\"@id\":\"https:\/\/proacomunicacion.es\/#organization\"},\"alternateName\":\"PROA Comunicaci\u00f3n\",\"potentialAction\":[{\"@type\":\"SearchAction\",\"target\":{\"@type\":\"EntryPoint\",\"urlTemplate\":\"https:\/\/proacomunicacion.es\/?s={search_term_string}\"},\"query-input\":{\"@type\":\"PropertyValueSpecification\",\"valueRequired\":true,\"valueName\":\"search_term_string\"}}],\"inLanguage\":\"en-GB\"},{\"@type\":\"Organization\",\"@id\":\"https:\/\/proacomunicacion.es\/#organization\",\"name\":\"PROA Comunicaci\u00f3n\",\"alternateName\":\"PROA Comunicaci\u00f3n\",\"url\":\"https:\/\/proacomunicacion.es\/\",\"logo\":{\"@type\":\"ImageObject\",\"inLanguage\":\"en-GB\",\"@id\":\"https:\/\/proacomunicacion.es\/#\/schema\/logo\/image\/\",\"url\":\"https:\/\/proacomunicacion.es\/wp-content\/uploads\/2024\/01\/Logo_Light.svg\",\"contentUrl\":\"https:\/\/proacomunicacion.es\/wp-content\/uploads\/2024\/01\/Logo_Light.svg\",\"width\":136,\"height\":33,\"caption\":\"PROA Comunicaci\u00f3n\"},\"image\":{\"@id\":\"https:\/\/proacomunicacion.es\/#\/schema\/logo\/image\/\"},\"sameAs\":[\"https:\/\/x.com\/proacomunica\",\"https:\/\/es.linkedin.com\/company\/proa-comunicacion_2\",\"https:\/\/www.instagram.com\/proacomunica\/\",\"https:\/\/www.youtube.com\/@proacomunicacion\",\"https:\/\/es.wikipedia.org\/wiki\/PROA_Comunicacin\"]},{\"@type\":\"Person\",\"@id\":\"https:\/\/proacomunicacion.es\/#\/schema\/person\/f80dc8938ea94e7f8aa1e8dc716d5a60\",\"name\":\"PROA Comunicaci\u00f3n\",\"image\":{\"@type\":\"ImageObject\",\"inLanguage\":\"en-GB\",\"@id\":\"https:\/\/proacomunicacion.es\/#\/schema\/person\/image\/\",\"url\":\"https:\/\/secure.gravatar.com\/avatar\/394c93c195ff19b00e79d66a42971657a01de9f2740b97148d0f14a1e1a359b7?s=96&r=g\",\"contentUrl\":\"https:\/\/secure.gravatar.com\/avatar\/394c93c195ff19b00e79d66a42971657a01de9f2740b97148d0f14a1e1a359b7?s=96&r=g\",\"caption\":\"PROA Comunicaci\u00f3n\"}}]}<\/script>\n<!-- \/ Yoast SEO plugin. -->","yoast_head_json":{"title":"Communication, a powerful weapon for the aerospace and defence industry","description":"It is time for defence companies to recognise the importance of communication as a powerful tool.","robots":{"index":"noindex","follow":"nofollow"},"og_locale":"en_GB","og_type":"article","og_title":"La comunicaci\u00f3n, arma poderosa para la industria aeroespacial y de defensa","og_description":"Es hora de que las empresas del sector de la defensa reconozcan la importancia de la comunicaci\u00f3n como una herramienta poderosa.","og_url":"https:\/\/proacomunicacion.es\/en\/entry-4\/","og_site_name":"PROA Comunicaci\u00f3n","article_published_time":"2023-07-16T09:53:14+00:00","og_image":[{"width":2560,"height":1414,"url":"https:\/\/proacomunicacion.es\/wp-content\/uploads\/2025\/08\/Firefly_radio-de-barco-scaled.jpg","type":"image\/jpeg"}],"author":"PROA Comunicaci\u00f3n","twitter_card":"summary_large_image","twitter_creator":"@proacomunica","twitter_site":"@proacomunica","twitter_misc":{"Written by":"PROA Comunicaci\u00f3n","Estimated reading time":"2 minutes"},"schema":{"@context":"https:\/\/schema.org","@graph":[{"@type":"Article","@id":"https:\/\/proacomunicacion.es\/entrada-4\/#article","isPartOf":{"@id":"https:\/\/proacomunicacion.es\/entrada-4\/"},"author":{"name":"PROA Comunicaci\u00f3n","@id":"https:\/\/proacomunicacion.es\/#\/schema\/person\/f80dc8938ea94e7f8aa1e8dc716d5a60"},"headline":"Valvanuz Serna Ruiz \u2014\u2014 La comunicaci\u00f3n, arma poderosa para la industria aeroespacial y de defensa","datePublished":"2023-07-16T09:53:14+00:00","mainEntityOfPage":{"@id":"https:\/\/proacomunicacion.es\/entrada-4\/"},"wordCount":348,"publisher":{"@id":"https:\/\/proacomunicacion.es\/#organization"},"image":{"@id":"https:\/\/proacomunicacion.es\/entrada-4\/#primaryimage"},"thumbnailUrl":"","keywords":["aeroespacial","Comunicaci\u00f3n estrat\u00e9gica","industria de defensa","Proa Comunicaci\u00f3n","Valvanuz Serna Ruiz"],"articleSection":["Actualidad"],"inLanguage":"en-GB"},{"@type":"WebPage","@id":"https:\/\/proacomunicacion.es\/entrada-4\/","url":"https:\/\/proacomunicacion.es\/entrada-4\/","name":"Communication, a powerful weapon for the aerospace and defence industry","isPartOf":{"@id":"https:\/\/proacomunicacion.es\/#website"},"primaryImageOfPage":{"@id":"https:\/\/proacomunicacion.es\/entrada-4\/#primaryimage"},"image":{"@id":"https:\/\/proacomunicacion.es\/entrada-4\/#primaryimage"},"thumbnailUrl":"","datePublished":"2023-07-16T09:53:14+00:00","description":"It is time for defence companies to recognise the importance of communication as a powerful tool.","breadcrumb":{"@id":"https:\/\/proacomunicacion.es\/entrada-4\/#breadcrumb"},"inLanguage":"en-GB","potentialAction":[{"@type":"ReadAction","target":["https:\/\/proacomunicacion.es\/entrada-4\/"]}]},{"@type":"ImageObject","inLanguage":"en-GB","@id":"https:\/\/proacomunicacion.es\/entrada-4\/#primaryimage","url":"","contentUrl":""},{"@type":"BreadcrumbList","@id":"https:\/\/proacomunicacion.es\/entrada-4\/#breadcrumb","itemListElement":[{"@type":"ListItem","position":1,"name":"Portada","item":"https:\/\/proacomunicacion.es\/"},{"@type":"ListItem","position":2,"name":"Valvanuz Serna Ruiz \u2014\u2014 La comunicaci\u00f3n, arma poderosa para la industria aeroespacial y de defensa"}]},{"@type":"WebSite","@id":"https:\/\/proacomunicacion.es\/#website","url":"https:\/\/proacomunicacion.es\/","name":"PROA Communication","description":"Corporate Communications Agency in Madrid, Barcelona and Galicia.","publisher":{"@id":"https:\/\/proacomunicacion.es\/#organization"},"alternateName":"PROA Comunicaci\u00f3n","potentialAction":[{"@type":"SearchAction","target":{"@type":"EntryPoint","urlTemplate":"https:\/\/proacomunicacion.es\/?s={search_term_string}"},"query-input":{"@type":"PropertyValueSpecification","valueRequired":true,"valueName":"search_term_string"}}],"inLanguage":"en-GB"},{"@type":"Organization","@id":"https:\/\/proacomunicacion.es\/#organization","name":"PROA Communication","alternateName":"PROA Comunicaci\u00f3n","url":"https:\/\/proacomunicacion.es\/","logo":{"@type":"ImageObject","inLanguage":"en-GB","@id":"https:\/\/proacomunicacion.es\/#\/schema\/logo\/image\/","url":"https:\/\/proacomunicacion.es\/wp-content\/uploads\/2024\/01\/Logo_Light.svg","contentUrl":"https:\/\/proacomunicacion.es\/wp-content\/uploads\/2024\/01\/Logo_Light.svg","width":136,"height":33,"caption":"PROA Comunicaci\u00f3n"},"image":{"@id":"https:\/\/proacomunicacion.es\/#\/schema\/logo\/image\/"},"sameAs":["https:\/\/x.com\/proacomunica","https:\/\/es.linkedin.com\/company\/proa-comunicacion_2","https:\/\/www.instagram.com\/proacomunica\/","https:\/\/www.youtube.com\/@proacomunicacion","https:\/\/es.wikipedia.org\/wiki\/PROA_Comunicacin"]},{"@type":"Person","@id":"https:\/\/proacomunicacion.es\/#\/schema\/person\/f80dc8938ea94e7f8aa1e8dc716d5a60","name":"PROA Communication","image":{"@type":"ImageObject","inLanguage":"en-GB","@id":"https:\/\/proacomunicacion.es\/#\/schema\/person\/image\/","url":"https:\/\/secure.gravatar.com\/avatar\/394c93c195ff19b00e79d66a42971657a01de9f2740b97148d0f14a1e1a359b7?s=96&r=g","contentUrl":"https:\/\/secure.gravatar.com\/avatar\/394c93c195ff19b00e79d66a42971657a01de9f2740b97148d0f14a1e1a359b7?s=96&r=g","caption":"PROA Comunicaci\u00f3n"}}]}},"_links":{"self":[{"href":"https:\/\/proacomunicacion.es\/en\/wp-json\/wp\/v2\/posts\/33010","targetHints":{"allow":["GET"]}}],"collection":[{"href":"https:\/\/proacomunicacion.es\/en\/wp-json\/wp\/v2\/posts"}],"about":[{"href":"https:\/\/proacomunicacion.es\/en\/wp-json\/wp\/v2\/types\/post"}],"author":[{"embeddable":true,"href":"https:\/\/proacomunicacion.es\/en\/wp-json\/wp\/v2\/users\/28"}],"replies":[{"embeddable":true,"href":"https:\/\/proacomunicacion.es\/en\/wp-json\/wp\/v2\/comments?post=33010"}],"version-history":[{"count":0,"href":"https:\/\/proacomunicacion.es\/en\/wp-json\/wp\/v2\/posts\/33010\/revisions"}],"wp:featuredmedia":[{"embeddable":true,"href":"https:\/\/proacomunicacion.es\/en\/wp-json\/"}],"wp:attachment":[{"href":"https:\/\/proacomunicacion.es\/en\/wp-json\/wp\/v2\/media?parent=33010"}],"wp:term":[{"taxonomy":"category","embeddable":true,"href":"https:\/\/proacomunicacion.es\/en\/wp-json\/wp\/v2\/categories?post=33010"},{"taxonomy":"post_tag","embeddable":true,"href":"https:\/\/proacomunicacion.es\/en\/wp-json\/wp\/v2\/tags?post=33010"}],"curies":[{"name":"wp","href":"https:\/\/api.w.org\/{rel}","templated":true}]}}