{"id":33086,"date":"2023-01-04T10:03:06","date_gmt":"2023-01-04T09:03:06","guid":{"rendered":"https:\/\/proacomunicacion.es\/?p=33086"},"modified":"2023-01-04T10:03:06","modified_gmt":"2023-01-04T09:03:06","slug":"entry-12","status":"publish","type":"post","link":"https:\/\/proacomunicacion.es\/en\/entrada-12\/","title":{"rendered":"Valvanuz Serna Ruiz and Luc\u00eda Casanueva <span class=\"dash\">--<\/span> \"We have a very senior team, with solid professional experience\"."},"content":{"rendered":"<p><strong>Valvanuz Serna<\/strong> y<strong> Luc\u00eda Casanueva<\/strong>The partners and managing directors of PROA Comunicaci\u00f3n, detail in <a href=\"https:\/\/www.topcomunicacion.com\/lucia-casanueva-y-valvanuz-serna-proa-tenemos-un-equipo-muy-senior-con-solidas-experiencias-profesionales\/\" target=\"_blank\" rel=\"noopener\">an interview for <em>Top Communication<\/em><\/a> the values and attributes that differentiate this consulting firm this consulting firm <a href=\"https:\/\/proacomunicacion.es\/en\/consultoria-comunicacion-corporativa\/comunicacion-corporativa-y-gestion-de-la-reputacion\/\">specialising in reputation management<\/a> of its competitors.<\/p>\n<p>As both partners point out, PROA's sustained growth has been based on senior talent and excellent project implementation. In addition, it has recently strengthened its <a href=\"https:\/\/proacomunicacion.es\/en\/consultoria-comunicacion-corporativa\/relaciones-institucionales-asuntos-publicos\/\">the area of public affairs<\/a> and <a href=\"https:\/\/proacomunicacion.es\/en\/consultoria-comunicacion-corporativa\/communication-of-disputes-2\/\">Dispute communication<\/a>and has just been launched <a href=\"https:\/\/proacomunicacion.es\/en\/consultoria-comunicacion-corporativa\/salud-farma-y-tecnologia-sanitaria\/\">the new Health area<\/a>. All this in the context of a new year marked by uncertainty, where business leaders will bet more than ever on experienced teams and the strategic capacity of consultancy firms will be valued.<\/p>\n<ul>\n<li>We reproduce the text of <em>Top Communication<\/em>:<\/li>\n<\/ul>\n<p>&nbsp;<\/p>\n<p><strong>We interviewed <a href=\"https:\/\/proacomunicacion.es\/en\/consultores-comunicacion-corporativa\/lucia-casanueva\/\">Luc\u00eda Casanueva<\/a> y <a href=\"https:\/\/proacomunicacion.es\/en\/consultores-comunicacion-corporativa\/valvanuz-serna-ruiz\/\">Valvanuz Serna<\/a>The founding partners of PROA Comunicaci\u00f3n, who describe the differential values and future projects of the consultancy firm they manage.<\/strong><\/p>\n<p class=\"has-text-align-right\"><span style=\"color: #000000;\"><strong>What are the main milestones in Proa's history from its birth until now?<\/strong><\/span><\/p>\n<p><strong>Luc\u00eda Casanueva:<\/strong>\u00a0The main milestone has been the progressive professionalisation of the company from 2015 until today. This year we have already been ranked 48th, among the top 100 communications consultancies in Spain, and we have experienced this as a recognition of the steps we are taking. The strengthening of the Litigation and Public Affairs areas and the launch of a Health, Pharma and Healthcare Technology area are also in line with the growth and development of our company for the immediate future.<\/p>\n<p class=\"has-vivid-cyan-blue-color has-text-color\"><span style=\"color: #000000;\"><strong>What is your business model?<\/strong><\/span><\/p>\n<p><strong>Valvanuz Serna:<\/strong>\u00a0Our model offers strategic consultancy in corporate communication, with a differential positioning, based on senior talent and excellent project implementation. Our aim is to be a trusted partner for managers and company owners who need to outsource their communication department.<\/p>\n<p class=\"has-vivid-cyan-blue-color has-text-color\"><span style=\"color: #000000;\"><strong>What are the main services offered by the agency to its clients?<\/strong><\/span><\/p>\n<p><strong>Luc\u00eda Casanueva:<\/strong>\u00a0At\u00a0<strong>PROA<\/strong>\u00a0We offer corporate communications, financial communications, crisis management and internal communications, and talent management. We also have an area of public affairs and litigation communication and we have just launched the new Health area, a sector in which we are sure we can add value. We are also currently developing our range of services in branding, audiovisual products, events, corporate reports... in a transversal way, all the services described have a 360\u00ba strategy, including digital.<\/p>\n<p class=\"has-vivid-cyan-blue-color has-text-color\"><strong><span style=\"color: #000000;\">What do you consider to be the differential advantage most appreciated by your customers?<\/span>?<\/strong><\/p>\n<p><strong>Valvanuz Serna and Luc\u00eda Casanueva:<\/strong>\u00a0We believe that our clients value the contribution of excellence and senior talent to projects, the ability to think strategically for them and the understanding of their business models. The average age of PROA's consultants is between 40 and 55 years old and all of them have had responsibility, both in the media and as communication directors of large companies. This contribution of experience and thought process, together with impeccable execution, is what makes the difference in every project that has the PROA brand.<\/p>\n<p class=\"has-vivid-cyan-blue-color has-text-color\"><span style=\"color: #000000;\"><strong>What are your target sectors?<\/strong><\/span><\/p>\n<p><strong>Luc\u00eda Casanueva:<\/strong>\u00a0At the moment we believe there are interesting opportunities in the financial sector, pharmaceuticals and healthcare, and the energy sector. That said, our sectors\u00a0<em>target<\/em>\u00a0can be all of them, always looking for the best implementation team for each challenge.<\/p>\n<p class=\"has-vivid-cyan-blue-color has-text-color\"><span style=\"color: #000000;\"><strong>Could you tell us about some of the main clients who trust Proa?<\/strong><\/span><\/p>\n<p><strong>Valvanuz Serna:<\/strong>\u00a0We prefer not to give specific names, out of respect for our clients. They are usually the ones who, when they see fit, talk about PROA as their\u00a0<em>partner<\/em>\u00a0in external relations. Generally speaking, we currently have various subsidiaries of multinationals, sectoral employers' organisations and medium-sized, family-owned national companies.<\/p>\n<p class=\"has-vivid-cyan-blue-color has-text-color\"><span style=\"color: #000000;\"><strong>Can you tell us about a campaign or communication action that you are particularly satisfied with?<\/strong><\/span><\/p>\n<p><strong>Luc\u00eda Casanueva<\/strong>\u00a0<strong>and Valvanuz Serna:<\/strong>\u00a0It is difficult to give specific examples, but a challenge for PROA has been the relaunch of the Vargas Llosa Chair and the Ibero-American Foundation for Freedom (FIL). Here we have provided strategic communication consultancy services, both for the Vargas Llosa Chair and for the Ibero-American Foundation for Freedom, which brings together intellectuals and leaders in the field.\u00a0<em>think tanks<\/em>\u00a0in the United States, Latin America and Europe, which work in defence of the principles that are the foundations of democracy, freedom and prosperity. The PROA team has given visibility to the activities carried out by these organisations in Spain and Latin America.<\/p>\n<p>Another challenge with which we are satisfied is the documentary film we have made for the employers' organisation UNE, under the slogan \"Shared Progress\".<\/p>\n<p class=\"has-vivid-cyan-blue-color has-text-color\"><span style=\"color: #000000;\"><strong>What challenges have you set yourselves at Proa for 2023?<\/strong><\/span><\/p>\n<p><strong>Valvanuz Serna and<\/strong>\u00a0<strong>Luc\u00eda Casanueva:<\/strong>\u00a0We have many challenges and hopes for the coming year. Among others, we would like to highlight: the organisation of a quarterly PROA Observatory at our new headquarters in Montalb\u00e1n Street. In this sense, we want to start the year with a forum dedicated to mental health, which seems to us to be one of the most relevant issues on the information agenda.<\/p>\n<p>Another challenge is to increase awareness and recognition of the PROA brand throughout the country. Some of our potential clients know us, but we need to reinforce our presence and make PROA known throughout the country.\u00a0<em>top of mind<\/em>\u00a0of those who are looking for a reliable travel companion, a standard bearer for rigour and excellence in communication. We have also set ourselves the objective of continuing to grow by 30% per year, both through new business and growth among our current clients.<\/p>\n<p class=\"has-vivid-cyan-blue-color has-text-color\"><span style=\"color: #000000;\"><strong>What are the main problems facing the communication sector today?<\/strong><\/span><\/p>\n<p><strong>Luc\u00eda Casanueva:<\/strong>\u00a0We are in an environment of maximum uncertainty that poses a constant change of scenarios and a lack of homogeneous criteria when it comes to establishing the fees for the provision of our professional service. The fees paid by companies for their services to communications companies are 'low', for the resources and talent we dedicate. We must demonstrate our value so that remuneration is matched to the quality of the service provided and improved.<\/p>\n<p>It is clear to the people who run companies and institutions that communication is an essential factor for visibility, growth in reputation, attracting and retaining talent and customers. This requires experience and\u00a0<em>seniority<\/em>\u00a0from the consulting firms' side: there we find that it is difficult to surround ourselves with the best talent on the market and there is an excessive turnover of consultants. That is why at PROA we are committed to senior talent, loyal to the project.<\/p>\n<p>Another challenge, rather than a problem, is learning to live with uncertainty. In medium-sized consultancies, such as PROA, we face difficulties every day, such as the departure of a client or when a team member leaves us.<\/p>\n<p class=\"has-vivid-cyan-blue-color has-text-color\"><span style=\"color: #000000;\"><strong>Tell us about your team<\/strong><\/span><\/p>\n<p><strong>Valvanuz Serna:<\/strong>\u00a0PROA is made up of two owner-partners, Luc\u00eda and myself, and a team of 25 professionals, all of them very senior (between 40 and 55 years old), with solid professional careers and experience in managing people, clients and liaising with senior management, who provide services in the different areas of activity. The consultants have a great deal of autonomy and responsibility, and all of them have a final dialogue with the company's clients.<\/p>\n<p class=\"has-vivid-cyan-blue-color has-text-color\"><span style=\"color: #000000;\"><strong>What changes do you see in the sector in the near future?<\/strong><\/span><\/p>\n<p><strong>Luc\u00eda Casanueva:<\/strong>\u00a0I don't really like predictions, but I think that in 2023 we will be in a year of movement in the sector and of consolidation of medium-sized communication consultancies, in the same style as PROA: senior professionals in the implementation of projects, rigour in the approach to strategies and excellence in the implementation of projects. As it is a year of great uncertainty, I believe that there will also be a lot of demand for internal communication, litigation and crisis management.<\/p>\n<p>Business leaders will rely more than ever on experienced teams and the strategic capabilities of consultancies will be valued.<\/p>\n<p>PROA has shown that it has been able to deal with and grow through major crises. We were born and grew in the midst of the 2008 crisis and we see 2023 as an opportunity to continue to grow our business.\u00a0<em>expertise<\/em>\u00a0of sailing in stormy seas.<\/p>\n<p class=\"has-vivid-cyan-blue-color has-text-color\"><span style=\"color: #000000;\"><strong>Do you want to comment on any other topic of interest?<\/strong><\/span><\/p>\n<p><strong>Luc\u00eda Casanueva<\/strong>\u00a0<strong>and Valvanuz Serna:\u00a0<\/strong>We are looking forward to a strong comeback <a href=\"https:\/\/proacomunicacion.es\/en\/observatorio-comunicacion-estrategica-reputacion-corporativa\/\">the meetings of the PROA Observatory 'Beyond Communication, Reflection for Progress'.<\/a>already in our <a href=\"https:\/\/proacomunicacion.es\/en\/news-2\/hundred-businessmen-attend-inauguration-of-new-proa-madrid-headquarters\/\">new headquarters in Montalb\u00e1n 3<\/a>where we have a greater capacity to organise our own events and those of third parties.<\/p>\n<p>The launch event that we organised last November, at which we presented the report\u00a0<em>The new business communication and marketing in times of post-pandemic, economic crisis and war'.<\/em>The report, presented by Jos\u00e9 Antonio Zarzalejos, reflected our objective of going beyond communication and reflecting on the progress of society as a whole. We want to continue along these lines.<\/p>\n<p>Communication consultancies can have a real and positive impact on companies and public opinion, and we believe that our obligation is to generate environments that favour reflection.<\/p>","protected":false},"excerpt":{"rendered":"<p>Valvanuz Serna y Luc\u00eda Casanueva, socias directoras de PROA Comunicaci\u00f3n, detallan en una entrevista para Top Comunicaci\u00f3n los valores y atributos que diferencian a esta consultora esta consultora especializada en la gesti\u00f3n de la reputaci\u00f3n de sus competidores. Como se\u00f1alan ambas socias, el crecimiento sostenido de PROA se ha basado en el talento senior y [&hellip;]<\/p>\n","protected":false},"author":28,"featured_media":26060,"comment_status":"closed","ping_status":"closed","sticky":false,"template":"","format":"standard","meta":{"footnotes":""},"categories":[1],"tags":[26,460,25,7,162,433],"class_list":["post-33086","post","type-post","status-publish","format-standard","has-post-thumbnail","hentry","category-actualidad-proa","tag-comunicacion-corporativa","tag-comunicacion-estrategica","tag-lucia-casanueva","tag-proa-comunicacion","tag-reputacion-es","tag-valvanuz-serna"],"yoast_head":"<!-- This site is optimized with the Yoast SEO plugin v27.0 - https:\/\/yoast.com\/product\/yoast-seo-wordpress\/ -->\n<title>Tenemos un equipo muy senior, con s\u00f3lidas experiencias profesionales<\/title>\n<meta name=\"description\" content=\"Valvanuz Serna y Luc\u00eda Casanueva, socias directoras de PROA , detallan en Top Comunicaci\u00f3n los valores que diferencian a esta consultora.\" \/>\n<meta name=\"robots\" content=\"noindex, nofollow\" \/>\n<meta property=\"og:locale\" content=\"en_GB\" \/>\n<meta property=\"og:type\" content=\"article\" \/>\n<meta property=\"og:title\" content=\"Tenemos un equipo muy senior, con s\u00f3lidas experiencias profesionales\" \/>\n<meta property=\"og:description\" content=\"Valvanuz Serna y Luc\u00eda Casanueva, socias directoras de PROA , detallan en Top Comunicaci\u00f3n los valores que diferencian a esta consultora.\" \/>\n<meta property=\"og:url\" content=\"https:\/\/proacomunicacion.es\/en\/entry-12\/\" \/>\n<meta property=\"og:site_name\" content=\"PROA Comunicaci\u00f3n\" \/>\n<meta property=\"article:published_time\" content=\"2023-01-04T09:03:06+00:00\" \/>\n<meta property=\"og:image\" content=\"https:\/\/proacomunicacion.es\/wp-content\/uploads\/2025\/08\/Firefly_radio-de-barco-scaled.jpg\" \/>\n\t<meta property=\"og:image:width\" content=\"2560\" \/>\n\t<meta property=\"og:image:height\" content=\"1414\" \/>\n\t<meta property=\"og:image:type\" content=\"image\/jpeg\" \/>\n<meta name=\"author\" content=\"PROA Comunicaci\u00f3n\" \/>\n<meta name=\"twitter:card\" content=\"summary_large_image\" \/>\n<meta name=\"twitter:creator\" content=\"@proacomunica\" \/>\n<meta name=\"twitter:site\" content=\"@proacomunica\" \/>\n<meta name=\"twitter:label1\" content=\"Written by\" \/>\n\t<meta name=\"twitter:data1\" content=\"PROA Comunicaci\u00f3n\" \/>\n\t<meta name=\"twitter:label2\" content=\"Estimated reading time\" \/>\n\t<meta name=\"twitter:data2\" content=\"7 minutes\" \/>\n<script type=\"application\/ld+json\" class=\"yoast-schema-graph\">{\"@context\":\"https:\/\/schema.org\",\"@graph\":[{\"@type\":\"Article\",\"@id\":\"https:\/\/proacomunicacion.es\/entrada-12\/#article\",\"isPartOf\":{\"@id\":\"https:\/\/proacomunicacion.es\/entrada-12\/\"},\"author\":{\"name\":\"PROA Comunicaci\u00f3n\",\"@id\":\"https:\/\/proacomunicacion.es\/#\/schema\/person\/f80dc8938ea94e7f8aa1e8dc716d5a60\"},\"headline\":\"Valvanuz Serna Ruiz y Luc\u00eda Casanueva \u2014\u2014 \u00abTenemos un equipo muy senior, con s\u00f3lidas experiencias profesionales\u00bb\",\"datePublished\":\"2023-01-04T09:03:06+00:00\",\"mainEntityOfPage\":{\"@id\":\"https:\/\/proacomunicacion.es\/entrada-12\/\"},\"wordCount\":1681,\"publisher\":{\"@id\":\"https:\/\/proacomunicacion.es\/#organization\"},\"image\":{\"@id\":\"https:\/\/proacomunicacion.es\/entrada-12\/#primaryimage\"},\"thumbnailUrl\":\"\",\"keywords\":[\"Comunicaci\u00f3n corporativa\",\"Comunicaci\u00f3n estrat\u00e9gica\",\"Luc\u00eda Casanueva\",\"Proa Comunicaci\u00f3n\",\"reputacion\",\"Valvanuz Serna\"],\"articleSection\":[\"Actualidad\"],\"inLanguage\":\"en-GB\"},{\"@type\":\"WebPage\",\"@id\":\"https:\/\/proacomunicacion.es\/entrada-12\/\",\"url\":\"https:\/\/proacomunicacion.es\/entrada-12\/\",\"name\":\"Tenemos un equipo muy senior, con s\u00f3lidas experiencias profesionales\",\"isPartOf\":{\"@id\":\"https:\/\/proacomunicacion.es\/#website\"},\"primaryImageOfPage\":{\"@id\":\"https:\/\/proacomunicacion.es\/entrada-12\/#primaryimage\"},\"image\":{\"@id\":\"https:\/\/proacomunicacion.es\/entrada-12\/#primaryimage\"},\"thumbnailUrl\":\"\",\"datePublished\":\"2023-01-04T09:03:06+00:00\",\"description\":\"Valvanuz Serna y Luc\u00eda Casanueva, socias directoras de PROA , detallan en Top Comunicaci\u00f3n los valores que diferencian a esta consultora.\",\"breadcrumb\":{\"@id\":\"https:\/\/proacomunicacion.es\/entrada-12\/#breadcrumb\"},\"inLanguage\":\"en-GB\",\"potentialAction\":[{\"@type\":\"ReadAction\",\"target\":[\"https:\/\/proacomunicacion.es\/entrada-12\/\"]}]},{\"@type\":\"ImageObject\",\"inLanguage\":\"en-GB\",\"@id\":\"https:\/\/proacomunicacion.es\/entrada-12\/#primaryimage\",\"url\":\"\",\"contentUrl\":\"\"},{\"@type\":\"BreadcrumbList\",\"@id\":\"https:\/\/proacomunicacion.es\/entrada-12\/#breadcrumb\",\"itemListElement\":[{\"@type\":\"ListItem\",\"position\":1,\"name\":\"Portada\",\"item\":\"https:\/\/proacomunicacion.es\/\"},{\"@type\":\"ListItem\",\"position\":2,\"name\":\"Valvanuz Serna Ruiz y Luc\u00eda Casanueva \u2014\u2014 \u00abTenemos un equipo muy senior, con s\u00f3lidas experiencias profesionales\u00bb\"}]},{\"@type\":\"WebSite\",\"@id\":\"https:\/\/proacomunicacion.es\/#website\",\"url\":\"https:\/\/proacomunicacion.es\/\",\"name\":\"PROA Comunicaci\u00f3n\",\"description\":\"Agencia de Comunicaci\u00f3n Corporativa en Madrid, Barcelona y Galicia.\",\"publisher\":{\"@id\":\"https:\/\/proacomunicacion.es\/#organization\"},\"alternateName\":\"PROA Comunicaci\u00f3n\",\"potentialAction\":[{\"@type\":\"SearchAction\",\"target\":{\"@type\":\"EntryPoint\",\"urlTemplate\":\"https:\/\/proacomunicacion.es\/?s={search_term_string}\"},\"query-input\":{\"@type\":\"PropertyValueSpecification\",\"valueRequired\":true,\"valueName\":\"search_term_string\"}}],\"inLanguage\":\"en-GB\"},{\"@type\":\"Organization\",\"@id\":\"https:\/\/proacomunicacion.es\/#organization\",\"name\":\"PROA Comunicaci\u00f3n\",\"alternateName\":\"PROA Comunicaci\u00f3n\",\"url\":\"https:\/\/proacomunicacion.es\/\",\"logo\":{\"@type\":\"ImageObject\",\"inLanguage\":\"en-GB\",\"@id\":\"https:\/\/proacomunicacion.es\/#\/schema\/logo\/image\/\",\"url\":\"https:\/\/proacomunicacion.es\/wp-content\/uploads\/2024\/01\/Logo_Light.svg\",\"contentUrl\":\"https:\/\/proacomunicacion.es\/wp-content\/uploads\/2024\/01\/Logo_Light.svg\",\"width\":136,\"height\":33,\"caption\":\"PROA Comunicaci\u00f3n\"},\"image\":{\"@id\":\"https:\/\/proacomunicacion.es\/#\/schema\/logo\/image\/\"},\"sameAs\":[\"https:\/\/x.com\/proacomunica\",\"https:\/\/es.linkedin.com\/company\/proa-comunicacion_2\",\"https:\/\/www.instagram.com\/proacomunica\/\",\"https:\/\/www.youtube.com\/@proacomunicacion\",\"https:\/\/es.wikipedia.org\/wiki\/PROA_Comunicacin\"]},{\"@type\":\"Person\",\"@id\":\"https:\/\/proacomunicacion.es\/#\/schema\/person\/f80dc8938ea94e7f8aa1e8dc716d5a60\",\"name\":\"PROA Comunicaci\u00f3n\",\"image\":{\"@type\":\"ImageObject\",\"inLanguage\":\"en-GB\",\"@id\":\"https:\/\/proacomunicacion.es\/#\/schema\/person\/image\/\",\"url\":\"https:\/\/secure.gravatar.com\/avatar\/394c93c195ff19b00e79d66a42971657a01de9f2740b97148d0f14a1e1a359b7?s=96&r=g\",\"contentUrl\":\"https:\/\/secure.gravatar.com\/avatar\/394c93c195ff19b00e79d66a42971657a01de9f2740b97148d0f14a1e1a359b7?s=96&r=g\",\"caption\":\"PROA Comunicaci\u00f3n\"}}]}<\/script>\n<!-- \/ Yoast SEO plugin. -->","yoast_head_json":{"title":"We have a very senior team, with solid professional experience.","description":"Valvanuz Serna and Luc\u00eda Casanueva, managing partners of PROA , detail in Top Comunicaci\u00f3n the values that differentiate this consultancy firm.","robots":{"index":"noindex","follow":"nofollow"},"og_locale":"en_GB","og_type":"article","og_title":"Tenemos un equipo muy senior, con s\u00f3lidas experiencias profesionales","og_description":"Valvanuz Serna y Luc\u00eda Casanueva, socias directoras de PROA , detallan en Top Comunicaci\u00f3n los valores que diferencian a esta consultora.","og_url":"https:\/\/proacomunicacion.es\/en\/entry-12\/","og_site_name":"PROA Comunicaci\u00f3n","article_published_time":"2023-01-04T09:03:06+00:00","og_image":[{"width":2560,"height":1414,"url":"https:\/\/proacomunicacion.es\/wp-content\/uploads\/2025\/08\/Firefly_radio-de-barco-scaled.jpg","type":"image\/jpeg"}],"author":"PROA Comunicaci\u00f3n","twitter_card":"summary_large_image","twitter_creator":"@proacomunica","twitter_site":"@proacomunica","twitter_misc":{"Written by":"PROA Comunicaci\u00f3n","Estimated reading time":"7 minutes"},"schema":{"@context":"https:\/\/schema.org","@graph":[{"@type":"Article","@id":"https:\/\/proacomunicacion.es\/entrada-12\/#article","isPartOf":{"@id":"https:\/\/proacomunicacion.es\/entrada-12\/"},"author":{"name":"PROA Comunicaci\u00f3n","@id":"https:\/\/proacomunicacion.es\/#\/schema\/person\/f80dc8938ea94e7f8aa1e8dc716d5a60"},"headline":"Valvanuz Serna Ruiz y Luc\u00eda Casanueva \u2014\u2014 \u00abTenemos un equipo muy senior, con s\u00f3lidas experiencias profesionales\u00bb","datePublished":"2023-01-04T09:03:06+00:00","mainEntityOfPage":{"@id":"https:\/\/proacomunicacion.es\/entrada-12\/"},"wordCount":1681,"publisher":{"@id":"https:\/\/proacomunicacion.es\/#organization"},"image":{"@id":"https:\/\/proacomunicacion.es\/entrada-12\/#primaryimage"},"thumbnailUrl":"","keywords":["Comunicaci\u00f3n corporativa","Comunicaci\u00f3n estrat\u00e9gica","Luc\u00eda Casanueva","Proa Comunicaci\u00f3n","reputacion","Valvanuz Serna"],"articleSection":["Actualidad"],"inLanguage":"en-GB"},{"@type":"WebPage","@id":"https:\/\/proacomunicacion.es\/entrada-12\/","url":"https:\/\/proacomunicacion.es\/entrada-12\/","name":"We have a very senior team, with solid professional experience.","isPartOf":{"@id":"https:\/\/proacomunicacion.es\/#website"},"primaryImageOfPage":{"@id":"https:\/\/proacomunicacion.es\/entrada-12\/#primaryimage"},"image":{"@id":"https:\/\/proacomunicacion.es\/entrada-12\/#primaryimage"},"thumbnailUrl":"","datePublished":"2023-01-04T09:03:06+00:00","description":"Valvanuz Serna and Luc\u00eda Casanueva, managing partners of PROA , detail in Top Comunicaci\u00f3n the values that differentiate this consultancy firm.","breadcrumb":{"@id":"https:\/\/proacomunicacion.es\/entrada-12\/#breadcrumb"},"inLanguage":"en-GB","potentialAction":[{"@type":"ReadAction","target":["https:\/\/proacomunicacion.es\/entrada-12\/"]}]},{"@type":"ImageObject","inLanguage":"en-GB","@id":"https:\/\/proacomunicacion.es\/entrada-12\/#primaryimage","url":"","contentUrl":""},{"@type":"BreadcrumbList","@id":"https:\/\/proacomunicacion.es\/entrada-12\/#breadcrumb","itemListElement":[{"@type":"ListItem","position":1,"name":"Portada","item":"https:\/\/proacomunicacion.es\/"},{"@type":"ListItem","position":2,"name":"Valvanuz Serna Ruiz y Luc\u00eda Casanueva \u2014\u2014 \u00abTenemos un equipo muy senior, con s\u00f3lidas experiencias profesionales\u00bb"}]},{"@type":"WebSite","@id":"https:\/\/proacomunicacion.es\/#website","url":"https:\/\/proacomunicacion.es\/","name":"PROA Communication","description":"Corporate Communications Agency in Madrid, Barcelona and Galicia.","publisher":{"@id":"https:\/\/proacomunicacion.es\/#organization"},"alternateName":"PROA Comunicaci\u00f3n","potentialAction":[{"@type":"SearchAction","target":{"@type":"EntryPoint","urlTemplate":"https:\/\/proacomunicacion.es\/?s={search_term_string}"},"query-input":{"@type":"PropertyValueSpecification","valueRequired":true,"valueName":"search_term_string"}}],"inLanguage":"en-GB"},{"@type":"Organization","@id":"https:\/\/proacomunicacion.es\/#organization","name":"PROA Communication","alternateName":"PROA Comunicaci\u00f3n","url":"https:\/\/proacomunicacion.es\/","logo":{"@type":"ImageObject","inLanguage":"en-GB","@id":"https:\/\/proacomunicacion.es\/#\/schema\/logo\/image\/","url":"https:\/\/proacomunicacion.es\/wp-content\/uploads\/2024\/01\/Logo_Light.svg","contentUrl":"https:\/\/proacomunicacion.es\/wp-content\/uploads\/2024\/01\/Logo_Light.svg","width":136,"height":33,"caption":"PROA Comunicaci\u00f3n"},"image":{"@id":"https:\/\/proacomunicacion.es\/#\/schema\/logo\/image\/"},"sameAs":["https:\/\/x.com\/proacomunica","https:\/\/es.linkedin.com\/company\/proa-comunicacion_2","https:\/\/www.instagram.com\/proacomunica\/","https:\/\/www.youtube.com\/@proacomunicacion","https:\/\/es.wikipedia.org\/wiki\/PROA_Comunicacin"]},{"@type":"Person","@id":"https:\/\/proacomunicacion.es\/#\/schema\/person\/f80dc8938ea94e7f8aa1e8dc716d5a60","name":"PROA Communication","image":{"@type":"ImageObject","inLanguage":"en-GB","@id":"https:\/\/proacomunicacion.es\/#\/schema\/person\/image\/","url":"https:\/\/secure.gravatar.com\/avatar\/394c93c195ff19b00e79d66a42971657a01de9f2740b97148d0f14a1e1a359b7?s=96&r=g","contentUrl":"https:\/\/secure.gravatar.com\/avatar\/394c93c195ff19b00e79d66a42971657a01de9f2740b97148d0f14a1e1a359b7?s=96&r=g","caption":"PROA Comunicaci\u00f3n"}}]}},"_links":{"self":[{"href":"https:\/\/proacomunicacion.es\/en\/wp-json\/wp\/v2\/posts\/33086","targetHints":{"allow":["GET"]}}],"collection":[{"href":"https:\/\/proacomunicacion.es\/en\/wp-json\/wp\/v2\/posts"}],"about":[{"href":"https:\/\/proacomunicacion.es\/en\/wp-json\/wp\/v2\/types\/post"}],"author":[{"embeddable":true,"href":"https:\/\/proacomunicacion.es\/en\/wp-json\/wp\/v2\/users\/28"}],"replies":[{"embeddable":true,"href":"https:\/\/proacomunicacion.es\/en\/wp-json\/wp\/v2\/comments?post=33086"}],"version-history":[{"count":0,"href":"https:\/\/proacomunicacion.es\/en\/wp-json\/wp\/v2\/posts\/33086\/revisions"}],"wp:featuredmedia":[{"embeddable":true,"href":"https:\/\/proacomunicacion.es\/en\/wp-json\/"}],"wp:attachment":[{"href":"https:\/\/proacomunicacion.es\/en\/wp-json\/wp\/v2\/media?parent=33086"}],"wp:term":[{"taxonomy":"category","embeddable":true,"href":"https:\/\/proacomunicacion.es\/en\/wp-json\/wp\/v2\/categories?post=33086"},{"taxonomy":"post_tag","embeddable":true,"href":"https:\/\/proacomunicacion.es\/en\/wp-json\/wp\/v2\/tags?post=33086"}],"curies":[{"name":"wp","href":"https:\/\/api.w.org\/{rel}","templated":true}]}}