{"id":33166,"date":"2020-04-23T16:35:40","date_gmt":"2020-04-23T14:35:40","guid":{"rendered":"https:\/\/proacomunicacion.es\/?p=33166"},"modified":"2020-04-23T16:35:40","modified_gmt":"2020-04-23T14:35:40","slug":"entry-52","status":"publish","type":"post","link":"https:\/\/proacomunicacion.es\/en\/entrada-52\/","title":{"rendered":"Business communication post-COVID-19"},"content":{"rendered":"<p class=\"mce\" style=\"text-align: justify;\">We are living in a scenario of total crisis in the health, economic and social spheres. Faced with an unprecedented situation, there is no script that allows us to know which decisions are the right ones at any given moment. In this context,\u00a0<strong class=\"mce\">the interventions of the Minister of Labour are nonsensical<\/strong>\u00a0for the employers who strive to keep jobs and for the workers affected by a redundancy or ERTE.\u00a0<strong class=\"mce\">Yolanda D\u00edaz's speech is confusing, clumsy, conveys insecurity and lack of preparation.<\/strong>. Both the substance and the form fail, because a permanent smile is not appropriate when a message that is difficult to digest for the Spanish business community is being sent out. That reality and message must be combined is a rule of crisis communication that will become even more important when the coronavirus is remembered as a tragic experience.<\/p>\n<p class=\"mce\" style=\"text-align: justify;\">Spanish companies have taken drastic measures very quickly to ensure their survival. The tourism sector, the entertainment industry, educational establishments and their suppliers and contractors have not had time to design the preparatory phase of the communication;\u00a0<strong class=\"mce\">the immediacy and scope of the total crisis has occurred without a script to guide the steps to be followed<\/strong>. I don't know when we will see the light, but we have to prepare the post-COVID-19 moment for those companies that have had to amputate a part of the body and here <strong class=\"mce\">it is very important to have a well-defined communication strategy.<\/strong>\u00a0because it is as important to manage well as to communicate it properly.<\/p>\n<h4 class=\"mce\" style=\"text-align: justify;\">After-effects among employees<\/h4>\n<p class=\"mce\" style=\"text-align: justify;\">How to do it? The rehabilitation phase is vital.\u00a0<strong class=\"mce\">Employees who remain with the company after a restructuring will suffer impacts that affect their performance.<\/strong>They will have anxiety; they will feel guilty and insecure about the future and all this will be covered by a veil of loss of motivation.<\/p>\n<p class=\"mce\" style=\"text-align: justify;\">These will be some of the consequences of an ERE or ERTE. To return to some semblance of normality in the period when the worst of this pandemic is behind us, it will require a professional team that is fully engaged. For their part,\u00a0<strong class=\"mce\">the company should have a business plan with realistic objectives and timelines that should be communicated to all staff.<\/strong>. In the post-COVID era, the figure of the leader will be more necessary than at any other time: employees will need to see the employer at the forefront and will look not only at his or her professional competence but also at his or her personality. <strong class=\"mce\">The chief executive will need to be sensitive and empathetic to the team.<\/strong>\u00a0and will have to get involved, recognise the situation, explain the solutions and set the course. This responsibility cannot be delegated and must be assumed by the chief executive, whether he or she likes it or not. This is not the time to pull in the HR department.<\/p>\n<p class=\"mce\" style=\"text-align: justify;\">The\u00a0<strong class=\"mce\">internal transparency<\/strong>\u00a0will also be essential in the process of restoring normality. If it is always necessary for an employee to be informed of what is happening, it will now be critical. A transparent, clear and timely message backed up by good management of the facts will be essential. Doors will need to be opened to genuine dialogue and questions will need to be met with answers and the option to cross-examine. Employees will need to know what is happening and where we are going.<\/p>\n<p class=\"mce\" style=\"text-align: justify;\">The\u00a0<strong class=\"mce\">exemplarity<\/strong>\u00a0will also be a fundamental requirement because after asking the staff to make great sacrifices, they will have to perceive that superfluous expenses are being cut while strictly necessary investments are being made. And, in order to get out of the ICU, it will be necessary to focus on the customer and ensure that the entire professional team sees the satisfaction of customer expectations as the key to the company's survival and success. This conviction must also be transferred to the rest of the company's relevant publics.<\/p>\n<p class=\"mce\" style=\"text-align: justify;\">The medicine that will best help to accelerate a post-COVID-19 business recovery process will be the <strong class=\"mce\">positivism<\/strong>\u00a0and to motivate the most important asset of any company - its employees. And all this will have to be done with great\u00a0<strong class=\"mce\">a dose of patience and humanity<\/strong>. It won't be easy, but we will be able to see the light at the end of the tunnel and, hopefully, we will have learned something.<\/p>\n<p>This article has been published in Voz P\u00f3puli. You can access it by clicking on the following link <a href=\"https:\/\/www.vozpopuli.com\/opinion\/estrategia-comunicacion-empresarial-coronavirus-empleados_0_1344167091.html\">link<\/a>.<\/p>\n<hr \/>\n<p><strong>Luc\u00eda Casanueva<\/strong><\/p>\n<p>Managing Partner of Proa Comunicaci\u00f3n<\/p>","protected":false},"excerpt":{"rendered":"<p>Vivimos en un escenario de crisis total en el \u00e1mbito sanitario, econ\u00f3mico y social. Ante una situaci\u00f3n in\u00e9dita no hay un guion que permita saber cu\u00e1les son las decisiones acertadas en cada momento. En este contexto,\u00a0las intervenciones de la Ministra de Trabajo son un desprop\u00f3sito\u00a0para los empresarios que se esfuerzan por mantener los puestos de [&hellip;]<\/p>\n","protected":false},"author":28,"featured_media":17769,"comment_status":"closed","ping_status":"closed","sticky":false,"template":"","format":"standard","meta":{"footnotes":""},"categories":[1],"tags":[67,42,286,298,307,25,7,308],"class_list":["post-33166","post","type-post","status-publish","format-standard","has-post-thumbnail","hentry","category-actualidad-proa","tag-comunicacion","tag-comunicacion-de-crisis","tag-coronavirus","tag-covid19-en","tag-estrategia-de-comunicacion","tag-lucia-casanueva","tag-proa-comunicacion","tag-voz-populi"],"yoast_head":"<!-- This site is optimized with the Yoast SEO plugin v27.0 - https:\/\/yoast.com\/product\/yoast-seo-wordpress\/ -->\n<title>La comunicaci\u00f3n empresarial post-COVID-19 - PROA Comunicaci\u00f3n<\/title>\n<meta name=\"robots\" content=\"noindex, nofollow\" \/>\n<meta property=\"og:locale\" content=\"en_GB\" \/>\n<meta property=\"og:type\" content=\"article\" \/>\n<meta property=\"og:title\" content=\"La comunicaci\u00f3n empresarial post-COVID-19 - PROA Comunicaci\u00f3n\" \/>\n<meta property=\"og:description\" content=\"Vivimos en un escenario de crisis total en el \u00e1mbito sanitario, econ\u00f3mico y social. Ante una situaci\u00f3n in\u00e9dita no hay un guion que permita saber cu\u00e1les son las decisiones acertadas en cada momento. En este contexto,\u00a0las intervenciones de la Ministra de Trabajo son un desprop\u00f3sito\u00a0para los empresarios que se esfuerzan por mantener los puestos de [&hellip;]\" \/>\n<meta property=\"og:url\" content=\"https:\/\/proacomunicacion.es\/en\/entry-52\/\" \/>\n<meta property=\"og:site_name\" content=\"PROA Comunicaci\u00f3n\" \/>\n<meta property=\"article:published_time\" content=\"2020-04-23T14:35:40+00:00\" \/>\n<meta property=\"og:image\" content=\"https:\/\/proacomunicacion.es\/wp-content\/uploads\/2025\/08\/Firefly_radio-de-barco-scaled.jpg\" \/>\n\t<meta property=\"og:image:width\" content=\"2560\" \/>\n\t<meta property=\"og:image:height\" content=\"1414\" \/>\n\t<meta property=\"og:image:type\" content=\"image\/jpeg\" \/>\n<meta name=\"author\" content=\"PROA Comunicaci\u00f3n\" \/>\n<meta name=\"twitter:card\" content=\"summary_large_image\" \/>\n<meta name=\"twitter:creator\" content=\"@proacomunica\" \/>\n<meta name=\"twitter:site\" content=\"@proacomunica\" \/>\n<meta name=\"twitter:label1\" content=\"Written by\" \/>\n\t<meta name=\"twitter:data1\" content=\"PROA Comunicaci\u00f3n\" \/>\n\t<meta name=\"twitter:label2\" content=\"Estimated reading time\" \/>\n\t<meta name=\"twitter:data2\" content=\"4 minutes\" \/>\n<script type=\"application\/ld+json\" class=\"yoast-schema-graph\">{\"@context\":\"https:\/\/schema.org\",\"@graph\":[{\"@type\":\"Article\",\"@id\":\"https:\/\/proacomunicacion.es\/entrada-52\/#article\",\"isPartOf\":{\"@id\":\"https:\/\/proacomunicacion.es\/entrada-52\/\"},\"author\":{\"name\":\"PROA Comunicaci\u00f3n\",\"@id\":\"https:\/\/proacomunicacion.es\/#\/schema\/person\/f80dc8938ea94e7f8aa1e8dc716d5a60\"},\"headline\":\"La comunicaci\u00f3n empresarial post-COVID-19\",\"datePublished\":\"2020-04-23T14:35:40+00:00\",\"mainEntityOfPage\":{\"@id\":\"https:\/\/proacomunicacion.es\/entrada-52\/\"},\"wordCount\":787,\"publisher\":{\"@id\":\"https:\/\/proacomunicacion.es\/#organization\"},\"image\":{\"@id\":\"https:\/\/proacomunicacion.es\/entrada-52\/#primaryimage\"},\"thumbnailUrl\":\"\",\"keywords\":[\"comunicacion\",\"Comunicaci\u00f3n de crisis\",\"coronavirus\",\"COVID19\",\"estrategia de comunicaci\u00f3n\",\"Luc\u00eda Casanueva\",\"Proa Comunicaci\u00f3n\",\"Voz P\u00f3puli\"],\"articleSection\":[\"Actualidad\"],\"inLanguage\":\"en-GB\"},{\"@type\":\"WebPage\",\"@id\":\"https:\/\/proacomunicacion.es\/entrada-52\/\",\"url\":\"https:\/\/proacomunicacion.es\/entrada-52\/\",\"name\":\"La comunicaci\u00f3n empresarial post-COVID-19 - PROA Comunicaci\u00f3n\",\"isPartOf\":{\"@id\":\"https:\/\/proacomunicacion.es\/#website\"},\"primaryImageOfPage\":{\"@id\":\"https:\/\/proacomunicacion.es\/entrada-52\/#primaryimage\"},\"image\":{\"@id\":\"https:\/\/proacomunicacion.es\/entrada-52\/#primaryimage\"},\"thumbnailUrl\":\"\",\"datePublished\":\"2020-04-23T14:35:40+00:00\",\"breadcrumb\":{\"@id\":\"https:\/\/proacomunicacion.es\/entrada-52\/#breadcrumb\"},\"inLanguage\":\"en-GB\",\"potentialAction\":[{\"@type\":\"ReadAction\",\"target\":[\"https:\/\/proacomunicacion.es\/entrada-52\/\"]}]},{\"@type\":\"ImageObject\",\"inLanguage\":\"en-GB\",\"@id\":\"https:\/\/proacomunicacion.es\/entrada-52\/#primaryimage\",\"url\":\"\",\"contentUrl\":\"\"},{\"@type\":\"BreadcrumbList\",\"@id\":\"https:\/\/proacomunicacion.es\/entrada-52\/#breadcrumb\",\"itemListElement\":[{\"@type\":\"ListItem\",\"position\":1,\"name\":\"Portada\",\"item\":\"https:\/\/proacomunicacion.es\/\"},{\"@type\":\"ListItem\",\"position\":2,\"name\":\"La comunicaci\u00f3n empresarial post-COVID-19\"}]},{\"@type\":\"WebSite\",\"@id\":\"https:\/\/proacomunicacion.es\/#website\",\"url\":\"https:\/\/proacomunicacion.es\/\",\"name\":\"PROA Comunicaci\u00f3n\",\"description\":\"Agencia de Comunicaci\u00f3n Corporativa en Madrid, Barcelona y Galicia.\",\"publisher\":{\"@id\":\"https:\/\/proacomunicacion.es\/#organization\"},\"alternateName\":\"PROA Comunicaci\u00f3n\",\"potentialAction\":[{\"@type\":\"SearchAction\",\"target\":{\"@type\":\"EntryPoint\",\"urlTemplate\":\"https:\/\/proacomunicacion.es\/?s={search_term_string}\"},\"query-input\":{\"@type\":\"PropertyValueSpecification\",\"valueRequired\":true,\"valueName\":\"search_term_string\"}}],\"inLanguage\":\"en-GB\"},{\"@type\":\"Organization\",\"@id\":\"https:\/\/proacomunicacion.es\/#organization\",\"name\":\"PROA Comunicaci\u00f3n\",\"alternateName\":\"PROA Comunicaci\u00f3n\",\"url\":\"https:\/\/proacomunicacion.es\/\",\"logo\":{\"@type\":\"ImageObject\",\"inLanguage\":\"en-GB\",\"@id\":\"https:\/\/proacomunicacion.es\/#\/schema\/logo\/image\/\",\"url\":\"https:\/\/proacomunicacion.es\/wp-content\/uploads\/2024\/01\/Logo_Light.svg\",\"contentUrl\":\"https:\/\/proacomunicacion.es\/wp-content\/uploads\/2024\/01\/Logo_Light.svg\",\"width\":136,\"height\":33,\"caption\":\"PROA Comunicaci\u00f3n\"},\"image\":{\"@id\":\"https:\/\/proacomunicacion.es\/#\/schema\/logo\/image\/\"},\"sameAs\":[\"https:\/\/x.com\/proacomunica\",\"https:\/\/es.linkedin.com\/company\/proa-comunicacion_2\",\"https:\/\/www.instagram.com\/proacomunica\/\",\"https:\/\/www.youtube.com\/@proacomunicacion\",\"https:\/\/es.wikipedia.org\/wiki\/PROA_Comunicacin\"]},{\"@type\":\"Person\",\"@id\":\"https:\/\/proacomunicacion.es\/#\/schema\/person\/f80dc8938ea94e7f8aa1e8dc716d5a60\",\"name\":\"PROA Comunicaci\u00f3n\",\"image\":{\"@type\":\"ImageObject\",\"inLanguage\":\"en-GB\",\"@id\":\"https:\/\/proacomunicacion.es\/#\/schema\/person\/image\/\",\"url\":\"https:\/\/secure.gravatar.com\/avatar\/394c93c195ff19b00e79d66a42971657a01de9f2740b97148d0f14a1e1a359b7?s=96&r=g\",\"contentUrl\":\"https:\/\/secure.gravatar.com\/avatar\/394c93c195ff19b00e79d66a42971657a01de9f2740b97148d0f14a1e1a359b7?s=96&r=g\",\"caption\":\"PROA Comunicaci\u00f3n\"}}]}<\/script>\n<!-- \/ Yoast SEO plugin. -->","yoast_head_json":{"title":"Business Communication post-COVID-19 - PROA Comunicaci\u00f3n","robots":{"index":"noindex","follow":"nofollow"},"og_locale":"en_GB","og_type":"article","og_title":"La comunicaci\u00f3n empresarial post-COVID-19 - PROA Comunicaci\u00f3n","og_description":"Vivimos en un escenario de crisis total en el \u00e1mbito sanitario, econ\u00f3mico y social. Ante una situaci\u00f3n in\u00e9dita no hay un guion que permita saber cu\u00e1les son las decisiones acertadas en cada momento. En este contexto,\u00a0las intervenciones de la Ministra de Trabajo son un desprop\u00f3sito\u00a0para los empresarios que se esfuerzan por mantener los puestos de [&hellip;]","og_url":"https:\/\/proacomunicacion.es\/en\/entry-52\/","og_site_name":"PROA Comunicaci\u00f3n","article_published_time":"2020-04-23T14:35:40+00:00","og_image":[{"width":2560,"height":1414,"url":"https:\/\/proacomunicacion.es\/wp-content\/uploads\/2025\/08\/Firefly_radio-de-barco-scaled.jpg","type":"image\/jpeg"}],"author":"PROA Comunicaci\u00f3n","twitter_card":"summary_large_image","twitter_creator":"@proacomunica","twitter_site":"@proacomunica","twitter_misc":{"Written by":"PROA Comunicaci\u00f3n","Estimated reading time":"4 minutes"},"schema":{"@context":"https:\/\/schema.org","@graph":[{"@type":"Article","@id":"https:\/\/proacomunicacion.es\/entrada-52\/#article","isPartOf":{"@id":"https:\/\/proacomunicacion.es\/entrada-52\/"},"author":{"name":"PROA Comunicaci\u00f3n","@id":"https:\/\/proacomunicacion.es\/#\/schema\/person\/f80dc8938ea94e7f8aa1e8dc716d5a60"},"headline":"La comunicaci\u00f3n empresarial post-COVID-19","datePublished":"2020-04-23T14:35:40+00:00","mainEntityOfPage":{"@id":"https:\/\/proacomunicacion.es\/entrada-52\/"},"wordCount":787,"publisher":{"@id":"https:\/\/proacomunicacion.es\/#organization"},"image":{"@id":"https:\/\/proacomunicacion.es\/entrada-52\/#primaryimage"},"thumbnailUrl":"","keywords":["comunicacion","Comunicaci\u00f3n de crisis","coronavirus","COVID19","estrategia de comunicaci\u00f3n","Luc\u00eda Casanueva","Proa Comunicaci\u00f3n","Voz P\u00f3puli"],"articleSection":["Actualidad"],"inLanguage":"en-GB"},{"@type":"WebPage","@id":"https:\/\/proacomunicacion.es\/entrada-52\/","url":"https:\/\/proacomunicacion.es\/entrada-52\/","name":"Business Communication post-COVID-19 - PROA Comunicaci\u00f3n","isPartOf":{"@id":"https:\/\/proacomunicacion.es\/#website"},"primaryImageOfPage":{"@id":"https:\/\/proacomunicacion.es\/entrada-52\/#primaryimage"},"image":{"@id":"https:\/\/proacomunicacion.es\/entrada-52\/#primaryimage"},"thumbnailUrl":"","datePublished":"2020-04-23T14:35:40+00:00","breadcrumb":{"@id":"https:\/\/proacomunicacion.es\/entrada-52\/#breadcrumb"},"inLanguage":"en-GB","potentialAction":[{"@type":"ReadAction","target":["https:\/\/proacomunicacion.es\/entrada-52\/"]}]},{"@type":"ImageObject","inLanguage":"en-GB","@id":"https:\/\/proacomunicacion.es\/entrada-52\/#primaryimage","url":"","contentUrl":""},{"@type":"BreadcrumbList","@id":"https:\/\/proacomunicacion.es\/entrada-52\/#breadcrumb","itemListElement":[{"@type":"ListItem","position":1,"name":"Portada","item":"https:\/\/proacomunicacion.es\/"},{"@type":"ListItem","position":2,"name":"La comunicaci\u00f3n empresarial post-COVID-19"}]},{"@type":"WebSite","@id":"https:\/\/proacomunicacion.es\/#website","url":"https:\/\/proacomunicacion.es\/","name":"PROA Communication","description":"Corporate Communications Agency in Madrid, Barcelona and Galicia.","publisher":{"@id":"https:\/\/proacomunicacion.es\/#organization"},"alternateName":"PROA Comunicaci\u00f3n","potentialAction":[{"@type":"SearchAction","target":{"@type":"EntryPoint","urlTemplate":"https:\/\/proacomunicacion.es\/?s={search_term_string}"},"query-input":{"@type":"PropertyValueSpecification","valueRequired":true,"valueName":"search_term_string"}}],"inLanguage":"en-GB"},{"@type":"Organization","@id":"https:\/\/proacomunicacion.es\/#organization","name":"PROA Communication","alternateName":"PROA Comunicaci\u00f3n","url":"https:\/\/proacomunicacion.es\/","logo":{"@type":"ImageObject","inLanguage":"en-GB","@id":"https:\/\/proacomunicacion.es\/#\/schema\/logo\/image\/","url":"https:\/\/proacomunicacion.es\/wp-content\/uploads\/2024\/01\/Logo_Light.svg","contentUrl":"https:\/\/proacomunicacion.es\/wp-content\/uploads\/2024\/01\/Logo_Light.svg","width":136,"height":33,"caption":"PROA Comunicaci\u00f3n"},"image":{"@id":"https:\/\/proacomunicacion.es\/#\/schema\/logo\/image\/"},"sameAs":["https:\/\/x.com\/proacomunica","https:\/\/es.linkedin.com\/company\/proa-comunicacion_2","https:\/\/www.instagram.com\/proacomunica\/","https:\/\/www.youtube.com\/@proacomunicacion","https:\/\/es.wikipedia.org\/wiki\/PROA_Comunicacin"]},{"@type":"Person","@id":"https:\/\/proacomunicacion.es\/#\/schema\/person\/f80dc8938ea94e7f8aa1e8dc716d5a60","name":"PROA Communication","image":{"@type":"ImageObject","inLanguage":"en-GB","@id":"https:\/\/proacomunicacion.es\/#\/schema\/person\/image\/","url":"https:\/\/secure.gravatar.com\/avatar\/394c93c195ff19b00e79d66a42971657a01de9f2740b97148d0f14a1e1a359b7?s=96&r=g","contentUrl":"https:\/\/secure.gravatar.com\/avatar\/394c93c195ff19b00e79d66a42971657a01de9f2740b97148d0f14a1e1a359b7?s=96&r=g","caption":"PROA Comunicaci\u00f3n"}}]}},"_links":{"self":[{"href":"https:\/\/proacomunicacion.es\/en\/wp-json\/wp\/v2\/posts\/33166","targetHints":{"allow":["GET"]}}],"collection":[{"href":"https:\/\/proacomunicacion.es\/en\/wp-json\/wp\/v2\/posts"}],"about":[{"href":"https:\/\/proacomunicacion.es\/en\/wp-json\/wp\/v2\/types\/post"}],"author":[{"embeddable":true,"href":"https:\/\/proacomunicacion.es\/en\/wp-json\/wp\/v2\/users\/28"}],"replies":[{"embeddable":true,"href":"https:\/\/proacomunicacion.es\/en\/wp-json\/wp\/v2\/comments?post=33166"}],"version-history":[{"count":0,"href":"https:\/\/proacomunicacion.es\/en\/wp-json\/wp\/v2\/posts\/33166\/revisions"}],"wp:featuredmedia":[{"embeddable":true,"href":"https:\/\/proacomunicacion.es\/en\/wp-json\/"}],"wp:attachment":[{"href":"https:\/\/proacomunicacion.es\/en\/wp-json\/wp\/v2\/media?parent=33166"}],"wp:term":[{"taxonomy":"category","embeddable":true,"href":"https:\/\/proacomunicacion.es\/en\/wp-json\/wp\/v2\/categories?post=33166"},{"taxonomy":"post_tag","embeddable":true,"href":"https:\/\/proacomunicacion.es\/en\/wp-json\/wp\/v2\/tags?post=33166"}],"curies":[{"name":"wp","href":"https:\/\/api.w.org\/{rel}","templated":true}]}}