{"id":33182,"date":"2019-06-03T16:50:01","date_gmt":"2019-06-03T14:50:01","guid":{"rendered":"https:\/\/proacomunicacion.es\/?p=33182"},"modified":"2019-06-03T16:50:01","modified_gmt":"2019-06-03T14:50:01","slug":"entry-61","status":"publish","type":"post","link":"https:\/\/proacomunicacion.es\/en\/entrada-61\/","title":{"rendered":"Pablo de Villota writes in El Confidencial about the return of tobacco companies to Formula 1."},"content":{"rendered":"<p style=\"text-align: justify;\">Pablo de Villota, director of the Sports &amp; Entertainment Area of Proa Comunicaci\u00f3n, writes in El Confidencial a <a href=\"https:\/\/www.elconfidencial.com\/deportes\/formula-1\/2019-06-03\/f1-tabaco-ferrari-mclaren_2043790\/\">article on how and why tobacco companies are back in Formula 1<\/a>. De Villota explains how tobacco brands are taking advantage of certain loopholes in the law to get into motorsport, their fetish promotional territory, starring McLaren and Ferrari.<\/p>\n<p style=\"text-align: justify;\">In the extensive article, Pablo de Villota assesses the disparate regulation of smoking areas in different countries and how this \"mess\" is being exploited by tobacco companies.<\/p>","protected":false},"excerpt":{"rendered":"<p>El director del \u00c1rea de Sports &amp; Entertainment de Proa Comunicaci\u00f3n, Pablo de Villota, escribe en El Confidencial un art\u00edculo sobre c\u00f3mo y por qu\u00e9 las tabaqueras han vuelto a la F\u00f3rmula 1. De Villota explica c\u00f3mo las marcas de tabaco est\u00e1n aprovechando determinados resquicios legales para colarse en los deportes del motor, su territorio [&hellip;]<\/p>\n","protected":false},"author":28,"featured_media":12519,"comment_status":"closed","ping_status":"closed","sticky":false,"template":"","format":"standard","meta":{"footnotes":""},"categories":[1],"tags":[9,10,11,14,243,244,198,7],"class_list":["post-33182","post","type-post","status-publish","format-standard","has-post-thumbnail","hentry","category-actualidad-proa","tag-agencia-comunicacion-empresarial","tag-agencia-de-comunicacion","tag-agencia-de-comunicacion-corporativa","tag-consultora-de-comunicacion","tag-deportes-del-motor","tag-formula-1","tag-pablo-de-villota","tag-proa-comunicacion"],"yoast_head":"<!-- This site is optimized with the Yoast SEO plugin v27.0 - https:\/\/yoast.com\/product\/yoast-seo-wordpress\/ -->\n<title>Pablo de Villota escribe en El Confidencial sobre la vuelta de las tabaqueras a la F\u00f3rmula 1 - PROA Comunicaci\u00f3n<\/title>\n<meta name=\"description\" content=\"Pablo de Villota escribe en El Confidencial un art\u00edculo sobre por qu\u00e9 las tabaqueras han vuelto a la F\u00f3rmula 1.\" \/>\n<meta name=\"robots\" content=\"noindex, nofollow\" \/>\n<meta property=\"og:locale\" content=\"en_GB\" \/>\n<meta property=\"og:type\" content=\"article\" \/>\n<meta property=\"og:title\" content=\"Pablo de Villota escribe en El Confidencial sobre la vuelta de las tabaqueras a la F\u00f3rmula 1 - PROA Comunicaci\u00f3n\" \/>\n<meta property=\"og:description\" content=\"Pablo de Villota escribe en El Confidencial un art\u00edculo sobre por qu\u00e9 las tabaqueras han vuelto a la F\u00f3rmula 1.\" \/>\n<meta property=\"og:url\" content=\"https:\/\/proacomunicacion.es\/en\/entry-61\/\" \/>\n<meta property=\"og:site_name\" content=\"PROA Comunicaci\u00f3n\" \/>\n<meta property=\"article:published_time\" content=\"2019-06-03T14:50:01+00:00\" \/>\n<meta property=\"og:image\" content=\"https:\/\/proacomunicacion.es\/wp-content\/uploads\/2025\/08\/Firefly_radio-de-barco-scaled.jpg\" \/>\n\t<meta property=\"og:image:width\" content=\"2560\" \/>\n\t<meta property=\"og:image:height\" content=\"1414\" \/>\n\t<meta property=\"og:image:type\" content=\"image\/jpeg\" \/>\n<meta name=\"author\" content=\"PROA Comunicaci\u00f3n\" \/>\n<meta name=\"twitter:card\" content=\"summary_large_image\" \/>\n<meta name=\"twitter:creator\" content=\"@proacomunica\" \/>\n<meta name=\"twitter:site\" content=\"@proacomunica\" \/>\n<meta name=\"twitter:label1\" content=\"Written by\" \/>\n\t<meta name=\"twitter:data1\" content=\"PROA Comunicaci\u00f3n\" \/>\n\t<meta name=\"twitter:label2\" content=\"Estimated reading time\" \/>\n\t<meta name=\"twitter:data2\" content=\"1 minute\" \/>\n<script type=\"application\/ld+json\" class=\"yoast-schema-graph\">{\"@context\":\"https:\/\/schema.org\",\"@graph\":[{\"@type\":\"Article\",\"@id\":\"https:\/\/proacomunicacion.es\/entrada-61\/#article\",\"isPartOf\":{\"@id\":\"https:\/\/proacomunicacion.es\/entrada-61\/\"},\"author\":{\"name\":\"PROA Comunicaci\u00f3n\",\"@id\":\"https:\/\/proacomunicacion.es\/#\/schema\/person\/f80dc8938ea94e7f8aa1e8dc716d5a60\"},\"headline\":\"Pablo de Villota escribe en El Confidencial sobre la vuelta de las tabaqueras a la F\u00f3rmula 1\",\"datePublished\":\"2019-06-03T14:50:01+00:00\",\"mainEntityOfPage\":{\"@id\":\"https:\/\/proacomunicacion.es\/entrada-61\/\"},\"wordCount\":121,\"publisher\":{\"@id\":\"https:\/\/proacomunicacion.es\/#organization\"},\"image\":{\"@id\":\"https:\/\/proacomunicacion.es\/entrada-61\/#primaryimage\"},\"thumbnailUrl\":\"\",\"keywords\":[\"agencia comunicaci\u00f3n empresarial\",\"agencia de comunicaci\u00f3n\",\"agencia de comunicaci\u00f3n corporativa\",\"consultora de comunicaci\u00f3n\",\"deportes del motor\",\"f\u00f3rmula 1\",\"pablo de villota\",\"Proa Comunicaci\u00f3n\"],\"articleSection\":[\"Actualidad\"],\"inLanguage\":\"en-GB\"},{\"@type\":\"WebPage\",\"@id\":\"https:\/\/proacomunicacion.es\/entrada-61\/\",\"url\":\"https:\/\/proacomunicacion.es\/entrada-61\/\",\"name\":\"Pablo de Villota escribe en El Confidencial sobre la vuelta de las tabaqueras a la F\u00f3rmula 1 - PROA Comunicaci\u00f3n\",\"isPartOf\":{\"@id\":\"https:\/\/proacomunicacion.es\/#website\"},\"primaryImageOfPage\":{\"@id\":\"https:\/\/proacomunicacion.es\/entrada-61\/#primaryimage\"},\"image\":{\"@id\":\"https:\/\/proacomunicacion.es\/entrada-61\/#primaryimage\"},\"thumbnailUrl\":\"\",\"datePublished\":\"2019-06-03T14:50:01+00:00\",\"description\":\"Pablo de Villota escribe en El Confidencial un art\u00edculo sobre por qu\u00e9 las tabaqueras han vuelto a la F\u00f3rmula 1.\",\"breadcrumb\":{\"@id\":\"https:\/\/proacomunicacion.es\/entrada-61\/#breadcrumb\"},\"inLanguage\":\"en-GB\",\"potentialAction\":[{\"@type\":\"ReadAction\",\"target\":[\"https:\/\/proacomunicacion.es\/entrada-61\/\"]}]},{\"@type\":\"ImageObject\",\"inLanguage\":\"en-GB\",\"@id\":\"https:\/\/proacomunicacion.es\/entrada-61\/#primaryimage\",\"url\":\"\",\"contentUrl\":\"\"},{\"@type\":\"BreadcrumbList\",\"@id\":\"https:\/\/proacomunicacion.es\/entrada-61\/#breadcrumb\",\"itemListElement\":[{\"@type\":\"ListItem\",\"position\":1,\"name\":\"Portada\",\"item\":\"https:\/\/proacomunicacion.es\/\"},{\"@type\":\"ListItem\",\"position\":2,\"name\":\"Pablo de Villota escribe en El Confidencial sobre la vuelta de las tabaqueras a la F\u00f3rmula 1\"}]},{\"@type\":\"WebSite\",\"@id\":\"https:\/\/proacomunicacion.es\/#website\",\"url\":\"https:\/\/proacomunicacion.es\/\",\"name\":\"PROA Comunicaci\u00f3n\",\"description\":\"Agencia de Comunicaci\u00f3n Corporativa en Madrid, Barcelona y Galicia.\",\"publisher\":{\"@id\":\"https:\/\/proacomunicacion.es\/#organization\"},\"alternateName\":\"PROA Comunicaci\u00f3n\",\"potentialAction\":[{\"@type\":\"SearchAction\",\"target\":{\"@type\":\"EntryPoint\",\"urlTemplate\":\"https:\/\/proacomunicacion.es\/?s={search_term_string}\"},\"query-input\":{\"@type\":\"PropertyValueSpecification\",\"valueRequired\":true,\"valueName\":\"search_term_string\"}}],\"inLanguage\":\"en-GB\"},{\"@type\":\"Organization\",\"@id\":\"https:\/\/proacomunicacion.es\/#organization\",\"name\":\"PROA Comunicaci\u00f3n\",\"alternateName\":\"PROA Comunicaci\u00f3n\",\"url\":\"https:\/\/proacomunicacion.es\/\",\"logo\":{\"@type\":\"ImageObject\",\"inLanguage\":\"en-GB\",\"@id\":\"https:\/\/proacomunicacion.es\/#\/schema\/logo\/image\/\",\"url\":\"https:\/\/proacomunicacion.es\/wp-content\/uploads\/2024\/01\/Logo_Light.svg\",\"contentUrl\":\"https:\/\/proacomunicacion.es\/wp-content\/uploads\/2024\/01\/Logo_Light.svg\",\"width\":136,\"height\":33,\"caption\":\"PROA Comunicaci\u00f3n\"},\"image\":{\"@id\":\"https:\/\/proacomunicacion.es\/#\/schema\/logo\/image\/\"},\"sameAs\":[\"https:\/\/x.com\/proacomunica\",\"https:\/\/es.linkedin.com\/company\/proa-comunicacion_2\",\"https:\/\/www.instagram.com\/proacomunica\/\",\"https:\/\/www.youtube.com\/@proacomunicacion\",\"https:\/\/es.wikipedia.org\/wiki\/PROA_Comunicacin\"]},{\"@type\":\"Person\",\"@id\":\"https:\/\/proacomunicacion.es\/#\/schema\/person\/f80dc8938ea94e7f8aa1e8dc716d5a60\",\"name\":\"PROA Comunicaci\u00f3n\",\"image\":{\"@type\":\"ImageObject\",\"inLanguage\":\"en-GB\",\"@id\":\"https:\/\/proacomunicacion.es\/#\/schema\/person\/image\/\",\"url\":\"https:\/\/secure.gravatar.com\/avatar\/394c93c195ff19b00e79d66a42971657a01de9f2740b97148d0f14a1e1a359b7?s=96&r=g\",\"contentUrl\":\"https:\/\/secure.gravatar.com\/avatar\/394c93c195ff19b00e79d66a42971657a01de9f2740b97148d0f14a1e1a359b7?s=96&r=g\",\"caption\":\"PROA Comunicaci\u00f3n\"}}]}<\/script>\n<!-- \/ Yoast SEO plugin. -->","yoast_head_json":{"title":"Pablo de Villota writes in El Confidencial about the return of tobacco companies to Formula 1 - PROA Comunicaci\u00f3n","description":"Pablo de Villota writes in El Confidencial an article on why tobacco companies have returned to Formula 1.","robots":{"index":"noindex","follow":"nofollow"},"og_locale":"en_GB","og_type":"article","og_title":"Pablo de Villota escribe en El Confidencial sobre la vuelta de las tabaqueras a la F\u00f3rmula 1 - PROA Comunicaci\u00f3n","og_description":"Pablo de Villota escribe en El Confidencial un art\u00edculo sobre por qu\u00e9 las tabaqueras han vuelto a la F\u00f3rmula 1.","og_url":"https:\/\/proacomunicacion.es\/en\/entry-61\/","og_site_name":"PROA Comunicaci\u00f3n","article_published_time":"2019-06-03T14:50:01+00:00","og_image":[{"width":2560,"height":1414,"url":"https:\/\/proacomunicacion.es\/wp-content\/uploads\/2025\/08\/Firefly_radio-de-barco-scaled.jpg","type":"image\/jpeg"}],"author":"PROA Comunicaci\u00f3n","twitter_card":"summary_large_image","twitter_creator":"@proacomunica","twitter_site":"@proacomunica","twitter_misc":{"Written by":"PROA Comunicaci\u00f3n","Estimated reading time":"1 minute"},"schema":{"@context":"https:\/\/schema.org","@graph":[{"@type":"Article","@id":"https:\/\/proacomunicacion.es\/entrada-61\/#article","isPartOf":{"@id":"https:\/\/proacomunicacion.es\/entrada-61\/"},"author":{"name":"PROA Comunicaci\u00f3n","@id":"https:\/\/proacomunicacion.es\/#\/schema\/person\/f80dc8938ea94e7f8aa1e8dc716d5a60"},"headline":"Pablo de Villota escribe en El Confidencial sobre la vuelta de las tabaqueras a la F\u00f3rmula 1","datePublished":"2019-06-03T14:50:01+00:00","mainEntityOfPage":{"@id":"https:\/\/proacomunicacion.es\/entrada-61\/"},"wordCount":121,"publisher":{"@id":"https:\/\/proacomunicacion.es\/#organization"},"image":{"@id":"https:\/\/proacomunicacion.es\/entrada-61\/#primaryimage"},"thumbnailUrl":"","keywords":["agencia comunicaci\u00f3n empresarial","agencia de comunicaci\u00f3n","agencia de comunicaci\u00f3n corporativa","consultora de comunicaci\u00f3n","deportes del motor","f\u00f3rmula 1","pablo de villota","Proa Comunicaci\u00f3n"],"articleSection":["Actualidad"],"inLanguage":"en-GB"},{"@type":"WebPage","@id":"https:\/\/proacomunicacion.es\/entrada-61\/","url":"https:\/\/proacomunicacion.es\/entrada-61\/","name":"Pablo de Villota writes in El Confidencial about the return of tobacco companies to Formula 1 - PROA Comunicaci\u00f3n","isPartOf":{"@id":"https:\/\/proacomunicacion.es\/#website"},"primaryImageOfPage":{"@id":"https:\/\/proacomunicacion.es\/entrada-61\/#primaryimage"},"image":{"@id":"https:\/\/proacomunicacion.es\/entrada-61\/#primaryimage"},"thumbnailUrl":"","datePublished":"2019-06-03T14:50:01+00:00","description":"Pablo de Villota writes in El Confidencial an article on why tobacco companies have returned to Formula 1.","breadcrumb":{"@id":"https:\/\/proacomunicacion.es\/entrada-61\/#breadcrumb"},"inLanguage":"en-GB","potentialAction":[{"@type":"ReadAction","target":["https:\/\/proacomunicacion.es\/entrada-61\/"]}]},{"@type":"ImageObject","inLanguage":"en-GB","@id":"https:\/\/proacomunicacion.es\/entrada-61\/#primaryimage","url":"","contentUrl":""},{"@type":"BreadcrumbList","@id":"https:\/\/proacomunicacion.es\/entrada-61\/#breadcrumb","itemListElement":[{"@type":"ListItem","position":1,"name":"Portada","item":"https:\/\/proacomunicacion.es\/"},{"@type":"ListItem","position":2,"name":"Pablo de Villota escribe en El Confidencial sobre la vuelta de las tabaqueras a la F\u00f3rmula 1"}]},{"@type":"WebSite","@id":"https:\/\/proacomunicacion.es\/#website","url":"https:\/\/proacomunicacion.es\/","name":"PROA Communication","description":"Corporate Communications Agency in Madrid, Barcelona and Galicia.","publisher":{"@id":"https:\/\/proacomunicacion.es\/#organization"},"alternateName":"PROA Comunicaci\u00f3n","potentialAction":[{"@type":"SearchAction","target":{"@type":"EntryPoint","urlTemplate":"https:\/\/proacomunicacion.es\/?s={search_term_string}"},"query-input":{"@type":"PropertyValueSpecification","valueRequired":true,"valueName":"search_term_string"}}],"inLanguage":"en-GB"},{"@type":"Organization","@id":"https:\/\/proacomunicacion.es\/#organization","name":"PROA Communication","alternateName":"PROA Comunicaci\u00f3n","url":"https:\/\/proacomunicacion.es\/","logo":{"@type":"ImageObject","inLanguage":"en-GB","@id":"https:\/\/proacomunicacion.es\/#\/schema\/logo\/image\/","url":"https:\/\/proacomunicacion.es\/wp-content\/uploads\/2024\/01\/Logo_Light.svg","contentUrl":"https:\/\/proacomunicacion.es\/wp-content\/uploads\/2024\/01\/Logo_Light.svg","width":136,"height":33,"caption":"PROA Comunicaci\u00f3n"},"image":{"@id":"https:\/\/proacomunicacion.es\/#\/schema\/logo\/image\/"},"sameAs":["https:\/\/x.com\/proacomunica","https:\/\/es.linkedin.com\/company\/proa-comunicacion_2","https:\/\/www.instagram.com\/proacomunica\/","https:\/\/www.youtube.com\/@proacomunicacion","https:\/\/es.wikipedia.org\/wiki\/PROA_Comunicacin"]},{"@type":"Person","@id":"https:\/\/proacomunicacion.es\/#\/schema\/person\/f80dc8938ea94e7f8aa1e8dc716d5a60","name":"PROA Communication","image":{"@type":"ImageObject","inLanguage":"en-GB","@id":"https:\/\/proacomunicacion.es\/#\/schema\/person\/image\/","url":"https:\/\/secure.gravatar.com\/avatar\/394c93c195ff19b00e79d66a42971657a01de9f2740b97148d0f14a1e1a359b7?s=96&r=g","contentUrl":"https:\/\/secure.gravatar.com\/avatar\/394c93c195ff19b00e79d66a42971657a01de9f2740b97148d0f14a1e1a359b7?s=96&r=g","caption":"PROA Comunicaci\u00f3n"}}]}},"_links":{"self":[{"href":"https:\/\/proacomunicacion.es\/en\/wp-json\/wp\/v2\/posts\/33182","targetHints":{"allow":["GET"]}}],"collection":[{"href":"https:\/\/proacomunicacion.es\/en\/wp-json\/wp\/v2\/posts"}],"about":[{"href":"https:\/\/proacomunicacion.es\/en\/wp-json\/wp\/v2\/types\/post"}],"author":[{"embeddable":true,"href":"https:\/\/proacomunicacion.es\/en\/wp-json\/wp\/v2\/users\/28"}],"replies":[{"embeddable":true,"href":"https:\/\/proacomunicacion.es\/en\/wp-json\/wp\/v2\/comments?post=33182"}],"version-history":[{"count":0,"href":"https:\/\/proacomunicacion.es\/en\/wp-json\/wp\/v2\/posts\/33182\/revisions"}],"wp:featuredmedia":[{"embeddable":true,"href":"https:\/\/proacomunicacion.es\/en\/wp-json\/"}],"wp:attachment":[{"href":"https:\/\/proacomunicacion.es\/en\/wp-json\/wp\/v2\/media?parent=33182"}],"wp:term":[{"taxonomy":"category","embeddable":true,"href":"https:\/\/proacomunicacion.es\/en\/wp-json\/wp\/v2\/categories?post=33182"},{"taxonomy":"post_tag","embeddable":true,"href":"https:\/\/proacomunicacion.es\/en\/wp-json\/wp\/v2\/tags?post=33182"}],"curies":[{"name":"wp","href":"https:\/\/api.w.org\/{rel}","templated":true}]}}