{"id":33192,"date":"2017-01-16T16:58:06","date_gmt":"2017-01-16T15:58:06","guid":{"rendered":"https:\/\/proacomunicacion.es\/?p=33192"},"modified":"2017-01-16T16:58:06","modified_gmt":"2017-01-16T15:58:06","slug":"entry-64","status":"publish","type":"post","link":"https:\/\/proacomunicacion.es\/en\/entrada-64\/","title":{"rendered":"EAE Business School interviews \u00c1lvaro Ramos Izquierdo, consultant for Proa Comunicaci\u00f3n"},"content":{"rendered":"<p><a href=\" https:\/\/proacomunicacion.es\/wp-content\/uploads\/2017\/01\/Entrevista-EAE.jpg\"><img fetchpriority=\"high\" decoding=\"async\" class=\"wp-image-6327 size-full aligncenter\" src=\" https:\/\/proacomunicacion.es\/wp-content\/uploads\/2017\/01\/Entrevista-EAE.jpg\" alt=\"EAE interview\" width=\"660\" height=\"300\" \/><\/a><\/p>\n<p style=\"text-align: justify;\">Linked to cultural and sports journalism, <a href=\"https:\/\/www.linkedin.com\/in\/alvaroramosizquierdo\" target=\"_blank\" rel=\"noopener noreferrer\"><strong>\u00c1lvaro Ramos Izquierdo<\/strong><\/a> developed his professional career in media such as SensaCine or Marca before training in the <a href=\"http:\/\/www.eae.es\/full-time\/master-periodismo-comunicacion-digital\/presentacion\" target=\"_blank\" rel=\"noopener noreferrer\">Master's Degree in Digital Communication and Journalism<\/a>\u00a0during the years 2014\/2015. \"<strong>Digital communication is the present and the future<\/strong>This training allows us to approach many concepts that are key in the day-to-day work of many companies,\" he says of the programme. After his time in the EAE classrooms, he completed his training in <strong>Madison<\/strong>where he has been for more than a year and a half.<\/p>\n<p style=\"text-align: justify;\">He has recently been given the opportunity to join as a <strong>consultant for Proa Comunicaci\u00f3n<\/strong>He says he had no hesitation in accepting it. \"The size of his clients, the possibilities for personal growth, and the confidence shown in me from the very first moment, were key aspects in my interest,\" he confesses.<\/p>\n<p style=\"text-align: justify;\"><strong>You have been working as a consultant for Proa Comunicaci\u00f3n for only two months. Why did you choose to change?<\/strong><\/p>\n<p style=\"text-align: justify;\">The company and the position are more oriented to the training I have received in recent years and to an area I have always enjoyed: the <strong>communication<\/strong>. When the opportunity arose, I didn't hesitate too much in terms of professional activity, because <strong>communication allows me to put into practice more of the <a href=\"http:\/\/www.eae.es\/\">knowledge acquired in SEA<\/a><\/strong>. The size of its customers, the possibilities of <strong>professional growth<\/strong>and the confidence shown in me from the very beginning were key aspects in my interest.<\/p>\n<p style=\"text-align: left;\"><strong>What would you highlight about the company and its working environment?<\/strong><\/p>\n<p style=\"text-align: left;\">I highly value the <strong>trust<\/strong> and the <strong>dynamism<\/strong> of your day-to-day work. In a young and flexible company where you can grow a lot as a professional, because you feel that you are supported by your colleagues and that the responsibility is shared. The <strong>team spirit<\/strong> is embodied in the services we provide to our clients and the achievement of objectives is more stimulating. Professionalism in consultancy is one of the aspects that have impressed me the most. As a determinant of public opinion, communication is of vital importance, and at Proa Comunicaci\u00f3n I am learning to manage it very effectively.<\/p>\n<p style=\"text-align: left;\"><strong>What are your short- and long-term career goals?<\/strong><\/p>\n<p style=\"text-align: left;\">In the short term, I want to repay all the trust that Proa Comunicaci\u00f3n has placed in me and continue growing and training in a field that I am passionate about. Being alongside great professionals is an opportunity that, with great enthusiasm and responsibility, represents all the reasons why you have been trained with so much dedication. In such a dynamic working environment, <strong>the long term is becoming less and less relevant<\/strong>We should only think about how to improve day by day and bring more of ourselves to the working environment.<\/p>\n<p style=\"text-align: left;\"><strong>In such a global and competitive market, do you think the market is increasingly looking for small agencies and\/or freelancers rather than large companies?<\/strong><\/p>\n<p style=\"text-align: left;\">The market is evolving towards models that are as divergent as they are innovative. I don't think you look at size so much as the needs you have. More and more specific needs are emerging for which the market has developed a solution. In addition, <strong>disruptive new business models emerge that completely change the established rules<\/strong>. In many cases, the market tends towards the cooperation of several smaller companies.<\/p>\n<p style=\"text-align: left;\"><strong>In your opinion, how is the importance of content in relation to a brand evolving as a result of the internet and social media? What is the trend?<\/strong><\/p>\n<p style=\"text-align: left;\">Content is emerging as a <strong>the greatest exponent of a brand in the digital sphere<\/strong>. Once they have understood that users demand solutions, content has become the main element of differentiation. Brands create websites that nurture content that can be useful for their potential consumers. Car brands generate content related to vehicle maintenance, clothing brands generate content with the latest trends, film distributors generate content related to the characters in their films, and so on and so forth. The trend is towards <strong>strategies<\/strong> <strong>multi-device<\/strong>. Once the market has understood the need to generate content (also in video format), the need to adapt it to the channels and devices on which consumers are present has become crucial. Cross-device will mark the trail to be followed in the coming years.<\/p>\n<p style=\"text-align: left;\"><strong>You studied at EAE Business School in <\/strong><a href=\"http:\/\/www.eae.es\/full-time\/master-periodismo-comunicacion-digital\/presentacion\" target=\"_blank\" rel=\"noopener noreferrer\"><strong>Master's Degree in Digital Communication and Journalism<\/strong><\/a><strong>How did the academic year help you to elaborate your day-to-day work at Proa Comunicaci\u00f3n or on the web?<\/strong><\/p>\n<p style=\"text-align: left;\">The training at EAE, with almost two years of perspective, was <strong>vital<\/strong>. It is true that, like any first edition of a training programme, I needed to optimise some aspects, but the evolution experienced thanks to some of the trainers has been key to my subsequent development in the company.<\/p>\n<p style=\"text-align: left;\"><strong>Beyond training, do you maintain contact with your classmates and\/or students?<\/strong><\/p>\n<p style=\"text-align: left;\">Of course, it is nice to keep colleagues and even to have some friendships beyond the training itself. Also, working in the same sector, there are always questions that your former colleagues can help you with. Many of the challenges we face on a day-to-day basis are common, so despite working in different companies, it is important to feel that you have their help.<\/p>\n<p style=\"text-align: left;\"><strong>What would you highlight about the Master and the School?<\/strong><\/p>\n<p style=\"text-align: left;\">The Master's Degree is a great relief after what has been learnt in communication training courses that are anchored in an old and obsolete model. <strong>Digital communication is the present and the future<\/strong>This training provides an insight into many concepts that are key to the day-to-day running of many companies. Its <strong>multidisciplinary orientation<\/strong> is its great strength.<\/p>\n<p style=\"text-align: left;\">As for the School, once you have finished your studies, you value the <strong>quality of many teachers<\/strong> y <strong>the practical orientation of its classes<\/strong>. In addition, a good atmosphere both in class and in the rest of the school is essential for a good integration in an environment that is similar to a work environment.<\/p>\n<p><a href=\"http:\/\/www.eae.es\/actualidad\/casos-de-exito\/el-contenido-se-esta-erigiendo-como-el-mayor-exponente-de-una-marca-en-el-ambito-digital\">Read the full interview with \u00c1lvaro Ramos Izquierdo<\/a><\/p>","protected":false},"excerpt":{"rendered":"<p>Ligado al periodismo cultural y deportivo, \u00c1lvaro Ramos Izquierdo desarroll\u00f3 su carrera profesional en medios como SensaCine o Marca antes de formarse en el M\u00e1ster de Comunicaci\u00f3n y Periodismo Digital\u00a0durante los a\u00f1os 2014\/2015. \u201cLa comunicaci\u00f3n digital es presente y futuro, y esta formaci\u00f3n permite acercarse a muchos conceptos que son claves en el d\u00eda a [&hellip;]<\/p>\n","protected":false},"author":28,"featured_media":6327,"comment_status":"open","ping_status":"open","sticky":false,"template":"","format":"standard","meta":{"footnotes":""},"categories":[1],"tags":[9,10,11,133,14,69,70,134,7],"class_list":["post-33192","post","type-post","status-publish","format-standard","has-post-thumbnail","hentry","category-actualidad-proa","tag-agencia-comunicacion-empresarial","tag-agencia-de-comunicacion","tag-agencia-de-comunicacion-corporativa","tag-alvaro-ramos-izquierdo","tag-consultora-de-comunicacion","tag-consultores-de-comunicacion","tag-consultores-de-comunicacion-corporativa","tag-eae-business-school","tag-proa-comunicacion"],"yoast_head":"<!-- This site is optimized with the Yoast SEO plugin v27.0 - https:\/\/yoast.com\/product\/yoast-seo-wordpress\/ -->\n<title>EAE Business School entrevista a \u00c1lvaro Ramos Izquierdo, consultor de Proa Comunicaci\u00f3n - PROA Comunicaci\u00f3n<\/title>\n<meta name=\"robots\" content=\"noindex, nofollow\" \/>\n<meta property=\"og:locale\" content=\"en_GB\" \/>\n<meta property=\"og:type\" content=\"article\" \/>\n<meta property=\"og:title\" content=\"EAE Business School entrevista a \u00c1lvaro Ramos Izquierdo, consultor de Proa Comunicaci\u00f3n - PROA Comunicaci\u00f3n\" \/>\n<meta property=\"og:description\" content=\"Ligado al periodismo cultural y deportivo, \u00c1lvaro Ramos Izquierdo desarroll\u00f3 su carrera profesional en medios como SensaCine o Marca antes de formarse en el M\u00e1ster de Comunicaci\u00f3n y Periodismo Digital\u00a0durante los a\u00f1os 2014\/2015. \u201cLa comunicaci\u00f3n digital es presente y futuro, y esta formaci\u00f3n permite acercarse a muchos conceptos que son claves en el d\u00eda a [&hellip;]\" \/>\n<meta property=\"og:url\" content=\"https:\/\/proacomunicacion.es\/en\/entry-64\/\" \/>\n<meta property=\"og:site_name\" content=\"PROA Comunicaci\u00f3n\" \/>\n<meta property=\"article:published_time\" content=\"2017-01-16T15:58:06+00:00\" \/>\n<meta property=\"og:image\" content=\"https:\/\/proacomunicacion.es\/wp-content\/uploads\/2025\/08\/Firefly_radio-de-barco-scaled.jpg\" \/>\n\t<meta property=\"og:image:width\" content=\"2560\" \/>\n\t<meta property=\"og:image:height\" content=\"1414\" \/>\n\t<meta property=\"og:image:type\" content=\"image\/jpeg\" \/>\n<meta name=\"author\" content=\"PROA Comunicaci\u00f3n\" \/>\n<meta name=\"twitter:card\" content=\"summary_large_image\" \/>\n<meta name=\"twitter:creator\" content=\"@proacomunica\" \/>\n<meta name=\"twitter:site\" content=\"@proacomunica\" \/>\n<meta name=\"twitter:label1\" content=\"Written by\" \/>\n\t<meta name=\"twitter:data1\" content=\"PROA Comunicaci\u00f3n\" \/>\n\t<meta name=\"twitter:label2\" content=\"Estimated reading time\" \/>\n\t<meta name=\"twitter:data2\" content=\"5 minutes\" \/>\n<script type=\"application\/ld+json\" class=\"yoast-schema-graph\">{\"@context\":\"https:\/\/schema.org\",\"@graph\":[{\"@type\":\"Article\",\"@id\":\"https:\/\/proacomunicacion.es\/entrada-64\/#article\",\"isPartOf\":{\"@id\":\"https:\/\/proacomunicacion.es\/entrada-64\/\"},\"author\":{\"name\":\"PROA Comunicaci\u00f3n\",\"@id\":\"https:\/\/proacomunicacion.es\/#\/schema\/person\/f80dc8938ea94e7f8aa1e8dc716d5a60\"},\"headline\":\"EAE Business School entrevista a \u00c1lvaro Ramos Izquierdo, consultor de Proa Comunicaci\u00f3n\",\"datePublished\":\"2017-01-16T15:58:06+00:00\",\"mainEntityOfPage\":{\"@id\":\"https:\/\/proacomunicacion.es\/entrada-64\/\"},\"wordCount\":1117,\"commentCount\":0,\"publisher\":{\"@id\":\"https:\/\/proacomunicacion.es\/#organization\"},\"image\":{\"@id\":\"https:\/\/proacomunicacion.es\/entrada-64\/#primaryimage\"},\"thumbnailUrl\":\"\",\"keywords\":[\"agencia comunicaci\u00f3n empresarial\",\"agencia de comunicaci\u00f3n\",\"agencia de comunicaci\u00f3n corporativa\",\"alvaro ramos izquierdo\",\"consultora de comunicaci\u00f3n\",\"consultores de comunicaci\u00f3n\",\"consultores de comunicaci\u00f3n corporativa\",\"eae business school\",\"Proa Comunicaci\u00f3n\"],\"articleSection\":[\"Actualidad\"],\"inLanguage\":\"en-GB\",\"potentialAction\":[{\"@type\":\"CommentAction\",\"name\":\"Comment\",\"target\":[\"https:\/\/proacomunicacion.es\/entrada-64\/#respond\"]}]},{\"@type\":\"WebPage\",\"@id\":\"https:\/\/proacomunicacion.es\/entrada-64\/\",\"url\":\"https:\/\/proacomunicacion.es\/entrada-64\/\",\"name\":\"EAE Business School entrevista a \u00c1lvaro Ramos Izquierdo, consultor de Proa Comunicaci\u00f3n - PROA Comunicaci\u00f3n\",\"isPartOf\":{\"@id\":\"https:\/\/proacomunicacion.es\/#website\"},\"primaryImageOfPage\":{\"@id\":\"https:\/\/proacomunicacion.es\/entrada-64\/#primaryimage\"},\"image\":{\"@id\":\"https:\/\/proacomunicacion.es\/entrada-64\/#primaryimage\"},\"thumbnailUrl\":\"\",\"datePublished\":\"2017-01-16T15:58:06+00:00\",\"breadcrumb\":{\"@id\":\"https:\/\/proacomunicacion.es\/entrada-64\/#breadcrumb\"},\"inLanguage\":\"en-GB\",\"potentialAction\":[{\"@type\":\"ReadAction\",\"target\":[\"https:\/\/proacomunicacion.es\/entrada-64\/\"]}]},{\"@type\":\"ImageObject\",\"inLanguage\":\"en-GB\",\"@id\":\"https:\/\/proacomunicacion.es\/entrada-64\/#primaryimage\",\"url\":\"\",\"contentUrl\":\"\"},{\"@type\":\"BreadcrumbList\",\"@id\":\"https:\/\/proacomunicacion.es\/entrada-64\/#breadcrumb\",\"itemListElement\":[{\"@type\":\"ListItem\",\"position\":1,\"name\":\"Portada\",\"item\":\"https:\/\/proacomunicacion.es\/\"},{\"@type\":\"ListItem\",\"position\":2,\"name\":\"EAE Business School entrevista a \u00c1lvaro Ramos Izquierdo, consultor de Proa Comunicaci\u00f3n\"}]},{\"@type\":\"WebSite\",\"@id\":\"https:\/\/proacomunicacion.es\/#website\",\"url\":\"https:\/\/proacomunicacion.es\/\",\"name\":\"PROA Comunicaci\u00f3n\",\"description\":\"Agencia de Comunicaci\u00f3n Corporativa en Madrid, Barcelona y Galicia.\",\"publisher\":{\"@id\":\"https:\/\/proacomunicacion.es\/#organization\"},\"alternateName\":\"PROA Comunicaci\u00f3n\",\"potentialAction\":[{\"@type\":\"SearchAction\",\"target\":{\"@type\":\"EntryPoint\",\"urlTemplate\":\"https:\/\/proacomunicacion.es\/?s={search_term_string}\"},\"query-input\":{\"@type\":\"PropertyValueSpecification\",\"valueRequired\":true,\"valueName\":\"search_term_string\"}}],\"inLanguage\":\"en-GB\"},{\"@type\":\"Organization\",\"@id\":\"https:\/\/proacomunicacion.es\/#organization\",\"name\":\"PROA Comunicaci\u00f3n\",\"alternateName\":\"PROA Comunicaci\u00f3n\",\"url\":\"https:\/\/proacomunicacion.es\/\",\"logo\":{\"@type\":\"ImageObject\",\"inLanguage\":\"en-GB\",\"@id\":\"https:\/\/proacomunicacion.es\/#\/schema\/logo\/image\/\",\"url\":\"https:\/\/proacomunicacion.es\/wp-content\/uploads\/2024\/01\/Logo_Light.svg\",\"contentUrl\":\"https:\/\/proacomunicacion.es\/wp-content\/uploads\/2024\/01\/Logo_Light.svg\",\"width\":136,\"height\":33,\"caption\":\"PROA Comunicaci\u00f3n\"},\"image\":{\"@id\":\"https:\/\/proacomunicacion.es\/#\/schema\/logo\/image\/\"},\"sameAs\":[\"https:\/\/x.com\/proacomunica\",\"https:\/\/es.linkedin.com\/company\/proa-comunicacion_2\",\"https:\/\/www.instagram.com\/proacomunica\/\",\"https:\/\/www.youtube.com\/@proacomunicacion\",\"https:\/\/es.wikipedia.org\/wiki\/PROA_Comunicacin\"]},{\"@type\":\"Person\",\"@id\":\"https:\/\/proacomunicacion.es\/#\/schema\/person\/f80dc8938ea94e7f8aa1e8dc716d5a60\",\"name\":\"PROA Comunicaci\u00f3n\",\"image\":{\"@type\":\"ImageObject\",\"inLanguage\":\"en-GB\",\"@id\":\"https:\/\/proacomunicacion.es\/#\/schema\/person\/image\/\",\"url\":\"https:\/\/secure.gravatar.com\/avatar\/394c93c195ff19b00e79d66a42971657a01de9f2740b97148d0f14a1e1a359b7?s=96&r=g\",\"contentUrl\":\"https:\/\/secure.gravatar.com\/avatar\/394c93c195ff19b00e79d66a42971657a01de9f2740b97148d0f14a1e1a359b7?s=96&r=g\",\"caption\":\"PROA Comunicaci\u00f3n\"}}]}<\/script>\n<!-- \/ Yoast SEO plugin. -->","yoast_head_json":{"title":"EAE Business School interviews \u00c1lvaro Ramos Izquierdo, consultant at Proa Comunicaci\u00f3n - PROA Comunicaci\u00f3n","robots":{"index":"noindex","follow":"nofollow"},"og_locale":"en_GB","og_type":"article","og_title":"EAE Business School entrevista a \u00c1lvaro Ramos Izquierdo, consultor de Proa Comunicaci\u00f3n - PROA Comunicaci\u00f3n","og_description":"Ligado al periodismo cultural y deportivo, \u00c1lvaro Ramos Izquierdo desarroll\u00f3 su carrera profesional en medios como SensaCine o Marca antes de formarse en el M\u00e1ster de Comunicaci\u00f3n y Periodismo Digital\u00a0durante los a\u00f1os 2014\/2015. \u201cLa comunicaci\u00f3n digital es presente y futuro, y esta formaci\u00f3n permite acercarse a muchos conceptos que son claves en el d\u00eda a [&hellip;]","og_url":"https:\/\/proacomunicacion.es\/en\/entry-64\/","og_site_name":"PROA Comunicaci\u00f3n","article_published_time":"2017-01-16T15:58:06+00:00","og_image":[{"width":2560,"height":1414,"url":"https:\/\/proacomunicacion.es\/wp-content\/uploads\/2025\/08\/Firefly_radio-de-barco-scaled.jpg","type":"image\/jpeg"}],"author":"PROA Comunicaci\u00f3n","twitter_card":"summary_large_image","twitter_creator":"@proacomunica","twitter_site":"@proacomunica","twitter_misc":{"Written by":"PROA Comunicaci\u00f3n","Estimated reading time":"5 minutes"},"schema":{"@context":"https:\/\/schema.org","@graph":[{"@type":"Article","@id":"https:\/\/proacomunicacion.es\/entrada-64\/#article","isPartOf":{"@id":"https:\/\/proacomunicacion.es\/entrada-64\/"},"author":{"name":"PROA Comunicaci\u00f3n","@id":"https:\/\/proacomunicacion.es\/#\/schema\/person\/f80dc8938ea94e7f8aa1e8dc716d5a60"},"headline":"EAE Business School entrevista a \u00c1lvaro Ramos Izquierdo, consultor de Proa Comunicaci\u00f3n","datePublished":"2017-01-16T15:58:06+00:00","mainEntityOfPage":{"@id":"https:\/\/proacomunicacion.es\/entrada-64\/"},"wordCount":1117,"commentCount":0,"publisher":{"@id":"https:\/\/proacomunicacion.es\/#organization"},"image":{"@id":"https:\/\/proacomunicacion.es\/entrada-64\/#primaryimage"},"thumbnailUrl":"","keywords":["agencia comunicaci\u00f3n empresarial","agencia de comunicaci\u00f3n","agencia de comunicaci\u00f3n corporativa","alvaro ramos izquierdo","consultora de comunicaci\u00f3n","consultores de comunicaci\u00f3n","consultores de comunicaci\u00f3n corporativa","eae business school","Proa Comunicaci\u00f3n"],"articleSection":["Actualidad"],"inLanguage":"en-GB","potentialAction":[{"@type":"CommentAction","name":"Comment","target":["https:\/\/proacomunicacion.es\/entrada-64\/#respond"]}]},{"@type":"WebPage","@id":"https:\/\/proacomunicacion.es\/entrada-64\/","url":"https:\/\/proacomunicacion.es\/entrada-64\/","name":"EAE Business School interviews \u00c1lvaro Ramos Izquierdo, consultant at Proa Comunicaci\u00f3n - PROA Comunicaci\u00f3n","isPartOf":{"@id":"https:\/\/proacomunicacion.es\/#website"},"primaryImageOfPage":{"@id":"https:\/\/proacomunicacion.es\/entrada-64\/#primaryimage"},"image":{"@id":"https:\/\/proacomunicacion.es\/entrada-64\/#primaryimage"},"thumbnailUrl":"","datePublished":"2017-01-16T15:58:06+00:00","breadcrumb":{"@id":"https:\/\/proacomunicacion.es\/entrada-64\/#breadcrumb"},"inLanguage":"en-GB","potentialAction":[{"@type":"ReadAction","target":["https:\/\/proacomunicacion.es\/entrada-64\/"]}]},{"@type":"ImageObject","inLanguage":"en-GB","@id":"https:\/\/proacomunicacion.es\/entrada-64\/#primaryimage","url":"","contentUrl":""},{"@type":"BreadcrumbList","@id":"https:\/\/proacomunicacion.es\/entrada-64\/#breadcrumb","itemListElement":[{"@type":"ListItem","position":1,"name":"Portada","item":"https:\/\/proacomunicacion.es\/"},{"@type":"ListItem","position":2,"name":"EAE Business School entrevista a \u00c1lvaro Ramos Izquierdo, consultor de Proa Comunicaci\u00f3n"}]},{"@type":"WebSite","@id":"https:\/\/proacomunicacion.es\/#website","url":"https:\/\/proacomunicacion.es\/","name":"PROA Communication","description":"Corporate Communications Agency in Madrid, Barcelona and Galicia.","publisher":{"@id":"https:\/\/proacomunicacion.es\/#organization"},"alternateName":"PROA Comunicaci\u00f3n","potentialAction":[{"@type":"SearchAction","target":{"@type":"EntryPoint","urlTemplate":"https:\/\/proacomunicacion.es\/?s={search_term_string}"},"query-input":{"@type":"PropertyValueSpecification","valueRequired":true,"valueName":"search_term_string"}}],"inLanguage":"en-GB"},{"@type":"Organization","@id":"https:\/\/proacomunicacion.es\/#organization","name":"PROA Communication","alternateName":"PROA Comunicaci\u00f3n","url":"https:\/\/proacomunicacion.es\/","logo":{"@type":"ImageObject","inLanguage":"en-GB","@id":"https:\/\/proacomunicacion.es\/#\/schema\/logo\/image\/","url":"https:\/\/proacomunicacion.es\/wp-content\/uploads\/2024\/01\/Logo_Light.svg","contentUrl":"https:\/\/proacomunicacion.es\/wp-content\/uploads\/2024\/01\/Logo_Light.svg","width":136,"height":33,"caption":"PROA Comunicaci\u00f3n"},"image":{"@id":"https:\/\/proacomunicacion.es\/#\/schema\/logo\/image\/"},"sameAs":["https:\/\/x.com\/proacomunica","https:\/\/es.linkedin.com\/company\/proa-comunicacion_2","https:\/\/www.instagram.com\/proacomunica\/","https:\/\/www.youtube.com\/@proacomunicacion","https:\/\/es.wikipedia.org\/wiki\/PROA_Comunicacin"]},{"@type":"Person","@id":"https:\/\/proacomunicacion.es\/#\/schema\/person\/f80dc8938ea94e7f8aa1e8dc716d5a60","name":"PROA Communication","image":{"@type":"ImageObject","inLanguage":"en-GB","@id":"https:\/\/proacomunicacion.es\/#\/schema\/person\/image\/","url":"https:\/\/secure.gravatar.com\/avatar\/394c93c195ff19b00e79d66a42971657a01de9f2740b97148d0f14a1e1a359b7?s=96&r=g","contentUrl":"https:\/\/secure.gravatar.com\/avatar\/394c93c195ff19b00e79d66a42971657a01de9f2740b97148d0f14a1e1a359b7?s=96&r=g","caption":"PROA Comunicaci\u00f3n"}}]}},"_links":{"self":[{"href":"https:\/\/proacomunicacion.es\/en\/wp-json\/wp\/v2\/posts\/33192","targetHints":{"allow":["GET"]}}],"collection":[{"href":"https:\/\/proacomunicacion.es\/en\/wp-json\/wp\/v2\/posts"}],"about":[{"href":"https:\/\/proacomunicacion.es\/en\/wp-json\/wp\/v2\/types\/post"}],"author":[{"embeddable":true,"href":"https:\/\/proacomunicacion.es\/en\/wp-json\/wp\/v2\/users\/28"}],"replies":[{"embeddable":true,"href":"https:\/\/proacomunicacion.es\/en\/wp-json\/wp\/v2\/comments?post=33192"}],"version-history":[{"count":0,"href":"https:\/\/proacomunicacion.es\/en\/wp-json\/wp\/v2\/posts\/33192\/revisions"}],"wp:featuredmedia":[{"embeddable":true,"href":"https:\/\/proacomunicacion.es\/en\/wp-json\/"}],"wp:attachment":[{"href":"https:\/\/proacomunicacion.es\/en\/wp-json\/wp\/v2\/media?parent=33192"}],"wp:term":[{"taxonomy":"category","embeddable":true,"href":"https:\/\/proacomunicacion.es\/en\/wp-json\/wp\/v2\/categories?post=33192"},{"taxonomy":"post_tag","embeddable":true,"href":"https:\/\/proacomunicacion.es\/en\/wp-json\/wp\/v2\/tags?post=33192"}],"curies":[{"name":"wp","href":"https:\/\/api.w.org\/{rel}","templated":true}]}}