{"id":33381,"date":"2023-12-13T19:44:03","date_gmt":"2023-12-13T18:44:03","guid":{"rendered":"https:\/\/proacomunicacion.es\/?p=33381"},"modified":"2024-03-13T06:12:05","modified_gmt":"2024-03-13T06:12:05","slug":"proa-comunicacion-best-communication-consultancies-spain","status":"publish","type":"post","link":"https:\/\/proacomunicacion.es\/en\/proa-comunicacion-mejores-consultoras-comunicacion-espana\/","title":{"rendered":"PROA Comunicaci\u00f3n ranks among the best communications consultancies in Spain"},"content":{"rendered":"<p>The consultancy <a href=\"https:\/\/proacomunicacion.es\/en\/\"><strong>PROA Communication<\/strong><\/a> is now one of the best communications consultancies in Spain, according to the ranking prepared by <a href=\"https:\/\/www.elpublicista.es\/\"><strong><em>The Advertiser<\/em><\/strong><\/a> based on the assessment of the companies and customers of these services.<\/p>\n<p>The Spanish firm, created in 2009, is one of the best performers in the last twelve months, rising from 50th to 37th place in the ranking of the top 100 communications consultancies in Spain.<\/p>\n<p>For <a href=\"https:\/\/es.wikipedia.org\/wiki\/Luc%C3%ADa_Casanueva\"><strong>Luc\u00eda Casanueva<\/strong><\/a>According to the Managing Partner of PROA Comunicaci\u00f3n, \"companies are valuing our rapid growth while maintaining a service model based on excellence and senior talent\".<\/p>\n<p>The ranking of consulting firms highlights \"clients' preference for global service firms with the ability to maintain long-term relationships, which are PROA Comunicaci\u00f3n's core values,\" he says. <strong><a href=\"https:\/\/proacomunicacion.es\/en\/consultores-comunicacion-corporativa\/valvanuz-serna-ruiz\/\">Valvanuz Serna Ruiz<\/a><\/strong>Managing Partner of the firm.<\/p>","protected":false},"excerpt":{"rendered":"<p>La consultora PROA Comunicaci\u00f3n se sit\u00faa ya entre las mejores consultoras de comunicaci\u00f3n en Espa\u00f1a, seg\u00fan el ranking elaborado por El Publicista a partir de la valoraci\u00f3n de las empresas y clientes de estos servicios. La firma espa\u00f1ola, creada en 2009, es una de las que presenta una mejor evoluci\u00f3n en los \u00faltimos doce meses [&hellip;]<\/p>\n","protected":false},"author":28,"featured_media":37457,"comment_status":"closed","ping_status":"closed","sticky":false,"template":"","format":"standard","meta":{"footnotes":""},"categories":[2338,131],"tags":[36,71,2200,2293,7,2294],"class_list":["post-33381","post","type-post","status-publish","format-standard","has-post-thumbnail","hentry","category-actualidad","category-noticias","tag-agencias-de-comunicacion","tag-consultoria-de-comunicacion","tag-el-publicista","tag-mejores-agencias","tag-proa-comunicacion","tag-ranking-el-publicista"],"yoast_head":"<!-- This site is optimized with the Yoast SEO plugin v27.0 - https:\/\/yoast.com\/product\/yoast-seo-wordpress\/ -->\n<title>PROA Comunicaci\u00f3n se sit\u00faa entre las mejores consultoras de comunicaci\u00f3n en Espa\u00f1a PROA Comunicaci\u00f3n se sit\u00faa entre las mejores consultoras de comunicaci\u00f3n en Espa\u00f1a<\/title>\n<meta name=\"robots\" content=\"index, follow, max-snippet:-1, max-image-preview:large, max-video-preview:-1\" \/>\n<link rel=\"canonical\" href=\"https:\/\/proacomunicacion.es\/en\/proa-comunicacion-best-communication-consultancies-spain\/\" \/>\n<meta property=\"og:locale\" content=\"en_GB\" \/>\n<meta property=\"og:type\" content=\"article\" \/>\n<meta property=\"og:title\" content=\"PROA Comunicaci\u00f3n se sit\u00faa entre las mejores consultoras de comunicaci\u00f3n en Espa\u00f1a PROA Comunicaci\u00f3n se sit\u00faa entre las mejores consultoras de comunicaci\u00f3n en Espa\u00f1a\" \/>\n<meta property=\"og:description\" content=\"La consultora PROA Comunicaci\u00f3n se sit\u00faa ya entre las mejores consultoras de comunicaci\u00f3n en Espa\u00f1a, seg\u00fan el ranking elaborado por El Publicista a partir de la valoraci\u00f3n de las empresas y clientes de estos servicios. La firma espa\u00f1ola, creada en 2009, es una de las que presenta una mejor evoluci\u00f3n en los \u00faltimos doce meses [&hellip;]\" \/>\n<meta property=\"og:url\" content=\"https:\/\/proacomunicacion.es\/en\/proa-comunicacion-best-communication-consultancies-spain\/\" \/>\n<meta property=\"og:site_name\" content=\"PROA Comunicaci\u00f3n\" \/>\n<meta property=\"article:published_time\" content=\"2023-12-13T18:44:03+00:00\" \/>\n<meta property=\"article:modified_time\" content=\"2024-03-13T06:12:05+00:00\" \/>\n<meta property=\"og:image\" content=\"https:\/\/proacomunicacion.es\/wp-content\/uploads\/2023\/12\/Ranking-ElPublicista_23-Twitter-LinkedIn.jpg\" \/>\n\t<meta property=\"og:image:width\" content=\"1920\" \/>\n\t<meta property=\"og:image:height\" content=\"1080\" \/>\n\t<meta property=\"og:image:type\" content=\"image\/jpeg\" \/>\n<meta name=\"author\" content=\"PROA Comunicaci\u00f3n\" \/>\n<meta name=\"twitter:card\" content=\"summary_large_image\" \/>\n<meta name=\"twitter:creator\" content=\"@proacomunica\" \/>\n<meta name=\"twitter:site\" content=\"@proacomunica\" \/>\n<meta name=\"twitter:label1\" content=\"Written by\" \/>\n\t<meta name=\"twitter:data1\" content=\"PROA Comunicaci\u00f3n\" \/>\n\t<meta name=\"twitter:label2\" content=\"Estimated reading time\" \/>\n\t<meta name=\"twitter:data2\" content=\"1 minute\" \/>\n<script type=\"application\/ld+json\" class=\"yoast-schema-graph\">{\"@context\":\"https:\/\/schema.org\",\"@graph\":[{\"@type\":\"Article\",\"@id\":\"https:\/\/proacomunicacion.es\/proa-comunicacion-mejores-consultoras-comunicacion-espana\/#article\",\"isPartOf\":{\"@id\":\"https:\/\/proacomunicacion.es\/proa-comunicacion-mejores-consultoras-comunicacion-espana\/\"},\"author\":{\"name\":\"PROA Comunicaci\u00f3n\",\"@id\":\"https:\/\/proacomunicacion.es\/#\/schema\/person\/f80dc8938ea94e7f8aa1e8dc716d5a60\"},\"headline\":\"PROA Comunicaci\u00f3n se sit\u00faa entre las mejores consultoras de comunicaci\u00f3n en Espa\u00f1a\",\"datePublished\":\"2023-12-13T18:44:03+00:00\",\"dateModified\":\"2024-03-13T06:12:05+00:00\",\"mainEntityOfPage\":{\"@id\":\"https:\/\/proacomunicacion.es\/proa-comunicacion-mejores-consultoras-comunicacion-espana\/\"},\"wordCount\":173,\"publisher\":{\"@id\":\"https:\/\/proacomunicacion.es\/#organization\"},\"image\":{\"@id\":\"https:\/\/proacomunicacion.es\/proa-comunicacion-mejores-consultoras-comunicacion-espana\/#primaryimage\"},\"thumbnailUrl\":\"https:\/\/proacomunicacion.es\/wp-content\/uploads\/2023\/12\/Ranking-ElPublicista_23-Twitter-LinkedIn.jpg\",\"keywords\":[\"agencias de comunicaci\u00f3n\",\"consultor\u00eda de comunicaci\u00f3n\",\"El Publicista\",\"mejores agencias\",\"Proa Comunicaci\u00f3n\",\"ranking El Publicista\"],\"articleSection\":[\"Actualidad\",\"Noticias\"],\"inLanguage\":\"en-GB\"},{\"@type\":\"WebPage\",\"@id\":\"https:\/\/proacomunicacion.es\/proa-comunicacion-mejores-consultoras-comunicacion-espana\/\",\"url\":\"https:\/\/proacomunicacion.es\/proa-comunicacion-mejores-consultoras-comunicacion-espana\/\",\"name\":\"PROA Comunicaci\u00f3n se sit\u00faa entre las mejores consultoras de comunicaci\u00f3n en Espa\u00f1a PROA Comunicaci\u00f3n se sit\u00faa entre las mejores consultoras de comunicaci\u00f3n en Espa\u00f1a\",\"isPartOf\":{\"@id\":\"https:\/\/proacomunicacion.es\/#website\"},\"primaryImageOfPage\":{\"@id\":\"https:\/\/proacomunicacion.es\/proa-comunicacion-mejores-consultoras-comunicacion-espana\/#primaryimage\"},\"image\":{\"@id\":\"https:\/\/proacomunicacion.es\/proa-comunicacion-mejores-consultoras-comunicacion-espana\/#primaryimage\"},\"thumbnailUrl\":\"https:\/\/proacomunicacion.es\/wp-content\/uploads\/2023\/12\/Ranking-ElPublicista_23-Twitter-LinkedIn.jpg\",\"datePublished\":\"2023-12-13T18:44:03+00:00\",\"dateModified\":\"2024-03-13T06:12:05+00:00\",\"breadcrumb\":{\"@id\":\"https:\/\/proacomunicacion.es\/proa-comunicacion-mejores-consultoras-comunicacion-espana\/#breadcrumb\"},\"inLanguage\":\"en-GB\",\"potentialAction\":[{\"@type\":\"ReadAction\",\"target\":[\"https:\/\/proacomunicacion.es\/proa-comunicacion-mejores-consultoras-comunicacion-espana\/\"]}]},{\"@type\":\"ImageObject\",\"inLanguage\":\"en-GB\",\"@id\":\"https:\/\/proacomunicacion.es\/proa-comunicacion-mejores-consultoras-comunicacion-espana\/#primaryimage\",\"url\":\"https:\/\/proacomunicacion.es\/wp-content\/uploads\/2023\/12\/Ranking-ElPublicista_23-Twitter-LinkedIn.jpg\",\"contentUrl\":\"https:\/\/proacomunicacion.es\/wp-content\/uploads\/2023\/12\/Ranking-ElPublicista_23-Twitter-LinkedIn.jpg\",\"width\":1920,\"height\":1080},{\"@type\":\"BreadcrumbList\",\"@id\":\"https:\/\/proacomunicacion.es\/proa-comunicacion-mejores-consultoras-comunicacion-espana\/#breadcrumb\",\"itemListElement\":[{\"@type\":\"ListItem\",\"position\":1,\"name\":\"Portada\",\"item\":\"https:\/\/proacomunicacion.es\/\"},{\"@type\":\"ListItem\",\"position\":2,\"name\":\"PROA Comunicaci\u00f3n se sit\u00faa entre las mejores consultoras de comunicaci\u00f3n en Espa\u00f1a\"}]},{\"@type\":\"WebSite\",\"@id\":\"https:\/\/proacomunicacion.es\/#website\",\"url\":\"https:\/\/proacomunicacion.es\/\",\"name\":\"PROA Comunicaci\u00f3n\",\"description\":\"Agencia de Comunicaci\u00f3n Corporativa en Madrid, Barcelona y Galicia.\",\"publisher\":{\"@id\":\"https:\/\/proacomunicacion.es\/#organization\"},\"alternateName\":\"PROA Comunicaci\u00f3n\",\"potentialAction\":[{\"@type\":\"SearchAction\",\"target\":{\"@type\":\"EntryPoint\",\"urlTemplate\":\"https:\/\/proacomunicacion.es\/?s={search_term_string}\"},\"query-input\":{\"@type\":\"PropertyValueSpecification\",\"valueRequired\":true,\"valueName\":\"search_term_string\"}}],\"inLanguage\":\"en-GB\"},{\"@type\":\"Organization\",\"@id\":\"https:\/\/proacomunicacion.es\/#organization\",\"name\":\"PROA Comunicaci\u00f3n\",\"alternateName\":\"PROA Comunicaci\u00f3n\",\"url\":\"https:\/\/proacomunicacion.es\/\",\"logo\":{\"@type\":\"ImageObject\",\"inLanguage\":\"en-GB\",\"@id\":\"https:\/\/proacomunicacion.es\/#\/schema\/logo\/image\/\",\"url\":\"https:\/\/proacomunicacion.es\/wp-content\/uploads\/2024\/01\/Logo_Light.svg\",\"contentUrl\":\"https:\/\/proacomunicacion.es\/wp-content\/uploads\/2024\/01\/Logo_Light.svg\",\"width\":136,\"height\":33,\"caption\":\"PROA Comunicaci\u00f3n\"},\"image\":{\"@id\":\"https:\/\/proacomunicacion.es\/#\/schema\/logo\/image\/\"},\"sameAs\":[\"https:\/\/x.com\/proacomunica\",\"https:\/\/es.linkedin.com\/company\/proa-comunicacion_2\",\"https:\/\/www.instagram.com\/proacomunica\/\",\"https:\/\/www.youtube.com\/@proacomunicacion\",\"https:\/\/es.wikipedia.org\/wiki\/PROA_Comunicacin\"]},{\"@type\":\"Person\",\"@id\":\"https:\/\/proacomunicacion.es\/#\/schema\/person\/f80dc8938ea94e7f8aa1e8dc716d5a60\",\"name\":\"PROA Comunicaci\u00f3n\",\"image\":{\"@type\":\"ImageObject\",\"inLanguage\":\"en-GB\",\"@id\":\"https:\/\/proacomunicacion.es\/#\/schema\/person\/image\/\",\"url\":\"https:\/\/secure.gravatar.com\/avatar\/394c93c195ff19b00e79d66a42971657a01de9f2740b97148d0f14a1e1a359b7?s=96&r=g\",\"contentUrl\":\"https:\/\/secure.gravatar.com\/avatar\/394c93c195ff19b00e79d66a42971657a01de9f2740b97148d0f14a1e1a359b7?s=96&r=g\",\"caption\":\"PROA Comunicaci\u00f3n\"}}]}<\/script>\n<!-- \/ Yoast SEO plugin. -->","yoast_head_json":{"title":"PROA Comunicaci\u00f3n ranks among the best communication consultancy firms in Spain PROA Comunicaci\u00f3n ranks among the best communication consultancy firms in Spain","robots":{"index":"index","follow":"follow","max-snippet":"max-snippet:-1","max-image-preview":"max-image-preview:large","max-video-preview":"max-video-preview:-1"},"canonical":"https:\/\/proacomunicacion.es\/en\/proa-comunicacion-best-communication-consultancies-spain\/","og_locale":"en_GB","og_type":"article","og_title":"PROA Comunicaci\u00f3n se sit\u00faa entre las mejores consultoras de comunicaci\u00f3n en Espa\u00f1a PROA Comunicaci\u00f3n se sit\u00faa entre las mejores consultoras de comunicaci\u00f3n en Espa\u00f1a","og_description":"La consultora PROA Comunicaci\u00f3n se sit\u00faa ya entre las mejores consultoras de comunicaci\u00f3n en Espa\u00f1a, seg\u00fan el ranking elaborado por El Publicista a partir de la valoraci\u00f3n de las empresas y clientes de estos servicios. La firma espa\u00f1ola, creada en 2009, es una de las que presenta una mejor evoluci\u00f3n en los \u00faltimos doce meses [&hellip;]","og_url":"https:\/\/proacomunicacion.es\/en\/proa-comunicacion-best-communication-consultancies-spain\/","og_site_name":"PROA Comunicaci\u00f3n","article_published_time":"2023-12-13T18:44:03+00:00","article_modified_time":"2024-03-13T06:12:05+00:00","og_image":[{"width":1920,"height":1080,"url":"https:\/\/proacomunicacion.es\/wp-content\/uploads\/2023\/12\/Ranking-ElPublicista_23-Twitter-LinkedIn.jpg","type":"image\/jpeg"}],"author":"PROA Comunicaci\u00f3n","twitter_card":"summary_large_image","twitter_creator":"@proacomunica","twitter_site":"@proacomunica","twitter_misc":{"Written by":"PROA Comunicaci\u00f3n","Estimated reading time":"1 minute"},"schema":{"@context":"https:\/\/schema.org","@graph":[{"@type":"Article","@id":"https:\/\/proacomunicacion.es\/proa-comunicacion-mejores-consultoras-comunicacion-espana\/#article","isPartOf":{"@id":"https:\/\/proacomunicacion.es\/proa-comunicacion-mejores-consultoras-comunicacion-espana\/"},"author":{"name":"PROA Comunicaci\u00f3n","@id":"https:\/\/proacomunicacion.es\/#\/schema\/person\/f80dc8938ea94e7f8aa1e8dc716d5a60"},"headline":"PROA Comunicaci\u00f3n se sit\u00faa entre las mejores consultoras de comunicaci\u00f3n en Espa\u00f1a","datePublished":"2023-12-13T18:44:03+00:00","dateModified":"2024-03-13T06:12:05+00:00","mainEntityOfPage":{"@id":"https:\/\/proacomunicacion.es\/proa-comunicacion-mejores-consultoras-comunicacion-espana\/"},"wordCount":173,"publisher":{"@id":"https:\/\/proacomunicacion.es\/#organization"},"image":{"@id":"https:\/\/proacomunicacion.es\/proa-comunicacion-mejores-consultoras-comunicacion-espana\/#primaryimage"},"thumbnailUrl":"https:\/\/proacomunicacion.es\/wp-content\/uploads\/2023\/12\/Ranking-ElPublicista_23-Twitter-LinkedIn.jpg","keywords":["agencias de comunicaci\u00f3n","consultor\u00eda de comunicaci\u00f3n","El Publicista","mejores agencias","Proa Comunicaci\u00f3n","ranking El Publicista"],"articleSection":["Actualidad","Noticias"],"inLanguage":"en-GB"},{"@type":"WebPage","@id":"https:\/\/proacomunicacion.es\/proa-comunicacion-mejores-consultoras-comunicacion-espana\/","url":"https:\/\/proacomunicacion.es\/proa-comunicacion-mejores-consultoras-comunicacion-espana\/","name":"PROA Comunicaci\u00f3n ranks among the best communication consultancy firms in Spain PROA Comunicaci\u00f3n ranks among the best communication consultancy firms in Spain","isPartOf":{"@id":"https:\/\/proacomunicacion.es\/#website"},"primaryImageOfPage":{"@id":"https:\/\/proacomunicacion.es\/proa-comunicacion-mejores-consultoras-comunicacion-espana\/#primaryimage"},"image":{"@id":"https:\/\/proacomunicacion.es\/proa-comunicacion-mejores-consultoras-comunicacion-espana\/#primaryimage"},"thumbnailUrl":"https:\/\/proacomunicacion.es\/wp-content\/uploads\/2023\/12\/Ranking-ElPublicista_23-Twitter-LinkedIn.jpg","datePublished":"2023-12-13T18:44:03+00:00","dateModified":"2024-03-13T06:12:05+00:00","breadcrumb":{"@id":"https:\/\/proacomunicacion.es\/proa-comunicacion-mejores-consultoras-comunicacion-espana\/#breadcrumb"},"inLanguage":"en-GB","potentialAction":[{"@type":"ReadAction","target":["https:\/\/proacomunicacion.es\/proa-comunicacion-mejores-consultoras-comunicacion-espana\/"]}]},{"@type":"ImageObject","inLanguage":"en-GB","@id":"https:\/\/proacomunicacion.es\/proa-comunicacion-mejores-consultoras-comunicacion-espana\/#primaryimage","url":"https:\/\/proacomunicacion.es\/wp-content\/uploads\/2023\/12\/Ranking-ElPublicista_23-Twitter-LinkedIn.jpg","contentUrl":"https:\/\/proacomunicacion.es\/wp-content\/uploads\/2023\/12\/Ranking-ElPublicista_23-Twitter-LinkedIn.jpg","width":1920,"height":1080},{"@type":"BreadcrumbList","@id":"https:\/\/proacomunicacion.es\/proa-comunicacion-mejores-consultoras-comunicacion-espana\/#breadcrumb","itemListElement":[{"@type":"ListItem","position":1,"name":"Portada","item":"https:\/\/proacomunicacion.es\/"},{"@type":"ListItem","position":2,"name":"PROA Comunicaci\u00f3n se sit\u00faa entre las mejores consultoras de comunicaci\u00f3n en Espa\u00f1a"}]},{"@type":"WebSite","@id":"https:\/\/proacomunicacion.es\/#website","url":"https:\/\/proacomunicacion.es\/","name":"PROA Communication","description":"Corporate Communications Agency in Madrid, Barcelona and Galicia.","publisher":{"@id":"https:\/\/proacomunicacion.es\/#organization"},"alternateName":"PROA Comunicaci\u00f3n","potentialAction":[{"@type":"SearchAction","target":{"@type":"EntryPoint","urlTemplate":"https:\/\/proacomunicacion.es\/?s={search_term_string}"},"query-input":{"@type":"PropertyValueSpecification","valueRequired":true,"valueName":"search_term_string"}}],"inLanguage":"en-GB"},{"@type":"Organization","@id":"https:\/\/proacomunicacion.es\/#organization","name":"PROA Communication","alternateName":"PROA Comunicaci\u00f3n","url":"https:\/\/proacomunicacion.es\/","logo":{"@type":"ImageObject","inLanguage":"en-GB","@id":"https:\/\/proacomunicacion.es\/#\/schema\/logo\/image\/","url":"https:\/\/proacomunicacion.es\/wp-content\/uploads\/2024\/01\/Logo_Light.svg","contentUrl":"https:\/\/proacomunicacion.es\/wp-content\/uploads\/2024\/01\/Logo_Light.svg","width":136,"height":33,"caption":"PROA Comunicaci\u00f3n"},"image":{"@id":"https:\/\/proacomunicacion.es\/#\/schema\/logo\/image\/"},"sameAs":["https:\/\/x.com\/proacomunica","https:\/\/es.linkedin.com\/company\/proa-comunicacion_2","https:\/\/www.instagram.com\/proacomunica\/","https:\/\/www.youtube.com\/@proacomunicacion","https:\/\/es.wikipedia.org\/wiki\/PROA_Comunicacin"]},{"@type":"Person","@id":"https:\/\/proacomunicacion.es\/#\/schema\/person\/f80dc8938ea94e7f8aa1e8dc716d5a60","name":"PROA Communication","image":{"@type":"ImageObject","inLanguage":"en-GB","@id":"https:\/\/proacomunicacion.es\/#\/schema\/person\/image\/","url":"https:\/\/secure.gravatar.com\/avatar\/394c93c195ff19b00e79d66a42971657a01de9f2740b97148d0f14a1e1a359b7?s=96&r=g","contentUrl":"https:\/\/secure.gravatar.com\/avatar\/394c93c195ff19b00e79d66a42971657a01de9f2740b97148d0f14a1e1a359b7?s=96&r=g","caption":"PROA Comunicaci\u00f3n"}}]}},"_links":{"self":[{"href":"https:\/\/proacomunicacion.es\/en\/wp-json\/wp\/v2\/posts\/33381","targetHints":{"allow":["GET"]}}],"collection":[{"href":"https:\/\/proacomunicacion.es\/en\/wp-json\/wp\/v2\/posts"}],"about":[{"href":"https:\/\/proacomunicacion.es\/en\/wp-json\/wp\/v2\/types\/post"}],"author":[{"embeddable":true,"href":"https:\/\/proacomunicacion.es\/en\/wp-json\/wp\/v2\/users\/28"}],"replies":[{"embeddable":true,"href":"https:\/\/proacomunicacion.es\/en\/wp-json\/wp\/v2\/comments?post=33381"}],"version-history":[{"count":1,"href":"https:\/\/proacomunicacion.es\/en\/wp-json\/wp\/v2\/posts\/33381\/revisions"}],"predecessor-version":[{"id":37462,"href":"https:\/\/proacomunicacion.es\/en\/wp-json\/wp\/v2\/posts\/33381\/revisions\/37462"}],"wp:featuredmedia":[{"embeddable":true,"href":"https:\/\/proacomunicacion.es\/en\/wp-json\/wp\/v2\/media\/37457"}],"wp:attachment":[{"href":"https:\/\/proacomunicacion.es\/en\/wp-json\/wp\/v2\/media?parent=33381"}],"wp:term":[{"taxonomy":"category","embeddable":true,"href":"https:\/\/proacomunicacion.es\/en\/wp-json\/wp\/v2\/categories?post=33381"},{"taxonomy":"post_tag","embeddable":true,"href":"https:\/\/proacomunicacion.es\/en\/wp-json\/wp\/v2\/tags?post=33381"}],"curies":[{"name":"wp","href":"https:\/\/api.w.org\/{rel}","templated":true}]}}